{"id":2184,"date":"2017-04-26T18:48:08","date_gmt":"2017-04-26T16:48:08","guid":{"rendered":"http:\/\/www.article-marketing.eu\/comunicatistampa\/?p=2184"},"modified":"2017-04-26T18:48:08","modified_gmt":"2017-04-26T16:48:08","slug":"estate-sulle-due-ruote-per-carvico-s-p-a-sponsor-delle-piu-importanti-gare-di-ciclismo-della-bella-stagione","status":"publish","type":"post","link":"https:\/\/www.article-marketing.eu\/comunicatistampa\/estate-sulle-due-ruote-per-carvico-s-p-a-sponsor-delle-piu-importanti-gare-di-ciclismo-della-bella-stagione\/","title":{"rendered":"Estate sulle due ruote per Carvico S.p.A.! Sponsor delle pi\u00f9 importanti gare di ciclismo della bella stagione."},"content":{"rendered":"<h2>Dal caldo sole di Ischia passando per l\u2019affollato mare di Cesenatico arrivando alle incredibili altezze delle Dolomiti. Anche quest\u2019anno <a href=\"http:\/\/www.carvico.com\">Carvico<\/a> sar\u00e0 al fianco di migliaia di ciclisti ai nastri di partenza di tre gare importantissime.<\/h2>\n<p>Per portare in giro per l\u2019Italia l\u2019avanguardia, la qualit\u00e0 e l\u2019affidabilit\u00e0 racchiuse nei suoi tecno-tessuti, simbolo indiscusso del Made in Italy, Carvico S.p.A. quest\u2019anno sar\u00e0 sponsor della Granfondo di Ischia, della Nove Colli \u2013 Selle Italia e della Maratona dles Dolomites!<br \/>\n<strong>Da ben 55 anni nel settore del tessile, Carvico \u00e8 leader nella produzione di tessuti indemagliabili elasticizzati per lo sportswear, swimwear e outerwear<\/strong>, e conosce bene la passione, la dedizione e i sacrifici che servono per riuscire a tagliare il traguardo di gare cos\u00ec impegnative. Sa perfettamente che ogni minuto di ogni allenamento \u00e8 fondamentale per provare ad ambire alla vittoria e sa altrettanto bene che per pedalare al massimo bisogna s\u00ec essere in forma ma anche sentirsi a proprio agio e protetti.<br \/>\nEd \u00e8 esattamente quello che <strong>i tessuti Carvico sono in grado di dare: protezione termica e dai raggi UV, <\/strong><strong>traspirabilit\u00e0, corretta compressione muscolare, massimo comfort, resistenza al pilling e alle abrasioni\u2026<\/strong><br \/>\nNon si parla di un \u201csemplice\u201d tessuto ma di un vero alleato segreto, di un compagno di gara prezioso.<\/p>\n<p><strong>Si comincia il 7 maggio nella splendida isola napoletana con la IV edizione della Granfondo di Ischia \u201c100 <\/strong><strong>Km dell\u2019Isola Verde\u201d dove Carvico sar\u00e0 Top Sponsor.<\/strong><br \/>\nLa suggestiva partenza dei 500 atleti avverr\u00e0 ai piedi del Castello Aragonese, cuore della storia ischitana, e dar\u00e0 il via a due percorsi (uno lungo e uno medio) tra meravigliose cartoline di paesaggi mozzafiato e tratti impegnativi gi\u00e0 inseriti in tappe del Giro d\u2019Italia. Una gara unica e particolare, in un contesto naturalistico che lascia a bocca aperta e al quale Carvico non pu\u00f2 certo rimanere indifferente visto il suo forte impegno etico nei confronti dell\u2019ambiente.<\/p>\n<p><strong>Si prosegue poi il 21 maggio con la 47\u00b0 edizione della granfondo pi\u00f9 antica e famosa del mondo, la mitica <\/strong><strong>Granfondo Internazionale Nove Colli \u2013 Selle Italia a Cesenatico.<\/strong><br \/>\nCarvico sar\u00e0 per la prima volta al suo fianco in qualit\u00e0 di sponsor, entusiasta di poter sostenere le quasi centomila persone, tra appassionati di ciclismo e partecipanti alla gara, che affolleranno la riviera romagnola per un evento imperdibile, quest\u2019anno trasmesso anche in diretta da Rai 3. Una manifestazione che da sempre, oltre a una grande festa, rappresenta anche un grande spettacolo, grazie al suo percorso impegnativo, ai suoi scenari incantevoli e ai suoi 12 mila partecipanti!<\/p>\n<p><strong>Si conclude poi alla grande il 2 luglio con un \u201cgemellaggio\u201d che dura da anni: quello con la Maratona dles <\/strong><strong>Dolomites.<\/strong> Quest\u2019anno sar\u00e0 la 31\u00b0 edizione e Carvico sar\u00e0 Gold Partner ma non solo. Dopo il grandissimo successo del 2016, ha creato per l\u2019occasione 10.000 gilet tecnici performanti in collaborazione con Castelli. Leggeri, molto funzionali, versatili, confortevoli e tecnici allo stesso tempo, sono antivento sul torace per proteggere durante le discese pi\u00f9 ripide e traspiranti sulla schiena. Molto pi\u00f9 di un gadget da pacco gara, un ulteriore motivo per partecipare a questa gara simbolo delle Dolomiti con la quale Carvico condivide l&#8217;amore per lo sport, ma soprattutto per la natura.<br \/>\nEd \u00e8 proprio l\u2019amore il tema di questa edizione. L\u2019amore come \u201cpunto di partenza di ogni avventura. Che ci fa essere compagni di questo viaggio che ogni anno si rinnova\u201d (per dirla con le parole di Michil Costa, lo storico organizzatore della gara).<\/p>\n<p>&nbsp;<\/p>\n<p><strong><em>Chi \u00e8 Carvico S.p.A.<\/em><\/strong><br \/>\n<em>Innovazione<\/em><br \/>\n<em>La sperimentazione di nuovi tessuti non si ferma mai, grazie all\u2019esclusivo centro di Ricerca e Sviluppo dove si studiano <\/em><em>tessuti dalle prestazioni eccezionali: traspiranti, confortevoli, resistenti al pilling e alle abrasioni.<\/em><br \/>\n<em>Tecnologia e qualit\u00e0<\/em><br \/>\n<em>La forte impronta tecnologica degli impianti \u00e8 il plus che fa la differenza, permette di avere una capacit\u00e0 produttiva molto <\/em><em>elevata e flessibile e soprattutto il 100% di controllo della qualit\u00e0 dei tessuti, per garantire, sempre, prodotti di ultima <\/em><em>generazione.<\/em><br \/>\n<em>Responsabilit\u00e0<\/em><br \/>\n<em>Carvico crede fortemente nella necessit\u00e0 di porre al centro del suo sviluppo il benessere dei propri collaboratori, delle <\/em><em>comunit\u00e0 territoriali e dell\u2019ecosistema globale, perch\u00e9 la tutela ambientale e lo sviluppo aziendale viaggino di pari passo.<\/em><br \/>\n<em>Unicit\u00e0<\/em><br \/>\n<em>Le competenze eredit\u00e0 del passato, e lo sguardo rivolto al futuro: questa la filosofia che rende Carvico S.p.A. unica nel suo <\/em><em>genere.<\/em><\/p>\n","protected":false},"excerpt":{"rendered":"<p>Dal caldo sole di Ischia passando per l\u2019affollato mare di Cesenatico arrivando alle incredibili altezze delle Dolomiti. Anche quest\u2019anno Carvico sar\u00e0 al fianco di migliaia di ciclisti ai nastri di partenza di tre gare importantissime. Per portare in giro per l\u2019Italia l\u2019avanguardia, la qualit\u00e0 e l\u2019affidabilit\u00e0 racchiuse nei suoi tecno-tessuti, simbolo indiscusso del Made in Italy, Carvico S.p.A. quest\u2019anno sar\u00e0 sponsor della Granfondo di Ischia, della Nove Colli \u2013 Selle<\/p>\n<p><a class=\"continue-reading\" href=\"https:\/\/www.article-marketing.eu\/comunicatistampa\/estate-sulle-due-ruote-per-carvico-s-p-a-sponsor-delle-piu-importanti-gare-di-ciclismo-della-bella-stagione\/\">Continue reading&#8230;<\/a><\/p>\n","protected":false},"author":232,"featured_media":0,"comment_status":"open","ping_status":"open","sticky":false,"template":"","format":"standard","meta":{"_monsterinsights_skip_tracking":false,"_monsterinsights_sitenote_active":false,"_monsterinsights_sitenote_note":"","_monsterinsights_sitenote_category":0,"footnotes":""},"categories":[388,78,392,367,373],"tags":[1268,1141,1269,469,978],"class_list":["post-2184","post","type-post","status-publish","format-standard","hentry","category-aziende","category-comunicati-stampa","category-eventi","category-news-e-attualita","category-sport","tag-ciclismo","tag-made-in-italy","tag-sponsor","tag-sport","tag-tessuti"],"yoast_head":"<!-- This site is optimized with the Yoast SEO plugin v27.3 - https:\/\/yoast.com\/product\/yoast-seo-wordpress\/ -->\n<title>Estate sulle due ruote per Carvico S.p.A.! Sponsor delle pi\u00f9 importanti gare di ciclismo della bella stagione. - Article Marketing<\/title>\n<meta name=\"robots\" content=\"index, follow, max-snippet:-1, max-image-preview:large, max-video-preview:-1\" \/>\n<link rel=\"canonical\" href=\"https:\/\/www.article-marketing.eu\/comunicatistampa\/estate-sulle-due-ruote-per-carvico-s-p-a-sponsor-delle-piu-importanti-gare-di-ciclismo-della-bella-stagione\/\" \/>\n<meta property=\"og:locale\" content=\"it_IT\" \/>\n<meta property=\"og:type\" content=\"article\" \/>\n<meta property=\"og:title\" content=\"Estate sulle due ruote per Carvico S.p.A.! Sponsor delle pi\u00f9 importanti gare di ciclismo della bella stagione. - Article Marketing\" \/>\n<meta property=\"og:description\" content=\"Dal caldo sole di Ischia passando per l\u2019affollato mare di Cesenatico arrivando alle incredibili altezze delle Dolomiti. Anche quest\u2019anno Carvico sar\u00e0 al fianco di migliaia di ciclisti ai nastri di partenza di tre gare importantissime. Per portare in giro per l\u2019Italia l\u2019avanguardia, la qualit\u00e0 e l\u2019affidabilit\u00e0 racchiuse nei suoi tecno-tessuti, simbolo indiscusso del Made in Italy, Carvico S.p.A. quest\u2019anno sar\u00e0 sponsor della Granfondo di Ischia, della Nove Colli \u2013 SelleContinue reading...\" \/>\n<meta property=\"og:url\" content=\"https:\/\/www.article-marketing.eu\/comunicatistampa\/estate-sulle-due-ruote-per-carvico-s-p-a-sponsor-delle-piu-importanti-gare-di-ciclismo-della-bella-stagione\/\" \/>\n<meta property=\"og:site_name\" content=\"Article Marketing\" \/>\n<meta property=\"article:published_time\" content=\"2017-04-26T16:48:08+00:00\" \/>\n<meta name=\"author\" content=\"carvicoejl\" \/>\n<meta name=\"twitter:card\" content=\"summary_large_image\" \/>\n<meta name=\"twitter:label1\" content=\"Scritto da\" \/>\n\t<meta name=\"twitter:data1\" content=\"carvicoejl\" \/>\n\t<meta name=\"twitter:label2\" content=\"Tempo di lettura stimato\" \/>\n\t<meta name=\"twitter:data2\" content=\"4 minuti\" \/>\n<script type=\"application\/ld+json\" class=\"yoast-schema-graph\">{\"@context\":\"https:\\\/\\\/schema.org\",\"@graph\":[{\"@type\":\"Article\",\"@id\":\"https:\\\/\\\/www.article-marketing.eu\\\/comunicatistampa\\\/estate-sulle-due-ruote-per-carvico-s-p-a-sponsor-delle-piu-importanti-gare-di-ciclismo-della-bella-stagione\\\/#article\",\"isPartOf\":{\"@id\":\"https:\\\/\\\/www.article-marketing.eu\\\/comunicatistampa\\\/estate-sulle-due-ruote-per-carvico-s-p-a-sponsor-delle-piu-importanti-gare-di-ciclismo-della-bella-stagione\\\/\"},\"author\":{\"name\":\"carvicoejl\",\"@id\":\"https:\\\/\\\/www.article-marketing.eu\\\/comunicatistampa\\\/#\\\/schema\\\/person\\\/3c7b515d0a3c92f258a4caec0eba62f0\"},\"headline\":\"Estate sulle due ruote per Carvico S.p.A.! Sponsor delle pi\u00f9 importanti gare di ciclismo della bella stagione.\",\"datePublished\":\"2017-04-26T16:48:08+00:00\",\"mainEntityOfPage\":{\"@id\":\"https:\\\/\\\/www.article-marketing.eu\\\/comunicatistampa\\\/estate-sulle-due-ruote-per-carvico-s-p-a-sponsor-delle-piu-importanti-gare-di-ciclismo-della-bella-stagione\\\/\"},\"wordCount\":728,\"commentCount\":0,\"keywords\":[\"ciclismo\",\"made in Italy\",\"sponsor\",\"Sport\",\"tessuti\"],\"articleSection\":[\"Aziende\",\"Comunicati stampa\",\"Eventi\",\"News e Attualit\u00e0\",\"Sport\"],\"inLanguage\":\"it-IT\",\"potentialAction\":[{\"@type\":\"CommentAction\",\"name\":\"Comment\",\"target\":[\"https:\\\/\\\/www.article-marketing.eu\\\/comunicatistampa\\\/estate-sulle-due-ruote-per-carvico-s-p-a-sponsor-delle-piu-importanti-gare-di-ciclismo-della-bella-stagione\\\/#respond\"]}]},{\"@type\":\"WebPage\",\"@id\":\"https:\\\/\\\/www.article-marketing.eu\\\/comunicatistampa\\\/estate-sulle-due-ruote-per-carvico-s-p-a-sponsor-delle-piu-importanti-gare-di-ciclismo-della-bella-stagione\\\/\",\"url\":\"https:\\\/\\\/www.article-marketing.eu\\\/comunicatistampa\\\/estate-sulle-due-ruote-per-carvico-s-p-a-sponsor-delle-piu-importanti-gare-di-ciclismo-della-bella-stagione\\\/\",\"name\":\"Estate sulle due ruote per Carvico S.p.A.! Sponsor delle pi\u00f9 importanti gare di ciclismo della bella stagione. - Article Marketing\",\"isPartOf\":{\"@id\":\"https:\\\/\\\/www.article-marketing.eu\\\/comunicatistampa\\\/#website\"},\"datePublished\":\"2017-04-26T16:48:08+00:00\",\"author\":{\"@id\":\"https:\\\/\\\/www.article-marketing.eu\\\/comunicatistampa\\\/#\\\/schema\\\/person\\\/3c7b515d0a3c92f258a4caec0eba62f0\"},\"breadcrumb\":{\"@id\":\"https:\\\/\\\/www.article-marketing.eu\\\/comunicatistampa\\\/estate-sulle-due-ruote-per-carvico-s-p-a-sponsor-delle-piu-importanti-gare-di-ciclismo-della-bella-stagione\\\/#breadcrumb\"},\"inLanguage\":\"it-IT\",\"potentialAction\":[{\"@type\":\"ReadAction\",\"target\":[\"https:\\\/\\\/www.article-marketing.eu\\\/comunicatistampa\\\/estate-sulle-due-ruote-per-carvico-s-p-a-sponsor-delle-piu-importanti-gare-di-ciclismo-della-bella-stagione\\\/\"]}]},{\"@type\":\"BreadcrumbList\",\"@id\":\"https:\\\/\\\/www.article-marketing.eu\\\/comunicatistampa\\\/estate-sulle-due-ruote-per-carvico-s-p-a-sponsor-delle-piu-importanti-gare-di-ciclismo-della-bella-stagione\\\/#breadcrumb\",\"itemListElement\":[{\"@type\":\"ListItem\",\"position\":1,\"name\":\"Home\",\"item\":\"https:\\\/\\\/www.article-marketing.eu\\\/comunicatistampa\\\/\"},{\"@type\":\"ListItem\",\"position\":2,\"name\":\"Estate sulle due ruote per Carvico S.p.A.! Sponsor delle pi\u00f9 importanti gare di ciclismo della bella stagione.\"}]},{\"@type\":\"WebSite\",\"@id\":\"https:\\\/\\\/www.article-marketing.eu\\\/comunicatistampa\\\/#website\",\"url\":\"https:\\\/\\\/www.article-marketing.eu\\\/comunicatistampa\\\/\",\"name\":\"Article Marketing\",\"description\":\"article marketing &amp; press release\",\"potentialAction\":[{\"@type\":\"SearchAction\",\"target\":{\"@type\":\"EntryPoint\",\"urlTemplate\":\"https:\\\/\\\/www.article-marketing.eu\\\/comunicatistampa\\\/?s={search_term_string}\"},\"query-input\":{\"@type\":\"PropertyValueSpecification\",\"valueRequired\":true,\"valueName\":\"search_term_string\"}}],\"inLanguage\":\"it-IT\"},{\"@type\":\"Person\",\"@id\":\"https:\\\/\\\/www.article-marketing.eu\\\/comunicatistampa\\\/#\\\/schema\\\/person\\\/3c7b515d0a3c92f258a4caec0eba62f0\",\"name\":\"carvicoejl\",\"image\":{\"@type\":\"ImageObject\",\"inLanguage\":\"it-IT\",\"@id\":\"https:\\\/\\\/secure.gravatar.com\\\/avatar\\\/ffb010b92118679b0005cb6fcdf217df732bc6b37e681c003c46a90722b40e78?s=96&d=mm&r=g\",\"url\":\"https:\\\/\\\/secure.gravatar.com\\\/avatar\\\/ffb010b92118679b0005cb6fcdf217df732bc6b37e681c003c46a90722b40e78?s=96&d=mm&r=g\",\"contentUrl\":\"https:\\\/\\\/secure.gravatar.com\\\/avatar\\\/ffb010b92118679b0005cb6fcdf217df732bc6b37e681c003c46a90722b40e78?s=96&d=mm&r=g\",\"caption\":\"carvicoejl\"},\"url\":\"https:\\\/\\\/www.article-marketing.eu\\\/comunicatistampa\\\/author\\\/carvicoejl\\\/\"}]}<\/script>\n<!-- \/ Yoast SEO plugin. -->","yoast_head_json":{"title":"Estate sulle due ruote per Carvico S.p.A.! Sponsor delle pi\u00f9 importanti gare di ciclismo della bella stagione. - Article Marketing","robots":{"index":"index","follow":"follow","max-snippet":"max-snippet:-1","max-image-preview":"max-image-preview:large","max-video-preview":"max-video-preview:-1"},"canonical":"https:\/\/www.article-marketing.eu\/comunicatistampa\/estate-sulle-due-ruote-per-carvico-s-p-a-sponsor-delle-piu-importanti-gare-di-ciclismo-della-bella-stagione\/","og_locale":"it_IT","og_type":"article","og_title":"Estate sulle due ruote per Carvico S.p.A.! Sponsor delle pi\u00f9 importanti gare di ciclismo della bella stagione. - Article Marketing","og_description":"Dal caldo sole di Ischia passando per l\u2019affollato mare di Cesenatico arrivando alle incredibili altezze delle Dolomiti. Anche quest\u2019anno Carvico sar\u00e0 al fianco di migliaia di ciclisti ai nastri di partenza di tre gare importantissime. Per portare in giro per l\u2019Italia l\u2019avanguardia, la qualit\u00e0 e l\u2019affidabilit\u00e0 racchiuse nei suoi tecno-tessuti, simbolo indiscusso del Made in Italy, Carvico S.p.A. quest\u2019anno sar\u00e0 sponsor della Granfondo di Ischia, della Nove Colli \u2013 SelleContinue reading...","og_url":"https:\/\/www.article-marketing.eu\/comunicatistampa\/estate-sulle-due-ruote-per-carvico-s-p-a-sponsor-delle-piu-importanti-gare-di-ciclismo-della-bella-stagione\/","og_site_name":"Article Marketing","article_published_time":"2017-04-26T16:48:08+00:00","author":"carvicoejl","twitter_card":"summary_large_image","twitter_misc":{"Scritto da":"carvicoejl","Tempo di lettura stimato":"4 minuti"},"schema":{"@context":"https:\/\/schema.org","@graph":[{"@type":"Article","@id":"https:\/\/www.article-marketing.eu\/comunicatistampa\/estate-sulle-due-ruote-per-carvico-s-p-a-sponsor-delle-piu-importanti-gare-di-ciclismo-della-bella-stagione\/#article","isPartOf":{"@id":"https:\/\/www.article-marketing.eu\/comunicatistampa\/estate-sulle-due-ruote-per-carvico-s-p-a-sponsor-delle-piu-importanti-gare-di-ciclismo-della-bella-stagione\/"},"author":{"name":"carvicoejl","@id":"https:\/\/www.article-marketing.eu\/comunicatistampa\/#\/schema\/person\/3c7b515d0a3c92f258a4caec0eba62f0"},"headline":"Estate sulle due ruote per Carvico S.p.A.! Sponsor delle pi\u00f9 importanti gare di ciclismo della bella stagione.","datePublished":"2017-04-26T16:48:08+00:00","mainEntityOfPage":{"@id":"https:\/\/www.article-marketing.eu\/comunicatistampa\/estate-sulle-due-ruote-per-carvico-s-p-a-sponsor-delle-piu-importanti-gare-di-ciclismo-della-bella-stagione\/"},"wordCount":728,"commentCount":0,"keywords":["ciclismo","made in Italy","sponsor","Sport","tessuti"],"articleSection":["Aziende","Comunicati stampa","Eventi","News e Attualit\u00e0","Sport"],"inLanguage":"it-IT","potentialAction":[{"@type":"CommentAction","name":"Comment","target":["https:\/\/www.article-marketing.eu\/comunicatistampa\/estate-sulle-due-ruote-per-carvico-s-p-a-sponsor-delle-piu-importanti-gare-di-ciclismo-della-bella-stagione\/#respond"]}]},{"@type":"WebPage","@id":"https:\/\/www.article-marketing.eu\/comunicatistampa\/estate-sulle-due-ruote-per-carvico-s-p-a-sponsor-delle-piu-importanti-gare-di-ciclismo-della-bella-stagione\/","url":"https:\/\/www.article-marketing.eu\/comunicatistampa\/estate-sulle-due-ruote-per-carvico-s-p-a-sponsor-delle-piu-importanti-gare-di-ciclismo-della-bella-stagione\/","name":"Estate sulle due ruote per Carvico S.p.A.! Sponsor delle pi\u00f9 importanti gare di ciclismo della bella stagione. - Article Marketing","isPartOf":{"@id":"https:\/\/www.article-marketing.eu\/comunicatistampa\/#website"},"datePublished":"2017-04-26T16:48:08+00:00","author":{"@id":"https:\/\/www.article-marketing.eu\/comunicatistampa\/#\/schema\/person\/3c7b515d0a3c92f258a4caec0eba62f0"},"breadcrumb":{"@id":"https:\/\/www.article-marketing.eu\/comunicatistampa\/estate-sulle-due-ruote-per-carvico-s-p-a-sponsor-delle-piu-importanti-gare-di-ciclismo-della-bella-stagione\/#breadcrumb"},"inLanguage":"it-IT","potentialAction":[{"@type":"ReadAction","target":["https:\/\/www.article-marketing.eu\/comunicatistampa\/estate-sulle-due-ruote-per-carvico-s-p-a-sponsor-delle-piu-importanti-gare-di-ciclismo-della-bella-stagione\/"]}]},{"@type":"BreadcrumbList","@id":"https:\/\/www.article-marketing.eu\/comunicatistampa\/estate-sulle-due-ruote-per-carvico-s-p-a-sponsor-delle-piu-importanti-gare-di-ciclismo-della-bella-stagione\/#breadcrumb","itemListElement":[{"@type":"ListItem","position":1,"name":"Home","item":"https:\/\/www.article-marketing.eu\/comunicatistampa\/"},{"@type":"ListItem","position":2,"name":"Estate sulle due ruote per Carvico S.p.A.! Sponsor delle pi\u00f9 importanti gare di ciclismo della bella stagione."}]},{"@type":"WebSite","@id":"https:\/\/www.article-marketing.eu\/comunicatistampa\/#website","url":"https:\/\/www.article-marketing.eu\/comunicatistampa\/","name":"Article Marketing","description":"article marketing &amp; press release","potentialAction":[{"@type":"SearchAction","target":{"@type":"EntryPoint","urlTemplate":"https:\/\/www.article-marketing.eu\/comunicatistampa\/?s={search_term_string}"},"query-input":{"@type":"PropertyValueSpecification","valueRequired":true,"valueName":"search_term_string"}}],"inLanguage":"it-IT"},{"@type":"Person","@id":"https:\/\/www.article-marketing.eu\/comunicatistampa\/#\/schema\/person\/3c7b515d0a3c92f258a4caec0eba62f0","name":"carvicoejl","image":{"@type":"ImageObject","inLanguage":"it-IT","@id":"https:\/\/secure.gravatar.com\/avatar\/ffb010b92118679b0005cb6fcdf217df732bc6b37e681c003c46a90722b40e78?s=96&d=mm&r=g","url":"https:\/\/secure.gravatar.com\/avatar\/ffb010b92118679b0005cb6fcdf217df732bc6b37e681c003c46a90722b40e78?s=96&d=mm&r=g","contentUrl":"https:\/\/secure.gravatar.com\/avatar\/ffb010b92118679b0005cb6fcdf217df732bc6b37e681c003c46a90722b40e78?s=96&d=mm&r=g","caption":"carvicoejl"},"url":"https:\/\/www.article-marketing.eu\/comunicatistampa\/author\/carvicoejl\/"}]}},"_links":{"self":[{"href":"https:\/\/www.article-marketing.eu\/comunicatistampa\/wp-json\/wp\/v2\/posts\/2184","targetHints":{"allow":["GET"]}}],"collection":[{"href":"https:\/\/www.article-marketing.eu\/comunicatistampa\/wp-json\/wp\/v2\/posts"}],"about":[{"href":"https:\/\/www.article-marketing.eu\/comunicatistampa\/wp-json\/wp\/v2\/types\/post"}],"author":[{"embeddable":true,"href":"https:\/\/www.article-marketing.eu\/comunicatistampa\/wp-json\/wp\/v2\/users\/232"}],"replies":[{"embeddable":true,"href":"https:\/\/www.article-marketing.eu\/comunicatistampa\/wp-json\/wp\/v2\/comments?post=2184"}],"version-history":[{"count":4,"href":"https:\/\/www.article-marketing.eu\/comunicatistampa\/wp-json\/wp\/v2\/posts\/2184\/revisions"}],"predecessor-version":[{"id":2209,"href":"https:\/\/www.article-marketing.eu\/comunicatistampa\/wp-json\/wp\/v2\/posts\/2184\/revisions\/2209"}],"wp:attachment":[{"href":"https:\/\/www.article-marketing.eu\/comunicatistampa\/wp-json\/wp\/v2\/media?parent=2184"}],"wp:term":[{"taxonomy":"category","embeddable":true,"href":"https:\/\/www.article-marketing.eu\/comunicatistampa\/wp-json\/wp\/v2\/categories?post=2184"},{"taxonomy":"post_tag","embeddable":true,"href":"https:\/\/www.article-marketing.eu\/comunicatistampa\/wp-json\/wp\/v2\/tags?post=2184"}],"curies":[{"name":"wp","href":"https:\/\/api.w.org\/{rel}","templated":true}]}}