{"id":21866,"date":"2022-02-11T01:11:25","date_gmt":"2022-02-11T00:11:25","guid":{"rendered":"https:\/\/www.article-marketing.eu\/comunicatistampa\/?p=21866"},"modified":"2022-02-11T01:11:25","modified_gmt":"2022-02-11T00:11:25","slug":"il-percorso-professionale-di-stefania-bariatti-le-tappe-principali","status":"publish","type":"post","link":"https:\/\/www.article-marketing.eu\/comunicatistampa\/il-percorso-professionale-di-stefania-bariatti-le-tappe-principali\/","title":{"rendered":"Il percorso professionale di Stefania Bariatti: le tappe principali"},"content":{"rendered":"<p><em><strong><a title=\"Stefania Bariatti: gli incarichi professionali\" href=\"https:\/\/www.portaleconomia.net\/dalluniversita-al-settore-legale-e-istituzionale-lesperienza-professionale-di-stefania-bariatti\/\">Stefania Bariatti<\/a> annovera in curriculum numerose esperienze di rilievo in ambito universitario e anche, come avvocato, nell&#8217;area legale: i dettagli e gli incarichi ricoperti.<\/strong><\/em><\/p>\n<p><img loading=\"lazy\" decoding=\"async\" class=\"alignnone\" src=\"https:\/\/www.portaleconomia.net\/wp-content\/uploads\/2021\/12\/stefania-bariatti.jpg\" alt=\"Stefania Bariatti\" width=\"120\" height=\"350\" \/><\/p>\n<h2>Stefania Bariatti: l&#8217;impegno in ambito accademico<\/h2>\n<p>Laureata in Giurisprudenza presso l&#8217;Universit\u00e0 degli Studi di Milano, <strong>Stefania Bariatti<\/strong> lavora dal 1983 come ricercatrice di Diritto Internazionale. Professore ordinario a partire dal 1994, \u00e8 stata docente di Diritto dell&#8217;Unione Europea, Diritto della Concorrenza e Diritto Internazionale nelle Universit\u00e0 di Sassari e Milano-Bicocca. Nel 2002 il ritorno all&#8217;Universit\u00e0 degli Studi di Milano, dove tiene corsi di Diritto Internazionale, Diritto Internazionale Privato e Processuale e International Insolvency Law nella Facolt\u00e0 di Giurisprudenza. Ricopre inoltre diversi incarichi istituzionali di rilievo anche a livello internazionale, quali Consigliere di Amministrazione (Sassari e Milano-Bicocca), direttore di dipartimento (Milano-Bicocca), direttore di corsi Master (Milano-Bicocca, ISPI) e Presidente di associazioni (European Law Faculties Association, Insol Europe Academic Forum, Groupe Europ\u00e9en de Droit International Priv\u00e9). \u00c8 stata inoltre visiting professor a Tolosa e alla LUISS in Diritto Internazionale Privato, e ha tenuto numerosi corsi e seminari presso universit\u00e0 straniere. <strong>Stefania Bariatti<\/strong> \u00e8 autrice di oltre 150 pubblicazioni attinenti agli ambiti di Diritto Internazionale Privato, Diritto dell&#8217;Unione Europea e Diritto Internazionale.<\/p>\n<h2>Stefania Bariatti: attivit\u00e0 professionale e incarichi nei Board di societ\u00e0 ed altri enti<\/h2>\n<p>Iscritta all&#8217;Ordine degli Avvocati di Milano e patrocinante in Cassazione, nel 2002 <strong>Stefania Bariatti<\/strong> intraprende un importante percorso in ambito legale, specializzandosi in diritto della concorrenza, contenzioso internazionale e arbitrato commerciale internazionale. Entra presto nel team di uno dei pi\u00f9 prestigiosi studi legali del Paese: negli anni ricopre i ruoli di partner e of counsel, arrivando a dirigere lo studio di Bruxelles e la practice di diritto della concorrenza europeo e italiano. Recentemente ha assunto incarichi di Board Member negli organi di governo di societ\u00e0 quotate, apportando il proprio patrimonio di competenze sviluppato presso organi accademici (Universit\u00e0 di Sassari e Milano-Bicocca) e fondazioni no profit (CNPDS-Centro Nazionale di Prevenzione e Difesa Sociale e Tecnomed). Opera attualmente nel Consiglio di Amministrazione di A2A S.p.A., di MediaForEurope NV e di BNL S.p.A. (Gruppo BNP Paribas), dove ricopre anche la carica di presidente e membro di comitati endoconsiliari (parti correlate, remunerazione e nomine, corporate social responsibility e governance). Eletta nel 2014 dall&#8217;assemblea degli Stati membri come membro del Governing Council di UNIDROIT, <strong>Stefania Bariatti<\/strong> ha svolto incarichi consultivi a favore del Parlamento e della Commissione Europea: rappresentante dell&#8217;Italia in molti negoziati in occasione della Conferenza dell&#8217;Aja di Diritto internazionale privato e anche al Comitato di diritto civile del Consiglio dell&#8217;Unione Europea, ha lavorato alla redazione di strumenti legislativi dell&#8217;Unione riguardanti la cooperazione giudiziaria in materia civile. Infine, dal 2011 fa parte del Gruppo di esperti della Commissione Europea sul diritto dell&#8217;insolvenza.<\/p>\n","protected":false},"excerpt":{"rendered":"<p>Stefania Bariatti annovera in curriculum numerose esperienze di rilievo in ambito universitario e anche, come avvocato, nell&#8217;area legale: i dettagli e gli incarichi ricoperti. Stefania Bariatti: l&#8217;impegno in ambito accademico Laureata in Giurisprudenza presso l&#8217;Universit\u00e0 degli Studi di Milano, Stefania Bariatti lavora dal 1983 come ricercatrice di Diritto Internazionale. Professore ordinario a partire dal 1994, \u00e8 stata docente di Diritto dell&#8217;Unione Europea, Diritto della Concorrenza e Diritto Internazionale nelle Universit\u00e0<\/p>\n<p><a class=\"continue-reading\" href=\"https:\/\/www.article-marketing.eu\/comunicatistampa\/il-percorso-professionale-di-stefania-bariatti-le-tappe-principali\/\">Continue reading&#8230;<\/a><\/p>\n","protected":false},"author":6477,"featured_media":0,"comment_status":"open","ping_status":"open","sticky":false,"template":"","format":"standard","meta":{"_monsterinsights_skip_tracking":false,"_monsterinsights_sitenote_active":false,"_monsterinsights_sitenote_note":"","_monsterinsights_sitenote_category":0,"footnotes":""},"categories":[78],"tags":[9187],"class_list":["post-21866","post","type-post","status-publish","format-standard","hentry","category-comunicati-stampa","tag-stefania-bariatti"],"yoast_head":"<!-- This site is optimized with the Yoast SEO plugin v27.3 - https:\/\/yoast.com\/product\/yoast-seo-wordpress\/ -->\n<title>Il percorso professionale di Stefania Bariatti: le tappe principali<\/title>\n<meta name=\"robots\" content=\"index, follow, max-snippet:-1, max-image-preview:large, max-video-preview:-1\" \/>\n<link rel=\"canonical\" href=\"https:\/\/www.article-marketing.eu\/comunicatistampa\/il-percorso-professionale-di-stefania-bariatti-le-tappe-principali\/\" \/>\n<meta property=\"og:locale\" content=\"it_IT\" \/>\n<meta property=\"og:type\" content=\"article\" \/>\n<meta property=\"og:title\" content=\"Il percorso professionale di Stefania Bariatti: le tappe principali\" \/>\n<meta property=\"og:description\" content=\"Stefania Bariatti annovera in curriculum numerose esperienze di rilievo in ambito universitario e anche, come avvocato, nell&#8217;area legale: i dettagli e gli incarichi ricoperti. Stefania Bariatti: l&#8217;impegno in ambito accademico Laureata in Giurisprudenza presso l&#8217;Universit\u00e0 degli Studi di Milano, Stefania Bariatti lavora dal 1983 come ricercatrice di Diritto Internazionale. Professore ordinario a partire dal 1994, \u00e8 stata docente di Diritto dell&#8217;Unione Europea, Diritto della Concorrenza e Diritto Internazionale nelle Universit\u00e0Continue reading...\" \/>\n<meta property=\"og:url\" content=\"https:\/\/www.article-marketing.eu\/comunicatistampa\/il-percorso-professionale-di-stefania-bariatti-le-tappe-principali\/\" \/>\n<meta property=\"og:site_name\" content=\"Article Marketing\" \/>\n<meta property=\"article:published_time\" content=\"2022-02-11T00:11:25+00:00\" \/>\n<meta property=\"og:image\" content=\"https:\/\/www.portaleconomia.net\/wp-content\/uploads\/2021\/12\/stefania-bariatti.jpg\" \/>\n<meta name=\"author\" content=\"articolinews\" \/>\n<meta name=\"twitter:card\" content=\"summary_large_image\" \/>\n<meta name=\"twitter:label1\" content=\"Scritto da\" \/>\n\t<meta name=\"twitter:data1\" content=\"articolinews\" \/>\n\t<meta name=\"twitter:label2\" content=\"Tempo di lettura stimato\" \/>\n\t<meta name=\"twitter:data2\" content=\"2 minuti\" \/>\n<script type=\"application\/ld+json\" class=\"yoast-schema-graph\">{\"@context\":\"https:\\\/\\\/schema.org\",\"@graph\":[{\"@type\":\"Article\",\"@id\":\"https:\\\/\\\/www.article-marketing.eu\\\/comunicatistampa\\\/il-percorso-professionale-di-stefania-bariatti-le-tappe-principali\\\/#article\",\"isPartOf\":{\"@id\":\"https:\\\/\\\/www.article-marketing.eu\\\/comunicatistampa\\\/il-percorso-professionale-di-stefania-bariatti-le-tappe-principali\\\/\"},\"author\":{\"name\":\"articolinews\",\"@id\":\"https:\\\/\\\/www.article-marketing.eu\\\/comunicatistampa\\\/#\\\/schema\\\/person\\\/2fcaf8f8f3a9eef9eb7f27532d3ca458\"},\"headline\":\"Il percorso professionale di Stefania Bariatti: le tappe principali\",\"datePublished\":\"2022-02-11T00:11:25+00:00\",\"mainEntityOfPage\":{\"@id\":\"https:\\\/\\\/www.article-marketing.eu\\\/comunicatistampa\\\/il-percorso-professionale-di-stefania-bariatti-le-tappe-principali\\\/\"},\"wordCount\":449,\"commentCount\":0,\"image\":{\"@id\":\"https:\\\/\\\/www.article-marketing.eu\\\/comunicatistampa\\\/il-percorso-professionale-di-stefania-bariatti-le-tappe-principali\\\/#primaryimage\"},\"thumbnailUrl\":\"https:\\\/\\\/www.portaleconomia.net\\\/wp-content\\\/uploads\\\/2021\\\/12\\\/stefania-bariatti.jpg\",\"keywords\":[\"Stefania Bariatti\"],\"articleSection\":[\"Comunicati stampa\"],\"inLanguage\":\"it-IT\",\"potentialAction\":[{\"@type\":\"CommentAction\",\"name\":\"Comment\",\"target\":[\"https:\\\/\\\/www.article-marketing.eu\\\/comunicatistampa\\\/il-percorso-professionale-di-stefania-bariatti-le-tappe-principali\\\/#respond\"]}]},{\"@type\":\"WebPage\",\"@id\":\"https:\\\/\\\/www.article-marketing.eu\\\/comunicatistampa\\\/il-percorso-professionale-di-stefania-bariatti-le-tappe-principali\\\/\",\"url\":\"https:\\\/\\\/www.article-marketing.eu\\\/comunicatistampa\\\/il-percorso-professionale-di-stefania-bariatti-le-tappe-principali\\\/\",\"name\":\"Il percorso professionale di Stefania Bariatti: le tappe principali\",\"isPartOf\":{\"@id\":\"https:\\\/\\\/www.article-marketing.eu\\\/comunicatistampa\\\/#website\"},\"primaryImageOfPage\":{\"@id\":\"https:\\\/\\\/www.article-marketing.eu\\\/comunicatistampa\\\/il-percorso-professionale-di-stefania-bariatti-le-tappe-principali\\\/#primaryimage\"},\"image\":{\"@id\":\"https:\\\/\\\/www.article-marketing.eu\\\/comunicatistampa\\\/il-percorso-professionale-di-stefania-bariatti-le-tappe-principali\\\/#primaryimage\"},\"thumbnailUrl\":\"https:\\\/\\\/www.portaleconomia.net\\\/wp-content\\\/uploads\\\/2021\\\/12\\\/stefania-bariatti.jpg\",\"datePublished\":\"2022-02-11T00:11:25+00:00\",\"author\":{\"@id\":\"https:\\\/\\\/www.article-marketing.eu\\\/comunicatistampa\\\/#\\\/schema\\\/person\\\/2fcaf8f8f3a9eef9eb7f27532d3ca458\"},\"breadcrumb\":{\"@id\":\"https:\\\/\\\/www.article-marketing.eu\\\/comunicatistampa\\\/il-percorso-professionale-di-stefania-bariatti-le-tappe-principali\\\/#breadcrumb\"},\"inLanguage\":\"it-IT\",\"potentialAction\":[{\"@type\":\"ReadAction\",\"target\":[\"https:\\\/\\\/www.article-marketing.eu\\\/comunicatistampa\\\/il-percorso-professionale-di-stefania-bariatti-le-tappe-principali\\\/\"]}]},{\"@type\":\"ImageObject\",\"inLanguage\":\"it-IT\",\"@id\":\"https:\\\/\\\/www.article-marketing.eu\\\/comunicatistampa\\\/il-percorso-professionale-di-stefania-bariatti-le-tappe-principali\\\/#primaryimage\",\"url\":\"https:\\\/\\\/www.portaleconomia.net\\\/wp-content\\\/uploads\\\/2021\\\/12\\\/stefania-bariatti.jpg\",\"contentUrl\":\"https:\\\/\\\/www.portaleconomia.net\\\/wp-content\\\/uploads\\\/2021\\\/12\\\/stefania-bariatti.jpg\"},{\"@type\":\"BreadcrumbList\",\"@id\":\"https:\\\/\\\/www.article-marketing.eu\\\/comunicatistampa\\\/il-percorso-professionale-di-stefania-bariatti-le-tappe-principali\\\/#breadcrumb\",\"itemListElement\":[{\"@type\":\"ListItem\",\"position\":1,\"name\":\"Home\",\"item\":\"https:\\\/\\\/www.article-marketing.eu\\\/comunicatistampa\\\/\"},{\"@type\":\"ListItem\",\"position\":2,\"name\":\"Il percorso professionale di Stefania Bariatti: le tappe principali\"}]},{\"@type\":\"WebSite\",\"@id\":\"https:\\\/\\\/www.article-marketing.eu\\\/comunicatistampa\\\/#website\",\"url\":\"https:\\\/\\\/www.article-marketing.eu\\\/comunicatistampa\\\/\",\"name\":\"Article Marketing\",\"description\":\"article marketing &amp; press release\",\"potentialAction\":[{\"@type\":\"SearchAction\",\"target\":{\"@type\":\"EntryPoint\",\"urlTemplate\":\"https:\\\/\\\/www.article-marketing.eu\\\/comunicatistampa\\\/?s={search_term_string}\"},\"query-input\":{\"@type\":\"PropertyValueSpecification\",\"valueRequired\":true,\"valueName\":\"search_term_string\"}}],\"inLanguage\":\"it-IT\"},{\"@type\":\"Person\",\"@id\":\"https:\\\/\\\/www.article-marketing.eu\\\/comunicatistampa\\\/#\\\/schema\\\/person\\\/2fcaf8f8f3a9eef9eb7f27532d3ca458\",\"name\":\"articolinews\",\"image\":{\"@type\":\"ImageObject\",\"inLanguage\":\"it-IT\",\"@id\":\"https:\\\/\\\/secure.gravatar.com\\\/avatar\\\/9e2a264bab04e17dea24d937c9956304649a848cb73c46747a692ff1bdeb1cb7?s=96&d=mm&r=g\",\"url\":\"https:\\\/\\\/secure.gravatar.com\\\/avatar\\\/9e2a264bab04e17dea24d937c9956304649a848cb73c46747a692ff1bdeb1cb7?s=96&d=mm&r=g\",\"contentUrl\":\"https:\\\/\\\/secure.gravatar.com\\\/avatar\\\/9e2a264bab04e17dea24d937c9956304649a848cb73c46747a692ff1bdeb1cb7?s=96&d=mm&r=g\",\"caption\":\"articolinews\"},\"url\":\"https:\\\/\\\/www.article-marketing.eu\\\/comunicatistampa\\\/author\\\/articolinews\\\/\"}]}<\/script>\n<!-- \/ Yoast SEO plugin. -->","yoast_head_json":{"title":"Il percorso professionale di Stefania Bariatti: le tappe principali","robots":{"index":"index","follow":"follow","max-snippet":"max-snippet:-1","max-image-preview":"max-image-preview:large","max-video-preview":"max-video-preview:-1"},"canonical":"https:\/\/www.article-marketing.eu\/comunicatistampa\/il-percorso-professionale-di-stefania-bariatti-le-tappe-principali\/","og_locale":"it_IT","og_type":"article","og_title":"Il percorso professionale di Stefania Bariatti: le tappe principali","og_description":"Stefania Bariatti annovera in curriculum numerose esperienze di rilievo in ambito universitario e anche, come avvocato, nell&#8217;area legale: i dettagli e gli incarichi ricoperti. Stefania Bariatti: l&#8217;impegno in ambito accademico Laureata in Giurisprudenza presso l&#8217;Universit\u00e0 degli Studi di Milano, Stefania Bariatti lavora dal 1983 come ricercatrice di Diritto Internazionale. Professore ordinario a partire dal 1994, \u00e8 stata docente di Diritto dell&#8217;Unione Europea, Diritto della Concorrenza e Diritto Internazionale nelle Universit\u00e0Continue reading...","og_url":"https:\/\/www.article-marketing.eu\/comunicatistampa\/il-percorso-professionale-di-stefania-bariatti-le-tappe-principali\/","og_site_name":"Article Marketing","article_published_time":"2022-02-11T00:11:25+00:00","og_image":[{"url":"https:\/\/www.portaleconomia.net\/wp-content\/uploads\/2021\/12\/stefania-bariatti.jpg","type":"","width":"","height":""}],"author":"articolinews","twitter_card":"summary_large_image","twitter_misc":{"Scritto da":"articolinews","Tempo di lettura stimato":"2 minuti"},"schema":{"@context":"https:\/\/schema.org","@graph":[{"@type":"Article","@id":"https:\/\/www.article-marketing.eu\/comunicatistampa\/il-percorso-professionale-di-stefania-bariatti-le-tappe-principali\/#article","isPartOf":{"@id":"https:\/\/www.article-marketing.eu\/comunicatistampa\/il-percorso-professionale-di-stefania-bariatti-le-tappe-principali\/"},"author":{"name":"articolinews","@id":"https:\/\/www.article-marketing.eu\/comunicatistampa\/#\/schema\/person\/2fcaf8f8f3a9eef9eb7f27532d3ca458"},"headline":"Il percorso professionale di Stefania Bariatti: le tappe principali","datePublished":"2022-02-11T00:11:25+00:00","mainEntityOfPage":{"@id":"https:\/\/www.article-marketing.eu\/comunicatistampa\/il-percorso-professionale-di-stefania-bariatti-le-tappe-principali\/"},"wordCount":449,"commentCount":0,"image":{"@id":"https:\/\/www.article-marketing.eu\/comunicatistampa\/il-percorso-professionale-di-stefania-bariatti-le-tappe-principali\/#primaryimage"},"thumbnailUrl":"https:\/\/www.portaleconomia.net\/wp-content\/uploads\/2021\/12\/stefania-bariatti.jpg","keywords":["Stefania Bariatti"],"articleSection":["Comunicati stampa"],"inLanguage":"it-IT","potentialAction":[{"@type":"CommentAction","name":"Comment","target":["https:\/\/www.article-marketing.eu\/comunicatistampa\/il-percorso-professionale-di-stefania-bariatti-le-tappe-principali\/#respond"]}]},{"@type":"WebPage","@id":"https:\/\/www.article-marketing.eu\/comunicatistampa\/il-percorso-professionale-di-stefania-bariatti-le-tappe-principali\/","url":"https:\/\/www.article-marketing.eu\/comunicatistampa\/il-percorso-professionale-di-stefania-bariatti-le-tappe-principali\/","name":"Il percorso professionale di Stefania Bariatti: le tappe principali","isPartOf":{"@id":"https:\/\/www.article-marketing.eu\/comunicatistampa\/#website"},"primaryImageOfPage":{"@id":"https:\/\/www.article-marketing.eu\/comunicatistampa\/il-percorso-professionale-di-stefania-bariatti-le-tappe-principali\/#primaryimage"},"image":{"@id":"https:\/\/www.article-marketing.eu\/comunicatistampa\/il-percorso-professionale-di-stefania-bariatti-le-tappe-principali\/#primaryimage"},"thumbnailUrl":"https:\/\/www.portaleconomia.net\/wp-content\/uploads\/2021\/12\/stefania-bariatti.jpg","datePublished":"2022-02-11T00:11:25+00:00","author":{"@id":"https:\/\/www.article-marketing.eu\/comunicatistampa\/#\/schema\/person\/2fcaf8f8f3a9eef9eb7f27532d3ca458"},"breadcrumb":{"@id":"https:\/\/www.article-marketing.eu\/comunicatistampa\/il-percorso-professionale-di-stefania-bariatti-le-tappe-principali\/#breadcrumb"},"inLanguage":"it-IT","potentialAction":[{"@type":"ReadAction","target":["https:\/\/www.article-marketing.eu\/comunicatistampa\/il-percorso-professionale-di-stefania-bariatti-le-tappe-principali\/"]}]},{"@type":"ImageObject","inLanguage":"it-IT","@id":"https:\/\/www.article-marketing.eu\/comunicatistampa\/il-percorso-professionale-di-stefania-bariatti-le-tappe-principali\/#primaryimage","url":"https:\/\/www.portaleconomia.net\/wp-content\/uploads\/2021\/12\/stefania-bariatti.jpg","contentUrl":"https:\/\/www.portaleconomia.net\/wp-content\/uploads\/2021\/12\/stefania-bariatti.jpg"},{"@type":"BreadcrumbList","@id":"https:\/\/www.article-marketing.eu\/comunicatistampa\/il-percorso-professionale-di-stefania-bariatti-le-tappe-principali\/#breadcrumb","itemListElement":[{"@type":"ListItem","position":1,"name":"Home","item":"https:\/\/www.article-marketing.eu\/comunicatistampa\/"},{"@type":"ListItem","position":2,"name":"Il percorso professionale di Stefania Bariatti: le tappe principali"}]},{"@type":"WebSite","@id":"https:\/\/www.article-marketing.eu\/comunicatistampa\/#website","url":"https:\/\/www.article-marketing.eu\/comunicatistampa\/","name":"Article Marketing","description":"article marketing &amp; press release","potentialAction":[{"@type":"SearchAction","target":{"@type":"EntryPoint","urlTemplate":"https:\/\/www.article-marketing.eu\/comunicatistampa\/?s={search_term_string}"},"query-input":{"@type":"PropertyValueSpecification","valueRequired":true,"valueName":"search_term_string"}}],"inLanguage":"it-IT"},{"@type":"Person","@id":"https:\/\/www.article-marketing.eu\/comunicatistampa\/#\/schema\/person\/2fcaf8f8f3a9eef9eb7f27532d3ca458","name":"articolinews","image":{"@type":"ImageObject","inLanguage":"it-IT","@id":"https:\/\/secure.gravatar.com\/avatar\/9e2a264bab04e17dea24d937c9956304649a848cb73c46747a692ff1bdeb1cb7?s=96&d=mm&r=g","url":"https:\/\/secure.gravatar.com\/avatar\/9e2a264bab04e17dea24d937c9956304649a848cb73c46747a692ff1bdeb1cb7?s=96&d=mm&r=g","contentUrl":"https:\/\/secure.gravatar.com\/avatar\/9e2a264bab04e17dea24d937c9956304649a848cb73c46747a692ff1bdeb1cb7?s=96&d=mm&r=g","caption":"articolinews"},"url":"https:\/\/www.article-marketing.eu\/comunicatistampa\/author\/articolinews\/"}]}},"_links":{"self":[{"href":"https:\/\/www.article-marketing.eu\/comunicatistampa\/wp-json\/wp\/v2\/posts\/21866","targetHints":{"allow":["GET"]}}],"collection":[{"href":"https:\/\/www.article-marketing.eu\/comunicatistampa\/wp-json\/wp\/v2\/posts"}],"about":[{"href":"https:\/\/www.article-marketing.eu\/comunicatistampa\/wp-json\/wp\/v2\/types\/post"}],"author":[{"embeddable":true,"href":"https:\/\/www.article-marketing.eu\/comunicatistampa\/wp-json\/wp\/v2\/users\/6477"}],"replies":[{"embeddable":true,"href":"https:\/\/www.article-marketing.eu\/comunicatistampa\/wp-json\/wp\/v2\/comments?post=21866"}],"version-history":[{"count":2,"href":"https:\/\/www.article-marketing.eu\/comunicatistampa\/wp-json\/wp\/v2\/posts\/21866\/revisions"}],"predecessor-version":[{"id":21915,"href":"https:\/\/www.article-marketing.eu\/comunicatistampa\/wp-json\/wp\/v2\/posts\/21866\/revisions\/21915"}],"wp:attachment":[{"href":"https:\/\/www.article-marketing.eu\/comunicatistampa\/wp-json\/wp\/v2\/media?parent=21866"}],"wp:term":[{"taxonomy":"category","embeddable":true,"href":"https:\/\/www.article-marketing.eu\/comunicatistampa\/wp-json\/wp\/v2\/categories?post=21866"},{"taxonomy":"post_tag","embeddable":true,"href":"https:\/\/www.article-marketing.eu\/comunicatistampa\/wp-json\/wp\/v2\/tags?post=21866"}],"curies":[{"name":"wp","href":"https:\/\/api.w.org\/{rel}","templated":true}]}}