{"id":21888,"date":"2022-02-11T01:28:01","date_gmt":"2022-02-11T00:28:01","guid":{"rendered":"https:\/\/www.article-marketing.eu\/comunicatistampa\/?p=21888"},"modified":"2022-02-11T01:28:01","modified_gmt":"2022-02-11T00:28:01","slug":"webinar-fattore-umano-sostenibilita-e-benessere-psicosociale","status":"publish","type":"post","link":"https:\/\/www.article-marketing.eu\/comunicatistampa\/webinar-fattore-umano-sostenibilita-e-benessere-psicosociale\/","title":{"rendered":"Webinar: fattore umano, sostenibilit\u00e0 e benessere psicosociale"},"content":{"rendered":"<h1>Comunicato Stampa<\/h1>\n<p><strong>Webinar: fattore umano, sostenibilit\u00e0 e benessere psicosociale<\/strong><\/p>\n<p><strong>\u00a0<\/strong><\/p>\n<p><strong><em>Il 24 febbraio 2022 un webinar si sofferma sul fattore umano nell\u2019organizzazione aziendale e sul legame tra benessere psicosociale e sostenibilit\u00e0. Durante il webinar saranno presentati i lavori che hanno conseguito il Premio Tesi di Laura AiFOS 2021.<\/em><\/strong><\/p>\n<p><strong><em>\u00a0<\/em><\/strong><\/p>\n<p>La <strong>sostenibilit\u00e0<\/strong> e lo <strong>sviluppo sostenibile<\/strong> sono ormai concetti che stanno acquisendo, in relazione alle future sfide ambientali, economico e sociali, sempre pi\u00f9 forza e importanza anche nelle strategie d\u2019impresa. Per favorire un equilibrio dinamico tra qualit\u00e0 ambientale, sviluppo economico ed equit\u00e0 sociale, \u00e8 ormai evidente che ogni azienda deve poter garantire la sicurezza e il <strong>benessere fisico e psicosociale <\/strong>dei lavoratori.<\/p>\n<p>&nbsp;<\/p>\n<p>\u00c8 insomma necessario che il <strong>fattore umano<\/strong> &#8211; &#8220;il lavoratore&#8221; \u2013 diventi sempre pi\u00f9 il &#8220;centro&#8221; dell&#8217;organizzazione aziendale. Il management aziendale, mettendo in atto azioni a supporto della persona e del suo benessere, deve riconoscere il ruolo di attore principale al lavoratore, considerato il <strong>fondamento delle organizzazioni<\/strong>.<\/p>\n<p>&nbsp;<\/p>\n<p><strong>Il webinar su fattore umano, sostenibilit\u00e0 e benessere psicosociale<\/strong><\/p>\n<p>Proprio per parlare di questi temi e ricordare il legame tra sostenibilit\u00e0 e benessere, la <strong>Fondazione AiFOS<\/strong>, in collaborazione con l\u2019Associazione Italiana Formatori ed Operatori della Sicurezza sul Lavoro (<strong>AiFOS<\/strong>), organizza per il <strong>24 febbraio 2022 <\/strong>il <strong>convegno gratuito<\/strong>, in modalit\u00e0 webinar, \u201c<strong>Benessere psicosociale e sostenibilit\u00e0. Il \u00abfattore umano\u00bb al centro dell\u2019organizzazione aziendale<\/strong>\u201d.<\/p>\n<p>&nbsp;<\/p>\n<p>La <strong>Fondazione AiFOS<\/strong> \u00e8 una realt\u00e0 filantropica attenta ai temi di promozione della cultura della sicurezza sul lavoro, dell\u2019istruzione, della formazione e della sostenibilit\u00e0. Uno degli obiettivi della Fondazione \u00e8 quello di aumentare la consapevolezza che vivere in un mondo sano e sicuro, attento ai temi del benessere sociale, sia la base per uno sviluppo sostenibile della comunit\u00e0. Durante il webinar verranno presentati anche i <strong>lavori <\/strong><strong>premiati<\/strong> in relazione al <strong>Premio tesi di laurea 2021 <\/strong>indetto dalla Fondazione.<\/p>\n<p>&nbsp;<\/p>\n<p>Il webinar si soffermer\u00e0 non solo sui temi della sostenibilit\u00e0, della sicurezza e del benessere psicosociale, ma anche sull\u2019importanza di mettere il <strong>fattore umano<\/strong> al centro dell&#8217;organizzazione aziendale. Non \u00e8 il profitto a dover essere al primo posto, ma il lavoratore che, se trattato con il giusto peso e la giusta dignit\u00e0, porter\u00e0 l\u2019azienda al successo.<\/p>\n<p>&nbsp;<\/p>\n<p>Le <strong>tesi<\/strong> vincitrici di quest&#8217;anno sottolineano proprio questi fondamentali aspetti, facendo emergere l&#8217;importanza dell&#8217;uomo, in qualit\u00e0 di lavoratore, e delle sue esigenze.<\/p>\n<p>&nbsp;<\/p>\n<p><strong>Il Premio tesi di laurea 2021 su sicurezza e sostenibilit\u00e0<\/strong><\/p>\n<p>Attraverso il \u201c<strong>Premio tesi di laurea nell\u2019ambito della salute e sicurezza sul lavoro e sostenibilit\u00e0<\/strong>\u201d dal 2014 la Fondazione AiFOS favorisce lo sviluppo, la riflessione e l\u2019elaborazione di idee innovative in materia di sostenibilit\u00e0 e di salute e sicurezza nei luoghi di lavoro.<\/p>\n<p>In particolare le tesi discusse tra il 9 novembre 2020 ed il 31 ottobre 2021 hanno affrontato i seguenti temi:<\/p>\n<ul>\n<li><strong>Salute e sicurezza nei luoghi di vita e di lavoro<\/strong> (ambito giuridico, normativo, organizzativo; ambito tecnico, ingegneristico, medico; ambito psicologico, educativo, formativo, relazionale);<\/li>\n<li><strong>Sostenibilit\u00e0 in ambito lavorativo<\/strong> (benessere organizzativo, parit\u00e0 di genere, lavoro dignitoso, diversity management, conciliazione vita-lavoro, corretta gestione ambientale e consumo aziendale responsabile, \u2026).<\/li>\n<\/ul>\n<p>&nbsp;<\/p>\n<p>Ricordiamo che tutte le tesi di laurea che hanno partecipato al Premio sono pubblicate nella <strong>biblioteca virtuale<\/strong> di libera consultazione \u201c<strong>Biblioteca Tesi Sicurezza<\/strong>\u201d, una biblioteca che ha raggiunto, con successo, il suo primo anno di vita.<\/p>\n<p>&nbsp;<\/p>\n<p>Il link per accedere alla Biblioteca Tesi Sicurezza:<\/p>\n<p><a href=\"https:\/\/bibliotecatesi.fondazioneaifos.org\/\">https:\/\/bibliotecatesi.fondazioneaifos.org\/<\/a><\/p>\n<p>&nbsp;<\/p>\n<p><strong>Il programma del convegno e le informazioni sul webinar<\/strong><\/p>\n<p>Per parlare di fattore umano, sostenibilit\u00e0 e benessere psicosociale si terr\u00e0 gioved\u00ec <strong>24 febbraio 2022 <\/strong>\u2013 dalle ore 14.30 alle ore 16.30 \u2013 il convegno, in modalit\u00e0 webinar, \u201c<strong>Benessere psicosociale e sostenibilit\u00e0. Il \u00abfattore umano\u00bb al centro dell\u2019organizzazione aziendale<\/strong>\u201d.<\/p>\n<p>&nbsp;<\/p>\n<p>14.30-14.45 <strong>Paolo Carminati<\/strong>, <em>Presidente Fondazione AiFOS<\/em><\/p>\n<p><strong><em>Apertura lavori <\/em><\/strong><\/p>\n<p>&nbsp;<\/p>\n<p>14.45-15.15 <strong>Luca Solari<\/strong>, <em>Professore Ordinario Organizzazione Aziendale UniMi<\/em> &#8211; <em>Presidente Comitato Scientifico Fondazione AiFOS<\/em><\/p>\n<p><strong><em>Lectio Magistralis &#8211; Il \u201cfattore umano\u201d al centro dell\u2019organizzazione aziendale<\/em><\/strong><\/p>\n<p>&nbsp;<\/p>\n<p>15.15-16.15 <strong><em>Dialogo con i vincitori del \u201cPremio Tesi di Laurea Fondazione AiFOS\u201d 2021<\/em><\/strong><\/p>\n<p>Modera: <strong>Luca Solari<\/strong><\/p>\n<p>&nbsp;<\/p>\n<ul>\n<li><strong>Angelica Vesco<\/strong>, <em>Universit\u00e0 degli Studi di Padova, \u201c<\/em>Il benessere dei dipendenti per la produttivit\u00e0 e il successo aziendale\u201d<\/li>\n<li><strong>Pamela Rita Giampino<\/strong>, <em>Universit\u00e0 degli Studi di Palermo, \u201c<\/em>First person, dignit\u00e0 e benessere del lavoratore per uno sviluppo sostenibile e inclusivo. Il modello Cantine Settesoli\u201d<\/li>\n<li><strong>Martina Aceto<\/strong>, <em>Universit\u00e0 della Calabria, <\/em>\u201c\u2018Braccianti o merci?\u2019 Le violenze e lo sfruttamento delle donne immigrate in agricoltura. Sicilia e Andalusia a confronto\u201d<\/li>\n<li><strong>Marco Arcangeli<\/strong>, <em>Universit\u00e0 Politecnica delle Marche, \u201c<\/em>Studio e sperimentazione dell&#8217;utilizzo di dispositivi wearable per la valutazione dei parametri ergonomici nei luoghi di lavoro\u201d<\/li>\n<li><strong>Massimo Piovano<\/strong>, <em>Universit\u00e0 degli Studi di Torino, \u201c<\/em>Ambienti di lavoro basati sui risultati come fattore di malessere e benessere\u201d<\/li>\n<li><strong>Giulia Galli<\/strong>, <em>Universit\u00e0 degli Studi di Brescia, \u201c<\/em>Tecnico della prevenzione: ruolo e funzioni di prevenzione e di accertamento nell&#8217;ambito degli infortuni sul lavoro, con particolare riferimento agli aspetti di natura penale e processuale penale\u201d<\/li>\n<li><strong>Andrea Masala<\/strong>, <em>Universit\u00e0 degli Studi di Padova, \u201c<\/em>Incidenza dei gas espandenti ecologici sul trattamento di fine vita dei frigoriferi: un approccio applicativo alla Direttiva Macchine 2006\/42\/CE con particolare riferimento al relativo RES esplosione\u201d.<\/li>\n<\/ul>\n<p>&nbsp;<\/p>\n<p>16.15-16.30 <strong>Francesco Naviglio<\/strong>, Segretario Generale AiFOS<\/p>\n<p><strong><em>Chiusura Lavori &#8211; Il primo anno del portale \u201cBiblioteca Tesi Sicurezza\u201d<\/em><\/strong><\/p>\n<p>&nbsp;<\/p>\n<p>Il link per iscriversi al webinar:<\/p>\n<p><a href=\"https:\/\/aifos.org\/home\/eventi\/intev\/convegni_aifos\/benessere_psicosociale_e_sostenibilita\">https:\/\/aifos.org\/home\/eventi\/intev\/convegni_aifos\/benessere_psicosociale_e_sostenibilita<\/a><\/p>\n<p>&nbsp;<\/p>\n<p>A tutti i partecipanti verr\u00e0 consegnato un <strong>attestato di presenza<\/strong> valido per il rilascio di n. 2 <strong>crediti<\/strong> per Formatori area tematica n.1 (normativa\/organizzativa), RSPP\/ASPP, CSP\/CSE, RLS.<\/p>\n<p>&nbsp;<\/p>\n<p>Per avere ulteriori <strong>informazioni<\/strong> si pu\u00f2 fare riferimento a <strong>Fondazione AiFOS<\/strong> c\/o CSMT, Universit\u00e0 degli Studi di Brescia, via Branze, 45 \u2013 25123 Brescia Tel. 030.6595037 Fax 030.6595040 info@fondazioneaifos.org<\/p>\n<p>&nbsp;<\/p>\n<p><em>10 febbraio 2022<\/em><\/p>\n<p>&nbsp;<\/p>\n<p>&nbsp;<\/p>\n<p>Ufficio Stampa Fondazione AiFOS<\/p>\n<p>ufficiostampa@fondazioneaifos.org<\/p>\n<p>www.fondazioneaifos.org<\/p>\n","protected":false},"excerpt":{"rendered":"<p>Comunicato Stampa Webinar: fattore umano, sostenibilit\u00e0 e benessere psicosociale \u00a0 Il 24 febbraio 2022 un webinar si sofferma sul fattore umano nell\u2019organizzazione aziendale e sul legame tra benessere psicosociale e sostenibilit\u00e0. Durante il webinar saranno presentati i lavori che hanno conseguito il Premio Tesi di Laura AiFOS 2021. \u00a0 La sostenibilit\u00e0 e lo sviluppo sostenibile sono ormai concetti che stanno acquisendo, in relazione alle future sfide ambientali, economico e sociali,<\/p>\n<p><a class=\"continue-reading\" href=\"https:\/\/www.article-marketing.eu\/comunicatistampa\/webinar-fattore-umano-sostenibilita-e-benessere-psicosociale\/\">Continue reading&#8230;<\/a><\/p>\n","protected":false},"author":881,"featured_media":0,"comment_status":"open","ping_status":"open","sticky":false,"template":"","format":"standard","meta":{"_monsterinsights_skip_tracking":false,"_monsterinsights_sitenote_active":false,"_monsterinsights_sitenote_note":"","_monsterinsights_sitenote_category":0,"footnotes":""},"categories":[78],"tags":[3301,9196,7658,7661,3235,9197,3609,9199,6149,9198,9200,4993,6342],"class_list":["post-21888","post","type-post","status-publish","format-standard","hentry","category-comunicati-stampa","tag-aifos","tag-benessere-psicosociale-e-sostenibilita-il-fattore-umano-al-centro-dellorganizzazione-aziendale","tag-biblioteca-tesi-sicurezza","tag-biblioteca-virtuale","tag-brescia","tag-fattore-umano","tag-fondazione-aifos","tag-premio-tesi-di-laurea-2021","tag-premio-tesi-di-laurea-nellambito-della-salute-e-sicurezza-sul-lavoro-e-sostenibilita","tag-sostenibilita-e-benessere-psicosociale","tag-sostenibilita-in-ambito-lavorativo","tag-sviluppo-sostenibile","tag-webinar"],"yoast_head":"<!-- This site is optimized with the Yoast SEO plugin v27.3 - https:\/\/yoast.com\/product\/yoast-seo-wordpress\/ -->\n<title>Webinar: fattore umano, sostenibilit\u00e0 e benessere psicosociale<\/title>\n<meta name=\"robots\" content=\"index, follow, max-snippet:-1, max-image-preview:large, max-video-preview:-1\" \/>\n<link rel=\"canonical\" href=\"https:\/\/www.article-marketing.eu\/comunicatistampa\/webinar-fattore-umano-sostenibilita-e-benessere-psicosociale\/\" \/>\n<meta property=\"og:locale\" content=\"it_IT\" \/>\n<meta property=\"og:type\" content=\"article\" \/>\n<meta property=\"og:title\" content=\"Webinar: fattore umano, sostenibilit\u00e0 e benessere psicosociale\" \/>\n<meta property=\"og:description\" content=\"Comunicato Stampa Webinar: fattore umano, sostenibilit\u00e0 e benessere psicosociale \u00a0 Il 24 febbraio 2022 un webinar si sofferma sul fattore umano nell\u2019organizzazione aziendale e sul legame tra benessere psicosociale e sostenibilit\u00e0. Durante il webinar saranno presentati i lavori che hanno conseguito il Premio Tesi di Laura AiFOS 2021. \u00a0 La sostenibilit\u00e0 e lo sviluppo sostenibile sono ormai concetti che stanno acquisendo, in relazione alle future sfide ambientali, economico e sociali,Continue reading...\" \/>\n<meta property=\"og:url\" content=\"https:\/\/www.article-marketing.eu\/comunicatistampa\/webinar-fattore-umano-sostenibilita-e-benessere-psicosociale\/\" \/>\n<meta property=\"og:site_name\" content=\"Article Marketing\" \/>\n<meta property=\"article:published_time\" content=\"2022-02-11T00:28:01+00:00\" \/>\n<meta name=\"author\" content=\"AIFUS\" \/>\n<meta name=\"twitter:card\" content=\"summary_large_image\" \/>\n<meta name=\"twitter:label1\" content=\"Scritto da\" \/>\n\t<meta name=\"twitter:data1\" content=\"AIFUS\" \/>\n\t<meta name=\"twitter:label2\" content=\"Tempo di lettura stimato\" \/>\n\t<meta name=\"twitter:data2\" content=\"5 minuti\" \/>\n<script type=\"application\/ld+json\" class=\"yoast-schema-graph\">{\"@context\":\"https:\\\/\\\/schema.org\",\"@graph\":[{\"@type\":\"Article\",\"@id\":\"https:\\\/\\\/www.article-marketing.eu\\\/comunicatistampa\\\/webinar-fattore-umano-sostenibilita-e-benessere-psicosociale\\\/#article\",\"isPartOf\":{\"@id\":\"https:\\\/\\\/www.article-marketing.eu\\\/comunicatistampa\\\/webinar-fattore-umano-sostenibilita-e-benessere-psicosociale\\\/\"},\"author\":{\"name\":\"AIFUS\",\"@id\":\"https:\\\/\\\/www.article-marketing.eu\\\/comunicatistampa\\\/#\\\/schema\\\/person\\\/d1985c4955ff71a05f49d68e3034b3cd\"},\"headline\":\"Webinar: fattore umano, sostenibilit\u00e0 e benessere psicosociale\",\"datePublished\":\"2022-02-11T00:28:01+00:00\",\"mainEntityOfPage\":{\"@id\":\"https:\\\/\\\/www.article-marketing.eu\\\/comunicatistampa\\\/webinar-fattore-umano-sostenibilita-e-benessere-psicosociale\\\/\"},\"wordCount\":926,\"commentCount\":0,\"keywords\":[\"Aifos\",\"Benessere psicosociale e sostenibilit\u00e0. Il \u00abfattore umano\u00bb al centro dell\u2019organizzazione aziendale\",\"Biblioteca Tesi Sicurezza\",\"Biblioteca virtuale\",\"Brescia\",\"fattore umano\",\"Fondazione AiFOS\",\"Premio tesi di laurea 2021\",\"Premio tesi di laurea nell\u2019ambito della salute e sicurezza sul lavoro e sostenibilit\u00e0\",\"sostenibilit\u00e0 e benessere psicosociale\",\"Sostenibilit\u00e0 in ambito lavorativo\",\"sviluppo sostenibile\",\"webinar\"],\"articleSection\":[\"Comunicati stampa\"],\"inLanguage\":\"it-IT\",\"potentialAction\":[{\"@type\":\"CommentAction\",\"name\":\"Comment\",\"target\":[\"https:\\\/\\\/www.article-marketing.eu\\\/comunicatistampa\\\/webinar-fattore-umano-sostenibilita-e-benessere-psicosociale\\\/#respond\"]}]},{\"@type\":\"WebPage\",\"@id\":\"https:\\\/\\\/www.article-marketing.eu\\\/comunicatistampa\\\/webinar-fattore-umano-sostenibilita-e-benessere-psicosociale\\\/\",\"url\":\"https:\\\/\\\/www.article-marketing.eu\\\/comunicatistampa\\\/webinar-fattore-umano-sostenibilita-e-benessere-psicosociale\\\/\",\"name\":\"Webinar: fattore umano, sostenibilit\u00e0 e benessere psicosociale\",\"isPartOf\":{\"@id\":\"https:\\\/\\\/www.article-marketing.eu\\\/comunicatistampa\\\/#website\"},\"datePublished\":\"2022-02-11T00:28:01+00:00\",\"author\":{\"@id\":\"https:\\\/\\\/www.article-marketing.eu\\\/comunicatistampa\\\/#\\\/schema\\\/person\\\/d1985c4955ff71a05f49d68e3034b3cd\"},\"breadcrumb\":{\"@id\":\"https:\\\/\\\/www.article-marketing.eu\\\/comunicatistampa\\\/webinar-fattore-umano-sostenibilita-e-benessere-psicosociale\\\/#breadcrumb\"},\"inLanguage\":\"it-IT\",\"potentialAction\":[{\"@type\":\"ReadAction\",\"target\":[\"https:\\\/\\\/www.article-marketing.eu\\\/comunicatistampa\\\/webinar-fattore-umano-sostenibilita-e-benessere-psicosociale\\\/\"]}]},{\"@type\":\"BreadcrumbList\",\"@id\":\"https:\\\/\\\/www.article-marketing.eu\\\/comunicatistampa\\\/webinar-fattore-umano-sostenibilita-e-benessere-psicosociale\\\/#breadcrumb\",\"itemListElement\":[{\"@type\":\"ListItem\",\"position\":1,\"name\":\"Home\",\"item\":\"https:\\\/\\\/www.article-marketing.eu\\\/comunicatistampa\\\/\"},{\"@type\":\"ListItem\",\"position\":2,\"name\":\"Webinar: fattore umano, sostenibilit\u00e0 e benessere psicosociale\"}]},{\"@type\":\"WebSite\",\"@id\":\"https:\\\/\\\/www.article-marketing.eu\\\/comunicatistampa\\\/#website\",\"url\":\"https:\\\/\\\/www.article-marketing.eu\\\/comunicatistampa\\\/\",\"name\":\"Article Marketing\",\"description\":\"article marketing &amp; press release\",\"potentialAction\":[{\"@type\":\"SearchAction\",\"target\":{\"@type\":\"EntryPoint\",\"urlTemplate\":\"https:\\\/\\\/www.article-marketing.eu\\\/comunicatistampa\\\/?s={search_term_string}\"},\"query-input\":{\"@type\":\"PropertyValueSpecification\",\"valueRequired\":true,\"valueName\":\"search_term_string\"}}],\"inLanguage\":\"it-IT\"},{\"@type\":\"Person\",\"@id\":\"https:\\\/\\\/www.article-marketing.eu\\\/comunicatistampa\\\/#\\\/schema\\\/person\\\/d1985c4955ff71a05f49d68e3034b3cd\",\"name\":\"AIFUS\",\"image\":{\"@type\":\"ImageObject\",\"inLanguage\":\"it-IT\",\"@id\":\"https:\\\/\\\/secure.gravatar.com\\\/avatar\\\/05cf2a2ba057667571308b94c84f00ff48766ffac95710a87491a9b3ddcee484?s=96&d=mm&r=g\",\"url\":\"https:\\\/\\\/secure.gravatar.com\\\/avatar\\\/05cf2a2ba057667571308b94c84f00ff48766ffac95710a87491a9b3ddcee484?s=96&d=mm&r=g\",\"contentUrl\":\"https:\\\/\\\/secure.gravatar.com\\\/avatar\\\/05cf2a2ba057667571308b94c84f00ff48766ffac95710a87491a9b3ddcee484?s=96&d=mm&r=g\",\"caption\":\"AIFUS\"},\"url\":\"https:\\\/\\\/www.article-marketing.eu\\\/comunicatistampa\\\/author\\\/aifus\\\/\"}]}<\/script>\n<!-- \/ Yoast SEO plugin. -->","yoast_head_json":{"title":"Webinar: fattore umano, sostenibilit\u00e0 e benessere psicosociale","robots":{"index":"index","follow":"follow","max-snippet":"max-snippet:-1","max-image-preview":"max-image-preview:large","max-video-preview":"max-video-preview:-1"},"canonical":"https:\/\/www.article-marketing.eu\/comunicatistampa\/webinar-fattore-umano-sostenibilita-e-benessere-psicosociale\/","og_locale":"it_IT","og_type":"article","og_title":"Webinar: fattore umano, sostenibilit\u00e0 e benessere psicosociale","og_description":"Comunicato Stampa Webinar: fattore umano, sostenibilit\u00e0 e benessere psicosociale \u00a0 Il 24 febbraio 2022 un webinar si sofferma sul fattore umano nell\u2019organizzazione aziendale e sul legame tra benessere psicosociale e sostenibilit\u00e0. Durante il webinar saranno presentati i lavori che hanno conseguito il Premio Tesi di Laura AiFOS 2021. \u00a0 La sostenibilit\u00e0 e lo sviluppo sostenibile sono ormai concetti che stanno acquisendo, in relazione alle future sfide ambientali, economico e sociali,Continue reading...","og_url":"https:\/\/www.article-marketing.eu\/comunicatistampa\/webinar-fattore-umano-sostenibilita-e-benessere-psicosociale\/","og_site_name":"Article Marketing","article_published_time":"2022-02-11T00:28:01+00:00","author":"AIFUS","twitter_card":"summary_large_image","twitter_misc":{"Scritto da":"AIFUS","Tempo di lettura stimato":"5 minuti"},"schema":{"@context":"https:\/\/schema.org","@graph":[{"@type":"Article","@id":"https:\/\/www.article-marketing.eu\/comunicatistampa\/webinar-fattore-umano-sostenibilita-e-benessere-psicosociale\/#article","isPartOf":{"@id":"https:\/\/www.article-marketing.eu\/comunicatistampa\/webinar-fattore-umano-sostenibilita-e-benessere-psicosociale\/"},"author":{"name":"AIFUS","@id":"https:\/\/www.article-marketing.eu\/comunicatistampa\/#\/schema\/person\/d1985c4955ff71a05f49d68e3034b3cd"},"headline":"Webinar: fattore umano, sostenibilit\u00e0 e benessere psicosociale","datePublished":"2022-02-11T00:28:01+00:00","mainEntityOfPage":{"@id":"https:\/\/www.article-marketing.eu\/comunicatistampa\/webinar-fattore-umano-sostenibilita-e-benessere-psicosociale\/"},"wordCount":926,"commentCount":0,"keywords":["Aifos","Benessere psicosociale e sostenibilit\u00e0. Il \u00abfattore umano\u00bb al centro dell\u2019organizzazione aziendale","Biblioteca Tesi Sicurezza","Biblioteca virtuale","Brescia","fattore umano","Fondazione AiFOS","Premio tesi di laurea 2021","Premio tesi di laurea nell\u2019ambito della salute e sicurezza sul lavoro e sostenibilit\u00e0","sostenibilit\u00e0 e benessere psicosociale","Sostenibilit\u00e0 in ambito lavorativo","sviluppo sostenibile","webinar"],"articleSection":["Comunicati stampa"],"inLanguage":"it-IT","potentialAction":[{"@type":"CommentAction","name":"Comment","target":["https:\/\/www.article-marketing.eu\/comunicatistampa\/webinar-fattore-umano-sostenibilita-e-benessere-psicosociale\/#respond"]}]},{"@type":"WebPage","@id":"https:\/\/www.article-marketing.eu\/comunicatistampa\/webinar-fattore-umano-sostenibilita-e-benessere-psicosociale\/","url":"https:\/\/www.article-marketing.eu\/comunicatistampa\/webinar-fattore-umano-sostenibilita-e-benessere-psicosociale\/","name":"Webinar: fattore umano, sostenibilit\u00e0 e benessere psicosociale","isPartOf":{"@id":"https:\/\/www.article-marketing.eu\/comunicatistampa\/#website"},"datePublished":"2022-02-11T00:28:01+00:00","author":{"@id":"https:\/\/www.article-marketing.eu\/comunicatistampa\/#\/schema\/person\/d1985c4955ff71a05f49d68e3034b3cd"},"breadcrumb":{"@id":"https:\/\/www.article-marketing.eu\/comunicatistampa\/webinar-fattore-umano-sostenibilita-e-benessere-psicosociale\/#breadcrumb"},"inLanguage":"it-IT","potentialAction":[{"@type":"ReadAction","target":["https:\/\/www.article-marketing.eu\/comunicatistampa\/webinar-fattore-umano-sostenibilita-e-benessere-psicosociale\/"]}]},{"@type":"BreadcrumbList","@id":"https:\/\/www.article-marketing.eu\/comunicatistampa\/webinar-fattore-umano-sostenibilita-e-benessere-psicosociale\/#breadcrumb","itemListElement":[{"@type":"ListItem","position":1,"name":"Home","item":"https:\/\/www.article-marketing.eu\/comunicatistampa\/"},{"@type":"ListItem","position":2,"name":"Webinar: fattore umano, sostenibilit\u00e0 e benessere psicosociale"}]},{"@type":"WebSite","@id":"https:\/\/www.article-marketing.eu\/comunicatistampa\/#website","url":"https:\/\/www.article-marketing.eu\/comunicatistampa\/","name":"Article Marketing","description":"article marketing &amp; press release","potentialAction":[{"@type":"SearchAction","target":{"@type":"EntryPoint","urlTemplate":"https:\/\/www.article-marketing.eu\/comunicatistampa\/?s={search_term_string}"},"query-input":{"@type":"PropertyValueSpecification","valueRequired":true,"valueName":"search_term_string"}}],"inLanguage":"it-IT"},{"@type":"Person","@id":"https:\/\/www.article-marketing.eu\/comunicatistampa\/#\/schema\/person\/d1985c4955ff71a05f49d68e3034b3cd","name":"AIFUS","image":{"@type":"ImageObject","inLanguage":"it-IT","@id":"https:\/\/secure.gravatar.com\/avatar\/05cf2a2ba057667571308b94c84f00ff48766ffac95710a87491a9b3ddcee484?s=96&d=mm&r=g","url":"https:\/\/secure.gravatar.com\/avatar\/05cf2a2ba057667571308b94c84f00ff48766ffac95710a87491a9b3ddcee484?s=96&d=mm&r=g","contentUrl":"https:\/\/secure.gravatar.com\/avatar\/05cf2a2ba057667571308b94c84f00ff48766ffac95710a87491a9b3ddcee484?s=96&d=mm&r=g","caption":"AIFUS"},"url":"https:\/\/www.article-marketing.eu\/comunicatistampa\/author\/aifus\/"}]}},"_links":{"self":[{"href":"https:\/\/www.article-marketing.eu\/comunicatistampa\/wp-json\/wp\/v2\/posts\/21888","targetHints":{"allow":["GET"]}}],"collection":[{"href":"https:\/\/www.article-marketing.eu\/comunicatistampa\/wp-json\/wp\/v2\/posts"}],"about":[{"href":"https:\/\/www.article-marketing.eu\/comunicatistampa\/wp-json\/wp\/v2\/types\/post"}],"author":[{"embeddable":true,"href":"https:\/\/www.article-marketing.eu\/comunicatistampa\/wp-json\/wp\/v2\/users\/881"}],"replies":[{"embeddable":true,"href":"https:\/\/www.article-marketing.eu\/comunicatistampa\/wp-json\/wp\/v2\/comments?post=21888"}],"version-history":[{"count":3,"href":"https:\/\/www.article-marketing.eu\/comunicatistampa\/wp-json\/wp\/v2\/posts\/21888\/revisions"}],"predecessor-version":[{"id":21921,"href":"https:\/\/www.article-marketing.eu\/comunicatistampa\/wp-json\/wp\/v2\/posts\/21888\/revisions\/21921"}],"wp:attachment":[{"href":"https:\/\/www.article-marketing.eu\/comunicatistampa\/wp-json\/wp\/v2\/media?parent=21888"}],"wp:term":[{"taxonomy":"category","embeddable":true,"href":"https:\/\/www.article-marketing.eu\/comunicatistampa\/wp-json\/wp\/v2\/categories?post=21888"},{"taxonomy":"post_tag","embeddable":true,"href":"https:\/\/www.article-marketing.eu\/comunicatistampa\/wp-json\/wp\/v2\/tags?post=21888"}],"curies":[{"name":"wp","href":"https:\/\/api.w.org\/{rel}","templated":true}]}}