{"id":21930,"date":"2022-02-15T03:41:42","date_gmt":"2022-02-15T02:41:42","guid":{"rendered":"https:\/\/www.article-marketing.eu\/comunicatistampa\/?p=21930"},"modified":"2022-02-15T03:41:42","modified_gmt":"2022-02-15T02:41:42","slug":"franco-vercelli-ritorna-alla-guida-di-altea-in","status":"publish","type":"post","link":"https:\/\/www.article-marketing.eu\/comunicatistampa\/franco-vercelli-ritorna-alla-guida-di-altea-in\/","title":{"rendered":"Franco Vercelli ritorna alla guida di Altea IN"},"content":{"rendered":"<p>A partire dal 1 gennaio 2022<strong> Franco Vercelli<\/strong> ha assunto la carica di <strong>Chief Executive Officer di Altea IN<\/strong>, la main company di Altea Federation con focus sulle soluzioni applicative, consulenza e tecnologie\u00a0<strong>Infor<\/strong>\u00a0e\u00a0<strong>TeamSystem<\/strong>. Vercelli, 53 anni, \u00e8 al fianco di <strong>Andrea Ruscica, President e Strategy Lead di Altea Federation<\/strong>, dalla nascita del Gruppo ed \u00e8 stato il primo CEO di Altea IN. Negli anni ha seguito lo sviluppo e la crescita di diverse Business Unit di Altea, oggi aziende indipendenti che compongono il perimetro olonico di Altea Federation.<\/p>\n<p><strong>Altea IN<\/strong>, fondata nel 1993, 250 dipendenti con una crescita di fatturato del 20% nel 2021 rispetto all\u2019anno precedente, \u00e8 un partner strategico per migliorare le performance, innovare e velocizzare i processi interni e sviluppare nuovi modelli di business, guidando le aziende nel percorso di\u00a0<strong>trasformazione digitale<\/strong>\u00a0e <strong>business evolution<\/strong>. Propone soluzioni realizzate su piattaforma <strong>Infor<\/strong> ed \u00e8 uno dei principali partner di <strong>TeamSystem<\/strong> per l\u2019offerta ERP, in particolare in ambito HR e Industy 4.0.<\/p>\n<p>\u201cIl percorso di crescita di Altea IN passa attraverso l\u2019implementazione delle soluzioni <strong>Infor CloudSuite<\/strong> dedicate ad alcuni settori verticali di mercato, quali l\u2019Automotive, il Machinery e il Discrete Manufacturing\u201d, commenta <strong>Franco Vercelli, CEO di Altea IN<\/strong>. \u201cUn approccio che consente una perfetta aderenza funzionale e di processo, garantisce maggiore sicurezza e flessibilit\u00e0 di gestione dei sistemi, oltre a una riduzione dei costi. Rimane strategica la collaborazione con <strong>TeamSystem<\/strong> che si \u00e8 andata rafforzando negli ultimi tre anni e che intendiamo consolidare nel corso del 2022 per soddisfare anche le esigenze delle piccole imprese\u201d.<\/p>\n<p>Franco Vercelli subentra alla guida di Altea IN a <strong>Enza Fumarola<\/strong>, che ha ricoperto il ruolo di CEO della societ\u00e0 negli ultimi due anni. Una sfida che ha guidato con caparbiet\u00e0, portando Altea IN a crescere nel mercato e ricoprire un ruolo sempre pi\u00f9 importante all\u2019interno della galassia Altea Federation. Fumarola rimane all\u2019interno del Gruppo guidato da Andrea Ruscica con il compito di sviluppare il settore Public e delle Utility per la company I-am.<\/p>\n<p>I-am, societ\u00e0 direttamente controllata da Altea IN, si occupa di grandi infrastrutture e tecnologie per il monitoraggio delle strutture e a partire da gennaio 2022 ha, a sua volta, ampliato l\u2019offering a seguito della cessione del ramo di azienda di Altea IN che si occupa di Enterprise Asset Management, divenendo focal point di Altea Federation in questo ambito. Il passaggio avviene a seguito della vendita del business globale di Infor EAM a Hexagon nel 2021.<\/p>\n<p>&nbsp;<\/p>\n<p><strong>About Altea IN<\/strong><\/p>\n<p><strong><em>Altea IN<\/em><\/strong><em> \u00e8 una Societ\u00e0 di Consulenza e System Integration, fra le main company di <strong>Altea Federation<\/strong>. Vanta un\u2019approfondita conoscenza delle piattaforme <strong>Infor<\/strong>, offrendo soluzioni e servizi per supportare le aziende nei loro progetti di crescita e di evoluzione, <strong>trasformazione digitale <\/strong>e <strong>business evolution<\/strong>. Altea IN \u00e8 inoltre uno dei principali partner e System Integrator di <strong>TeamSystem<\/strong> specializzati nell\u2019installazione, configurazione e customizzazione delle soluzioni ERP per le Aziende ed \u00e8 un punto di riferimento soprattutto in ambito HR e Industry 4.0.<\/em><\/p>\n<p><em>Una proposta di <strong>soluzioni all\u2019avanguardia<\/strong> e il corretto mix di tecnologie esponenziali (IoT, Intelligenza Artificiale, Machine Learning, Robotic Process Automation, Cloud Platform) consentono ad <strong>Altea IN<\/strong> di offrire al mercato una suite di applicazioni per ogni area aziendale, per semplificare lo svolgimento dei task e migliorare l\u2019efficienza sui processi (dall\u2019ottimizzazione di produzione e Supply Chain, alla riduzione del Time to Market), assicurando al tempo stesso una <strong>Employee &amp; Customer Experience<\/strong> intuitiva e agile, mobile e in real time, per vivere senza limiti il <strong>nuovo paradigma di lavoro<\/strong>.<\/em><\/p>\n<p><em>\u00a0<\/em><\/p>\n<table>\n<tbody>\n<tr>\n<td width=\"321\"><em>\u00a0<\/em><\/td>\n<td width=\"321\"><strong>&gt;<\/strong> <a href=\"https:\/\/www.alteain.it\/\"><strong>alteain.it<\/strong><\/a><\/td>\n<\/tr>\n<\/tbody>\n<\/table>\n<p>&nbsp;<\/p>\n<p><strong>About Altea Federation<\/strong><\/p>\n<p><em>Da oltre 25 anni Altea Federation collabora con i leader mondiali dell\u2019innovazione tecnologica attraverso un modello di business olonico-virtuale che raccoglie sotto un unico marchio la professionalit\u00e0 e l\u2019alta specializzazione di 20 Aziende: mondi diversi ma complementari che si fortificano a vicenda, mantenendo una forte identit\u00e0 di Gruppo e un approccio inconfondibile alle sfide dettate dai nuovi paradigmi in ambito Consulting, Technology, Digital e Operations. Tra le prime 30 aziende di Software e Servizi IT in Italia (fonte #TOP100 IDC Italia 2020), con circa 1.500 persone focalizzate sui bisogni del cliente, una presenza capillare sul territorio italiano ed estero, Altea Federation \u00e8 Partner di prestigiosi brand del tessuto imprenditoriale nazionale e internazionale.<\/em><\/p>\n<p>&nbsp;<\/p>\n<p><a href=\"http:\/\/www.alteafederation.it\"><strong>alteafederation.it<\/strong><\/a><\/p>\n<p>&nbsp;<\/p>\n<p><strong><em>Connect with us<\/em><\/strong><\/p>\n<p><strong>\u00a0<\/strong><\/p>\n<p><strong>Valentina Bonetto<\/strong>\u00a0<a href=\"mailto:vbonetto@alteanet.it\">vbonetto@alteanet.it<\/a><\/p>\n<p><em>Branding &amp; Communication Master Advisor<\/em><\/p>\n<p>&nbsp;<\/p>\n<p><strong>Elena Meazza<\/strong>\u00a0emeazza@alteanet.it<\/p>\n<p><em>Senior PR Account<\/em><\/p>\n","protected":false},"excerpt":{"rendered":"<p>A partire dal 1 gennaio 2022 Franco Vercelli ha assunto la carica di Chief Executive Officer di Altea IN, la main company di Altea Federation con focus sulle soluzioni applicative, consulenza e tecnologie\u00a0Infor\u00a0e\u00a0TeamSystem. Vercelli, 53 anni, \u00e8 al fianco di Andrea Ruscica, President e Strategy Lead di Altea Federation, dalla nascita del Gruppo ed \u00e8 stato il primo CEO di Altea IN. Negli anni ha seguito lo sviluppo e la<\/p>\n<p><a class=\"continue-reading\" href=\"https:\/\/www.article-marketing.eu\/comunicatistampa\/franco-vercelli-ritorna-alla-guida-di-altea-in\/\">Continue reading&#8230;<\/a><\/p>\n","protected":false},"author":1699,"featured_media":0,"comment_status":"open","ping_status":"open","sticky":false,"template":"","format":"standard","meta":{"_monsterinsights_skip_tracking":false,"_monsterinsights_sitenote_active":false,"_monsterinsights_sitenote_note":"","_monsterinsights_sitenote_category":0,"footnotes":""},"categories":[388,78],"tags":[6358,7461,7339,9220,7462,8338,9217,9219,7460,9218,9221],"class_list":["post-21930","post","type-post","status-publish","format-standard","hentry","category-aziende","category-comunicati-stampa","tag-altea-federation","tag-altea-in","tag-andrea-ruscica","tag-ceo","tag-enza-fumarola","tag-erp","tag-franco-vercelli","tag-i-am","tag-infor","tag-teamsystem","tag-trasformazione-digitale"],"yoast_head":"<!-- This site is optimized with the Yoast SEO plugin v27.3 - https:\/\/yoast.com\/product\/yoast-seo-wordpress\/ -->\n<title>Franco Vercelli ritorna alla guida di Altea IN - Article Marketing<\/title>\n<meta name=\"description\" content=\"L\u2019obiettivo nel nuovo incarico \u00e8 accompagnare la crescita di Altea IN attraverso l\u2019implementazione di soluzioni cloud\" \/>\n<meta name=\"robots\" content=\"index, follow, max-snippet:-1, max-image-preview:large, max-video-preview:-1\" \/>\n<link rel=\"canonical\" href=\"https:\/\/www.article-marketing.eu\/comunicatistampa\/franco-vercelli-ritorna-alla-guida-di-altea-in\/\" \/>\n<meta property=\"og:locale\" content=\"it_IT\" \/>\n<meta property=\"og:type\" content=\"article\" \/>\n<meta property=\"og:title\" content=\"Franco Vercelli ritorna alla guida di Altea IN - Article Marketing\" \/>\n<meta property=\"og:description\" content=\"L\u2019obiettivo nel nuovo incarico \u00e8 accompagnare la crescita di Altea IN attraverso l\u2019implementazione di soluzioni cloud\" \/>\n<meta property=\"og:url\" content=\"https:\/\/www.article-marketing.eu\/comunicatistampa\/franco-vercelli-ritorna-alla-guida-di-altea-in\/\" \/>\n<meta property=\"og:site_name\" content=\"Article Marketing\" \/>\n<meta property=\"article:published_time\" content=\"2022-02-15T02:41:42+00:00\" \/>\n<meta name=\"author\" content=\"Altea Federation\" \/>\n<meta name=\"twitter:card\" content=\"summary_large_image\" \/>\n<meta name=\"twitter:label1\" content=\"Scritto da\" \/>\n\t<meta name=\"twitter:data1\" content=\"Altea Federation\" \/>\n\t<meta name=\"twitter:label2\" content=\"Tempo di lettura stimato\" \/>\n\t<meta name=\"twitter:data2\" content=\"4 minuti\" \/>\n<script type=\"application\/ld+json\" class=\"yoast-schema-graph\">{\"@context\":\"https:\\\/\\\/schema.org\",\"@graph\":[{\"@type\":\"Article\",\"@id\":\"https:\\\/\\\/www.article-marketing.eu\\\/comunicatistampa\\\/franco-vercelli-ritorna-alla-guida-di-altea-in\\\/#article\",\"isPartOf\":{\"@id\":\"https:\\\/\\\/www.article-marketing.eu\\\/comunicatistampa\\\/franco-vercelli-ritorna-alla-guida-di-altea-in\\\/\"},\"author\":{\"name\":\"Altea Federation\",\"@id\":\"https:\\\/\\\/www.article-marketing.eu\\\/comunicatistampa\\\/#\\\/schema\\\/person\\\/d62cbab963ff85c4ad3b7e5fde15e4b4\"},\"headline\":\"Franco Vercelli ritorna alla guida di Altea IN\",\"datePublished\":\"2022-02-15T02:41:42+00:00\",\"mainEntityOfPage\":{\"@id\":\"https:\\\/\\\/www.article-marketing.eu\\\/comunicatistampa\\\/franco-vercelli-ritorna-alla-guida-di-altea-in\\\/\"},\"wordCount\":721,\"commentCount\":0,\"keywords\":[\"altea federation\",\"Altea IN\",\"Andrea Ruscica\",\"CEO\",\"Enza Fumarola\",\"ERP\",\"Franco Vercelli\",\"I-am\",\"Infor\",\"TeamSystem\",\"trasformazione digitale\"],\"articleSection\":[\"Aziende\",\"Comunicati stampa\"],\"inLanguage\":\"it-IT\",\"potentialAction\":[{\"@type\":\"CommentAction\",\"name\":\"Comment\",\"target\":[\"https:\\\/\\\/www.article-marketing.eu\\\/comunicatistampa\\\/franco-vercelli-ritorna-alla-guida-di-altea-in\\\/#respond\"]}]},{\"@type\":\"WebPage\",\"@id\":\"https:\\\/\\\/www.article-marketing.eu\\\/comunicatistampa\\\/franco-vercelli-ritorna-alla-guida-di-altea-in\\\/\",\"url\":\"https:\\\/\\\/www.article-marketing.eu\\\/comunicatistampa\\\/franco-vercelli-ritorna-alla-guida-di-altea-in\\\/\",\"name\":\"Franco Vercelli ritorna alla guida di Altea IN - Article Marketing\",\"isPartOf\":{\"@id\":\"https:\\\/\\\/www.article-marketing.eu\\\/comunicatistampa\\\/#website\"},\"datePublished\":\"2022-02-15T02:41:42+00:00\",\"author\":{\"@id\":\"https:\\\/\\\/www.article-marketing.eu\\\/comunicatistampa\\\/#\\\/schema\\\/person\\\/d62cbab963ff85c4ad3b7e5fde15e4b4\"},\"description\":\"L\u2019obiettivo nel nuovo incarico \u00e8 accompagnare la crescita di Altea IN attraverso l\u2019implementazione di soluzioni cloud\",\"breadcrumb\":{\"@id\":\"https:\\\/\\\/www.article-marketing.eu\\\/comunicatistampa\\\/franco-vercelli-ritorna-alla-guida-di-altea-in\\\/#breadcrumb\"},\"inLanguage\":\"it-IT\",\"potentialAction\":[{\"@type\":\"ReadAction\",\"target\":[\"https:\\\/\\\/www.article-marketing.eu\\\/comunicatistampa\\\/franco-vercelli-ritorna-alla-guida-di-altea-in\\\/\"]}]},{\"@type\":\"BreadcrumbList\",\"@id\":\"https:\\\/\\\/www.article-marketing.eu\\\/comunicatistampa\\\/franco-vercelli-ritorna-alla-guida-di-altea-in\\\/#breadcrumb\",\"itemListElement\":[{\"@type\":\"ListItem\",\"position\":1,\"name\":\"Home\",\"item\":\"https:\\\/\\\/www.article-marketing.eu\\\/comunicatistampa\\\/\"},{\"@type\":\"ListItem\",\"position\":2,\"name\":\"Franco Vercelli ritorna alla guida di Altea IN\"}]},{\"@type\":\"WebSite\",\"@id\":\"https:\\\/\\\/www.article-marketing.eu\\\/comunicatistampa\\\/#website\",\"url\":\"https:\\\/\\\/www.article-marketing.eu\\\/comunicatistampa\\\/\",\"name\":\"Article Marketing\",\"description\":\"article marketing &amp; press release\",\"potentialAction\":[{\"@type\":\"SearchAction\",\"target\":{\"@type\":\"EntryPoint\",\"urlTemplate\":\"https:\\\/\\\/www.article-marketing.eu\\\/comunicatistampa\\\/?s={search_term_string}\"},\"query-input\":{\"@type\":\"PropertyValueSpecification\",\"valueRequired\":true,\"valueName\":\"search_term_string\"}}],\"inLanguage\":\"it-IT\"},{\"@type\":\"Person\",\"@id\":\"https:\\\/\\\/www.article-marketing.eu\\\/comunicatistampa\\\/#\\\/schema\\\/person\\\/d62cbab963ff85c4ad3b7e5fde15e4b4\",\"name\":\"Altea Federation\",\"image\":{\"@type\":\"ImageObject\",\"inLanguage\":\"it-IT\",\"@id\":\"https:\\\/\\\/secure.gravatar.com\\\/avatar\\\/c3d5ad750870c49673b54c68a9fd0a5eaeb9f4de408f07b4899c47d49453cd85?s=96&d=mm&r=g\",\"url\":\"https:\\\/\\\/secure.gravatar.com\\\/avatar\\\/c3d5ad750870c49673b54c68a9fd0a5eaeb9f4de408f07b4899c47d49453cd85?s=96&d=mm&r=g\",\"contentUrl\":\"https:\\\/\\\/secure.gravatar.com\\\/avatar\\\/c3d5ad750870c49673b54c68a9fd0a5eaeb9f4de408f07b4899c47d49453cd85?s=96&d=mm&r=g\",\"caption\":\"Altea Federation\"},\"url\":\"https:\\\/\\\/www.article-marketing.eu\\\/comunicatistampa\\\/author\\\/altea-federation\\\/\"}]}<\/script>\n<!-- \/ Yoast SEO plugin. -->","yoast_head_json":{"title":"Franco Vercelli ritorna alla guida di Altea IN - Article Marketing","description":"L\u2019obiettivo nel nuovo incarico \u00e8 accompagnare la crescita di Altea IN attraverso l\u2019implementazione di soluzioni cloud","robots":{"index":"index","follow":"follow","max-snippet":"max-snippet:-1","max-image-preview":"max-image-preview:large","max-video-preview":"max-video-preview:-1"},"canonical":"https:\/\/www.article-marketing.eu\/comunicatistampa\/franco-vercelli-ritorna-alla-guida-di-altea-in\/","og_locale":"it_IT","og_type":"article","og_title":"Franco Vercelli ritorna alla guida di Altea IN - Article Marketing","og_description":"L\u2019obiettivo nel nuovo incarico \u00e8 accompagnare la crescita di Altea IN attraverso l\u2019implementazione di soluzioni cloud","og_url":"https:\/\/www.article-marketing.eu\/comunicatistampa\/franco-vercelli-ritorna-alla-guida-di-altea-in\/","og_site_name":"Article Marketing","article_published_time":"2022-02-15T02:41:42+00:00","author":"Altea Federation","twitter_card":"summary_large_image","twitter_misc":{"Scritto da":"Altea Federation","Tempo di lettura stimato":"4 minuti"},"schema":{"@context":"https:\/\/schema.org","@graph":[{"@type":"Article","@id":"https:\/\/www.article-marketing.eu\/comunicatistampa\/franco-vercelli-ritorna-alla-guida-di-altea-in\/#article","isPartOf":{"@id":"https:\/\/www.article-marketing.eu\/comunicatistampa\/franco-vercelli-ritorna-alla-guida-di-altea-in\/"},"author":{"name":"Altea Federation","@id":"https:\/\/www.article-marketing.eu\/comunicatistampa\/#\/schema\/person\/d62cbab963ff85c4ad3b7e5fde15e4b4"},"headline":"Franco Vercelli ritorna alla guida di Altea IN","datePublished":"2022-02-15T02:41:42+00:00","mainEntityOfPage":{"@id":"https:\/\/www.article-marketing.eu\/comunicatistampa\/franco-vercelli-ritorna-alla-guida-di-altea-in\/"},"wordCount":721,"commentCount":0,"keywords":["altea federation","Altea IN","Andrea Ruscica","CEO","Enza Fumarola","ERP","Franco Vercelli","I-am","Infor","TeamSystem","trasformazione digitale"],"articleSection":["Aziende","Comunicati stampa"],"inLanguage":"it-IT","potentialAction":[{"@type":"CommentAction","name":"Comment","target":["https:\/\/www.article-marketing.eu\/comunicatistampa\/franco-vercelli-ritorna-alla-guida-di-altea-in\/#respond"]}]},{"@type":"WebPage","@id":"https:\/\/www.article-marketing.eu\/comunicatistampa\/franco-vercelli-ritorna-alla-guida-di-altea-in\/","url":"https:\/\/www.article-marketing.eu\/comunicatistampa\/franco-vercelli-ritorna-alla-guida-di-altea-in\/","name":"Franco Vercelli ritorna alla guida di Altea IN - Article Marketing","isPartOf":{"@id":"https:\/\/www.article-marketing.eu\/comunicatistampa\/#website"},"datePublished":"2022-02-15T02:41:42+00:00","author":{"@id":"https:\/\/www.article-marketing.eu\/comunicatistampa\/#\/schema\/person\/d62cbab963ff85c4ad3b7e5fde15e4b4"},"description":"L\u2019obiettivo nel nuovo incarico \u00e8 accompagnare la crescita di Altea IN attraverso l\u2019implementazione di soluzioni cloud","breadcrumb":{"@id":"https:\/\/www.article-marketing.eu\/comunicatistampa\/franco-vercelli-ritorna-alla-guida-di-altea-in\/#breadcrumb"},"inLanguage":"it-IT","potentialAction":[{"@type":"ReadAction","target":["https:\/\/www.article-marketing.eu\/comunicatistampa\/franco-vercelli-ritorna-alla-guida-di-altea-in\/"]}]},{"@type":"BreadcrumbList","@id":"https:\/\/www.article-marketing.eu\/comunicatistampa\/franco-vercelli-ritorna-alla-guida-di-altea-in\/#breadcrumb","itemListElement":[{"@type":"ListItem","position":1,"name":"Home","item":"https:\/\/www.article-marketing.eu\/comunicatistampa\/"},{"@type":"ListItem","position":2,"name":"Franco Vercelli ritorna alla guida di Altea IN"}]},{"@type":"WebSite","@id":"https:\/\/www.article-marketing.eu\/comunicatistampa\/#website","url":"https:\/\/www.article-marketing.eu\/comunicatistampa\/","name":"Article Marketing","description":"article marketing &amp; press release","potentialAction":[{"@type":"SearchAction","target":{"@type":"EntryPoint","urlTemplate":"https:\/\/www.article-marketing.eu\/comunicatistampa\/?s={search_term_string}"},"query-input":{"@type":"PropertyValueSpecification","valueRequired":true,"valueName":"search_term_string"}}],"inLanguage":"it-IT"},{"@type":"Person","@id":"https:\/\/www.article-marketing.eu\/comunicatistampa\/#\/schema\/person\/d62cbab963ff85c4ad3b7e5fde15e4b4","name":"Altea Federation","image":{"@type":"ImageObject","inLanguage":"it-IT","@id":"https:\/\/secure.gravatar.com\/avatar\/c3d5ad750870c49673b54c68a9fd0a5eaeb9f4de408f07b4899c47d49453cd85?s=96&d=mm&r=g","url":"https:\/\/secure.gravatar.com\/avatar\/c3d5ad750870c49673b54c68a9fd0a5eaeb9f4de408f07b4899c47d49453cd85?s=96&d=mm&r=g","contentUrl":"https:\/\/secure.gravatar.com\/avatar\/c3d5ad750870c49673b54c68a9fd0a5eaeb9f4de408f07b4899c47d49453cd85?s=96&d=mm&r=g","caption":"Altea Federation"},"url":"https:\/\/www.article-marketing.eu\/comunicatistampa\/author\/altea-federation\/"}]}},"_links":{"self":[{"href":"https:\/\/www.article-marketing.eu\/comunicatistampa\/wp-json\/wp\/v2\/posts\/21930","targetHints":{"allow":["GET"]}}],"collection":[{"href":"https:\/\/www.article-marketing.eu\/comunicatistampa\/wp-json\/wp\/v2\/posts"}],"about":[{"href":"https:\/\/www.article-marketing.eu\/comunicatistampa\/wp-json\/wp\/v2\/types\/post"}],"author":[{"embeddable":true,"href":"https:\/\/www.article-marketing.eu\/comunicatistampa\/wp-json\/wp\/v2\/users\/1699"}],"replies":[{"embeddable":true,"href":"https:\/\/www.article-marketing.eu\/comunicatistampa\/wp-json\/wp\/v2\/comments?post=21930"}],"version-history":[{"count":2,"href":"https:\/\/www.article-marketing.eu\/comunicatistampa\/wp-json\/wp\/v2\/posts\/21930\/revisions"}],"predecessor-version":[{"id":21951,"href":"https:\/\/www.article-marketing.eu\/comunicatistampa\/wp-json\/wp\/v2\/posts\/21930\/revisions\/21951"}],"wp:attachment":[{"href":"https:\/\/www.article-marketing.eu\/comunicatistampa\/wp-json\/wp\/v2\/media?parent=21930"}],"wp:term":[{"taxonomy":"category","embeddable":true,"href":"https:\/\/www.article-marketing.eu\/comunicatistampa\/wp-json\/wp\/v2\/categories?post=21930"},{"taxonomy":"post_tag","embeddable":true,"href":"https:\/\/www.article-marketing.eu\/comunicatistampa\/wp-json\/wp\/v2\/tags?post=21930"}],"curies":[{"name":"wp","href":"https:\/\/api.w.org\/{rel}","templated":true}]}}