{"id":21940,"date":"2022-02-15T03:44:39","date_gmt":"2022-02-15T02:44:39","guid":{"rendered":"https:\/\/www.article-marketing.eu\/comunicatistampa\/?p=21940"},"modified":"2022-02-15T03:44:39","modified_gmt":"2022-02-15T02:44:39","slug":"e-nata-la-svolta-il-nuovo-progetto-editoriale-di-pietro-colucci-che-parlera-di-ambiente-diritti-e-futuro","status":"publish","type":"post","link":"https:\/\/www.article-marketing.eu\/comunicatistampa\/e-nata-la-svolta-il-nuovo-progetto-editoriale-di-pietro-colucci-che-parlera-di-ambiente-diritti-e-futuro\/","title":{"rendered":"\u00c8 nata \u201cLa Svolta\u201d, il nuovo progetto editoriale di Pietro Colucci che parler\u00e0 di ambiente, diritti e futuro"},"content":{"rendered":"<p><em><strong>L&#8217;iniziativa editoriale targata <a title=\"Pietro Colucci: il nuovo progetto\" href=\"https:\/\/www.engage.it\/media-industry\/nasce-la-testata-giornalistica-la-svolta-progetto-editoriale-dell-imprenditore-pietro-colucci.aspx\">Pietro Colucci<\/a> vuole raccontare il presente con una chiave di lettura diversa, dando ampio spazio ai giovani e a temi quali transizione ecologica, innovazione, diritti e futuro sostenibile.<\/strong><\/em><\/p>\n<p><img loading=\"lazy\" decoding=\"async\" class=\"alignnone\" src=\"https:\/\/www.executivemanager.it\/images\/comprofiler\/0_52ef8372c529c.jpg\" alt=\"Pietro Colucci\" width=\"120\" height=\"335\" \/><\/p>\n<h2>&#8220;La Svolta&#8221; di Pietro Colucci: un quotidiano con lo sguardo rivolto alle nuove generazioni<\/h2>\n<p><em>&#8220;Il giornale dove le scelte prendono una direzione&#8221;<\/em>: \u00e8 il messaggio apparso negli ultimi giorni su alcuni tram in giro per Milano. Si presenta cos\u00ec &#8220;La Svolta&#8221;, il nuovo progetto editoriale lanciato dall&#8217;imprenditore <strong>Pietro Colucci<\/strong> e diretto da Cristina Sivieri Tagliabue con la collaborazione di Roberto Coizet (Edizioni Ambiente). Quotidiano di informazione online, settimanale di approfondimento cartaceo, community social: un&#8217;iniziativa cross-mediale che nasce per accendere i riflettori su ambiente, diritti e futuro. Particolare attenzione viene data alle nuove generazioni, protagoniste dei profondi mutamenti sociali ed economici della nostra epoca. &#8220;La Svolta&#8221; opera quindi seguendo un principio ben definito: senza il coinvolgimento dei giovani, promuovere il cambiamento \u00e8 impossibile. Per questo motivo il progetto promosso da <strong>Pietro Colucci<\/strong> intende creare un dialogo sempre aperto con il pubblico: <em>&#8220;Noi pensiamo che un quotidiano, oggi, si debba confrontare umilmente e alla pari con i lettori e le lettrici<\/em> &#8211; si legge nel primo editoriale pubblicato dalla Direttrice Sivieri Tagliabue &#8211; <em>che spesso sono pi\u00f9 preparati di noi giornalisti in alcuni specifici ambiti, che hanno viaggiato pi\u00f9 di noi giornalisti e che prendono ogni giorno decisioni ben pi\u00f9 importanti di quelle che ci assumiamo&#8221;<\/em>.<\/p>\n<h2>Pietro Colucci: &#8220;Transizione? Un cambiamento possibile solo con la giusta informazione&#8221;<\/h2>\n<p>La casa editrice del quotidiano (La Svolta S.r.l. Societ\u00e0 Benefit) \u00e8 controllata da Sostenya Group, la holding fondata da <strong>Pietro Colucci<\/strong> oggi leader nel settore della sostenibilit\u00e0 ambientale e della clean technology. Non a caso &#8220;La Svolta&#8221; \u00e8 la prima testata italiana Carbon Neutral: gi\u00e0 dal primo anno di attivit\u00e0, oltre all&#8217;utilizzo di materia prima rigenerata, vedranno la luce diversi progetti di piantumazione che andranno a compensare le emissioni di CO2 generate dall&#8217;attivit\u00e0 editoriale. In occasione del lancio, <strong>Pietro Colucci<\/strong> ha dichiarato: <em>&#8220;Abbiamo condiviso e sostenuto, assieme a Cristina Tagliabue e Roberto Coizet, la nuova iniziativa de La Svolta per continuare a sensibilizzare l&#8217;opinione pubblica, la politica ed il mondo delle Imprese sull&#8217;importanza di uno sviluppo che sappia coniugare crescita economica e sostenibilit\u00e0 ambientale, in un quadro di tutela dei diritti e di futuro industriale ispirato all&#8217; innovazione tecnologica&#8221;<\/em>.<\/p>\n","protected":false},"excerpt":{"rendered":"<p>L&#8217;iniziativa editoriale targata Pietro Colucci vuole raccontare il presente con una chiave di lettura diversa, dando ampio spazio ai giovani e a temi quali transizione ecologica, innovazione, diritti e futuro sostenibile. &#8220;La Svolta&#8221; di Pietro Colucci: un quotidiano con lo sguardo rivolto alle nuove generazioni &#8220;Il giornale dove le scelte prendono una direzione&#8221;: \u00e8 il messaggio apparso negli ultimi giorni su alcuni tram in giro per Milano. Si presenta cos\u00ec<\/p>\n<p><a class=\"continue-reading\" href=\"https:\/\/www.article-marketing.eu\/comunicatistampa\/e-nata-la-svolta-il-nuovo-progetto-editoriale-di-pietro-colucci-che-parlera-di-ambiente-diritti-e-futuro\/\">Continue reading&#8230;<\/a><\/p>\n","protected":false},"author":6477,"featured_media":0,"comment_status":"open","ping_status":"open","sticky":false,"template":"","format":"standard","meta":{"_monsterinsights_skip_tracking":false,"_monsterinsights_sitenote_active":false,"_monsterinsights_sitenote_note":"","_monsterinsights_sitenote_category":0,"footnotes":""},"categories":[362],"tags":[9229],"class_list":["post-21940","post","type-post","status-publish","format-standard","hentry","category-societa","tag-pietro-colucci"],"yoast_head":"<!-- This site is optimized with the Yoast SEO plugin v27.3 - https:\/\/yoast.com\/product\/yoast-seo-wordpress\/ -->\n<title>\u00c8 nata \u201cLa Svolta\u201d, il nuovo progetto editoriale di Pietro Colucci che parler\u00e0 di ambiente, diritti e futuro<\/title>\n<meta name=\"robots\" content=\"index, follow, max-snippet:-1, max-image-preview:large, max-video-preview:-1\" \/>\n<link rel=\"canonical\" href=\"https:\/\/www.article-marketing.eu\/comunicatistampa\/e-nata-la-svolta-il-nuovo-progetto-editoriale-di-pietro-colucci-che-parlera-di-ambiente-diritti-e-futuro\/\" \/>\n<meta property=\"og:locale\" content=\"it_IT\" \/>\n<meta property=\"og:type\" content=\"article\" \/>\n<meta property=\"og:title\" content=\"\u00c8 nata \u201cLa Svolta\u201d, il nuovo progetto editoriale di Pietro Colucci che parler\u00e0 di ambiente, diritti e futuro\" \/>\n<meta property=\"og:description\" content=\"L&#8217;iniziativa editoriale targata Pietro Colucci vuole raccontare il presente con una chiave di lettura diversa, dando ampio spazio ai giovani e a temi quali transizione ecologica, innovazione, diritti e futuro sostenibile. &#8220;La Svolta&#8221; di Pietro Colucci: un quotidiano con lo sguardo rivolto alle nuove generazioni &#8220;Il giornale dove le scelte prendono una direzione&#8221;: \u00e8 il messaggio apparso negli ultimi giorni su alcuni tram in giro per Milano. Si presenta cos\u00ecContinue reading...\" \/>\n<meta property=\"og:url\" content=\"https:\/\/www.article-marketing.eu\/comunicatistampa\/e-nata-la-svolta-il-nuovo-progetto-editoriale-di-pietro-colucci-che-parlera-di-ambiente-diritti-e-futuro\/\" \/>\n<meta property=\"og:site_name\" content=\"Article Marketing\" \/>\n<meta property=\"article:published_time\" content=\"2022-02-15T02:44:39+00:00\" \/>\n<meta property=\"og:image\" content=\"https:\/\/www.executivemanager.it\/images\/comprofiler\/0_52ef8372c529c.jpg\" \/>\n<meta name=\"author\" content=\"articolinews\" \/>\n<meta name=\"twitter:card\" content=\"summary_large_image\" \/>\n<meta name=\"twitter:label1\" content=\"Scritto da\" \/>\n\t<meta name=\"twitter:data1\" content=\"articolinews\" \/>\n\t<meta name=\"twitter:label2\" content=\"Tempo di lettura stimato\" \/>\n\t<meta name=\"twitter:data2\" content=\"3 minuti\" \/>\n<script type=\"application\/ld+json\" class=\"yoast-schema-graph\">{\"@context\":\"https:\\\/\\\/schema.org\",\"@graph\":[{\"@type\":\"Article\",\"@id\":\"https:\\\/\\\/www.article-marketing.eu\\\/comunicatistampa\\\/e-nata-la-svolta-il-nuovo-progetto-editoriale-di-pietro-colucci-che-parlera-di-ambiente-diritti-e-futuro\\\/#article\",\"isPartOf\":{\"@id\":\"https:\\\/\\\/www.article-marketing.eu\\\/comunicatistampa\\\/e-nata-la-svolta-il-nuovo-progetto-editoriale-di-pietro-colucci-che-parlera-di-ambiente-diritti-e-futuro\\\/\"},\"author\":{\"name\":\"articolinews\",\"@id\":\"https:\\\/\\\/www.article-marketing.eu\\\/comunicatistampa\\\/#\\\/schema\\\/person\\\/2fcaf8f8f3a9eef9eb7f27532d3ca458\"},\"headline\":\"\u00c8 nata \u201cLa Svolta\u201d, il nuovo progetto editoriale di Pietro Colucci che parler\u00e0 di ambiente, diritti e futuro\",\"datePublished\":\"2022-02-15T02:44:39+00:00\",\"mainEntityOfPage\":{\"@id\":\"https:\\\/\\\/www.article-marketing.eu\\\/comunicatistampa\\\/e-nata-la-svolta-il-nuovo-progetto-editoriale-di-pietro-colucci-che-parlera-di-ambiente-diritti-e-futuro\\\/\"},\"wordCount\":400,\"commentCount\":0,\"image\":{\"@id\":\"https:\\\/\\\/www.article-marketing.eu\\\/comunicatistampa\\\/e-nata-la-svolta-il-nuovo-progetto-editoriale-di-pietro-colucci-che-parlera-di-ambiente-diritti-e-futuro\\\/#primaryimage\"},\"thumbnailUrl\":\"https:\\\/\\\/www.executivemanager.it\\\/images\\\/comprofiler\\\/0_52ef8372c529c.jpg\",\"keywords\":[\"Pietro Colucci\"],\"articleSection\":[\"Societ\u00e0\"],\"inLanguage\":\"it-IT\",\"potentialAction\":[{\"@type\":\"CommentAction\",\"name\":\"Comment\",\"target\":[\"https:\\\/\\\/www.article-marketing.eu\\\/comunicatistampa\\\/e-nata-la-svolta-il-nuovo-progetto-editoriale-di-pietro-colucci-che-parlera-di-ambiente-diritti-e-futuro\\\/#respond\"]}]},{\"@type\":\"WebPage\",\"@id\":\"https:\\\/\\\/www.article-marketing.eu\\\/comunicatistampa\\\/e-nata-la-svolta-il-nuovo-progetto-editoriale-di-pietro-colucci-che-parlera-di-ambiente-diritti-e-futuro\\\/\",\"url\":\"https:\\\/\\\/www.article-marketing.eu\\\/comunicatistampa\\\/e-nata-la-svolta-il-nuovo-progetto-editoriale-di-pietro-colucci-che-parlera-di-ambiente-diritti-e-futuro\\\/\",\"name\":\"\u00c8 nata \u201cLa Svolta\u201d, il nuovo progetto editoriale di Pietro Colucci che parler\u00e0 di ambiente, diritti e futuro\",\"isPartOf\":{\"@id\":\"https:\\\/\\\/www.article-marketing.eu\\\/comunicatistampa\\\/#website\"},\"primaryImageOfPage\":{\"@id\":\"https:\\\/\\\/www.article-marketing.eu\\\/comunicatistampa\\\/e-nata-la-svolta-il-nuovo-progetto-editoriale-di-pietro-colucci-che-parlera-di-ambiente-diritti-e-futuro\\\/#primaryimage\"},\"image\":{\"@id\":\"https:\\\/\\\/www.article-marketing.eu\\\/comunicatistampa\\\/e-nata-la-svolta-il-nuovo-progetto-editoriale-di-pietro-colucci-che-parlera-di-ambiente-diritti-e-futuro\\\/#primaryimage\"},\"thumbnailUrl\":\"https:\\\/\\\/www.executivemanager.it\\\/images\\\/comprofiler\\\/0_52ef8372c529c.jpg\",\"datePublished\":\"2022-02-15T02:44:39+00:00\",\"author\":{\"@id\":\"https:\\\/\\\/www.article-marketing.eu\\\/comunicatistampa\\\/#\\\/schema\\\/person\\\/2fcaf8f8f3a9eef9eb7f27532d3ca458\"},\"breadcrumb\":{\"@id\":\"https:\\\/\\\/www.article-marketing.eu\\\/comunicatistampa\\\/e-nata-la-svolta-il-nuovo-progetto-editoriale-di-pietro-colucci-che-parlera-di-ambiente-diritti-e-futuro\\\/#breadcrumb\"},\"inLanguage\":\"it-IT\",\"potentialAction\":[{\"@type\":\"ReadAction\",\"target\":[\"https:\\\/\\\/www.article-marketing.eu\\\/comunicatistampa\\\/e-nata-la-svolta-il-nuovo-progetto-editoriale-di-pietro-colucci-che-parlera-di-ambiente-diritti-e-futuro\\\/\"]}]},{\"@type\":\"ImageObject\",\"inLanguage\":\"it-IT\",\"@id\":\"https:\\\/\\\/www.article-marketing.eu\\\/comunicatistampa\\\/e-nata-la-svolta-il-nuovo-progetto-editoriale-di-pietro-colucci-che-parlera-di-ambiente-diritti-e-futuro\\\/#primaryimage\",\"url\":\"https:\\\/\\\/www.executivemanager.it\\\/images\\\/comprofiler\\\/0_52ef8372c529c.jpg\",\"contentUrl\":\"https:\\\/\\\/www.executivemanager.it\\\/images\\\/comprofiler\\\/0_52ef8372c529c.jpg\"},{\"@type\":\"BreadcrumbList\",\"@id\":\"https:\\\/\\\/www.article-marketing.eu\\\/comunicatistampa\\\/e-nata-la-svolta-il-nuovo-progetto-editoriale-di-pietro-colucci-che-parlera-di-ambiente-diritti-e-futuro\\\/#breadcrumb\",\"itemListElement\":[{\"@type\":\"ListItem\",\"position\":1,\"name\":\"Home\",\"item\":\"https:\\\/\\\/www.article-marketing.eu\\\/comunicatistampa\\\/\"},{\"@type\":\"ListItem\",\"position\":2,\"name\":\"\u00c8 nata \u201cLa Svolta\u201d, il nuovo progetto editoriale di Pietro Colucci che parler\u00e0 di ambiente, diritti e futuro\"}]},{\"@type\":\"WebSite\",\"@id\":\"https:\\\/\\\/www.article-marketing.eu\\\/comunicatistampa\\\/#website\",\"url\":\"https:\\\/\\\/www.article-marketing.eu\\\/comunicatistampa\\\/\",\"name\":\"Article Marketing\",\"description\":\"article marketing &amp; press release\",\"potentialAction\":[{\"@type\":\"SearchAction\",\"target\":{\"@type\":\"EntryPoint\",\"urlTemplate\":\"https:\\\/\\\/www.article-marketing.eu\\\/comunicatistampa\\\/?s={search_term_string}\"},\"query-input\":{\"@type\":\"PropertyValueSpecification\",\"valueRequired\":true,\"valueName\":\"search_term_string\"}}],\"inLanguage\":\"it-IT\"},{\"@type\":\"Person\",\"@id\":\"https:\\\/\\\/www.article-marketing.eu\\\/comunicatistampa\\\/#\\\/schema\\\/person\\\/2fcaf8f8f3a9eef9eb7f27532d3ca458\",\"name\":\"articolinews\",\"image\":{\"@type\":\"ImageObject\",\"inLanguage\":\"it-IT\",\"@id\":\"https:\\\/\\\/secure.gravatar.com\\\/avatar\\\/9e2a264bab04e17dea24d937c9956304649a848cb73c46747a692ff1bdeb1cb7?s=96&d=mm&r=g\",\"url\":\"https:\\\/\\\/secure.gravatar.com\\\/avatar\\\/9e2a264bab04e17dea24d937c9956304649a848cb73c46747a692ff1bdeb1cb7?s=96&d=mm&r=g\",\"contentUrl\":\"https:\\\/\\\/secure.gravatar.com\\\/avatar\\\/9e2a264bab04e17dea24d937c9956304649a848cb73c46747a692ff1bdeb1cb7?s=96&d=mm&r=g\",\"caption\":\"articolinews\"},\"url\":\"https:\\\/\\\/www.article-marketing.eu\\\/comunicatistampa\\\/author\\\/articolinews\\\/\"}]}<\/script>\n<!-- \/ Yoast SEO plugin. -->","yoast_head_json":{"title":"\u00c8 nata \u201cLa Svolta\u201d, il nuovo progetto editoriale di Pietro Colucci che parler\u00e0 di ambiente, diritti e futuro","robots":{"index":"index","follow":"follow","max-snippet":"max-snippet:-1","max-image-preview":"max-image-preview:large","max-video-preview":"max-video-preview:-1"},"canonical":"https:\/\/www.article-marketing.eu\/comunicatistampa\/e-nata-la-svolta-il-nuovo-progetto-editoriale-di-pietro-colucci-che-parlera-di-ambiente-diritti-e-futuro\/","og_locale":"it_IT","og_type":"article","og_title":"\u00c8 nata \u201cLa Svolta\u201d, il nuovo progetto editoriale di Pietro Colucci che parler\u00e0 di ambiente, diritti e futuro","og_description":"L&#8217;iniziativa editoriale targata Pietro Colucci vuole raccontare il presente con una chiave di lettura diversa, dando ampio spazio ai giovani e a temi quali transizione ecologica, innovazione, diritti e futuro sostenibile. &#8220;La Svolta&#8221; di Pietro Colucci: un quotidiano con lo sguardo rivolto alle nuove generazioni &#8220;Il giornale dove le scelte prendono una direzione&#8221;: \u00e8 il messaggio apparso negli ultimi giorni su alcuni tram in giro per Milano. Si presenta cos\u00ecContinue reading...","og_url":"https:\/\/www.article-marketing.eu\/comunicatistampa\/e-nata-la-svolta-il-nuovo-progetto-editoriale-di-pietro-colucci-che-parlera-di-ambiente-diritti-e-futuro\/","og_site_name":"Article Marketing","article_published_time":"2022-02-15T02:44:39+00:00","og_image":[{"url":"https:\/\/www.executivemanager.it\/images\/comprofiler\/0_52ef8372c529c.jpg","type":"","width":"","height":""}],"author":"articolinews","twitter_card":"summary_large_image","twitter_misc":{"Scritto da":"articolinews","Tempo di lettura stimato":"3 minuti"},"schema":{"@context":"https:\/\/schema.org","@graph":[{"@type":"Article","@id":"https:\/\/www.article-marketing.eu\/comunicatistampa\/e-nata-la-svolta-il-nuovo-progetto-editoriale-di-pietro-colucci-che-parlera-di-ambiente-diritti-e-futuro\/#article","isPartOf":{"@id":"https:\/\/www.article-marketing.eu\/comunicatistampa\/e-nata-la-svolta-il-nuovo-progetto-editoriale-di-pietro-colucci-che-parlera-di-ambiente-diritti-e-futuro\/"},"author":{"name":"articolinews","@id":"https:\/\/www.article-marketing.eu\/comunicatistampa\/#\/schema\/person\/2fcaf8f8f3a9eef9eb7f27532d3ca458"},"headline":"\u00c8 nata \u201cLa Svolta\u201d, il nuovo progetto editoriale di Pietro Colucci che parler\u00e0 di ambiente, diritti e futuro","datePublished":"2022-02-15T02:44:39+00:00","mainEntityOfPage":{"@id":"https:\/\/www.article-marketing.eu\/comunicatistampa\/e-nata-la-svolta-il-nuovo-progetto-editoriale-di-pietro-colucci-che-parlera-di-ambiente-diritti-e-futuro\/"},"wordCount":400,"commentCount":0,"image":{"@id":"https:\/\/www.article-marketing.eu\/comunicatistampa\/e-nata-la-svolta-il-nuovo-progetto-editoriale-di-pietro-colucci-che-parlera-di-ambiente-diritti-e-futuro\/#primaryimage"},"thumbnailUrl":"https:\/\/www.executivemanager.it\/images\/comprofiler\/0_52ef8372c529c.jpg","keywords":["Pietro Colucci"],"articleSection":["Societ\u00e0"],"inLanguage":"it-IT","potentialAction":[{"@type":"CommentAction","name":"Comment","target":["https:\/\/www.article-marketing.eu\/comunicatistampa\/e-nata-la-svolta-il-nuovo-progetto-editoriale-di-pietro-colucci-che-parlera-di-ambiente-diritti-e-futuro\/#respond"]}]},{"@type":"WebPage","@id":"https:\/\/www.article-marketing.eu\/comunicatistampa\/e-nata-la-svolta-il-nuovo-progetto-editoriale-di-pietro-colucci-che-parlera-di-ambiente-diritti-e-futuro\/","url":"https:\/\/www.article-marketing.eu\/comunicatistampa\/e-nata-la-svolta-il-nuovo-progetto-editoriale-di-pietro-colucci-che-parlera-di-ambiente-diritti-e-futuro\/","name":"\u00c8 nata \u201cLa Svolta\u201d, il nuovo progetto editoriale di Pietro Colucci che parler\u00e0 di ambiente, diritti e futuro","isPartOf":{"@id":"https:\/\/www.article-marketing.eu\/comunicatistampa\/#website"},"primaryImageOfPage":{"@id":"https:\/\/www.article-marketing.eu\/comunicatistampa\/e-nata-la-svolta-il-nuovo-progetto-editoriale-di-pietro-colucci-che-parlera-di-ambiente-diritti-e-futuro\/#primaryimage"},"image":{"@id":"https:\/\/www.article-marketing.eu\/comunicatistampa\/e-nata-la-svolta-il-nuovo-progetto-editoriale-di-pietro-colucci-che-parlera-di-ambiente-diritti-e-futuro\/#primaryimage"},"thumbnailUrl":"https:\/\/www.executivemanager.it\/images\/comprofiler\/0_52ef8372c529c.jpg","datePublished":"2022-02-15T02:44:39+00:00","author":{"@id":"https:\/\/www.article-marketing.eu\/comunicatistampa\/#\/schema\/person\/2fcaf8f8f3a9eef9eb7f27532d3ca458"},"breadcrumb":{"@id":"https:\/\/www.article-marketing.eu\/comunicatistampa\/e-nata-la-svolta-il-nuovo-progetto-editoriale-di-pietro-colucci-che-parlera-di-ambiente-diritti-e-futuro\/#breadcrumb"},"inLanguage":"it-IT","potentialAction":[{"@type":"ReadAction","target":["https:\/\/www.article-marketing.eu\/comunicatistampa\/e-nata-la-svolta-il-nuovo-progetto-editoriale-di-pietro-colucci-che-parlera-di-ambiente-diritti-e-futuro\/"]}]},{"@type":"ImageObject","inLanguage":"it-IT","@id":"https:\/\/www.article-marketing.eu\/comunicatistampa\/e-nata-la-svolta-il-nuovo-progetto-editoriale-di-pietro-colucci-che-parlera-di-ambiente-diritti-e-futuro\/#primaryimage","url":"https:\/\/www.executivemanager.it\/images\/comprofiler\/0_52ef8372c529c.jpg","contentUrl":"https:\/\/www.executivemanager.it\/images\/comprofiler\/0_52ef8372c529c.jpg"},{"@type":"BreadcrumbList","@id":"https:\/\/www.article-marketing.eu\/comunicatistampa\/e-nata-la-svolta-il-nuovo-progetto-editoriale-di-pietro-colucci-che-parlera-di-ambiente-diritti-e-futuro\/#breadcrumb","itemListElement":[{"@type":"ListItem","position":1,"name":"Home","item":"https:\/\/www.article-marketing.eu\/comunicatistampa\/"},{"@type":"ListItem","position":2,"name":"\u00c8 nata \u201cLa Svolta\u201d, il nuovo progetto editoriale di Pietro Colucci che parler\u00e0 di ambiente, diritti e futuro"}]},{"@type":"WebSite","@id":"https:\/\/www.article-marketing.eu\/comunicatistampa\/#website","url":"https:\/\/www.article-marketing.eu\/comunicatistampa\/","name":"Article Marketing","description":"article marketing &amp; press release","potentialAction":[{"@type":"SearchAction","target":{"@type":"EntryPoint","urlTemplate":"https:\/\/www.article-marketing.eu\/comunicatistampa\/?s={search_term_string}"},"query-input":{"@type":"PropertyValueSpecification","valueRequired":true,"valueName":"search_term_string"}}],"inLanguage":"it-IT"},{"@type":"Person","@id":"https:\/\/www.article-marketing.eu\/comunicatistampa\/#\/schema\/person\/2fcaf8f8f3a9eef9eb7f27532d3ca458","name":"articolinews","image":{"@type":"ImageObject","inLanguage":"it-IT","@id":"https:\/\/secure.gravatar.com\/avatar\/9e2a264bab04e17dea24d937c9956304649a848cb73c46747a692ff1bdeb1cb7?s=96&d=mm&r=g","url":"https:\/\/secure.gravatar.com\/avatar\/9e2a264bab04e17dea24d937c9956304649a848cb73c46747a692ff1bdeb1cb7?s=96&d=mm&r=g","contentUrl":"https:\/\/secure.gravatar.com\/avatar\/9e2a264bab04e17dea24d937c9956304649a848cb73c46747a692ff1bdeb1cb7?s=96&d=mm&r=g","caption":"articolinews"},"url":"https:\/\/www.article-marketing.eu\/comunicatistampa\/author\/articolinews\/"}]}},"_links":{"self":[{"href":"https:\/\/www.article-marketing.eu\/comunicatistampa\/wp-json\/wp\/v2\/posts\/21940","targetHints":{"allow":["GET"]}}],"collection":[{"href":"https:\/\/www.article-marketing.eu\/comunicatistampa\/wp-json\/wp\/v2\/posts"}],"about":[{"href":"https:\/\/www.article-marketing.eu\/comunicatistampa\/wp-json\/wp\/v2\/types\/post"}],"author":[{"embeddable":true,"href":"https:\/\/www.article-marketing.eu\/comunicatistampa\/wp-json\/wp\/v2\/users\/6477"}],"replies":[{"embeddable":true,"href":"https:\/\/www.article-marketing.eu\/comunicatistampa\/wp-json\/wp\/v2\/comments?post=21940"}],"version-history":[{"count":3,"href":"https:\/\/www.article-marketing.eu\/comunicatistampa\/wp-json\/wp\/v2\/posts\/21940\/revisions"}],"predecessor-version":[{"id":21954,"href":"https:\/\/www.article-marketing.eu\/comunicatistampa\/wp-json\/wp\/v2\/posts\/21940\/revisions\/21954"}],"wp:attachment":[{"href":"https:\/\/www.article-marketing.eu\/comunicatistampa\/wp-json\/wp\/v2\/media?parent=21940"}],"wp:term":[{"taxonomy":"category","embeddable":true,"href":"https:\/\/www.article-marketing.eu\/comunicatistampa\/wp-json\/wp\/v2\/categories?post=21940"},{"taxonomy":"post_tag","embeddable":true,"href":"https:\/\/www.article-marketing.eu\/comunicatistampa\/wp-json\/wp\/v2\/tags?post=21940"}],"curies":[{"name":"wp","href":"https:\/\/api.w.org\/{rel}","templated":true}]}}