{"id":21971,"date":"2022-02-21T11:39:33","date_gmt":"2022-02-21T10:39:33","guid":{"rendered":"https:\/\/www.article-marketing.eu\/comunicatistampa\/?p=21971"},"modified":"2022-02-21T11:39:33","modified_gmt":"2022-02-21T10:39:33","slug":"verona-sostenibile-lultimo-progetto-di-antonio-franchi","status":"publish","type":"post","link":"https:\/\/www.article-marketing.eu\/comunicatistampa\/verona-sostenibile-lultimo-progetto-di-antonio-franchi\/","title":{"rendered":"Verona sostenibile: l\u2019ultimo progetto di Antonio Franchi"},"content":{"rendered":"<p><em><strong>Lo sviluppo urbano sostenibile di Verona passa anche dagli interventi di <a title=\"Antonio Franchi: Verona sostenibile - Energia e Ambiente\" href=\"https:\/\/www.energiaeambiente.eu\/it\/verona-da-citta-dellamore-a-citta-della-sostenibilita-grazie-anche-alle-opere-di-antonio-franchi\/\">Antonio Franchi<\/a>, che si occupa di realizzare Residenze &#8220;a cinque stelle&#8221;.<\/strong><\/em><\/p>\n<p><img loading=\"lazy\" decoding=\"async\" class=\"alignnone\" src=\"https:\/\/www.energiaeambiente.eu\/wp-content\/uploads\/2021\/08\/antonio-franchi.jpg\" alt=\"Antonio Franchi\" width=\"120\" height=\"525\" \/><\/p>\n<h2>Antonio Franchi: la citt\u00e0 di Giulietta diventa pi\u00f9 &#8220;green&#8221;<\/h2>\n<p>La citt\u00e0 che ha fatto da sfondo a una delle opere shakespeariane pi\u00f9 conosciute al mondo, <em>Romeo e Giulietta<\/em>, continua il proprio percorso incentrato sulla sostenibilit\u00e0. Verona \u00e8 infatti da tempo interessata da quella che al Sindaco piace chiamare &#8220;svolta sostenibile&#8221;, consistente in un insieme di iniziative volte a raggiungere alti livelli di <em>green sustainability<\/em>. Un esempio \u00e8 la conversione dei mezzi pubblici alla mobilit\u00e0 ecologica, attraverso l&#8217;installazione della filovia, la riconversione dei mezzi inquinanti dell&#8217;autoparco comunale e il passaggio al metano dei mezzi di Amt Verona. La citt\u00e0, oltre ad aver raggiunto la cima delle classifiche nazionali che giudicano la qualit\u00e0 della vita, l&#8217;attenzione all&#8217;ambiente e il livello dei servizi, ha ricevuto un riconoscimento da Legambiente per il progetto &#8220;Steps&#8221;. Un significante contributo in tal senso proviene anche da chi, come <strong>Antonio Franchi<\/strong>, si occupa di modernizzare, in chiave sostenibile, gli iconici edifici della citt\u00e0. Tra gli ultimi progetti presi in carico dalla societ\u00e0 da lui guidata, The Residenze, quello dello storico Palazzo Ravasio.<\/p>\n<h2>Antonio Franchi a Palazzo Ravasio: il progetto<\/h2>\n<p>Palazzo Ravasio \u00e8 un antico edificio risalente al 1924, sopravvissuto persino ai bombardamenti del 1945 ad opera dei tedeschi, che danneggiarono e distrussero invece il vicino Ponte della Vittoria e gli edifici adiacenti. Anche per rendere onore alla sua rilevanza storica, era per\u00f2 necessario un progetto che valorizzasse il Palazzo con un&#8217;impronta moderna e sostenibile. <strong>Antonio Franchi<\/strong> e il team di The Residenze si sono quindi messi al lavoro per realizzare un&#8217;opera che conciliasse storia, sostenibilit\u00e0 e arte. Per raggiungere l&#8217;obiettivo non si sono soffermati solo sui grandi interventi come l&#8217;isolamento termico e la sostituzione degli impianti, ma hanno prestato una meticolosa attenzione ad ogni minimo dettaglio: dalla scelta dei materiali ecologici alla selezione di fornitori specializzati in interventi di bioedilizia. Oltre a Palazzo Ravasio, nell&#8217;agenda di <strong>Antonio Franchi<\/strong> ci sono altri progetti per la citt\u00e0, tutti in linea con i criteri ESG e basati su principi di inclusione sociale.<\/p>\n","protected":false},"excerpt":{"rendered":"<p>Lo sviluppo urbano sostenibile di Verona passa anche dagli interventi di Antonio Franchi, che si occupa di realizzare Residenze &#8220;a cinque stelle&#8221;. Antonio Franchi: la citt\u00e0 di Giulietta diventa pi\u00f9 &#8220;green&#8221; La citt\u00e0 che ha fatto da sfondo a una delle opere shakespeariane pi\u00f9 conosciute al mondo, Romeo e Giulietta, continua il proprio percorso incentrato sulla sostenibilit\u00e0. Verona \u00e8 infatti da tempo interessata da quella che al Sindaco piace chiamare<\/p>\n<p><a class=\"continue-reading\" href=\"https:\/\/www.article-marketing.eu\/comunicatistampa\/verona-sostenibile-lultimo-progetto-di-antonio-franchi\/\">Continue reading&#8230;<\/a><\/p>\n","protected":false},"author":6477,"featured_media":0,"comment_status":"open","ping_status":"open","sticky":false,"template":"","format":"standard","meta":{"_monsterinsights_skip_tracking":false,"_monsterinsights_sitenote_active":false,"_monsterinsights_sitenote_note":"","_monsterinsights_sitenote_category":0,"footnotes":""},"categories":[362],"tags":[9185],"class_list":["post-21971","post","type-post","status-publish","format-standard","hentry","category-societa","tag-antonio-franchi"],"yoast_head":"<!-- This site is optimized with the Yoast SEO plugin v27.3 - https:\/\/yoast.com\/product\/yoast-seo-wordpress\/ -->\n<title>Verona sostenibile: l\u2019ultimo progetto di Antonio Franchi - Article Marketing<\/title>\n<meta name=\"robots\" content=\"index, follow, max-snippet:-1, max-image-preview:large, max-video-preview:-1\" \/>\n<link rel=\"canonical\" href=\"https:\/\/www.article-marketing.eu\/comunicatistampa\/verona-sostenibile-lultimo-progetto-di-antonio-franchi\/\" \/>\n<meta property=\"og:locale\" content=\"it_IT\" \/>\n<meta property=\"og:type\" content=\"article\" \/>\n<meta property=\"og:title\" content=\"Verona sostenibile: l\u2019ultimo progetto di Antonio Franchi - Article Marketing\" \/>\n<meta property=\"og:description\" content=\"Lo sviluppo urbano sostenibile di Verona passa anche dagli interventi di Antonio Franchi, che si occupa di realizzare Residenze &#8220;a cinque stelle&#8221;. Antonio Franchi: la citt\u00e0 di Giulietta diventa pi\u00f9 &#8220;green&#8221; La citt\u00e0 che ha fatto da sfondo a una delle opere shakespeariane pi\u00f9 conosciute al mondo, Romeo e Giulietta, continua il proprio percorso incentrato sulla sostenibilit\u00e0. Verona \u00e8 infatti da tempo interessata da quella che al Sindaco piace chiamareContinue reading...\" \/>\n<meta property=\"og:url\" content=\"https:\/\/www.article-marketing.eu\/comunicatistampa\/verona-sostenibile-lultimo-progetto-di-antonio-franchi\/\" \/>\n<meta property=\"og:site_name\" content=\"Article Marketing\" \/>\n<meta property=\"article:published_time\" content=\"2022-02-21T10:39:33+00:00\" \/>\n<meta property=\"og:image\" content=\"https:\/\/www.energiaeambiente.eu\/wp-content\/uploads\/2021\/08\/antonio-franchi.jpg\" \/>\n<meta name=\"author\" content=\"articolinews\" \/>\n<meta name=\"twitter:card\" content=\"summary_large_image\" \/>\n<meta name=\"twitter:label1\" content=\"Scritto da\" \/>\n\t<meta name=\"twitter:data1\" content=\"articolinews\" \/>\n\t<meta name=\"twitter:label2\" content=\"Tempo di lettura stimato\" \/>\n\t<meta name=\"twitter:data2\" content=\"3 minuti\" \/>\n<script type=\"application\/ld+json\" class=\"yoast-schema-graph\">{\"@context\":\"https:\\\/\\\/schema.org\",\"@graph\":[{\"@type\":\"Article\",\"@id\":\"https:\\\/\\\/www.article-marketing.eu\\\/comunicatistampa\\\/verona-sostenibile-lultimo-progetto-di-antonio-franchi\\\/#article\",\"isPartOf\":{\"@id\":\"https:\\\/\\\/www.article-marketing.eu\\\/comunicatistampa\\\/verona-sostenibile-lultimo-progetto-di-antonio-franchi\\\/\"},\"author\":{\"name\":\"articolinews\",\"@id\":\"https:\\\/\\\/www.article-marketing.eu\\\/comunicatistampa\\\/#\\\/schema\\\/person\\\/2fcaf8f8f3a9eef9eb7f27532d3ca458\"},\"headline\":\"Verona sostenibile: l\u2019ultimo progetto di Antonio Franchi\",\"datePublished\":\"2022-02-21T10:39:33+00:00\",\"mainEntityOfPage\":{\"@id\":\"https:\\\/\\\/www.article-marketing.eu\\\/comunicatistampa\\\/verona-sostenibile-lultimo-progetto-di-antonio-franchi\\\/\"},\"wordCount\":356,\"commentCount\":0,\"image\":{\"@id\":\"https:\\\/\\\/www.article-marketing.eu\\\/comunicatistampa\\\/verona-sostenibile-lultimo-progetto-di-antonio-franchi\\\/#primaryimage\"},\"thumbnailUrl\":\"https:\\\/\\\/www.energiaeambiente.eu\\\/wp-content\\\/uploads\\\/2021\\\/08\\\/antonio-franchi.jpg\",\"keywords\":[\"Antonio Franchi\"],\"articleSection\":[\"Societ\u00e0\"],\"inLanguage\":\"it-IT\",\"potentialAction\":[{\"@type\":\"CommentAction\",\"name\":\"Comment\",\"target\":[\"https:\\\/\\\/www.article-marketing.eu\\\/comunicatistampa\\\/verona-sostenibile-lultimo-progetto-di-antonio-franchi\\\/#respond\"]}]},{\"@type\":\"WebPage\",\"@id\":\"https:\\\/\\\/www.article-marketing.eu\\\/comunicatistampa\\\/verona-sostenibile-lultimo-progetto-di-antonio-franchi\\\/\",\"url\":\"https:\\\/\\\/www.article-marketing.eu\\\/comunicatistampa\\\/verona-sostenibile-lultimo-progetto-di-antonio-franchi\\\/\",\"name\":\"Verona sostenibile: l\u2019ultimo progetto di Antonio Franchi - Article Marketing\",\"isPartOf\":{\"@id\":\"https:\\\/\\\/www.article-marketing.eu\\\/comunicatistampa\\\/#website\"},\"primaryImageOfPage\":{\"@id\":\"https:\\\/\\\/www.article-marketing.eu\\\/comunicatistampa\\\/verona-sostenibile-lultimo-progetto-di-antonio-franchi\\\/#primaryimage\"},\"image\":{\"@id\":\"https:\\\/\\\/www.article-marketing.eu\\\/comunicatistampa\\\/verona-sostenibile-lultimo-progetto-di-antonio-franchi\\\/#primaryimage\"},\"thumbnailUrl\":\"https:\\\/\\\/www.energiaeambiente.eu\\\/wp-content\\\/uploads\\\/2021\\\/08\\\/antonio-franchi.jpg\",\"datePublished\":\"2022-02-21T10:39:33+00:00\",\"author\":{\"@id\":\"https:\\\/\\\/www.article-marketing.eu\\\/comunicatistampa\\\/#\\\/schema\\\/person\\\/2fcaf8f8f3a9eef9eb7f27532d3ca458\"},\"breadcrumb\":{\"@id\":\"https:\\\/\\\/www.article-marketing.eu\\\/comunicatistampa\\\/verona-sostenibile-lultimo-progetto-di-antonio-franchi\\\/#breadcrumb\"},\"inLanguage\":\"it-IT\",\"potentialAction\":[{\"@type\":\"ReadAction\",\"target\":[\"https:\\\/\\\/www.article-marketing.eu\\\/comunicatistampa\\\/verona-sostenibile-lultimo-progetto-di-antonio-franchi\\\/\"]}]},{\"@type\":\"ImageObject\",\"inLanguage\":\"it-IT\",\"@id\":\"https:\\\/\\\/www.article-marketing.eu\\\/comunicatistampa\\\/verona-sostenibile-lultimo-progetto-di-antonio-franchi\\\/#primaryimage\",\"url\":\"https:\\\/\\\/www.energiaeambiente.eu\\\/wp-content\\\/uploads\\\/2021\\\/08\\\/antonio-franchi.jpg\",\"contentUrl\":\"https:\\\/\\\/www.energiaeambiente.eu\\\/wp-content\\\/uploads\\\/2021\\\/08\\\/antonio-franchi.jpg\"},{\"@type\":\"BreadcrumbList\",\"@id\":\"https:\\\/\\\/www.article-marketing.eu\\\/comunicatistampa\\\/verona-sostenibile-lultimo-progetto-di-antonio-franchi\\\/#breadcrumb\",\"itemListElement\":[{\"@type\":\"ListItem\",\"position\":1,\"name\":\"Home\",\"item\":\"https:\\\/\\\/www.article-marketing.eu\\\/comunicatistampa\\\/\"},{\"@type\":\"ListItem\",\"position\":2,\"name\":\"Verona sostenibile: l\u2019ultimo progetto di Antonio Franchi\"}]},{\"@type\":\"WebSite\",\"@id\":\"https:\\\/\\\/www.article-marketing.eu\\\/comunicatistampa\\\/#website\",\"url\":\"https:\\\/\\\/www.article-marketing.eu\\\/comunicatistampa\\\/\",\"name\":\"Article Marketing\",\"description\":\"article marketing &amp; press release\",\"potentialAction\":[{\"@type\":\"SearchAction\",\"target\":{\"@type\":\"EntryPoint\",\"urlTemplate\":\"https:\\\/\\\/www.article-marketing.eu\\\/comunicatistampa\\\/?s={search_term_string}\"},\"query-input\":{\"@type\":\"PropertyValueSpecification\",\"valueRequired\":true,\"valueName\":\"search_term_string\"}}],\"inLanguage\":\"it-IT\"},{\"@type\":\"Person\",\"@id\":\"https:\\\/\\\/www.article-marketing.eu\\\/comunicatistampa\\\/#\\\/schema\\\/person\\\/2fcaf8f8f3a9eef9eb7f27532d3ca458\",\"name\":\"articolinews\",\"image\":{\"@type\":\"ImageObject\",\"inLanguage\":\"it-IT\",\"@id\":\"https:\\\/\\\/secure.gravatar.com\\\/avatar\\\/9e2a264bab04e17dea24d937c9956304649a848cb73c46747a692ff1bdeb1cb7?s=96&d=mm&r=g\",\"url\":\"https:\\\/\\\/secure.gravatar.com\\\/avatar\\\/9e2a264bab04e17dea24d937c9956304649a848cb73c46747a692ff1bdeb1cb7?s=96&d=mm&r=g\",\"contentUrl\":\"https:\\\/\\\/secure.gravatar.com\\\/avatar\\\/9e2a264bab04e17dea24d937c9956304649a848cb73c46747a692ff1bdeb1cb7?s=96&d=mm&r=g\",\"caption\":\"articolinews\"},\"url\":\"https:\\\/\\\/www.article-marketing.eu\\\/comunicatistampa\\\/author\\\/articolinews\\\/\"}]}<\/script>\n<!-- \/ Yoast SEO plugin. -->","yoast_head_json":{"title":"Verona sostenibile: l\u2019ultimo progetto di Antonio Franchi - Article Marketing","robots":{"index":"index","follow":"follow","max-snippet":"max-snippet:-1","max-image-preview":"max-image-preview:large","max-video-preview":"max-video-preview:-1"},"canonical":"https:\/\/www.article-marketing.eu\/comunicatistampa\/verona-sostenibile-lultimo-progetto-di-antonio-franchi\/","og_locale":"it_IT","og_type":"article","og_title":"Verona sostenibile: l\u2019ultimo progetto di Antonio Franchi - Article Marketing","og_description":"Lo sviluppo urbano sostenibile di Verona passa anche dagli interventi di Antonio Franchi, che si occupa di realizzare Residenze &#8220;a cinque stelle&#8221;. Antonio Franchi: la citt\u00e0 di Giulietta diventa pi\u00f9 &#8220;green&#8221; La citt\u00e0 che ha fatto da sfondo a una delle opere shakespeariane pi\u00f9 conosciute al mondo, Romeo e Giulietta, continua il proprio percorso incentrato sulla sostenibilit\u00e0. Verona \u00e8 infatti da tempo interessata da quella che al Sindaco piace chiamareContinue reading...","og_url":"https:\/\/www.article-marketing.eu\/comunicatistampa\/verona-sostenibile-lultimo-progetto-di-antonio-franchi\/","og_site_name":"Article Marketing","article_published_time":"2022-02-21T10:39:33+00:00","og_image":[{"url":"https:\/\/www.energiaeambiente.eu\/wp-content\/uploads\/2021\/08\/antonio-franchi.jpg","type":"","width":"","height":""}],"author":"articolinews","twitter_card":"summary_large_image","twitter_misc":{"Scritto da":"articolinews","Tempo di lettura stimato":"3 minuti"},"schema":{"@context":"https:\/\/schema.org","@graph":[{"@type":"Article","@id":"https:\/\/www.article-marketing.eu\/comunicatistampa\/verona-sostenibile-lultimo-progetto-di-antonio-franchi\/#article","isPartOf":{"@id":"https:\/\/www.article-marketing.eu\/comunicatistampa\/verona-sostenibile-lultimo-progetto-di-antonio-franchi\/"},"author":{"name":"articolinews","@id":"https:\/\/www.article-marketing.eu\/comunicatistampa\/#\/schema\/person\/2fcaf8f8f3a9eef9eb7f27532d3ca458"},"headline":"Verona sostenibile: l\u2019ultimo progetto di Antonio Franchi","datePublished":"2022-02-21T10:39:33+00:00","mainEntityOfPage":{"@id":"https:\/\/www.article-marketing.eu\/comunicatistampa\/verona-sostenibile-lultimo-progetto-di-antonio-franchi\/"},"wordCount":356,"commentCount":0,"image":{"@id":"https:\/\/www.article-marketing.eu\/comunicatistampa\/verona-sostenibile-lultimo-progetto-di-antonio-franchi\/#primaryimage"},"thumbnailUrl":"https:\/\/www.energiaeambiente.eu\/wp-content\/uploads\/2021\/08\/antonio-franchi.jpg","keywords":["Antonio Franchi"],"articleSection":["Societ\u00e0"],"inLanguage":"it-IT","potentialAction":[{"@type":"CommentAction","name":"Comment","target":["https:\/\/www.article-marketing.eu\/comunicatistampa\/verona-sostenibile-lultimo-progetto-di-antonio-franchi\/#respond"]}]},{"@type":"WebPage","@id":"https:\/\/www.article-marketing.eu\/comunicatistampa\/verona-sostenibile-lultimo-progetto-di-antonio-franchi\/","url":"https:\/\/www.article-marketing.eu\/comunicatistampa\/verona-sostenibile-lultimo-progetto-di-antonio-franchi\/","name":"Verona sostenibile: l\u2019ultimo progetto di Antonio Franchi - Article Marketing","isPartOf":{"@id":"https:\/\/www.article-marketing.eu\/comunicatistampa\/#website"},"primaryImageOfPage":{"@id":"https:\/\/www.article-marketing.eu\/comunicatistampa\/verona-sostenibile-lultimo-progetto-di-antonio-franchi\/#primaryimage"},"image":{"@id":"https:\/\/www.article-marketing.eu\/comunicatistampa\/verona-sostenibile-lultimo-progetto-di-antonio-franchi\/#primaryimage"},"thumbnailUrl":"https:\/\/www.energiaeambiente.eu\/wp-content\/uploads\/2021\/08\/antonio-franchi.jpg","datePublished":"2022-02-21T10:39:33+00:00","author":{"@id":"https:\/\/www.article-marketing.eu\/comunicatistampa\/#\/schema\/person\/2fcaf8f8f3a9eef9eb7f27532d3ca458"},"breadcrumb":{"@id":"https:\/\/www.article-marketing.eu\/comunicatistampa\/verona-sostenibile-lultimo-progetto-di-antonio-franchi\/#breadcrumb"},"inLanguage":"it-IT","potentialAction":[{"@type":"ReadAction","target":["https:\/\/www.article-marketing.eu\/comunicatistampa\/verona-sostenibile-lultimo-progetto-di-antonio-franchi\/"]}]},{"@type":"ImageObject","inLanguage":"it-IT","@id":"https:\/\/www.article-marketing.eu\/comunicatistampa\/verona-sostenibile-lultimo-progetto-di-antonio-franchi\/#primaryimage","url":"https:\/\/www.energiaeambiente.eu\/wp-content\/uploads\/2021\/08\/antonio-franchi.jpg","contentUrl":"https:\/\/www.energiaeambiente.eu\/wp-content\/uploads\/2021\/08\/antonio-franchi.jpg"},{"@type":"BreadcrumbList","@id":"https:\/\/www.article-marketing.eu\/comunicatistampa\/verona-sostenibile-lultimo-progetto-di-antonio-franchi\/#breadcrumb","itemListElement":[{"@type":"ListItem","position":1,"name":"Home","item":"https:\/\/www.article-marketing.eu\/comunicatistampa\/"},{"@type":"ListItem","position":2,"name":"Verona sostenibile: l\u2019ultimo progetto di Antonio Franchi"}]},{"@type":"WebSite","@id":"https:\/\/www.article-marketing.eu\/comunicatistampa\/#website","url":"https:\/\/www.article-marketing.eu\/comunicatistampa\/","name":"Article Marketing","description":"article marketing &amp; press release","potentialAction":[{"@type":"SearchAction","target":{"@type":"EntryPoint","urlTemplate":"https:\/\/www.article-marketing.eu\/comunicatistampa\/?s={search_term_string}"},"query-input":{"@type":"PropertyValueSpecification","valueRequired":true,"valueName":"search_term_string"}}],"inLanguage":"it-IT"},{"@type":"Person","@id":"https:\/\/www.article-marketing.eu\/comunicatistampa\/#\/schema\/person\/2fcaf8f8f3a9eef9eb7f27532d3ca458","name":"articolinews","image":{"@type":"ImageObject","inLanguage":"it-IT","@id":"https:\/\/secure.gravatar.com\/avatar\/9e2a264bab04e17dea24d937c9956304649a848cb73c46747a692ff1bdeb1cb7?s=96&d=mm&r=g","url":"https:\/\/secure.gravatar.com\/avatar\/9e2a264bab04e17dea24d937c9956304649a848cb73c46747a692ff1bdeb1cb7?s=96&d=mm&r=g","contentUrl":"https:\/\/secure.gravatar.com\/avatar\/9e2a264bab04e17dea24d937c9956304649a848cb73c46747a692ff1bdeb1cb7?s=96&d=mm&r=g","caption":"articolinews"},"url":"https:\/\/www.article-marketing.eu\/comunicatistampa\/author\/articolinews\/"}]}},"_links":{"self":[{"href":"https:\/\/www.article-marketing.eu\/comunicatistampa\/wp-json\/wp\/v2\/posts\/21971","targetHints":{"allow":["GET"]}}],"collection":[{"href":"https:\/\/www.article-marketing.eu\/comunicatistampa\/wp-json\/wp\/v2\/posts"}],"about":[{"href":"https:\/\/www.article-marketing.eu\/comunicatistampa\/wp-json\/wp\/v2\/types\/post"}],"author":[{"embeddable":true,"href":"https:\/\/www.article-marketing.eu\/comunicatistampa\/wp-json\/wp\/v2\/users\/6477"}],"replies":[{"embeddable":true,"href":"https:\/\/www.article-marketing.eu\/comunicatistampa\/wp-json\/wp\/v2\/comments?post=21971"}],"version-history":[{"count":3,"href":"https:\/\/www.article-marketing.eu\/comunicatistampa\/wp-json\/wp\/v2\/posts\/21971\/revisions"}],"predecessor-version":[{"id":21977,"href":"https:\/\/www.article-marketing.eu\/comunicatistampa\/wp-json\/wp\/v2\/posts\/21971\/revisions\/21977"}],"wp:attachment":[{"href":"https:\/\/www.article-marketing.eu\/comunicatistampa\/wp-json\/wp\/v2\/media?parent=21971"}],"wp:term":[{"taxonomy":"category","embeddable":true,"href":"https:\/\/www.article-marketing.eu\/comunicatistampa\/wp-json\/wp\/v2\/categories?post=21971"},{"taxonomy":"post_tag","embeddable":true,"href":"https:\/\/www.article-marketing.eu\/comunicatistampa\/wp-json\/wp\/v2\/tags?post=21971"}],"curies":[{"name":"wp","href":"https:\/\/api.w.org\/{rel}","templated":true}]}}