{"id":22066,"date":"2022-03-05T00:03:10","date_gmt":"2022-03-04T23:03:10","guid":{"rendered":"https:\/\/www.article-marketing.eu\/comunicatistampa\/?p=22066"},"modified":"2022-03-05T00:03:10","modified_gmt":"2022-03-04T23:03:10","slug":"armonia-tra-edilizia-e-ambiente-lapproccio-della-realta-guidata-da-fabio-inzani","status":"publish","type":"post","link":"https:\/\/www.article-marketing.eu\/comunicatistampa\/armonia-tra-edilizia-e-ambiente-lapproccio-della-realta-guidata-da-fabio-inzani\/","title":{"rendered":"Armonia tra edilizia e ambiente: l\u2019approccio della realt\u00e0 guidata da Fabio Inzani"},"content":{"rendered":"<p><em><strong>Il concetto di sostenibilit\u00e0 \u00e8 ormai una priorit\u00e0 assoluta anche in ambito edilizio. Il team di Tecnicaer Engineering, societ\u00e0 guidata da <a title=\"Fabio Inzani: l'edilizia sostenibile - topmanageronline\" href=\"https:\/\/www.topmanageronline.eu\/2021\/11\/19\/larmonia-tra-edilizia-e-ambiente-i-progetti-realizzati-da-tecnicaer-realta-guidata-da-fabio-inzani\/\">Fabio Inzani<\/a>, utilizza strumenti avanzati con lo scopo di conciliare ambiente ed edilizia.<\/strong><\/em><\/p>\n<p><img loading=\"lazy\" decoding=\"async\" class=\"alignnone\" src=\"https:\/\/www.h2biz.net\/images\/Plats\/20190823111053.png\" alt=\"Fabio Inzani\" width=\"120\" height=\"121\" \/><\/p>\n<h2>Tecnicar Engineering, guidata da Fabio Inzani, punta all&#8217;armonia tra edilizia e ambiente<\/h2>\n<p>Da diversi anni l&#8217;operato di Tecnicaer, societ\u00e0 di Ingegneria Integrata di cui <strong>Fabio Inzani<\/strong> \u00e8 Presidente, \u00e8 fortemente connesso al concetto di edilizia sostenibile. L&#8217;ottimizzazione delle scelte legate alla progettazione e al mantenimento dell&#8217;edificio punta al risparmio sui consumi e a quello sui costi di costruzione e di manutenzione. Il Gruppo fa quindi della massimizzazione dell&#8217;efficienza energetica e dell&#8217;equilibrio tra il comportamento passivo e attivo degli edifici le priorit\u00e0 alla base del proprio operato. Il team ricorre, da ormai oltre sei anni, all&#8217;uso di avanzati strumenti di modellazione digitale parametrica. Da qui l&#8217;adozione di un approccio capace di integrare a 360\u00b0 tutte le componenti del sistema edilizio. L&#8217;uso di tale criterio ha consentito alla realt\u00e0 guidata da <strong>Fabio Inzani<\/strong> di portare a termine diversi progetti: tra i pi\u00f9 recenti la riqualificazione dell&#8217;Ospedale del Mugello, quella del Centro di addestramento della Polizia di Nettuno e la creazione del Nuovo Dipartimento di Biologia dell&#8217;Universit\u00e0 di Pisa.<\/p>\n<h2>Fabio Inzani: i vantaggi del digital twin<\/h2>\n<p>L&#8217;approccio impiegato dal Gruppo guidato da <strong>Fabio Inzani<\/strong> prevede inoltre l&#8217;utilizzo del <em>digital twin<\/em>: il gemello digitale dell&#8217;edificio consente la progettazione di una copia digitale del complesso edilizio. Ne consegue quindi la possibilit\u00e0 di ideare diversi duplicati capaci di riprodurre il comportamento reale del sistema edificio-impianto, ottimizzando al contempo il suo funzionamento. L&#8217;innovativa metodologia ha favorito l&#8217;esecuzione di diverse operazioni: le indagini sul comportamento attivo dell&#8217;involucro edilizio consentono di osservare il beneficio sui fabbisogni energetici e sul regime di sistemi impiantistici come i sistemi di schermature dall&#8217;irraggiamento solare; le analisi energetiche dinamiche forniscono gli andamenti sovrapponibili ai reali fabbisogni energetici giornalieri e la conseguente previsione dell&#8217;eventuale spesa annua; l&#8217;autoapprendimento dei sistemi di generazione attiva invece una serie di algoritmi in grado di adattare il regime al punto di massimo rendimento di generazione e di emissione dei terminali; infine, le simulazioni fluidodinamiche consentono di perfezionare la climatizzazione degli ambienti. Il modo di progettare del team guidato da <strong>Fabio Inzani<\/strong> si basa sul forte e costante equilibrio tra edilizia e ambiente.<\/p>\n","protected":false},"excerpt":{"rendered":"<p>Il concetto di sostenibilit\u00e0 \u00e8 ormai una priorit\u00e0 assoluta anche in ambito edilizio. Il team di Tecnicaer Engineering, societ\u00e0 guidata da Fabio Inzani, utilizza strumenti avanzati con lo scopo di conciliare ambiente ed edilizia. Tecnicar Engineering, guidata da Fabio Inzani, punta all&#8217;armonia tra edilizia e ambiente Da diversi anni l&#8217;operato di Tecnicaer, societ\u00e0 di Ingegneria Integrata di cui Fabio Inzani \u00e8 Presidente, \u00e8 fortemente connesso al concetto di edilizia sostenibile.<\/p>\n<p><a class=\"continue-reading\" href=\"https:\/\/www.article-marketing.eu\/comunicatistampa\/armonia-tra-edilizia-e-ambiente-lapproccio-della-realta-guidata-da-fabio-inzani\/\">Continue reading&#8230;<\/a><\/p>\n","protected":false},"author":6477,"featured_media":0,"comment_status":"open","ping_status":"open","sticky":false,"template":"","format":"standard","meta":{"_monsterinsights_skip_tracking":false,"_monsterinsights_sitenote_active":false,"_monsterinsights_sitenote_note":"","_monsterinsights_sitenote_category":0,"footnotes":""},"categories":[388],"tags":[9278],"class_list":["post-22066","post","type-post","status-publish","format-standard","hentry","category-aziende","tag-fabio-inzani"],"yoast_head":"<!-- This site is optimized with the Yoast SEO plugin v27.3 - https:\/\/yoast.com\/product\/yoast-seo-wordpress\/ -->\n<title>Armonia tra edilizia e ambiente: l\u2019approccio della realt\u00e0 guidata da Fabio Inzani<\/title>\n<meta name=\"robots\" content=\"index, follow, max-snippet:-1, max-image-preview:large, max-video-preview:-1\" \/>\n<link rel=\"canonical\" href=\"https:\/\/www.article-marketing.eu\/comunicatistampa\/armonia-tra-edilizia-e-ambiente-lapproccio-della-realta-guidata-da-fabio-inzani\/\" \/>\n<meta property=\"og:locale\" content=\"it_IT\" \/>\n<meta property=\"og:type\" content=\"article\" \/>\n<meta property=\"og:title\" content=\"Armonia tra edilizia e ambiente: l\u2019approccio della realt\u00e0 guidata da Fabio Inzani\" \/>\n<meta property=\"og:description\" content=\"Il concetto di sostenibilit\u00e0 \u00e8 ormai una priorit\u00e0 assoluta anche in ambito edilizio. Il team di Tecnicaer Engineering, societ\u00e0 guidata da Fabio Inzani, utilizza strumenti avanzati con lo scopo di conciliare ambiente ed edilizia. Tecnicar Engineering, guidata da Fabio Inzani, punta all&#8217;armonia tra edilizia e ambiente Da diversi anni l&#8217;operato di Tecnicaer, societ\u00e0 di Ingegneria Integrata di cui Fabio Inzani \u00e8 Presidente, \u00e8 fortemente connesso al concetto di edilizia sostenibile.Continue reading...\" \/>\n<meta property=\"og:url\" content=\"https:\/\/www.article-marketing.eu\/comunicatistampa\/armonia-tra-edilizia-e-ambiente-lapproccio-della-realta-guidata-da-fabio-inzani\/\" \/>\n<meta property=\"og:site_name\" content=\"Article Marketing\" \/>\n<meta property=\"article:published_time\" content=\"2022-03-04T23:03:10+00:00\" \/>\n<meta property=\"og:image\" content=\"https:\/\/www.h2biz.net\/images\/Plats\/20190823111053.png\" \/>\n<meta name=\"author\" content=\"articolinews\" \/>\n<meta name=\"twitter:card\" content=\"summary_large_image\" \/>\n<meta name=\"twitter:label1\" content=\"Scritto da\" \/>\n\t<meta name=\"twitter:data1\" content=\"articolinews\" \/>\n\t<meta name=\"twitter:label2\" content=\"Tempo di lettura stimato\" \/>\n\t<meta name=\"twitter:data2\" content=\"2 minuti\" \/>\n<script type=\"application\/ld+json\" class=\"yoast-schema-graph\">{\"@context\":\"https:\\\/\\\/schema.org\",\"@graph\":[{\"@type\":\"Article\",\"@id\":\"https:\\\/\\\/www.article-marketing.eu\\\/comunicatistampa\\\/armonia-tra-edilizia-e-ambiente-lapproccio-della-realta-guidata-da-fabio-inzani\\\/#article\",\"isPartOf\":{\"@id\":\"https:\\\/\\\/www.article-marketing.eu\\\/comunicatistampa\\\/armonia-tra-edilizia-e-ambiente-lapproccio-della-realta-guidata-da-fabio-inzani\\\/\"},\"author\":{\"name\":\"articolinews\",\"@id\":\"https:\\\/\\\/www.article-marketing.eu\\\/comunicatistampa\\\/#\\\/schema\\\/person\\\/2fcaf8f8f3a9eef9eb7f27532d3ca458\"},\"headline\":\"Armonia tra edilizia e ambiente: l\u2019approccio della realt\u00e0 guidata da Fabio Inzani\",\"datePublished\":\"2022-03-04T23:03:10+00:00\",\"mainEntityOfPage\":{\"@id\":\"https:\\\/\\\/www.article-marketing.eu\\\/comunicatistampa\\\/armonia-tra-edilizia-e-ambiente-lapproccio-della-realta-guidata-da-fabio-inzani\\\/\"},\"wordCount\":385,\"commentCount\":0,\"image\":{\"@id\":\"https:\\\/\\\/www.article-marketing.eu\\\/comunicatistampa\\\/armonia-tra-edilizia-e-ambiente-lapproccio-della-realta-guidata-da-fabio-inzani\\\/#primaryimage\"},\"thumbnailUrl\":\"https:\\\/\\\/www.h2biz.net\\\/images\\\/Plats\\\/20190823111053.png\",\"keywords\":[\"Fabio Inzani\"],\"articleSection\":[\"Aziende\"],\"inLanguage\":\"it-IT\",\"potentialAction\":[{\"@type\":\"CommentAction\",\"name\":\"Comment\",\"target\":[\"https:\\\/\\\/www.article-marketing.eu\\\/comunicatistampa\\\/armonia-tra-edilizia-e-ambiente-lapproccio-della-realta-guidata-da-fabio-inzani\\\/#respond\"]}]},{\"@type\":\"WebPage\",\"@id\":\"https:\\\/\\\/www.article-marketing.eu\\\/comunicatistampa\\\/armonia-tra-edilizia-e-ambiente-lapproccio-della-realta-guidata-da-fabio-inzani\\\/\",\"url\":\"https:\\\/\\\/www.article-marketing.eu\\\/comunicatistampa\\\/armonia-tra-edilizia-e-ambiente-lapproccio-della-realta-guidata-da-fabio-inzani\\\/\",\"name\":\"Armonia tra edilizia e ambiente: l\u2019approccio della realt\u00e0 guidata da Fabio Inzani\",\"isPartOf\":{\"@id\":\"https:\\\/\\\/www.article-marketing.eu\\\/comunicatistampa\\\/#website\"},\"primaryImageOfPage\":{\"@id\":\"https:\\\/\\\/www.article-marketing.eu\\\/comunicatistampa\\\/armonia-tra-edilizia-e-ambiente-lapproccio-della-realta-guidata-da-fabio-inzani\\\/#primaryimage\"},\"image\":{\"@id\":\"https:\\\/\\\/www.article-marketing.eu\\\/comunicatistampa\\\/armonia-tra-edilizia-e-ambiente-lapproccio-della-realta-guidata-da-fabio-inzani\\\/#primaryimage\"},\"thumbnailUrl\":\"https:\\\/\\\/www.h2biz.net\\\/images\\\/Plats\\\/20190823111053.png\",\"datePublished\":\"2022-03-04T23:03:10+00:00\",\"author\":{\"@id\":\"https:\\\/\\\/www.article-marketing.eu\\\/comunicatistampa\\\/#\\\/schema\\\/person\\\/2fcaf8f8f3a9eef9eb7f27532d3ca458\"},\"breadcrumb\":{\"@id\":\"https:\\\/\\\/www.article-marketing.eu\\\/comunicatistampa\\\/armonia-tra-edilizia-e-ambiente-lapproccio-della-realta-guidata-da-fabio-inzani\\\/#breadcrumb\"},\"inLanguage\":\"it-IT\",\"potentialAction\":[{\"@type\":\"ReadAction\",\"target\":[\"https:\\\/\\\/www.article-marketing.eu\\\/comunicatistampa\\\/armonia-tra-edilizia-e-ambiente-lapproccio-della-realta-guidata-da-fabio-inzani\\\/\"]}]},{\"@type\":\"ImageObject\",\"inLanguage\":\"it-IT\",\"@id\":\"https:\\\/\\\/www.article-marketing.eu\\\/comunicatistampa\\\/armonia-tra-edilizia-e-ambiente-lapproccio-della-realta-guidata-da-fabio-inzani\\\/#primaryimage\",\"url\":\"https:\\\/\\\/www.h2biz.net\\\/images\\\/Plats\\\/20190823111053.png\",\"contentUrl\":\"https:\\\/\\\/www.h2biz.net\\\/images\\\/Plats\\\/20190823111053.png\"},{\"@type\":\"BreadcrumbList\",\"@id\":\"https:\\\/\\\/www.article-marketing.eu\\\/comunicatistampa\\\/armonia-tra-edilizia-e-ambiente-lapproccio-della-realta-guidata-da-fabio-inzani\\\/#breadcrumb\",\"itemListElement\":[{\"@type\":\"ListItem\",\"position\":1,\"name\":\"Home\",\"item\":\"https:\\\/\\\/www.article-marketing.eu\\\/comunicatistampa\\\/\"},{\"@type\":\"ListItem\",\"position\":2,\"name\":\"Armonia tra edilizia e ambiente: l\u2019approccio della realt\u00e0 guidata da Fabio Inzani\"}]},{\"@type\":\"WebSite\",\"@id\":\"https:\\\/\\\/www.article-marketing.eu\\\/comunicatistampa\\\/#website\",\"url\":\"https:\\\/\\\/www.article-marketing.eu\\\/comunicatistampa\\\/\",\"name\":\"Article Marketing\",\"description\":\"article marketing &amp; press release\",\"potentialAction\":[{\"@type\":\"SearchAction\",\"target\":{\"@type\":\"EntryPoint\",\"urlTemplate\":\"https:\\\/\\\/www.article-marketing.eu\\\/comunicatistampa\\\/?s={search_term_string}\"},\"query-input\":{\"@type\":\"PropertyValueSpecification\",\"valueRequired\":true,\"valueName\":\"search_term_string\"}}],\"inLanguage\":\"it-IT\"},{\"@type\":\"Person\",\"@id\":\"https:\\\/\\\/www.article-marketing.eu\\\/comunicatistampa\\\/#\\\/schema\\\/person\\\/2fcaf8f8f3a9eef9eb7f27532d3ca458\",\"name\":\"articolinews\",\"image\":{\"@type\":\"ImageObject\",\"inLanguage\":\"it-IT\",\"@id\":\"https:\\\/\\\/secure.gravatar.com\\\/avatar\\\/9e2a264bab04e17dea24d937c9956304649a848cb73c46747a692ff1bdeb1cb7?s=96&d=mm&r=g\",\"url\":\"https:\\\/\\\/secure.gravatar.com\\\/avatar\\\/9e2a264bab04e17dea24d937c9956304649a848cb73c46747a692ff1bdeb1cb7?s=96&d=mm&r=g\",\"contentUrl\":\"https:\\\/\\\/secure.gravatar.com\\\/avatar\\\/9e2a264bab04e17dea24d937c9956304649a848cb73c46747a692ff1bdeb1cb7?s=96&d=mm&r=g\",\"caption\":\"articolinews\"},\"url\":\"https:\\\/\\\/www.article-marketing.eu\\\/comunicatistampa\\\/author\\\/articolinews\\\/\"}]}<\/script>\n<!-- \/ Yoast SEO plugin. -->","yoast_head_json":{"title":"Armonia tra edilizia e ambiente: l\u2019approccio della realt\u00e0 guidata da Fabio Inzani","robots":{"index":"index","follow":"follow","max-snippet":"max-snippet:-1","max-image-preview":"max-image-preview:large","max-video-preview":"max-video-preview:-1"},"canonical":"https:\/\/www.article-marketing.eu\/comunicatistampa\/armonia-tra-edilizia-e-ambiente-lapproccio-della-realta-guidata-da-fabio-inzani\/","og_locale":"it_IT","og_type":"article","og_title":"Armonia tra edilizia e ambiente: l\u2019approccio della realt\u00e0 guidata da Fabio Inzani","og_description":"Il concetto di sostenibilit\u00e0 \u00e8 ormai una priorit\u00e0 assoluta anche in ambito edilizio. Il team di Tecnicaer Engineering, societ\u00e0 guidata da Fabio Inzani, utilizza strumenti avanzati con lo scopo di conciliare ambiente ed edilizia. Tecnicar Engineering, guidata da Fabio Inzani, punta all&#8217;armonia tra edilizia e ambiente Da diversi anni l&#8217;operato di Tecnicaer, societ\u00e0 di Ingegneria Integrata di cui Fabio Inzani \u00e8 Presidente, \u00e8 fortemente connesso al concetto di edilizia sostenibile.Continue reading...","og_url":"https:\/\/www.article-marketing.eu\/comunicatistampa\/armonia-tra-edilizia-e-ambiente-lapproccio-della-realta-guidata-da-fabio-inzani\/","og_site_name":"Article Marketing","article_published_time":"2022-03-04T23:03:10+00:00","og_image":[{"url":"https:\/\/www.h2biz.net\/images\/Plats\/20190823111053.png","type":"","width":"","height":""}],"author":"articolinews","twitter_card":"summary_large_image","twitter_misc":{"Scritto da":"articolinews","Tempo di lettura stimato":"2 minuti"},"schema":{"@context":"https:\/\/schema.org","@graph":[{"@type":"Article","@id":"https:\/\/www.article-marketing.eu\/comunicatistampa\/armonia-tra-edilizia-e-ambiente-lapproccio-della-realta-guidata-da-fabio-inzani\/#article","isPartOf":{"@id":"https:\/\/www.article-marketing.eu\/comunicatistampa\/armonia-tra-edilizia-e-ambiente-lapproccio-della-realta-guidata-da-fabio-inzani\/"},"author":{"name":"articolinews","@id":"https:\/\/www.article-marketing.eu\/comunicatistampa\/#\/schema\/person\/2fcaf8f8f3a9eef9eb7f27532d3ca458"},"headline":"Armonia tra edilizia e ambiente: l\u2019approccio della realt\u00e0 guidata da Fabio Inzani","datePublished":"2022-03-04T23:03:10+00:00","mainEntityOfPage":{"@id":"https:\/\/www.article-marketing.eu\/comunicatistampa\/armonia-tra-edilizia-e-ambiente-lapproccio-della-realta-guidata-da-fabio-inzani\/"},"wordCount":385,"commentCount":0,"image":{"@id":"https:\/\/www.article-marketing.eu\/comunicatistampa\/armonia-tra-edilizia-e-ambiente-lapproccio-della-realta-guidata-da-fabio-inzani\/#primaryimage"},"thumbnailUrl":"https:\/\/www.h2biz.net\/images\/Plats\/20190823111053.png","keywords":["Fabio Inzani"],"articleSection":["Aziende"],"inLanguage":"it-IT","potentialAction":[{"@type":"CommentAction","name":"Comment","target":["https:\/\/www.article-marketing.eu\/comunicatistampa\/armonia-tra-edilizia-e-ambiente-lapproccio-della-realta-guidata-da-fabio-inzani\/#respond"]}]},{"@type":"WebPage","@id":"https:\/\/www.article-marketing.eu\/comunicatistampa\/armonia-tra-edilizia-e-ambiente-lapproccio-della-realta-guidata-da-fabio-inzani\/","url":"https:\/\/www.article-marketing.eu\/comunicatistampa\/armonia-tra-edilizia-e-ambiente-lapproccio-della-realta-guidata-da-fabio-inzani\/","name":"Armonia tra edilizia e ambiente: l\u2019approccio della realt\u00e0 guidata da Fabio Inzani","isPartOf":{"@id":"https:\/\/www.article-marketing.eu\/comunicatistampa\/#website"},"primaryImageOfPage":{"@id":"https:\/\/www.article-marketing.eu\/comunicatistampa\/armonia-tra-edilizia-e-ambiente-lapproccio-della-realta-guidata-da-fabio-inzani\/#primaryimage"},"image":{"@id":"https:\/\/www.article-marketing.eu\/comunicatistampa\/armonia-tra-edilizia-e-ambiente-lapproccio-della-realta-guidata-da-fabio-inzani\/#primaryimage"},"thumbnailUrl":"https:\/\/www.h2biz.net\/images\/Plats\/20190823111053.png","datePublished":"2022-03-04T23:03:10+00:00","author":{"@id":"https:\/\/www.article-marketing.eu\/comunicatistampa\/#\/schema\/person\/2fcaf8f8f3a9eef9eb7f27532d3ca458"},"breadcrumb":{"@id":"https:\/\/www.article-marketing.eu\/comunicatistampa\/armonia-tra-edilizia-e-ambiente-lapproccio-della-realta-guidata-da-fabio-inzani\/#breadcrumb"},"inLanguage":"it-IT","potentialAction":[{"@type":"ReadAction","target":["https:\/\/www.article-marketing.eu\/comunicatistampa\/armonia-tra-edilizia-e-ambiente-lapproccio-della-realta-guidata-da-fabio-inzani\/"]}]},{"@type":"ImageObject","inLanguage":"it-IT","@id":"https:\/\/www.article-marketing.eu\/comunicatistampa\/armonia-tra-edilizia-e-ambiente-lapproccio-della-realta-guidata-da-fabio-inzani\/#primaryimage","url":"https:\/\/www.h2biz.net\/images\/Plats\/20190823111053.png","contentUrl":"https:\/\/www.h2biz.net\/images\/Plats\/20190823111053.png"},{"@type":"BreadcrumbList","@id":"https:\/\/www.article-marketing.eu\/comunicatistampa\/armonia-tra-edilizia-e-ambiente-lapproccio-della-realta-guidata-da-fabio-inzani\/#breadcrumb","itemListElement":[{"@type":"ListItem","position":1,"name":"Home","item":"https:\/\/www.article-marketing.eu\/comunicatistampa\/"},{"@type":"ListItem","position":2,"name":"Armonia tra edilizia e ambiente: l\u2019approccio della realt\u00e0 guidata da Fabio Inzani"}]},{"@type":"WebSite","@id":"https:\/\/www.article-marketing.eu\/comunicatistampa\/#website","url":"https:\/\/www.article-marketing.eu\/comunicatistampa\/","name":"Article Marketing","description":"article marketing &amp; press release","potentialAction":[{"@type":"SearchAction","target":{"@type":"EntryPoint","urlTemplate":"https:\/\/www.article-marketing.eu\/comunicatistampa\/?s={search_term_string}"},"query-input":{"@type":"PropertyValueSpecification","valueRequired":true,"valueName":"search_term_string"}}],"inLanguage":"it-IT"},{"@type":"Person","@id":"https:\/\/www.article-marketing.eu\/comunicatistampa\/#\/schema\/person\/2fcaf8f8f3a9eef9eb7f27532d3ca458","name":"articolinews","image":{"@type":"ImageObject","inLanguage":"it-IT","@id":"https:\/\/secure.gravatar.com\/avatar\/9e2a264bab04e17dea24d937c9956304649a848cb73c46747a692ff1bdeb1cb7?s=96&d=mm&r=g","url":"https:\/\/secure.gravatar.com\/avatar\/9e2a264bab04e17dea24d937c9956304649a848cb73c46747a692ff1bdeb1cb7?s=96&d=mm&r=g","contentUrl":"https:\/\/secure.gravatar.com\/avatar\/9e2a264bab04e17dea24d937c9956304649a848cb73c46747a692ff1bdeb1cb7?s=96&d=mm&r=g","caption":"articolinews"},"url":"https:\/\/www.article-marketing.eu\/comunicatistampa\/author\/articolinews\/"}]}},"_links":{"self":[{"href":"https:\/\/www.article-marketing.eu\/comunicatistampa\/wp-json\/wp\/v2\/posts\/22066","targetHints":{"allow":["GET"]}}],"collection":[{"href":"https:\/\/www.article-marketing.eu\/comunicatistampa\/wp-json\/wp\/v2\/posts"}],"about":[{"href":"https:\/\/www.article-marketing.eu\/comunicatistampa\/wp-json\/wp\/v2\/types\/post"}],"author":[{"embeddable":true,"href":"https:\/\/www.article-marketing.eu\/comunicatistampa\/wp-json\/wp\/v2\/users\/6477"}],"replies":[{"embeddable":true,"href":"https:\/\/www.article-marketing.eu\/comunicatistampa\/wp-json\/wp\/v2\/comments?post=22066"}],"version-history":[{"count":3,"href":"https:\/\/www.article-marketing.eu\/comunicatistampa\/wp-json\/wp\/v2\/posts\/22066\/revisions"}],"predecessor-version":[{"id":22098,"href":"https:\/\/www.article-marketing.eu\/comunicatistampa\/wp-json\/wp\/v2\/posts\/22066\/revisions\/22098"}],"wp:attachment":[{"href":"https:\/\/www.article-marketing.eu\/comunicatistampa\/wp-json\/wp\/v2\/media?parent=22066"}],"wp:term":[{"taxonomy":"category","embeddable":true,"href":"https:\/\/www.article-marketing.eu\/comunicatistampa\/wp-json\/wp\/v2\/categories?post=22066"},{"taxonomy":"post_tag","embeddable":true,"href":"https:\/\/www.article-marketing.eu\/comunicatistampa\/wp-json\/wp\/v2\/tags?post=22066"}],"curies":[{"name":"wp","href":"https:\/\/api.w.org\/{rel}","templated":true}]}}