{"id":22076,"date":"2022-03-05T00:15:00","date_gmt":"2022-03-04T23:15:00","guid":{"rendered":"https:\/\/www.article-marketing.eu\/comunicatistampa\/?p=22076"},"modified":"2022-03-05T00:15:00","modified_gmt":"2022-03-04T23:15:00","slug":"valore-italia-andrea-mascetti-nuovo-componente-delladvisory-board","status":"publish","type":"post","link":"https:\/\/www.article-marketing.eu\/comunicatistampa\/valore-italia-andrea-mascetti-nuovo-componente-delladvisory-board\/","title":{"rendered":"Valore Italia, Andrea Mascetti nuovo componente dell\u2019Advisory Board"},"content":{"rendered":"<p><em><strong>L&#8217;Advisory Board di Valore Italia si arricchisce con l&#8217;ingresso di <a title=\"Andrea Mascetti - Business Post\" href=\"https:\/\/www.businesspost.eu\/tag\/andrea-mascetti\/\">Andrea Mascetti<\/a>, figura chiave di Fondazione Cariplo.<\/strong><\/em><\/p>\n<p><img loading=\"lazy\" decoding=\"async\" class=\"alignnone\" src=\"https:\/\/www.originalcontents.eu\/wp-content\/uploads\/2022\/02\/andrea-mascetti-300x200.jpg\" alt=\"Andrea Mascetti\" width=\"120\" height=\"200\" \/><\/p>\n<h2>Andrea Mascetti rinnova il suo impegno a sostegno della cultura<\/h2>\n<p>Valore Italia Impresa Sociale ha deciso di ampliare l&#8217;Advisory Board con la nomina di un nuovo membro. Si tratta di <strong>Andrea Mascetti<\/strong>, Coordinatore della Commissione Arte e Cultura di Fondazione Cariplo, nonch\u00e9 componente della Commissione Centrale di Beneficenza. L&#8217;avvocato metter\u00e0 a disposizione del Centro di Ricerca e Alta Formazione del Restauro esperienza e competenze acquisite in anni di impegno nel settore della cultura. Avviata nel 2019, Valore Italia nasce da un&#8217;iniziativa congiunta di Fondazione Enaip e Umana Forma. Lo scopo del progetto \u00e8 la creazione di un luogo dinamico e interdisciplinare, innovativo e sperimentale dedicato al restauro, alla conservazione e alla valorizzazione del patrimonio culturale. La formazione \u00e8 uno dei principali ambiti di intervento del Centro e il suo cuore pulsante \u00e8 rappresentato dalla Scuola di Restauro di Botticino, una delle pi\u00f9 antiche in Italia, che oggi porta avanti le sue attivit\u00e0 non pi\u00f9 nella storica sede di Brescia ma a Milano, dove a settembre inizier\u00e0 l&#8217;anno accademico 2022. Con l&#8217;ingresso di <strong>Andrea Mascetti<\/strong> il numero dei componenti dell&#8217;Advisory Board sale a otto. Tra i sostenitori del progetto anche Fondazione Cariplo, che condivide con Valore Italia l&#8217;importanza di creare nuove professionalit\u00e0 in un settore considerato strategico per il Belpaese.<\/p>\n<h2>Andrea Mascetti: il percorso professionale del nuovo componente dell&#8217;ADBO di Valore Italia<\/h2>\n<p>Avvocato, titolare dello Studio omonimo e bibliofilo, <strong>Andrea Mascetti<\/strong> nasce a Varese nel 1971. Laureato in Giurisprudenza all&#8217;Universit\u00e0 degli Studi di Milano, dopo un&#8217;importante esperienza presso lo Studio Legale Tributario associato a Ernst &amp; Young decide di mettersi in proprio e fondare lo Studio Mascetti. Oggi, dopo quasi 20 anni di attivit\u00e0 e numerosi riconoscimenti ottenuti, lo Studio con sede a Varese e a Milano \u00e8 una realt\u00e0 affermata e nota a livello nazionale. Esperto non solo di Diritto civile e amministrativo ma anche di Diritto dell&#8217;arte, negli anni <strong>Andrea Mascetti<\/strong> ha coltivato la sua passione per la cultura promuovendo diverse iniziative. Nel 2019 l&#8217;ingresso in Fondazione Cariplo, che lo nomina Coordinatore della Commissione Arte e Cultura e componente della Commissione Centrale di Beneficenza.<\/p>\n","protected":false},"excerpt":{"rendered":"<p>L&#8217;Advisory Board di Valore Italia si arricchisce con l&#8217;ingresso di Andrea Mascetti, figura chiave di Fondazione Cariplo. Andrea Mascetti rinnova il suo impegno a sostegno della cultura Valore Italia Impresa Sociale ha deciso di ampliare l&#8217;Advisory Board con la nomina di un nuovo membro. Si tratta di Andrea Mascetti, Coordinatore della Commissione Arte e Cultura di Fondazione Cariplo, nonch\u00e9 componente della Commissione Centrale di Beneficenza. L&#8217;avvocato metter\u00e0 a disposizione del<\/p>\n<p><a class=\"continue-reading\" href=\"https:\/\/www.article-marketing.eu\/comunicatistampa\/valore-italia-andrea-mascetti-nuovo-componente-delladvisory-board\/\">Continue reading&#8230;<\/a><\/p>\n","protected":false},"author":6477,"featured_media":0,"comment_status":"open","ping_status":"open","sticky":false,"template":"","format":"standard","meta":{"_monsterinsights_skip_tracking":false,"_monsterinsights_sitenote_active":false,"_monsterinsights_sitenote_note":"","_monsterinsights_sitenote_category":0,"footnotes":""},"categories":[390],"tags":[9120],"class_list":["post-22076","post","type-post","status-publish","format-standard","hentry","category-professionisti","tag-andrea-mascetti"],"yoast_head":"<!-- This site is optimized with the Yoast SEO plugin v27.3 - https:\/\/yoast.com\/product\/yoast-seo-wordpress\/ -->\n<title>Valore Italia, Andrea Mascetti nuovo componente dell\u2019Advisory Board<\/title>\n<meta name=\"robots\" content=\"index, follow, max-snippet:-1, max-image-preview:large, max-video-preview:-1\" \/>\n<link rel=\"canonical\" href=\"https:\/\/www.article-marketing.eu\/comunicatistampa\/valore-italia-andrea-mascetti-nuovo-componente-delladvisory-board\/\" \/>\n<meta property=\"og:locale\" content=\"it_IT\" \/>\n<meta property=\"og:type\" content=\"article\" \/>\n<meta property=\"og:title\" content=\"Valore Italia, Andrea Mascetti nuovo componente dell\u2019Advisory Board\" \/>\n<meta property=\"og:description\" content=\"L&#8217;Advisory Board di Valore Italia si arricchisce con l&#8217;ingresso di Andrea Mascetti, figura chiave di Fondazione Cariplo. Andrea Mascetti rinnova il suo impegno a sostegno della cultura Valore Italia Impresa Sociale ha deciso di ampliare l&#8217;Advisory Board con la nomina di un nuovo membro. Si tratta di Andrea Mascetti, Coordinatore della Commissione Arte e Cultura di Fondazione Cariplo, nonch\u00e9 componente della Commissione Centrale di Beneficenza. L&#8217;avvocato metter\u00e0 a disposizione delContinue reading...\" \/>\n<meta property=\"og:url\" content=\"https:\/\/www.article-marketing.eu\/comunicatistampa\/valore-italia-andrea-mascetti-nuovo-componente-delladvisory-board\/\" \/>\n<meta property=\"og:site_name\" content=\"Article Marketing\" \/>\n<meta property=\"article:published_time\" content=\"2022-03-04T23:15:00+00:00\" \/>\n<meta property=\"og:image\" content=\"https:\/\/www.originalcontents.eu\/wp-content\/uploads\/2022\/02\/andrea-mascetti-300x200.jpg\" \/>\n<meta name=\"author\" content=\"articolinews\" \/>\n<meta name=\"twitter:card\" content=\"summary_large_image\" \/>\n<meta name=\"twitter:label1\" content=\"Scritto da\" \/>\n\t<meta name=\"twitter:data1\" content=\"articolinews\" \/>\n\t<meta name=\"twitter:label2\" content=\"Tempo di lettura stimato\" \/>\n\t<meta name=\"twitter:data2\" content=\"2 minuti\" \/>\n<script type=\"application\/ld+json\" class=\"yoast-schema-graph\">{\"@context\":\"https:\\\/\\\/schema.org\",\"@graph\":[{\"@type\":\"Article\",\"@id\":\"https:\\\/\\\/www.article-marketing.eu\\\/comunicatistampa\\\/valore-italia-andrea-mascetti-nuovo-componente-delladvisory-board\\\/#article\",\"isPartOf\":{\"@id\":\"https:\\\/\\\/www.article-marketing.eu\\\/comunicatistampa\\\/valore-italia-andrea-mascetti-nuovo-componente-delladvisory-board\\\/\"},\"author\":{\"name\":\"articolinews\",\"@id\":\"https:\\\/\\\/www.article-marketing.eu\\\/comunicatistampa\\\/#\\\/schema\\\/person\\\/2fcaf8f8f3a9eef9eb7f27532d3ca458\"},\"headline\":\"Valore Italia, Andrea Mascetti nuovo componente dell\u2019Advisory Board\",\"datePublished\":\"2022-03-04T23:15:00+00:00\",\"mainEntityOfPage\":{\"@id\":\"https:\\\/\\\/www.article-marketing.eu\\\/comunicatistampa\\\/valore-italia-andrea-mascetti-nuovo-componente-delladvisory-board\\\/\"},\"wordCount\":362,\"commentCount\":0,\"image\":{\"@id\":\"https:\\\/\\\/www.article-marketing.eu\\\/comunicatistampa\\\/valore-italia-andrea-mascetti-nuovo-componente-delladvisory-board\\\/#primaryimage\"},\"thumbnailUrl\":\"https:\\\/\\\/www.originalcontents.eu\\\/wp-content\\\/uploads\\\/2022\\\/02\\\/andrea-mascetti-300x200.jpg\",\"keywords\":[\"Andrea Mascetti\"],\"articleSection\":[\"Professionisti\"],\"inLanguage\":\"it-IT\",\"potentialAction\":[{\"@type\":\"CommentAction\",\"name\":\"Comment\",\"target\":[\"https:\\\/\\\/www.article-marketing.eu\\\/comunicatistampa\\\/valore-italia-andrea-mascetti-nuovo-componente-delladvisory-board\\\/#respond\"]}]},{\"@type\":\"WebPage\",\"@id\":\"https:\\\/\\\/www.article-marketing.eu\\\/comunicatistampa\\\/valore-italia-andrea-mascetti-nuovo-componente-delladvisory-board\\\/\",\"url\":\"https:\\\/\\\/www.article-marketing.eu\\\/comunicatistampa\\\/valore-italia-andrea-mascetti-nuovo-componente-delladvisory-board\\\/\",\"name\":\"Valore Italia, Andrea Mascetti nuovo componente dell\u2019Advisory Board\",\"isPartOf\":{\"@id\":\"https:\\\/\\\/www.article-marketing.eu\\\/comunicatistampa\\\/#website\"},\"primaryImageOfPage\":{\"@id\":\"https:\\\/\\\/www.article-marketing.eu\\\/comunicatistampa\\\/valore-italia-andrea-mascetti-nuovo-componente-delladvisory-board\\\/#primaryimage\"},\"image\":{\"@id\":\"https:\\\/\\\/www.article-marketing.eu\\\/comunicatistampa\\\/valore-italia-andrea-mascetti-nuovo-componente-delladvisory-board\\\/#primaryimage\"},\"thumbnailUrl\":\"https:\\\/\\\/www.originalcontents.eu\\\/wp-content\\\/uploads\\\/2022\\\/02\\\/andrea-mascetti-300x200.jpg\",\"datePublished\":\"2022-03-04T23:15:00+00:00\",\"author\":{\"@id\":\"https:\\\/\\\/www.article-marketing.eu\\\/comunicatistampa\\\/#\\\/schema\\\/person\\\/2fcaf8f8f3a9eef9eb7f27532d3ca458\"},\"breadcrumb\":{\"@id\":\"https:\\\/\\\/www.article-marketing.eu\\\/comunicatistampa\\\/valore-italia-andrea-mascetti-nuovo-componente-delladvisory-board\\\/#breadcrumb\"},\"inLanguage\":\"it-IT\",\"potentialAction\":[{\"@type\":\"ReadAction\",\"target\":[\"https:\\\/\\\/www.article-marketing.eu\\\/comunicatistampa\\\/valore-italia-andrea-mascetti-nuovo-componente-delladvisory-board\\\/\"]}]},{\"@type\":\"ImageObject\",\"inLanguage\":\"it-IT\",\"@id\":\"https:\\\/\\\/www.article-marketing.eu\\\/comunicatistampa\\\/valore-italia-andrea-mascetti-nuovo-componente-delladvisory-board\\\/#primaryimage\",\"url\":\"https:\\\/\\\/www.originalcontents.eu\\\/wp-content\\\/uploads\\\/2022\\\/02\\\/andrea-mascetti-300x200.jpg\",\"contentUrl\":\"https:\\\/\\\/www.originalcontents.eu\\\/wp-content\\\/uploads\\\/2022\\\/02\\\/andrea-mascetti-300x200.jpg\"},{\"@type\":\"BreadcrumbList\",\"@id\":\"https:\\\/\\\/www.article-marketing.eu\\\/comunicatistampa\\\/valore-italia-andrea-mascetti-nuovo-componente-delladvisory-board\\\/#breadcrumb\",\"itemListElement\":[{\"@type\":\"ListItem\",\"position\":1,\"name\":\"Home\",\"item\":\"https:\\\/\\\/www.article-marketing.eu\\\/comunicatistampa\\\/\"},{\"@type\":\"ListItem\",\"position\":2,\"name\":\"Valore Italia, Andrea Mascetti nuovo componente dell\u2019Advisory Board\"}]},{\"@type\":\"WebSite\",\"@id\":\"https:\\\/\\\/www.article-marketing.eu\\\/comunicatistampa\\\/#website\",\"url\":\"https:\\\/\\\/www.article-marketing.eu\\\/comunicatistampa\\\/\",\"name\":\"Article Marketing\",\"description\":\"article marketing &amp; press release\",\"potentialAction\":[{\"@type\":\"SearchAction\",\"target\":{\"@type\":\"EntryPoint\",\"urlTemplate\":\"https:\\\/\\\/www.article-marketing.eu\\\/comunicatistampa\\\/?s={search_term_string}\"},\"query-input\":{\"@type\":\"PropertyValueSpecification\",\"valueRequired\":true,\"valueName\":\"search_term_string\"}}],\"inLanguage\":\"it-IT\"},{\"@type\":\"Person\",\"@id\":\"https:\\\/\\\/www.article-marketing.eu\\\/comunicatistampa\\\/#\\\/schema\\\/person\\\/2fcaf8f8f3a9eef9eb7f27532d3ca458\",\"name\":\"articolinews\",\"image\":{\"@type\":\"ImageObject\",\"inLanguage\":\"it-IT\",\"@id\":\"https:\\\/\\\/secure.gravatar.com\\\/avatar\\\/9e2a264bab04e17dea24d937c9956304649a848cb73c46747a692ff1bdeb1cb7?s=96&d=mm&r=g\",\"url\":\"https:\\\/\\\/secure.gravatar.com\\\/avatar\\\/9e2a264bab04e17dea24d937c9956304649a848cb73c46747a692ff1bdeb1cb7?s=96&d=mm&r=g\",\"contentUrl\":\"https:\\\/\\\/secure.gravatar.com\\\/avatar\\\/9e2a264bab04e17dea24d937c9956304649a848cb73c46747a692ff1bdeb1cb7?s=96&d=mm&r=g\",\"caption\":\"articolinews\"},\"url\":\"https:\\\/\\\/www.article-marketing.eu\\\/comunicatistampa\\\/author\\\/articolinews\\\/\"}]}<\/script>\n<!-- \/ Yoast SEO plugin. -->","yoast_head_json":{"title":"Valore Italia, Andrea Mascetti nuovo componente dell\u2019Advisory Board","robots":{"index":"index","follow":"follow","max-snippet":"max-snippet:-1","max-image-preview":"max-image-preview:large","max-video-preview":"max-video-preview:-1"},"canonical":"https:\/\/www.article-marketing.eu\/comunicatistampa\/valore-italia-andrea-mascetti-nuovo-componente-delladvisory-board\/","og_locale":"it_IT","og_type":"article","og_title":"Valore Italia, Andrea Mascetti nuovo componente dell\u2019Advisory Board","og_description":"L&#8217;Advisory Board di Valore Italia si arricchisce con l&#8217;ingresso di Andrea Mascetti, figura chiave di Fondazione Cariplo. Andrea Mascetti rinnova il suo impegno a sostegno della cultura Valore Italia Impresa Sociale ha deciso di ampliare l&#8217;Advisory Board con la nomina di un nuovo membro. Si tratta di Andrea Mascetti, Coordinatore della Commissione Arte e Cultura di Fondazione Cariplo, nonch\u00e9 componente della Commissione Centrale di Beneficenza. L&#8217;avvocato metter\u00e0 a disposizione delContinue reading...","og_url":"https:\/\/www.article-marketing.eu\/comunicatistampa\/valore-italia-andrea-mascetti-nuovo-componente-delladvisory-board\/","og_site_name":"Article Marketing","article_published_time":"2022-03-04T23:15:00+00:00","og_image":[{"url":"https:\/\/www.originalcontents.eu\/wp-content\/uploads\/2022\/02\/andrea-mascetti-300x200.jpg","type":"","width":"","height":""}],"author":"articolinews","twitter_card":"summary_large_image","twitter_misc":{"Scritto da":"articolinews","Tempo di lettura stimato":"2 minuti"},"schema":{"@context":"https:\/\/schema.org","@graph":[{"@type":"Article","@id":"https:\/\/www.article-marketing.eu\/comunicatistampa\/valore-italia-andrea-mascetti-nuovo-componente-delladvisory-board\/#article","isPartOf":{"@id":"https:\/\/www.article-marketing.eu\/comunicatistampa\/valore-italia-andrea-mascetti-nuovo-componente-delladvisory-board\/"},"author":{"name":"articolinews","@id":"https:\/\/www.article-marketing.eu\/comunicatistampa\/#\/schema\/person\/2fcaf8f8f3a9eef9eb7f27532d3ca458"},"headline":"Valore Italia, Andrea Mascetti nuovo componente dell\u2019Advisory Board","datePublished":"2022-03-04T23:15:00+00:00","mainEntityOfPage":{"@id":"https:\/\/www.article-marketing.eu\/comunicatistampa\/valore-italia-andrea-mascetti-nuovo-componente-delladvisory-board\/"},"wordCount":362,"commentCount":0,"image":{"@id":"https:\/\/www.article-marketing.eu\/comunicatistampa\/valore-italia-andrea-mascetti-nuovo-componente-delladvisory-board\/#primaryimage"},"thumbnailUrl":"https:\/\/www.originalcontents.eu\/wp-content\/uploads\/2022\/02\/andrea-mascetti-300x200.jpg","keywords":["Andrea Mascetti"],"articleSection":["Professionisti"],"inLanguage":"it-IT","potentialAction":[{"@type":"CommentAction","name":"Comment","target":["https:\/\/www.article-marketing.eu\/comunicatistampa\/valore-italia-andrea-mascetti-nuovo-componente-delladvisory-board\/#respond"]}]},{"@type":"WebPage","@id":"https:\/\/www.article-marketing.eu\/comunicatistampa\/valore-italia-andrea-mascetti-nuovo-componente-delladvisory-board\/","url":"https:\/\/www.article-marketing.eu\/comunicatistampa\/valore-italia-andrea-mascetti-nuovo-componente-delladvisory-board\/","name":"Valore Italia, Andrea Mascetti nuovo componente dell\u2019Advisory Board","isPartOf":{"@id":"https:\/\/www.article-marketing.eu\/comunicatistampa\/#website"},"primaryImageOfPage":{"@id":"https:\/\/www.article-marketing.eu\/comunicatistampa\/valore-italia-andrea-mascetti-nuovo-componente-delladvisory-board\/#primaryimage"},"image":{"@id":"https:\/\/www.article-marketing.eu\/comunicatistampa\/valore-italia-andrea-mascetti-nuovo-componente-delladvisory-board\/#primaryimage"},"thumbnailUrl":"https:\/\/www.originalcontents.eu\/wp-content\/uploads\/2022\/02\/andrea-mascetti-300x200.jpg","datePublished":"2022-03-04T23:15:00+00:00","author":{"@id":"https:\/\/www.article-marketing.eu\/comunicatistampa\/#\/schema\/person\/2fcaf8f8f3a9eef9eb7f27532d3ca458"},"breadcrumb":{"@id":"https:\/\/www.article-marketing.eu\/comunicatistampa\/valore-italia-andrea-mascetti-nuovo-componente-delladvisory-board\/#breadcrumb"},"inLanguage":"it-IT","potentialAction":[{"@type":"ReadAction","target":["https:\/\/www.article-marketing.eu\/comunicatistampa\/valore-italia-andrea-mascetti-nuovo-componente-delladvisory-board\/"]}]},{"@type":"ImageObject","inLanguage":"it-IT","@id":"https:\/\/www.article-marketing.eu\/comunicatistampa\/valore-italia-andrea-mascetti-nuovo-componente-delladvisory-board\/#primaryimage","url":"https:\/\/www.originalcontents.eu\/wp-content\/uploads\/2022\/02\/andrea-mascetti-300x200.jpg","contentUrl":"https:\/\/www.originalcontents.eu\/wp-content\/uploads\/2022\/02\/andrea-mascetti-300x200.jpg"},{"@type":"BreadcrumbList","@id":"https:\/\/www.article-marketing.eu\/comunicatistampa\/valore-italia-andrea-mascetti-nuovo-componente-delladvisory-board\/#breadcrumb","itemListElement":[{"@type":"ListItem","position":1,"name":"Home","item":"https:\/\/www.article-marketing.eu\/comunicatistampa\/"},{"@type":"ListItem","position":2,"name":"Valore Italia, Andrea Mascetti nuovo componente dell\u2019Advisory Board"}]},{"@type":"WebSite","@id":"https:\/\/www.article-marketing.eu\/comunicatistampa\/#website","url":"https:\/\/www.article-marketing.eu\/comunicatistampa\/","name":"Article Marketing","description":"article marketing &amp; press release","potentialAction":[{"@type":"SearchAction","target":{"@type":"EntryPoint","urlTemplate":"https:\/\/www.article-marketing.eu\/comunicatistampa\/?s={search_term_string}"},"query-input":{"@type":"PropertyValueSpecification","valueRequired":true,"valueName":"search_term_string"}}],"inLanguage":"it-IT"},{"@type":"Person","@id":"https:\/\/www.article-marketing.eu\/comunicatistampa\/#\/schema\/person\/2fcaf8f8f3a9eef9eb7f27532d3ca458","name":"articolinews","image":{"@type":"ImageObject","inLanguage":"it-IT","@id":"https:\/\/secure.gravatar.com\/avatar\/9e2a264bab04e17dea24d937c9956304649a848cb73c46747a692ff1bdeb1cb7?s=96&d=mm&r=g","url":"https:\/\/secure.gravatar.com\/avatar\/9e2a264bab04e17dea24d937c9956304649a848cb73c46747a692ff1bdeb1cb7?s=96&d=mm&r=g","contentUrl":"https:\/\/secure.gravatar.com\/avatar\/9e2a264bab04e17dea24d937c9956304649a848cb73c46747a692ff1bdeb1cb7?s=96&d=mm&r=g","caption":"articolinews"},"url":"https:\/\/www.article-marketing.eu\/comunicatistampa\/author\/articolinews\/"}]}},"_links":{"self":[{"href":"https:\/\/www.article-marketing.eu\/comunicatistampa\/wp-json\/wp\/v2\/posts\/22076","targetHints":{"allow":["GET"]}}],"collection":[{"href":"https:\/\/www.article-marketing.eu\/comunicatistampa\/wp-json\/wp\/v2\/posts"}],"about":[{"href":"https:\/\/www.article-marketing.eu\/comunicatistampa\/wp-json\/wp\/v2\/types\/post"}],"author":[{"embeddable":true,"href":"https:\/\/www.article-marketing.eu\/comunicatistampa\/wp-json\/wp\/v2\/users\/6477"}],"replies":[{"embeddable":true,"href":"https:\/\/www.article-marketing.eu\/comunicatistampa\/wp-json\/wp\/v2\/comments?post=22076"}],"version-history":[{"count":3,"href":"https:\/\/www.article-marketing.eu\/comunicatistampa\/wp-json\/wp\/v2\/posts\/22076\/revisions"}],"predecessor-version":[{"id":22106,"href":"https:\/\/www.article-marketing.eu\/comunicatistampa\/wp-json\/wp\/v2\/posts\/22076\/revisions\/22106"}],"wp:attachment":[{"href":"https:\/\/www.article-marketing.eu\/comunicatistampa\/wp-json\/wp\/v2\/media?parent=22076"}],"wp:term":[{"taxonomy":"category","embeddable":true,"href":"https:\/\/www.article-marketing.eu\/comunicatistampa\/wp-json\/wp\/v2\/categories?post=22076"},{"taxonomy":"post_tag","embeddable":true,"href":"https:\/\/www.article-marketing.eu\/comunicatistampa\/wp-json\/wp\/v2\/tags?post=22076"}],"curies":[{"name":"wp","href":"https:\/\/api.w.org\/{rel}","templated":true}]}}