{"id":22081,"date":"2022-03-05T00:15:32","date_gmt":"2022-03-04T23:15:32","guid":{"rendered":"https:\/\/www.article-marketing.eu\/comunicatistampa\/?p=22081"},"modified":"2022-03-05T00:15:32","modified_gmt":"2022-03-04T23:15:32","slug":"avisini-che-spettacolo-arriva-il-contest-per-donatori-talentuosi-organizzato-da-avis-regionale-lombardia-con-il-patrocinio-e-contributo-di-regione-lombardia","status":"publish","type":"post","link":"https:\/\/www.article-marketing.eu\/comunicatistampa\/avisini-che-spettacolo-arriva-il-contest-per-donatori-talentuosi-organizzato-da-avis-regionale-lombardia-con-il-patrocinio-e-contributo-di-regione-lombardia\/","title":{"rendered":"\u201cAVISINI CHE SPETTACOLO!\u201d Arriva il contest per donatori talentuosi organizzato da Avis Regionale Lombardia con il patrocinio e contributo di Regione Lombardia"},"content":{"rendered":"<p>Cantanti, ballerini e attori, ma soprattutto <strong>donatori<\/strong>: vietato prendere impegni per <strong>sabato 7 maggio 2022<\/strong>! Arriva <strong>\u201cAVISINI che spettacolo!\u201d<\/strong>, il contest organizzato da <strong>Avis Regionale Lombardia<\/strong>, con il patrocinio e il contributo di <strong>Regione<\/strong> <strong>Lombardia<\/strong>, nell\u2019ambito della <em>Civil Week<\/em> <em>2022<\/em>, la settimana meneghina dedicata alle iniziative volte a incentivare la cittadinanza attiva del territorio: i <strong>donatori lombardi<\/strong>, gi\u00e0 <strong>soci Avis <\/strong>o aspiranti tali (coloro che hanno effettuato la <strong>visita di controllo per diventare donatori<\/strong>) di et\u00e0 compresa <strong>tra i 18 e i 35 anni<\/strong>, potranno partecipare a un contest che vedr\u00e0 la selezione, da parte di una giuria \u201cstellare\u201d, di<strong> 12 talenti nel canto, ballo o recitazione<\/strong>. La giuria sar\u00e0 infatti composta da volti noti e di rilievo nel campo dell\u2019intrattenimento e dell\u2019arte, nomi di richiamo nazionale che verranno svelati nelle prossime settimane.<\/p>\n<p>&nbsp;<\/p>\n<p>In palio per i tre partecipanti che verranno giudicati migliori nel corso dell\u2019<strong>evento conclusivo del 7 maggio<\/strong> \u2013 che sar\u00e0 aperto al pubblico e si terr\u00e0 in <strong>Piazza Citt\u00e0 di Lombardia, Milano<\/strong> e in diretta <em>streaming<\/em> sui <strong>canali ufficiali di Avis Regionale Lombardia<\/strong> \u2013 premi in buoni acquisto \u201c<em>Ticket Compliments\u201d<\/em>, accettati in 13.000 supermercati e alimentari in tutta Italia, rispettivamente del valore di: 1.000,00 euro (1\u00b0 classificato), 800,00 euro (2\u00b0 classificato) e 500,00 euro (3\u00b0 classificato).<\/p>\n<p>&nbsp;<\/p>\n<p><em>\u201cL\u2019iniziativa <\/em>\u2013 spiega <strong>Oscar Bianchi, presidente di Avis Regionale Lombardia <\/strong>\u2013\u00a0<em>\u00e8 stata pensata per tutti i cittadini della Regione, con un focus particolare su quella fascia d\u2019et\u00e0 che ha maggiormente risentito dell\u2019impatto del lockdown e dell\u2019avvento della pandemia, facendone collidere la riattivazione agli interessi di ripresa del terzo settore. La comunit\u00e0 di donatori che compone la famiglia di Avis Regionale Lombardia \u00e8 una comunit\u00e0 forte, ormai stabile e con un accentuato senso civico. Siamo ben felici di incentivare queste iniziative territoriali di ripresa. Qui quello che stiamo maneggiando \u2013 e dobbiamo farlo con tutta la cura e le attenzioni che richiede il caso \u2013 \u00e8 un vero e proprio reset di ripartenza per i giovani e per Milano, i quali finalmente tornano a respirare dopo una lunga apnea pandemica\u201d.<\/em><\/p>\n<p><em>\u00a0<\/em><\/p>\n<p><em>\u201cRegione Lombardia \u00e8 orgogliosa di sostenere Avis Regionale Lombardia e le loro attivit\u00e0 <\/em>\u2013 dichiara <strong>Stefano Bolognini, Assessore Regionale allo Sviluppo Citt\u00e0 Metropolitana, Giovani e Comunicazione<\/strong> \u2013<em>, specialmente quelle in cui i giovani sono protagonisti. Si tratta di una bella iniziativa che punta a coinvolgere i nostri ragazzi e li spinge a \u2018partecipare\u2019. Gi\u00e0 sappiamo quanto le nuove generazioni di lombardi siano impegnate in attivit\u00e0 di volontariato e di aiuto nei confronti del prossimo ed \u00e8 importante valorizzare sempre di pi\u00f9 questa grande ricchezza, unendola a iniziative come questa che possono anche aiutarle a \u2018ripartire\u2019 dopo la pandemia. Regione Lombardia \u00e8 al loro fianco e crede nei suoi giovani, nelle loro capacit\u00e0, creativit\u00e0, voglia di fare. Questa sar\u00e0 per loro senz\u2019altro l\u2019occasione giusta per \u2018mettersi alla prova\u2019\u201d. <\/em><\/p>\n<p><em>\u00a0<\/em><\/p>\n<p>L\u2019iscrizione al concorso \u00e8 <strong>completamente gratuita<\/strong>: baster\u00e0 infatti compilare questo <a href=\"https:\/\/forms.gle\/aEmsEZQPzSPL7P438\">google form<\/a> entro e non oltre il <strong>10 aprile 2022<\/strong> alle ore 23:59. Per maggiori informazioni sulle modalit\u00e0 di iscrizione e di partecipazione al contest: https:\/\/avislombardia.it\/.<\/p>\n","protected":false},"excerpt":{"rendered":"<p>Cantanti, ballerini e attori, ma soprattutto donatori: vietato prendere impegni per sabato 7 maggio 2022! Arriva \u201cAVISINI che spettacolo!\u201d, il contest organizzato da Avis Regionale Lombardia, con il patrocinio e il contributo di Regione Lombardia, nell\u2019ambito della Civil Week 2022, la settimana meneghina dedicata alle iniziative volte a incentivare la cittadinanza attiva del territorio: i donatori lombardi, gi\u00e0 soci Avis o aspiranti tali (coloro che hanno effettuato la visita di<\/p>\n<p><a class=\"continue-reading\" href=\"https:\/\/www.article-marketing.eu\/comunicatistampa\/avisini-che-spettacolo-arriva-il-contest-per-donatori-talentuosi-organizzato-da-avis-regionale-lombardia-con-il-patrocinio-e-contributo-di-regione-lombardia\/\">Continue reading&#8230;<\/a><\/p>\n","protected":false},"author":1855,"featured_media":0,"comment_status":"open","ping_status":"open","sticky":false,"template":"","format":"standard","meta":{"_monsterinsights_skip_tracking":false,"_monsterinsights_sitenote_active":false,"_monsterinsights_sitenote_note":"","_monsterinsights_sitenote_category":0,"footnotes":""},"categories":[78],"tags":[9294,9293,994,4383,9295],"class_list":["post-22081","post","type-post","status-publish","format-standard","hentry","category-comunicati-stampa","tag-avis-regionale-lombardia","tag-avisini","tag-contest","tag-spettacolo","tag-talent"],"yoast_head":"<!-- This site is optimized with the Yoast SEO plugin v27.3 - https:\/\/yoast.com\/product\/yoast-seo-wordpress\/ -->\n<title>\u201cAVISINI CHE SPETTACOLO!\u201d Arriva il contest per donatori talentuosi organizzato da Avis Regionale Lombardia con il patrocinio e contributo di Regione Lombardia - Article Marketing<\/title>\n<meta name=\"robots\" content=\"index, follow, max-snippet:-1, max-image-preview:large, max-video-preview:-1\" \/>\n<link rel=\"canonical\" href=\"https:\/\/www.article-marketing.eu\/comunicatistampa\/avisini-che-spettacolo-arriva-il-contest-per-donatori-talentuosi-organizzato-da-avis-regionale-lombardia-con-il-patrocinio-e-contributo-di-regione-lombardia\/\" \/>\n<meta property=\"og:locale\" content=\"it_IT\" \/>\n<meta property=\"og:type\" content=\"article\" \/>\n<meta property=\"og:title\" content=\"\u201cAVISINI CHE SPETTACOLO!\u201d Arriva il contest per donatori talentuosi organizzato da Avis Regionale Lombardia con il patrocinio e contributo di Regione Lombardia - Article Marketing\" \/>\n<meta property=\"og:description\" content=\"Cantanti, ballerini e attori, ma soprattutto donatori: vietato prendere impegni per sabato 7 maggio 2022! Arriva \u201cAVISINI che spettacolo!\u201d, il contest organizzato da Avis Regionale Lombardia, con il patrocinio e il contributo di Regione Lombardia, nell\u2019ambito della Civil Week 2022, la settimana meneghina dedicata alle iniziative volte a incentivare la cittadinanza attiva del territorio: i donatori lombardi, gi\u00e0 soci Avis o aspiranti tali (coloro che hanno effettuato la visita diContinue reading...\" \/>\n<meta property=\"og:url\" content=\"https:\/\/www.article-marketing.eu\/comunicatistampa\/avisini-che-spettacolo-arriva-il-contest-per-donatori-talentuosi-organizzato-da-avis-regionale-lombardia-con-il-patrocinio-e-contributo-di-regione-lombardia\/\" \/>\n<meta property=\"og:site_name\" content=\"Article Marketing\" \/>\n<meta property=\"article:published_time\" content=\"2022-03-04T23:15:32+00:00\" \/>\n<meta name=\"author\" content=\"Redaclem\" \/>\n<meta name=\"twitter:card\" content=\"summary_large_image\" \/>\n<meta name=\"twitter:label1\" content=\"Scritto da\" \/>\n\t<meta name=\"twitter:data1\" content=\"Redaclem\" \/>\n\t<meta name=\"twitter:label2\" content=\"Tempo di lettura stimato\" \/>\n\t<meta name=\"twitter:data2\" content=\"2 minuti\" \/>\n<script type=\"application\/ld+json\" class=\"yoast-schema-graph\">{\"@context\":\"https:\\\/\\\/schema.org\",\"@graph\":[{\"@type\":\"Article\",\"@id\":\"https:\\\/\\\/www.article-marketing.eu\\\/comunicatistampa\\\/avisini-che-spettacolo-arriva-il-contest-per-donatori-talentuosi-organizzato-da-avis-regionale-lombardia-con-il-patrocinio-e-contributo-di-regione-lombardia\\\/#article\",\"isPartOf\":{\"@id\":\"https:\\\/\\\/www.article-marketing.eu\\\/comunicatistampa\\\/avisini-che-spettacolo-arriva-il-contest-per-donatori-talentuosi-organizzato-da-avis-regionale-lombardia-con-il-patrocinio-e-contributo-di-regione-lombardia\\\/\"},\"author\":{\"name\":\"Redaclem\",\"@id\":\"https:\\\/\\\/www.article-marketing.eu\\\/comunicatistampa\\\/#\\\/schema\\\/person\\\/c0aa725eee5df8460e0adf901fde0c88\"},\"headline\":\"\u201cAVISINI CHE SPETTACOLO!\u201d Arriva il contest per donatori talentuosi organizzato da Avis Regionale Lombardia con il patrocinio e contributo di Regione Lombardia\",\"datePublished\":\"2022-03-04T23:15:32+00:00\",\"mainEntityOfPage\":{\"@id\":\"https:\\\/\\\/www.article-marketing.eu\\\/comunicatistampa\\\/avisini-che-spettacolo-arriva-il-contest-per-donatori-talentuosi-organizzato-da-avis-regionale-lombardia-con-il-patrocinio-e-contributo-di-regione-lombardia\\\/\"},\"wordCount\":507,\"commentCount\":0,\"keywords\":[\"avis regionale lombardia\",\"avisini\",\"Contest\",\"spettacolo\",\"talent\"],\"articleSection\":[\"Comunicati stampa\"],\"inLanguage\":\"it-IT\",\"potentialAction\":[{\"@type\":\"CommentAction\",\"name\":\"Comment\",\"target\":[\"https:\\\/\\\/www.article-marketing.eu\\\/comunicatistampa\\\/avisini-che-spettacolo-arriva-il-contest-per-donatori-talentuosi-organizzato-da-avis-regionale-lombardia-con-il-patrocinio-e-contributo-di-regione-lombardia\\\/#respond\"]}]},{\"@type\":\"WebPage\",\"@id\":\"https:\\\/\\\/www.article-marketing.eu\\\/comunicatistampa\\\/avisini-che-spettacolo-arriva-il-contest-per-donatori-talentuosi-organizzato-da-avis-regionale-lombardia-con-il-patrocinio-e-contributo-di-regione-lombardia\\\/\",\"url\":\"https:\\\/\\\/www.article-marketing.eu\\\/comunicatistampa\\\/avisini-che-spettacolo-arriva-il-contest-per-donatori-talentuosi-organizzato-da-avis-regionale-lombardia-con-il-patrocinio-e-contributo-di-regione-lombardia\\\/\",\"name\":\"\u201cAVISINI CHE SPETTACOLO!\u201d Arriva il contest per donatori talentuosi organizzato da Avis Regionale Lombardia con il patrocinio e contributo di Regione Lombardia - Article Marketing\",\"isPartOf\":{\"@id\":\"https:\\\/\\\/www.article-marketing.eu\\\/comunicatistampa\\\/#website\"},\"datePublished\":\"2022-03-04T23:15:32+00:00\",\"author\":{\"@id\":\"https:\\\/\\\/www.article-marketing.eu\\\/comunicatistampa\\\/#\\\/schema\\\/person\\\/c0aa725eee5df8460e0adf901fde0c88\"},\"breadcrumb\":{\"@id\":\"https:\\\/\\\/www.article-marketing.eu\\\/comunicatistampa\\\/avisini-che-spettacolo-arriva-il-contest-per-donatori-talentuosi-organizzato-da-avis-regionale-lombardia-con-il-patrocinio-e-contributo-di-regione-lombardia\\\/#breadcrumb\"},\"inLanguage\":\"it-IT\",\"potentialAction\":[{\"@type\":\"ReadAction\",\"target\":[\"https:\\\/\\\/www.article-marketing.eu\\\/comunicatistampa\\\/avisini-che-spettacolo-arriva-il-contest-per-donatori-talentuosi-organizzato-da-avis-regionale-lombardia-con-il-patrocinio-e-contributo-di-regione-lombardia\\\/\"]}]},{\"@type\":\"BreadcrumbList\",\"@id\":\"https:\\\/\\\/www.article-marketing.eu\\\/comunicatistampa\\\/avisini-che-spettacolo-arriva-il-contest-per-donatori-talentuosi-organizzato-da-avis-regionale-lombardia-con-il-patrocinio-e-contributo-di-regione-lombardia\\\/#breadcrumb\",\"itemListElement\":[{\"@type\":\"ListItem\",\"position\":1,\"name\":\"Home\",\"item\":\"https:\\\/\\\/www.article-marketing.eu\\\/comunicatistampa\\\/\"},{\"@type\":\"ListItem\",\"position\":2,\"name\":\"\u201cAVISINI CHE SPETTACOLO!\u201d Arriva il contest per donatori talentuosi organizzato da Avis Regionale Lombardia con il patrocinio e contributo di Regione Lombardia\"}]},{\"@type\":\"WebSite\",\"@id\":\"https:\\\/\\\/www.article-marketing.eu\\\/comunicatistampa\\\/#website\",\"url\":\"https:\\\/\\\/www.article-marketing.eu\\\/comunicatistampa\\\/\",\"name\":\"Article Marketing\",\"description\":\"article marketing &amp; press release\",\"potentialAction\":[{\"@type\":\"SearchAction\",\"target\":{\"@type\":\"EntryPoint\",\"urlTemplate\":\"https:\\\/\\\/www.article-marketing.eu\\\/comunicatistampa\\\/?s={search_term_string}\"},\"query-input\":{\"@type\":\"PropertyValueSpecification\",\"valueRequired\":true,\"valueName\":\"search_term_string\"}}],\"inLanguage\":\"it-IT\"},{\"@type\":\"Person\",\"@id\":\"https:\\\/\\\/www.article-marketing.eu\\\/comunicatistampa\\\/#\\\/schema\\\/person\\\/c0aa725eee5df8460e0adf901fde0c88\",\"name\":\"Redaclem\",\"image\":{\"@type\":\"ImageObject\",\"inLanguage\":\"it-IT\",\"@id\":\"https:\\\/\\\/secure.gravatar.com\\\/avatar\\\/4c7e41f332a0583344a91d7d39723533da9b2d0df7737c2d8c69553168c2191e?s=96&d=mm&r=g\",\"url\":\"https:\\\/\\\/secure.gravatar.com\\\/avatar\\\/4c7e41f332a0583344a91d7d39723533da9b2d0df7737c2d8c69553168c2191e?s=96&d=mm&r=g\",\"contentUrl\":\"https:\\\/\\\/secure.gravatar.com\\\/avatar\\\/4c7e41f332a0583344a91d7d39723533da9b2d0df7737c2d8c69553168c2191e?s=96&d=mm&r=g\",\"caption\":\"Redaclem\"},\"url\":\"https:\\\/\\\/www.article-marketing.eu\\\/comunicatistampa\\\/author\\\/redaclem\\\/\"}]}<\/script>\n<!-- \/ Yoast SEO plugin. -->","yoast_head_json":{"title":"\u201cAVISINI CHE SPETTACOLO!\u201d Arriva il contest per donatori talentuosi organizzato da Avis Regionale Lombardia con il patrocinio e contributo di Regione Lombardia - Article Marketing","robots":{"index":"index","follow":"follow","max-snippet":"max-snippet:-1","max-image-preview":"max-image-preview:large","max-video-preview":"max-video-preview:-1"},"canonical":"https:\/\/www.article-marketing.eu\/comunicatistampa\/avisini-che-spettacolo-arriva-il-contest-per-donatori-talentuosi-organizzato-da-avis-regionale-lombardia-con-il-patrocinio-e-contributo-di-regione-lombardia\/","og_locale":"it_IT","og_type":"article","og_title":"\u201cAVISINI CHE SPETTACOLO!\u201d Arriva il contest per donatori talentuosi organizzato da Avis Regionale Lombardia con il patrocinio e contributo di Regione Lombardia - Article Marketing","og_description":"Cantanti, ballerini e attori, ma soprattutto donatori: vietato prendere impegni per sabato 7 maggio 2022! Arriva \u201cAVISINI che spettacolo!\u201d, il contest organizzato da Avis Regionale Lombardia, con il patrocinio e il contributo di Regione Lombardia, nell\u2019ambito della Civil Week 2022, la settimana meneghina dedicata alle iniziative volte a incentivare la cittadinanza attiva del territorio: i donatori lombardi, gi\u00e0 soci Avis o aspiranti tali (coloro che hanno effettuato la visita diContinue reading...","og_url":"https:\/\/www.article-marketing.eu\/comunicatistampa\/avisini-che-spettacolo-arriva-il-contest-per-donatori-talentuosi-organizzato-da-avis-regionale-lombardia-con-il-patrocinio-e-contributo-di-regione-lombardia\/","og_site_name":"Article Marketing","article_published_time":"2022-03-04T23:15:32+00:00","author":"Redaclem","twitter_card":"summary_large_image","twitter_misc":{"Scritto da":"Redaclem","Tempo di lettura stimato":"2 minuti"},"schema":{"@context":"https:\/\/schema.org","@graph":[{"@type":"Article","@id":"https:\/\/www.article-marketing.eu\/comunicatistampa\/avisini-che-spettacolo-arriva-il-contest-per-donatori-talentuosi-organizzato-da-avis-regionale-lombardia-con-il-patrocinio-e-contributo-di-regione-lombardia\/#article","isPartOf":{"@id":"https:\/\/www.article-marketing.eu\/comunicatistampa\/avisini-che-spettacolo-arriva-il-contest-per-donatori-talentuosi-organizzato-da-avis-regionale-lombardia-con-il-patrocinio-e-contributo-di-regione-lombardia\/"},"author":{"name":"Redaclem","@id":"https:\/\/www.article-marketing.eu\/comunicatistampa\/#\/schema\/person\/c0aa725eee5df8460e0adf901fde0c88"},"headline":"\u201cAVISINI CHE SPETTACOLO!\u201d Arriva il contest per donatori talentuosi organizzato da Avis Regionale Lombardia con il patrocinio e contributo di Regione Lombardia","datePublished":"2022-03-04T23:15:32+00:00","mainEntityOfPage":{"@id":"https:\/\/www.article-marketing.eu\/comunicatistampa\/avisini-che-spettacolo-arriva-il-contest-per-donatori-talentuosi-organizzato-da-avis-regionale-lombardia-con-il-patrocinio-e-contributo-di-regione-lombardia\/"},"wordCount":507,"commentCount":0,"keywords":["avis regionale lombardia","avisini","Contest","spettacolo","talent"],"articleSection":["Comunicati stampa"],"inLanguage":"it-IT","potentialAction":[{"@type":"CommentAction","name":"Comment","target":["https:\/\/www.article-marketing.eu\/comunicatistampa\/avisini-che-spettacolo-arriva-il-contest-per-donatori-talentuosi-organizzato-da-avis-regionale-lombardia-con-il-patrocinio-e-contributo-di-regione-lombardia\/#respond"]}]},{"@type":"WebPage","@id":"https:\/\/www.article-marketing.eu\/comunicatistampa\/avisini-che-spettacolo-arriva-il-contest-per-donatori-talentuosi-organizzato-da-avis-regionale-lombardia-con-il-patrocinio-e-contributo-di-regione-lombardia\/","url":"https:\/\/www.article-marketing.eu\/comunicatistampa\/avisini-che-spettacolo-arriva-il-contest-per-donatori-talentuosi-organizzato-da-avis-regionale-lombardia-con-il-patrocinio-e-contributo-di-regione-lombardia\/","name":"\u201cAVISINI CHE SPETTACOLO!\u201d Arriva il contest per donatori talentuosi organizzato da Avis Regionale Lombardia con il patrocinio e contributo di Regione Lombardia - Article Marketing","isPartOf":{"@id":"https:\/\/www.article-marketing.eu\/comunicatistampa\/#website"},"datePublished":"2022-03-04T23:15:32+00:00","author":{"@id":"https:\/\/www.article-marketing.eu\/comunicatistampa\/#\/schema\/person\/c0aa725eee5df8460e0adf901fde0c88"},"breadcrumb":{"@id":"https:\/\/www.article-marketing.eu\/comunicatistampa\/avisini-che-spettacolo-arriva-il-contest-per-donatori-talentuosi-organizzato-da-avis-regionale-lombardia-con-il-patrocinio-e-contributo-di-regione-lombardia\/#breadcrumb"},"inLanguage":"it-IT","potentialAction":[{"@type":"ReadAction","target":["https:\/\/www.article-marketing.eu\/comunicatistampa\/avisini-che-spettacolo-arriva-il-contest-per-donatori-talentuosi-organizzato-da-avis-regionale-lombardia-con-il-patrocinio-e-contributo-di-regione-lombardia\/"]}]},{"@type":"BreadcrumbList","@id":"https:\/\/www.article-marketing.eu\/comunicatistampa\/avisini-che-spettacolo-arriva-il-contest-per-donatori-talentuosi-organizzato-da-avis-regionale-lombardia-con-il-patrocinio-e-contributo-di-regione-lombardia\/#breadcrumb","itemListElement":[{"@type":"ListItem","position":1,"name":"Home","item":"https:\/\/www.article-marketing.eu\/comunicatistampa\/"},{"@type":"ListItem","position":2,"name":"\u201cAVISINI CHE SPETTACOLO!\u201d Arriva il contest per donatori talentuosi organizzato da Avis Regionale Lombardia con il patrocinio e contributo di Regione Lombardia"}]},{"@type":"WebSite","@id":"https:\/\/www.article-marketing.eu\/comunicatistampa\/#website","url":"https:\/\/www.article-marketing.eu\/comunicatistampa\/","name":"Article Marketing","description":"article marketing &amp; press release","potentialAction":[{"@type":"SearchAction","target":{"@type":"EntryPoint","urlTemplate":"https:\/\/www.article-marketing.eu\/comunicatistampa\/?s={search_term_string}"},"query-input":{"@type":"PropertyValueSpecification","valueRequired":true,"valueName":"search_term_string"}}],"inLanguage":"it-IT"},{"@type":"Person","@id":"https:\/\/www.article-marketing.eu\/comunicatistampa\/#\/schema\/person\/c0aa725eee5df8460e0adf901fde0c88","name":"Redaclem","image":{"@type":"ImageObject","inLanguage":"it-IT","@id":"https:\/\/secure.gravatar.com\/avatar\/4c7e41f332a0583344a91d7d39723533da9b2d0df7737c2d8c69553168c2191e?s=96&d=mm&r=g","url":"https:\/\/secure.gravatar.com\/avatar\/4c7e41f332a0583344a91d7d39723533da9b2d0df7737c2d8c69553168c2191e?s=96&d=mm&r=g","contentUrl":"https:\/\/secure.gravatar.com\/avatar\/4c7e41f332a0583344a91d7d39723533da9b2d0df7737c2d8c69553168c2191e?s=96&d=mm&r=g","caption":"Redaclem"},"url":"https:\/\/www.article-marketing.eu\/comunicatistampa\/author\/redaclem\/"}]}},"_links":{"self":[{"href":"https:\/\/www.article-marketing.eu\/comunicatistampa\/wp-json\/wp\/v2\/posts\/22081","targetHints":{"allow":["GET"]}}],"collection":[{"href":"https:\/\/www.article-marketing.eu\/comunicatistampa\/wp-json\/wp\/v2\/posts"}],"about":[{"href":"https:\/\/www.article-marketing.eu\/comunicatistampa\/wp-json\/wp\/v2\/types\/post"}],"author":[{"embeddable":true,"href":"https:\/\/www.article-marketing.eu\/comunicatistampa\/wp-json\/wp\/v2\/users\/1855"}],"replies":[{"embeddable":true,"href":"https:\/\/www.article-marketing.eu\/comunicatistampa\/wp-json\/wp\/v2\/comments?post=22081"}],"version-history":[{"count":2,"href":"https:\/\/www.article-marketing.eu\/comunicatistampa\/wp-json\/wp\/v2\/posts\/22081\/revisions"}],"predecessor-version":[{"id":22107,"href":"https:\/\/www.article-marketing.eu\/comunicatistampa\/wp-json\/wp\/v2\/posts\/22081\/revisions\/22107"}],"wp:attachment":[{"href":"https:\/\/www.article-marketing.eu\/comunicatistampa\/wp-json\/wp\/v2\/media?parent=22081"}],"wp:term":[{"taxonomy":"category","embeddable":true,"href":"https:\/\/www.article-marketing.eu\/comunicatistampa\/wp-json\/wp\/v2\/categories?post=22081"},{"taxonomy":"post_tag","embeddable":true,"href":"https:\/\/www.article-marketing.eu\/comunicatistampa\/wp-json\/wp\/v2\/tags?post=22081"}],"curies":[{"name":"wp","href":"https:\/\/api.w.org\/{rel}","templated":true}]}}