{"id":22085,"date":"2022-03-05T00:14:00","date_gmt":"2022-03-04T23:14:00","guid":{"rendered":"https:\/\/www.article-marketing.eu\/comunicatistampa\/?p=22085"},"modified":"2022-03-05T00:14:00","modified_gmt":"2022-03-04T23:14:00","slug":"scandalo-in-val-gardena-in-libreria-il-nuovo-romanzo-di-clambagio","status":"publish","type":"post","link":"https:\/\/www.article-marketing.eu\/comunicatistampa\/scandalo-in-val-gardena-in-libreria-il-nuovo-romanzo-di-clambagio\/","title":{"rendered":"\u201cScandalo in Val Gardena\u201d, in libreria il nuovo romanzo di Clambagio"},"content":{"rendered":"<div><img loading=\"lazy\" decoding=\"async\" class=\"alignleft\" src=\"https:\/\/blogger.googleusercontent.com\/img\/a\/AVvXsEh3B-vMTP-TK_tDD1cakr8Wf3RTt5hW2ynH6WFA5CxIdtbwe1zwIEdJQA-yBBrlpr6SrCS0rwuphW_LFituRdfRFIrlv-AlD1PDSu1Cl7aj0yAwb6S-KoDxKqMXnlKm2KTmSf_Wvqj74L64OBTm05YL4mYFGnV1_HUiL6DDYCThPY-2HiUupYAJtV0r3Q=s320\" alt=\"\" width=\"228\" height=\"361\" \/>Cosa prevale nel carattere di una persona, l&#8217;influenza genetica o quella ambientale-educativa?<\/div>\n<div>E ancora: esiste il libero arbitrio oppure \u00e8 il destino a decidere per noi?<\/div>\n<div><\/div>\n<div>Questi e altri interrogativi solleva, sullo sfondo di una vicenda di ingiustizie e rivalsa, il nuovo intrigante romanzo di Clambagio, &#8220;Scandalo in Val Gardena. Nessuno rester\u00e0 impunito&#8221;, appena pubblicato (anche in ebook) da <a href=\"https:\/\/www.giovaneholden.it\/index.php?option=com_hikashop&amp;ctrl=product&amp;task=show&amp;cid=1138&amp;name=scandalo-in-val-gardena&amp;Itemid=131&amp;category_pathway=24&amp;jjj=1646134956253\">Giovane Holden Edizioni<\/a> di Viareggio.<\/div>\n<div><\/div>\n<h3>L&#8217;autore<\/h3>\n<div>Clambagio \u00e8 lo pseudonimo con cui un imprenditore di Bolzano firma i suoi romanzi. Di lui si sa poco o nulla. Che il <i>nom de plume<\/i> \u00e8 l&#8217;acronimo dei quattro nomi di battesimo (Claudio Amedeo Battista Giovanni). E che finora ha dato alle stampe quattro romanzi &#8211; &#8220;Fuerth Italia. Il destino gioca a dadi&#8221; (2010), &#8220;La fotosintesi del dolore&#8221; (2012), &#8220;Mariposita&#8230; allungami la vita. Cronaca di un terremotato sepolto vivo&#8221; (2015), &#8220;Nel nome di Shamash. Uomo perbene\/uomo permale&#8221; (2016) \u2013 e alcuni cataloghi d&#8217;arte.<\/div>\n<div>\n<div><\/div>\n<h3>Sinossi<\/h3>\n<div>\n<p>&#8220;Scandalo in Val Gardena. Nessuno rester\u00e0 impunito&#8221; affronta in chiave sociologica la condizione femminile negli anni Cinquanta e, su un piano pi\u00f9 generale, i temi dell&#8217;adozione, del rapporto tra natura e cultura, del caso e del destino, della vendetta e del perdono.<\/p>\n<\/div>\n<div>Il libro \u00e8 ambientato nella piccola comunit\u00e0 di Santa Cristina in Val Gardena, nei primi anni Cinquanta. Nell&#8217;Italia bacchettona e moralista dell&#8217;epoca, la condizione della ragazza madre era malvista. A Sud come a Nord. Ma nelle Valli ladine, equivaleva a un vero e proprio bollo d&#8217;infamia. Ne fa le spese Katharina Perathoner, una giovane e bella gardenese, che si innamora dell&#8217;uomo sbagliato. Mette al mondo un figlio illegittimo e per questo \u00e8 ripudiata dalla famiglia, dal parroco e dalla comunit\u00e0, per poi morire in un incidente dalla dinamica sospetta.<\/div>\n<div><\/div>\n<div>Il piccolo Leo, all&#8217;anagrafe Leonardo Donatello, dopo un rimpallo di responsabilit\u00e0 tra la nonna e le zie, \u00e8 affidato alla bisnonna. L&#8217;anziana donna a causa degli acciacchi dell&#8217;et\u00e0, non pu\u00f2 accudirlo come dovrebbe. Su segnalazione del maresciallo dei carabinieri del paese, il bimbo le viene tolto dai servizi sociali e dato in adozione.<\/div>\n<div>La vicenda si sposta a Firenze. Dove, in un incrocio di destini, una famiglia ha appena perduto il suo unico figlio. I coniugi Fiaccobaldi Vieri, esponenti di uno dei casati pi\u00f9 ricchi e potenti d&#8217;Italia, decidono di adottare un bambino che dovr\u00e0 ereditare il lignaggio e continuare la stirpe. La scelta cade sull&#8217;orfano gardenese, la cui vita cambia all&#8217;improvviso.<\/div>\n<\/div>\n<div><\/div>\n<h3>Vendetta o perdono?<\/h3>\n<div>\n<div>Trent&#8217;anni dopo, il padre sul letto di morte gli rivela la verit\u00e0 sulle sue origini. Dopo un iniziale disorientamento nell&#8217;apprendere la realt\u00e0 delle sue radici genealogiche, si innesca nel giovane un desiderio di rivalsa verso tutti coloro che avevano contribuito a emarginare e far soffrire la madre. Grazie al suo potere economico e alle conoscenze altolocate, ordisce una rabbiosa, feroce trama di vendette. Dopo tre decenni, la vendetta si abbatte sui responsabili, dal sindaco al prete, dal padre ai familiari.<\/div>\n<div><\/div>\n<h3>Lo stile<\/h3>\n<div>Si innestano nella vicenda narrata vari spunti di riflessione sulle molle dell&#8217;agire umano, in un groviglio di contraddizioni irrisolte che dilaniano sia il giovane ereditiere\/giustiziere, sia gli altri personaggi. Lo stile dinamico, l&#8217;intreccio sapiente con rapidi cambi di scena e dialoghi ritmati dalla resa filmica, fanno del romanzo di Clambagio una lettura avvincente e profonda che oltrepassa i confini del romanzo d&#8217;azione per approdare nei territori di un componimento narrativo psico\/filosofico.<\/div>\n<div><\/div>\n<div>Il libro sar\u00e0 presentato il 10 marzo alla Biblioteca Endidae a Egna (Bolzano) e il 24 marzo al Centro culturale Claudio Trevi di Bolzano.<\/div>\n<div>\n<div>\n<div><\/div>\n<\/div>\n<\/div>\n<div>\n<div><\/div>\n<div><\/div>\n<\/div>\n<\/div>\n","protected":false},"excerpt":{"rendered":"<p>Cosa prevale nel carattere di una persona, l&#8217;influenza genetica o quella ambientale-educativa? E ancora: esiste il libero arbitrio oppure \u00e8 il destino a decidere per noi? Questi e altri interrogativi solleva, sullo sfondo di una vicenda di ingiustizie e rivalsa, il nuovo intrigante romanzo di Clambagio, &#8220;Scandalo in Val Gardena. Nessuno rester\u00e0 impunito&#8221;, appena pubblicato (anche in ebook) da Giovane Holden Edizioni di Viareggio. L&#8217;autore Clambagio \u00e8 lo pseudonimo con<\/p>\n<p><a class=\"continue-reading\" href=\"https:\/\/www.article-marketing.eu\/comunicatistampa\/scandalo-in-val-gardena-in-libreria-il-nuovo-romanzo-di-clambagio\/\">Continue reading&#8230;<\/a><\/p>\n","protected":false},"author":920,"featured_media":0,"comment_status":"open","ping_status":"open","sticky":false,"template":"","format":"standard","meta":{"_monsterinsights_skip_tracking":false,"_monsterinsights_sitenote_active":false,"_monsterinsights_sitenote_note":"","_monsterinsights_sitenote_category":0,"footnotes":""},"categories":[410],"tags":[9297,5544,569,3860,9296],"class_list":["post-22085","post","type-post","status-publish","format-standard","hentry","category-libri","tag-clambagio","tag-comunicato-stampa","tag-libri","tag-narrativa","tag-valli-ladine"],"yoast_head":"<!-- This site is optimized with the Yoast SEO plugin v27.3 - https:\/\/yoast.com\/product\/yoast-seo-wordpress\/ -->\n<title>\u201cScandalo in Val Gardena\u201d, in libreria il nuovo romanzo di Clambagio<\/title>\n<meta name=\"robots\" content=\"index, follow, max-snippet:-1, max-image-preview:large, max-video-preview:-1\" \/>\n<link rel=\"canonical\" href=\"https:\/\/www.article-marketing.eu\/comunicatistampa\/scandalo-in-val-gardena-in-libreria-il-nuovo-romanzo-di-clambagio\/\" \/>\n<meta property=\"og:locale\" content=\"it_IT\" \/>\n<meta property=\"og:type\" content=\"article\" \/>\n<meta property=\"og:title\" content=\"\u201cScandalo in Val Gardena\u201d, in libreria il nuovo romanzo di Clambagio\" \/>\n<meta property=\"og:description\" content=\"Cosa prevale nel carattere di una persona, l&#8217;influenza genetica o quella ambientale-educativa? E ancora: esiste il libero arbitrio oppure \u00e8 il destino a decidere per noi? Questi e altri interrogativi solleva, sullo sfondo di una vicenda di ingiustizie e rivalsa, il nuovo intrigante romanzo di Clambagio, &#8220;Scandalo in Val Gardena. Nessuno rester\u00e0 impunito&#8221;, appena pubblicato (anche in ebook) da Giovane Holden Edizioni di Viareggio. L&#8217;autore Clambagio \u00e8 lo pseudonimo conContinue reading...\" \/>\n<meta property=\"og:url\" content=\"https:\/\/www.article-marketing.eu\/comunicatistampa\/scandalo-in-val-gardena-in-libreria-il-nuovo-romanzo-di-clambagio\/\" \/>\n<meta property=\"og:site_name\" content=\"Article Marketing\" \/>\n<meta property=\"article:published_time\" content=\"2022-03-04T23:14:00+00:00\" \/>\n<meta property=\"og:image\" content=\"https:\/\/blogger.googleusercontent.com\/img\/a\/AVvXsEh3B-vMTP-TK_tDD1cakr8Wf3RTt5hW2ynH6WFA5CxIdtbwe1zwIEdJQA-yBBrlpr6SrCS0rwuphW_LFituRdfRFIrlv-AlD1PDSu1Cl7aj0yAwb6S-KoDxKqMXnlKm2KTmSf_Wvqj74L64OBTm05YL4mYFGnV1_HUiL6DDYCThPY-2HiUupYAJtV0r3Q=s320\" \/>\n<meta name=\"author\" content=\"inpress\" \/>\n<meta name=\"twitter:card\" content=\"summary_large_image\" \/>\n<meta name=\"twitter:label1\" content=\"Scritto da\" \/>\n\t<meta name=\"twitter:data1\" content=\"inpress\" \/>\n\t<meta name=\"twitter:label2\" content=\"Tempo di lettura stimato\" \/>\n\t<meta name=\"twitter:data2\" content=\"4 minuti\" \/>\n<script type=\"application\/ld+json\" class=\"yoast-schema-graph\">{\"@context\":\"https:\\\/\\\/schema.org\",\"@graph\":[{\"@type\":\"Article\",\"@id\":\"https:\\\/\\\/www.article-marketing.eu\\\/comunicatistampa\\\/scandalo-in-val-gardena-in-libreria-il-nuovo-romanzo-di-clambagio\\\/#article\",\"isPartOf\":{\"@id\":\"https:\\\/\\\/www.article-marketing.eu\\\/comunicatistampa\\\/scandalo-in-val-gardena-in-libreria-il-nuovo-romanzo-di-clambagio\\\/\"},\"author\":{\"name\":\"inpress\",\"@id\":\"https:\\\/\\\/www.article-marketing.eu\\\/comunicatistampa\\\/#\\\/schema\\\/person\\\/6f87d425bef304dd8be1a0895dea44b2\"},\"headline\":\"\u201cScandalo in Val Gardena\u201d, in libreria il nuovo romanzo di Clambagio\",\"datePublished\":\"2022-03-04T23:14:00+00:00\",\"mainEntityOfPage\":{\"@id\":\"https:\\\/\\\/www.article-marketing.eu\\\/comunicatistampa\\\/scandalo-in-val-gardena-in-libreria-il-nuovo-romanzo-di-clambagio\\\/\"},\"wordCount\":574,\"commentCount\":0,\"image\":{\"@id\":\"https:\\\/\\\/www.article-marketing.eu\\\/comunicatistampa\\\/scandalo-in-val-gardena-in-libreria-il-nuovo-romanzo-di-clambagio\\\/#primaryimage\"},\"thumbnailUrl\":\"https:\\\/\\\/blogger.googleusercontent.com\\\/img\\\/a\\\/AVvXsEh3B-vMTP-TK_tDD1cakr8Wf3RTt5hW2ynH6WFA5CxIdtbwe1zwIEdJQA-yBBrlpr6SrCS0rwuphW_LFituRdfRFIrlv-AlD1PDSu1Cl7aj0yAwb6S-KoDxKqMXnlKm2KTmSf_Wvqj74L64OBTm05YL4mYFGnV1_HUiL6DDYCThPY-2HiUupYAJtV0r3Q=s320\",\"keywords\":[\"clambagio\",\"comunicato stampa\",\"Libri\",\"narrativa\",\"valli ladine\"],\"articleSection\":[\"Libri\"],\"inLanguage\":\"it-IT\",\"potentialAction\":[{\"@type\":\"CommentAction\",\"name\":\"Comment\",\"target\":[\"https:\\\/\\\/www.article-marketing.eu\\\/comunicatistampa\\\/scandalo-in-val-gardena-in-libreria-il-nuovo-romanzo-di-clambagio\\\/#respond\"]}]},{\"@type\":\"WebPage\",\"@id\":\"https:\\\/\\\/www.article-marketing.eu\\\/comunicatistampa\\\/scandalo-in-val-gardena-in-libreria-il-nuovo-romanzo-di-clambagio\\\/\",\"url\":\"https:\\\/\\\/www.article-marketing.eu\\\/comunicatistampa\\\/scandalo-in-val-gardena-in-libreria-il-nuovo-romanzo-di-clambagio\\\/\",\"name\":\"\u201cScandalo in Val Gardena\u201d, in libreria il nuovo romanzo di Clambagio\",\"isPartOf\":{\"@id\":\"https:\\\/\\\/www.article-marketing.eu\\\/comunicatistampa\\\/#website\"},\"primaryImageOfPage\":{\"@id\":\"https:\\\/\\\/www.article-marketing.eu\\\/comunicatistampa\\\/scandalo-in-val-gardena-in-libreria-il-nuovo-romanzo-di-clambagio\\\/#primaryimage\"},\"image\":{\"@id\":\"https:\\\/\\\/www.article-marketing.eu\\\/comunicatistampa\\\/scandalo-in-val-gardena-in-libreria-il-nuovo-romanzo-di-clambagio\\\/#primaryimage\"},\"thumbnailUrl\":\"https:\\\/\\\/blogger.googleusercontent.com\\\/img\\\/a\\\/AVvXsEh3B-vMTP-TK_tDD1cakr8Wf3RTt5hW2ynH6WFA5CxIdtbwe1zwIEdJQA-yBBrlpr6SrCS0rwuphW_LFituRdfRFIrlv-AlD1PDSu1Cl7aj0yAwb6S-KoDxKqMXnlKm2KTmSf_Wvqj74L64OBTm05YL4mYFGnV1_HUiL6DDYCThPY-2HiUupYAJtV0r3Q=s320\",\"datePublished\":\"2022-03-04T23:14:00+00:00\",\"author\":{\"@id\":\"https:\\\/\\\/www.article-marketing.eu\\\/comunicatistampa\\\/#\\\/schema\\\/person\\\/6f87d425bef304dd8be1a0895dea44b2\"},\"breadcrumb\":{\"@id\":\"https:\\\/\\\/www.article-marketing.eu\\\/comunicatistampa\\\/scandalo-in-val-gardena-in-libreria-il-nuovo-romanzo-di-clambagio\\\/#breadcrumb\"},\"inLanguage\":\"it-IT\",\"potentialAction\":[{\"@type\":\"ReadAction\",\"target\":[\"https:\\\/\\\/www.article-marketing.eu\\\/comunicatistampa\\\/scandalo-in-val-gardena-in-libreria-il-nuovo-romanzo-di-clambagio\\\/\"]}]},{\"@type\":\"ImageObject\",\"inLanguage\":\"it-IT\",\"@id\":\"https:\\\/\\\/www.article-marketing.eu\\\/comunicatistampa\\\/scandalo-in-val-gardena-in-libreria-il-nuovo-romanzo-di-clambagio\\\/#primaryimage\",\"url\":\"https:\\\/\\\/blogger.googleusercontent.com\\\/img\\\/a\\\/AVvXsEh3B-vMTP-TK_tDD1cakr8Wf3RTt5hW2ynH6WFA5CxIdtbwe1zwIEdJQA-yBBrlpr6SrCS0rwuphW_LFituRdfRFIrlv-AlD1PDSu1Cl7aj0yAwb6S-KoDxKqMXnlKm2KTmSf_Wvqj74L64OBTm05YL4mYFGnV1_HUiL6DDYCThPY-2HiUupYAJtV0r3Q=s320\",\"contentUrl\":\"https:\\\/\\\/blogger.googleusercontent.com\\\/img\\\/a\\\/AVvXsEh3B-vMTP-TK_tDD1cakr8Wf3RTt5hW2ynH6WFA5CxIdtbwe1zwIEdJQA-yBBrlpr6SrCS0rwuphW_LFituRdfRFIrlv-AlD1PDSu1Cl7aj0yAwb6S-KoDxKqMXnlKm2KTmSf_Wvqj74L64OBTm05YL4mYFGnV1_HUiL6DDYCThPY-2HiUupYAJtV0r3Q=s320\"},{\"@type\":\"BreadcrumbList\",\"@id\":\"https:\\\/\\\/www.article-marketing.eu\\\/comunicatistampa\\\/scandalo-in-val-gardena-in-libreria-il-nuovo-romanzo-di-clambagio\\\/#breadcrumb\",\"itemListElement\":[{\"@type\":\"ListItem\",\"position\":1,\"name\":\"Home\",\"item\":\"https:\\\/\\\/www.article-marketing.eu\\\/comunicatistampa\\\/\"},{\"@type\":\"ListItem\",\"position\":2,\"name\":\"\u201cScandalo in Val Gardena\u201d, in libreria il nuovo romanzo di Clambagio\"}]},{\"@type\":\"WebSite\",\"@id\":\"https:\\\/\\\/www.article-marketing.eu\\\/comunicatistampa\\\/#website\",\"url\":\"https:\\\/\\\/www.article-marketing.eu\\\/comunicatistampa\\\/\",\"name\":\"Article Marketing\",\"description\":\"article marketing &amp; press release\",\"potentialAction\":[{\"@type\":\"SearchAction\",\"target\":{\"@type\":\"EntryPoint\",\"urlTemplate\":\"https:\\\/\\\/www.article-marketing.eu\\\/comunicatistampa\\\/?s={search_term_string}\"},\"query-input\":{\"@type\":\"PropertyValueSpecification\",\"valueRequired\":true,\"valueName\":\"search_term_string\"}}],\"inLanguage\":\"it-IT\"},{\"@type\":\"Person\",\"@id\":\"https:\\\/\\\/www.article-marketing.eu\\\/comunicatistampa\\\/#\\\/schema\\\/person\\\/6f87d425bef304dd8be1a0895dea44b2\",\"name\":\"inpress\",\"image\":{\"@type\":\"ImageObject\",\"inLanguage\":\"it-IT\",\"@id\":\"https:\\\/\\\/secure.gravatar.com\\\/avatar\\\/8b9495d9dcfa5a2ac0eb8e4559db3f5f00d7248a8baa15ed14f155afae420f7d?s=96&d=mm&r=g\",\"url\":\"https:\\\/\\\/secure.gravatar.com\\\/avatar\\\/8b9495d9dcfa5a2ac0eb8e4559db3f5f00d7248a8baa15ed14f155afae420f7d?s=96&d=mm&r=g\",\"contentUrl\":\"https:\\\/\\\/secure.gravatar.com\\\/avatar\\\/8b9495d9dcfa5a2ac0eb8e4559db3f5f00d7248a8baa15ed14f155afae420f7d?s=96&d=mm&r=g\",\"caption\":\"inpress\"},\"url\":\"https:\\\/\\\/www.article-marketing.eu\\\/comunicatistampa\\\/author\\\/inpress\\\/\"}]}<\/script>\n<!-- \/ Yoast SEO plugin. -->","yoast_head_json":{"title":"\u201cScandalo in Val Gardena\u201d, in libreria il nuovo romanzo di Clambagio","robots":{"index":"index","follow":"follow","max-snippet":"max-snippet:-1","max-image-preview":"max-image-preview:large","max-video-preview":"max-video-preview:-1"},"canonical":"https:\/\/www.article-marketing.eu\/comunicatistampa\/scandalo-in-val-gardena-in-libreria-il-nuovo-romanzo-di-clambagio\/","og_locale":"it_IT","og_type":"article","og_title":"\u201cScandalo in Val Gardena\u201d, in libreria il nuovo romanzo di Clambagio","og_description":"Cosa prevale nel carattere di una persona, l&#8217;influenza genetica o quella ambientale-educativa? E ancora: esiste il libero arbitrio oppure \u00e8 il destino a decidere per noi? Questi e altri interrogativi solleva, sullo sfondo di una vicenda di ingiustizie e rivalsa, il nuovo intrigante romanzo di Clambagio, &#8220;Scandalo in Val Gardena. Nessuno rester\u00e0 impunito&#8221;, appena pubblicato (anche in ebook) da Giovane Holden Edizioni di Viareggio. L&#8217;autore Clambagio \u00e8 lo pseudonimo conContinue reading...","og_url":"https:\/\/www.article-marketing.eu\/comunicatistampa\/scandalo-in-val-gardena-in-libreria-il-nuovo-romanzo-di-clambagio\/","og_site_name":"Article Marketing","article_published_time":"2022-03-04T23:14:00+00:00","og_image":[{"url":"https:\/\/blogger.googleusercontent.com\/img\/a\/AVvXsEh3B-vMTP-TK_tDD1cakr8Wf3RTt5hW2ynH6WFA5CxIdtbwe1zwIEdJQA-yBBrlpr6SrCS0rwuphW_LFituRdfRFIrlv-AlD1PDSu1Cl7aj0yAwb6S-KoDxKqMXnlKm2KTmSf_Wvqj74L64OBTm05YL4mYFGnV1_HUiL6DDYCThPY-2HiUupYAJtV0r3Q=s320","type":"","width":"","height":""}],"author":"inpress","twitter_card":"summary_large_image","twitter_misc":{"Scritto da":"inpress","Tempo di lettura stimato":"4 minuti"},"schema":{"@context":"https:\/\/schema.org","@graph":[{"@type":"Article","@id":"https:\/\/www.article-marketing.eu\/comunicatistampa\/scandalo-in-val-gardena-in-libreria-il-nuovo-romanzo-di-clambagio\/#article","isPartOf":{"@id":"https:\/\/www.article-marketing.eu\/comunicatistampa\/scandalo-in-val-gardena-in-libreria-il-nuovo-romanzo-di-clambagio\/"},"author":{"name":"inpress","@id":"https:\/\/www.article-marketing.eu\/comunicatistampa\/#\/schema\/person\/6f87d425bef304dd8be1a0895dea44b2"},"headline":"\u201cScandalo in Val Gardena\u201d, in libreria il nuovo romanzo di Clambagio","datePublished":"2022-03-04T23:14:00+00:00","mainEntityOfPage":{"@id":"https:\/\/www.article-marketing.eu\/comunicatistampa\/scandalo-in-val-gardena-in-libreria-il-nuovo-romanzo-di-clambagio\/"},"wordCount":574,"commentCount":0,"image":{"@id":"https:\/\/www.article-marketing.eu\/comunicatistampa\/scandalo-in-val-gardena-in-libreria-il-nuovo-romanzo-di-clambagio\/#primaryimage"},"thumbnailUrl":"https:\/\/blogger.googleusercontent.com\/img\/a\/AVvXsEh3B-vMTP-TK_tDD1cakr8Wf3RTt5hW2ynH6WFA5CxIdtbwe1zwIEdJQA-yBBrlpr6SrCS0rwuphW_LFituRdfRFIrlv-AlD1PDSu1Cl7aj0yAwb6S-KoDxKqMXnlKm2KTmSf_Wvqj74L64OBTm05YL4mYFGnV1_HUiL6DDYCThPY-2HiUupYAJtV0r3Q=s320","keywords":["clambagio","comunicato stampa","Libri","narrativa","valli ladine"],"articleSection":["Libri"],"inLanguage":"it-IT","potentialAction":[{"@type":"CommentAction","name":"Comment","target":["https:\/\/www.article-marketing.eu\/comunicatistampa\/scandalo-in-val-gardena-in-libreria-il-nuovo-romanzo-di-clambagio\/#respond"]}]},{"@type":"WebPage","@id":"https:\/\/www.article-marketing.eu\/comunicatistampa\/scandalo-in-val-gardena-in-libreria-il-nuovo-romanzo-di-clambagio\/","url":"https:\/\/www.article-marketing.eu\/comunicatistampa\/scandalo-in-val-gardena-in-libreria-il-nuovo-romanzo-di-clambagio\/","name":"\u201cScandalo in Val Gardena\u201d, in libreria il nuovo romanzo di Clambagio","isPartOf":{"@id":"https:\/\/www.article-marketing.eu\/comunicatistampa\/#website"},"primaryImageOfPage":{"@id":"https:\/\/www.article-marketing.eu\/comunicatistampa\/scandalo-in-val-gardena-in-libreria-il-nuovo-romanzo-di-clambagio\/#primaryimage"},"image":{"@id":"https:\/\/www.article-marketing.eu\/comunicatistampa\/scandalo-in-val-gardena-in-libreria-il-nuovo-romanzo-di-clambagio\/#primaryimage"},"thumbnailUrl":"https:\/\/blogger.googleusercontent.com\/img\/a\/AVvXsEh3B-vMTP-TK_tDD1cakr8Wf3RTt5hW2ynH6WFA5CxIdtbwe1zwIEdJQA-yBBrlpr6SrCS0rwuphW_LFituRdfRFIrlv-AlD1PDSu1Cl7aj0yAwb6S-KoDxKqMXnlKm2KTmSf_Wvqj74L64OBTm05YL4mYFGnV1_HUiL6DDYCThPY-2HiUupYAJtV0r3Q=s320","datePublished":"2022-03-04T23:14:00+00:00","author":{"@id":"https:\/\/www.article-marketing.eu\/comunicatistampa\/#\/schema\/person\/6f87d425bef304dd8be1a0895dea44b2"},"breadcrumb":{"@id":"https:\/\/www.article-marketing.eu\/comunicatistampa\/scandalo-in-val-gardena-in-libreria-il-nuovo-romanzo-di-clambagio\/#breadcrumb"},"inLanguage":"it-IT","potentialAction":[{"@type":"ReadAction","target":["https:\/\/www.article-marketing.eu\/comunicatistampa\/scandalo-in-val-gardena-in-libreria-il-nuovo-romanzo-di-clambagio\/"]}]},{"@type":"ImageObject","inLanguage":"it-IT","@id":"https:\/\/www.article-marketing.eu\/comunicatistampa\/scandalo-in-val-gardena-in-libreria-il-nuovo-romanzo-di-clambagio\/#primaryimage","url":"https:\/\/blogger.googleusercontent.com\/img\/a\/AVvXsEh3B-vMTP-TK_tDD1cakr8Wf3RTt5hW2ynH6WFA5CxIdtbwe1zwIEdJQA-yBBrlpr6SrCS0rwuphW_LFituRdfRFIrlv-AlD1PDSu1Cl7aj0yAwb6S-KoDxKqMXnlKm2KTmSf_Wvqj74L64OBTm05YL4mYFGnV1_HUiL6DDYCThPY-2HiUupYAJtV0r3Q=s320","contentUrl":"https:\/\/blogger.googleusercontent.com\/img\/a\/AVvXsEh3B-vMTP-TK_tDD1cakr8Wf3RTt5hW2ynH6WFA5CxIdtbwe1zwIEdJQA-yBBrlpr6SrCS0rwuphW_LFituRdfRFIrlv-AlD1PDSu1Cl7aj0yAwb6S-KoDxKqMXnlKm2KTmSf_Wvqj74L64OBTm05YL4mYFGnV1_HUiL6DDYCThPY-2HiUupYAJtV0r3Q=s320"},{"@type":"BreadcrumbList","@id":"https:\/\/www.article-marketing.eu\/comunicatistampa\/scandalo-in-val-gardena-in-libreria-il-nuovo-romanzo-di-clambagio\/#breadcrumb","itemListElement":[{"@type":"ListItem","position":1,"name":"Home","item":"https:\/\/www.article-marketing.eu\/comunicatistampa\/"},{"@type":"ListItem","position":2,"name":"\u201cScandalo in Val Gardena\u201d, in libreria il nuovo romanzo di Clambagio"}]},{"@type":"WebSite","@id":"https:\/\/www.article-marketing.eu\/comunicatistampa\/#website","url":"https:\/\/www.article-marketing.eu\/comunicatistampa\/","name":"Article Marketing","description":"article marketing &amp; press release","potentialAction":[{"@type":"SearchAction","target":{"@type":"EntryPoint","urlTemplate":"https:\/\/www.article-marketing.eu\/comunicatistampa\/?s={search_term_string}"},"query-input":{"@type":"PropertyValueSpecification","valueRequired":true,"valueName":"search_term_string"}}],"inLanguage":"it-IT"},{"@type":"Person","@id":"https:\/\/www.article-marketing.eu\/comunicatistampa\/#\/schema\/person\/6f87d425bef304dd8be1a0895dea44b2","name":"inpress","image":{"@type":"ImageObject","inLanguage":"it-IT","@id":"https:\/\/secure.gravatar.com\/avatar\/8b9495d9dcfa5a2ac0eb8e4559db3f5f00d7248a8baa15ed14f155afae420f7d?s=96&d=mm&r=g","url":"https:\/\/secure.gravatar.com\/avatar\/8b9495d9dcfa5a2ac0eb8e4559db3f5f00d7248a8baa15ed14f155afae420f7d?s=96&d=mm&r=g","contentUrl":"https:\/\/secure.gravatar.com\/avatar\/8b9495d9dcfa5a2ac0eb8e4559db3f5f00d7248a8baa15ed14f155afae420f7d?s=96&d=mm&r=g","caption":"inpress"},"url":"https:\/\/www.article-marketing.eu\/comunicatistampa\/author\/inpress\/"}]}},"_links":{"self":[{"href":"https:\/\/www.article-marketing.eu\/comunicatistampa\/wp-json\/wp\/v2\/posts\/22085","targetHints":{"allow":["GET"]}}],"collection":[{"href":"https:\/\/www.article-marketing.eu\/comunicatistampa\/wp-json\/wp\/v2\/posts"}],"about":[{"href":"https:\/\/www.article-marketing.eu\/comunicatistampa\/wp-json\/wp\/v2\/types\/post"}],"author":[{"embeddable":true,"href":"https:\/\/www.article-marketing.eu\/comunicatistampa\/wp-json\/wp\/v2\/users\/920"}],"replies":[{"embeddable":true,"href":"https:\/\/www.article-marketing.eu\/comunicatistampa\/wp-json\/wp\/v2\/comments?post=22085"}],"version-history":[{"count":2,"href":"https:\/\/www.article-marketing.eu\/comunicatistampa\/wp-json\/wp\/v2\/posts\/22085\/revisions"}],"predecessor-version":[{"id":22105,"href":"https:\/\/www.article-marketing.eu\/comunicatistampa\/wp-json\/wp\/v2\/posts\/22085\/revisions\/22105"}],"wp:attachment":[{"href":"https:\/\/www.article-marketing.eu\/comunicatistampa\/wp-json\/wp\/v2\/media?parent=22085"}],"wp:term":[{"taxonomy":"category","embeddable":true,"href":"https:\/\/www.article-marketing.eu\/comunicatistampa\/wp-json\/wp\/v2\/categories?post=22085"},{"taxonomy":"post_tag","embeddable":true,"href":"https:\/\/www.article-marketing.eu\/comunicatistampa\/wp-json\/wp\/v2\/tags?post=22085"}],"curies":[{"name":"wp","href":"https:\/\/api.w.org\/{rel}","templated":true}]}}