{"id":22115,"date":"2022-03-08T14:52:51","date_gmt":"2022-03-08T13:52:51","guid":{"rendered":"https:\/\/www.article-marketing.eu\/comunicatistampa\/?p=22115"},"modified":"2022-03-08T14:52:51","modified_gmt":"2022-03-08T13:52:51","slug":"mm-milano-alla-mfw2022","status":"publish","type":"post","link":"https:\/\/www.article-marketing.eu\/comunicatistampa\/mm-milano-alla-mfw2022\/","title":{"rendered":"MM MILANO alla MFW2022"},"content":{"rendered":"<p>Dopo la New York Fashion Week, \u201cMM Milano Sustainable Brand\u201d di Chona Bacaoco e \u201cPluto\u2019s<br \/>\nLine\u201d di Pluto Ernsberger hanno brillato ancora una volta durante la settimana della moda milanese<br \/>\nla scorsa settimana, il 26 febbraio, presso Sala Barozzi proprio durante la Milano City Fashion Week<br \/>\ndi Ishika Chaudhary.<br \/>\nChona e Pluto hanno viaggiato insieme per mostrare i loro capi sostenibili in tutti i principali palchi<br \/>\ndi moda del mondo.<br \/>\nPrima di Milano, infatti, erano alla New York Fashion Week per far vedere al mondo il potere della<br \/>\nmoda sostenibile.<br \/>\nLa Chief designer, Chona Bacaoco, della MM Milano e la sua co-designer, Pluto Ernsberger, hanno<br \/>\ncreato una linea unica basata solo su materiali organici e sostenibili provenienti da diverse parti del<br \/>\nmondo.<br \/>\nAttraverso questa straordinaria collezione la Talent Pluto Ernsberger esprime e riflette la sua storia<br \/>\nunica.<br \/>\nLa collezione \u00e8 piena di colori, intensit\u00e0 e significato perch\u00e9 dimostra a tutti che \u00e8 possibile creare<br \/>\nabiti mozzafiato, sostenibili e allo stesso tempo proteggere la nostra Terra.<br \/>\nLa forza e l&#8217;unicit\u00e0 di \u201cMM Milano Brand and Agency\u201d \u00e8 la capacit\u00e0 di includere, di aiutare e di<br \/>\nrealizzare i sogni di chiunque.<br \/>\nDurante la Milano Fashion Week il successo \u00e8 stato strepitoso, tutto il pubblico \u00e8 rimasto davvero<br \/>\naffascinato ed estasiato dalla \u201cPluto\u2019s Line\u201d e dalle Collezioni Wedding della MM Milano Brand.<br \/>\nQuesta volta la MM Milano era insieme ai suoi Talents provenienti da tutto il mondo Rayniah<br \/>\nGregory di Chicago, Marina Rocca e molti altri.<br \/>\nInoltre, durante questo evento della settimana della moda milanese, la MM Milano ha collaborato con<br \/>\nla creatrice di gioielli Theresa Guck di IXXIA Jewelry dal Texas e con la designer di base statunitense<br \/>\nKatniss Griffiths.<br \/>\nLa \u201cmission\u201d di MM Milano \u00e8 &#8220;Bringing together Global Talents and Sustainable Fashion&#8221;, ovvero<br \/>\nla sua missione \u00e8 quella di \u201cmettere insieme Talents provenienti da tutto il mondo e di portare avanti<br \/>\nla moda sostenibile\u201d; questo continuer\u00e0 a farlo con molti altri eventi.<br \/>\nRestate sintonizzati per il prossimo evento del Brand questo 1\u00b0 aprile durante la Los Angeles Fashion<br \/>\nWeek insieme a Sofia Pavan, Miss Earth Top 5 nel 2018 e Miss Universe Italy Top 5 nel 2020,<br \/>\ndall&#8217;Italia, e date un&#8217;occhiata al loro entusiasmante sito web: www.mmmilano-thebrand.com<\/p>\n","protected":false},"excerpt":{"rendered":"<p>Dopo la New York Fashion Week, \u201cMM Milano Sustainable Brand\u201d di Chona Bacaoco e \u201cPluto\u2019s Line\u201d di Pluto Ernsberger hanno brillato ancora una volta durante la settimana della moda milanese la scorsa settimana, il 26 febbraio, presso Sala Barozzi proprio durante la Milano City Fashion Week di Ishika Chaudhary. Chona e Pluto hanno viaggiato insieme per mostrare i loro capi sostenibili in tutti i principali palchi di moda del mondo.<\/p>\n<p><a class=\"continue-reading\" href=\"https:\/\/www.article-marketing.eu\/comunicatistampa\/mm-milano-alla-mfw2022\/\">Continue reading&#8230;<\/a><\/p>\n","protected":false},"author":6401,"featured_media":0,"comment_status":"open","ping_status":"open","sticky":false,"template":"","format":"gallery","meta":{"_monsterinsights_skip_tracking":false,"_monsterinsights_sitenote_active":false,"_monsterinsights_sitenote_note":"","_monsterinsights_sitenote_category":0,"footnotes":""},"categories":[392],"tags":[],"class_list":["post-22115","post","type-post","status-publish","format-gallery","hentry","category-eventi","post_format-post-format-gallery"],"yoast_head":"<!-- This site is optimized with the Yoast SEO plugin v27.3 - https:\/\/yoast.com\/product\/yoast-seo-wordpress\/ -->\n<title>MM MILANO alla MFW2022 - Article Marketing<\/title>\n<meta name=\"robots\" content=\"index, follow, max-snippet:-1, max-image-preview:large, max-video-preview:-1\" \/>\n<link rel=\"canonical\" href=\"https:\/\/www.article-marketing.eu\/comunicatistampa\/mm-milano-alla-mfw2022\/\" \/>\n<meta property=\"og:locale\" content=\"it_IT\" \/>\n<meta property=\"og:type\" content=\"article\" \/>\n<meta property=\"og:title\" content=\"MM MILANO alla MFW2022 - Article Marketing\" \/>\n<meta property=\"og:description\" content=\"Dopo la New York Fashion Week, \u201cMM Milano Sustainable Brand\u201d di Chona Bacaoco e \u201cPluto\u2019s Line\u201d di Pluto Ernsberger hanno brillato ancora una volta durante la settimana della moda milanese la scorsa settimana, il 26 febbraio, presso Sala Barozzi proprio durante la Milano City Fashion Week di Ishika Chaudhary. Chona e Pluto hanno viaggiato insieme per mostrare i loro capi sostenibili in tutti i principali palchi di moda del mondo.Continue reading...\" \/>\n<meta property=\"og:url\" content=\"https:\/\/www.article-marketing.eu\/comunicatistampa\/mm-milano-alla-mfw2022\/\" \/>\n<meta property=\"og:site_name\" content=\"Article Marketing\" \/>\n<meta property=\"article:published_time\" content=\"2022-03-08T13:52:51+00:00\" \/>\n<meta name=\"author\" content=\"paolodistaso35\" \/>\n<meta name=\"twitter:card\" content=\"summary_large_image\" \/>\n<meta name=\"twitter:label1\" content=\"Scritto da\" \/>\n\t<meta name=\"twitter:data1\" content=\"paolodistaso35\" \/>\n\t<meta name=\"twitter:label2\" content=\"Tempo di lettura stimato\" \/>\n\t<meta name=\"twitter:data2\" content=\"2 minuti\" \/>\n<script type=\"application\/ld+json\" class=\"yoast-schema-graph\">{\"@context\":\"https:\\\/\\\/schema.org\",\"@graph\":[{\"@type\":\"Article\",\"@id\":\"https:\\\/\\\/www.article-marketing.eu\\\/comunicatistampa\\\/mm-milano-alla-mfw2022\\\/#article\",\"isPartOf\":{\"@id\":\"https:\\\/\\\/www.article-marketing.eu\\\/comunicatistampa\\\/mm-milano-alla-mfw2022\\\/\"},\"author\":{\"name\":\"paolodistaso35\",\"@id\":\"https:\\\/\\\/www.article-marketing.eu\\\/comunicatistampa\\\/#\\\/schema\\\/person\\\/aeba9ce9d10fcf4402b8b90397bf58a4\"},\"headline\":\"MM MILANO alla MFW2022\",\"datePublished\":\"2022-03-08T13:52:51+00:00\",\"mainEntityOfPage\":{\"@id\":\"https:\\\/\\\/www.article-marketing.eu\\\/comunicatistampa\\\/mm-milano-alla-mfw2022\\\/\"},\"wordCount\":361,\"commentCount\":0,\"articleSection\":[\"Eventi\"],\"inLanguage\":\"it-IT\",\"potentialAction\":[{\"@type\":\"CommentAction\",\"name\":\"Comment\",\"target\":[\"https:\\\/\\\/www.article-marketing.eu\\\/comunicatistampa\\\/mm-milano-alla-mfw2022\\\/#respond\"]}]},{\"@type\":\"WebPage\",\"@id\":\"https:\\\/\\\/www.article-marketing.eu\\\/comunicatistampa\\\/mm-milano-alla-mfw2022\\\/\",\"url\":\"https:\\\/\\\/www.article-marketing.eu\\\/comunicatistampa\\\/mm-milano-alla-mfw2022\\\/\",\"name\":\"MM MILANO alla MFW2022 - Article Marketing\",\"isPartOf\":{\"@id\":\"https:\\\/\\\/www.article-marketing.eu\\\/comunicatistampa\\\/#website\"},\"datePublished\":\"2022-03-08T13:52:51+00:00\",\"author\":{\"@id\":\"https:\\\/\\\/www.article-marketing.eu\\\/comunicatistampa\\\/#\\\/schema\\\/person\\\/aeba9ce9d10fcf4402b8b90397bf58a4\"},\"breadcrumb\":{\"@id\":\"https:\\\/\\\/www.article-marketing.eu\\\/comunicatistampa\\\/mm-milano-alla-mfw2022\\\/#breadcrumb\"},\"inLanguage\":\"it-IT\",\"potentialAction\":[{\"@type\":\"ReadAction\",\"target\":[\"https:\\\/\\\/www.article-marketing.eu\\\/comunicatistampa\\\/mm-milano-alla-mfw2022\\\/\"]}]},{\"@type\":\"BreadcrumbList\",\"@id\":\"https:\\\/\\\/www.article-marketing.eu\\\/comunicatistampa\\\/mm-milano-alla-mfw2022\\\/#breadcrumb\",\"itemListElement\":[{\"@type\":\"ListItem\",\"position\":1,\"name\":\"Home\",\"item\":\"https:\\\/\\\/www.article-marketing.eu\\\/comunicatistampa\\\/\"},{\"@type\":\"ListItem\",\"position\":2,\"name\":\"MM MILANO alla MFW2022\"}]},{\"@type\":\"WebSite\",\"@id\":\"https:\\\/\\\/www.article-marketing.eu\\\/comunicatistampa\\\/#website\",\"url\":\"https:\\\/\\\/www.article-marketing.eu\\\/comunicatistampa\\\/\",\"name\":\"Article Marketing\",\"description\":\"article marketing &amp; press release\",\"potentialAction\":[{\"@type\":\"SearchAction\",\"target\":{\"@type\":\"EntryPoint\",\"urlTemplate\":\"https:\\\/\\\/www.article-marketing.eu\\\/comunicatistampa\\\/?s={search_term_string}\"},\"query-input\":{\"@type\":\"PropertyValueSpecification\",\"valueRequired\":true,\"valueName\":\"search_term_string\"}}],\"inLanguage\":\"it-IT\"},{\"@type\":\"Person\",\"@id\":\"https:\\\/\\\/www.article-marketing.eu\\\/comunicatistampa\\\/#\\\/schema\\\/person\\\/aeba9ce9d10fcf4402b8b90397bf58a4\",\"name\":\"paolodistaso35\",\"image\":{\"@type\":\"ImageObject\",\"inLanguage\":\"it-IT\",\"@id\":\"https:\\\/\\\/secure.gravatar.com\\\/avatar\\\/1f676d41ec89fc5b72d84b41b45720c604d29936d84af701cb0a1d2369fbe218?s=96&d=mm&r=g\",\"url\":\"https:\\\/\\\/secure.gravatar.com\\\/avatar\\\/1f676d41ec89fc5b72d84b41b45720c604d29936d84af701cb0a1d2369fbe218?s=96&d=mm&r=g\",\"contentUrl\":\"https:\\\/\\\/secure.gravatar.com\\\/avatar\\\/1f676d41ec89fc5b72d84b41b45720c604d29936d84af701cb0a1d2369fbe218?s=96&d=mm&r=g\",\"caption\":\"paolodistaso35\"},\"url\":\"https:\\\/\\\/www.article-marketing.eu\\\/comunicatistampa\\\/author\\\/paolodistaso35\\\/\"}]}<\/script>\n<!-- \/ Yoast SEO plugin. -->","yoast_head_json":{"title":"MM MILANO alla MFW2022 - Article Marketing","robots":{"index":"index","follow":"follow","max-snippet":"max-snippet:-1","max-image-preview":"max-image-preview:large","max-video-preview":"max-video-preview:-1"},"canonical":"https:\/\/www.article-marketing.eu\/comunicatistampa\/mm-milano-alla-mfw2022\/","og_locale":"it_IT","og_type":"article","og_title":"MM MILANO alla MFW2022 - Article Marketing","og_description":"Dopo la New York Fashion Week, \u201cMM Milano Sustainable Brand\u201d di Chona Bacaoco e \u201cPluto\u2019s Line\u201d di Pluto Ernsberger hanno brillato ancora una volta durante la settimana della moda milanese la scorsa settimana, il 26 febbraio, presso Sala Barozzi proprio durante la Milano City Fashion Week di Ishika Chaudhary. Chona e Pluto hanno viaggiato insieme per mostrare i loro capi sostenibili in tutti i principali palchi di moda del mondo.Continue reading...","og_url":"https:\/\/www.article-marketing.eu\/comunicatistampa\/mm-milano-alla-mfw2022\/","og_site_name":"Article Marketing","article_published_time":"2022-03-08T13:52:51+00:00","author":"paolodistaso35","twitter_card":"summary_large_image","twitter_misc":{"Scritto da":"paolodistaso35","Tempo di lettura stimato":"2 minuti"},"schema":{"@context":"https:\/\/schema.org","@graph":[{"@type":"Article","@id":"https:\/\/www.article-marketing.eu\/comunicatistampa\/mm-milano-alla-mfw2022\/#article","isPartOf":{"@id":"https:\/\/www.article-marketing.eu\/comunicatistampa\/mm-milano-alla-mfw2022\/"},"author":{"name":"paolodistaso35","@id":"https:\/\/www.article-marketing.eu\/comunicatistampa\/#\/schema\/person\/aeba9ce9d10fcf4402b8b90397bf58a4"},"headline":"MM MILANO alla MFW2022","datePublished":"2022-03-08T13:52:51+00:00","mainEntityOfPage":{"@id":"https:\/\/www.article-marketing.eu\/comunicatistampa\/mm-milano-alla-mfw2022\/"},"wordCount":361,"commentCount":0,"articleSection":["Eventi"],"inLanguage":"it-IT","potentialAction":[{"@type":"CommentAction","name":"Comment","target":["https:\/\/www.article-marketing.eu\/comunicatistampa\/mm-milano-alla-mfw2022\/#respond"]}]},{"@type":"WebPage","@id":"https:\/\/www.article-marketing.eu\/comunicatistampa\/mm-milano-alla-mfw2022\/","url":"https:\/\/www.article-marketing.eu\/comunicatistampa\/mm-milano-alla-mfw2022\/","name":"MM MILANO alla MFW2022 - Article Marketing","isPartOf":{"@id":"https:\/\/www.article-marketing.eu\/comunicatistampa\/#website"},"datePublished":"2022-03-08T13:52:51+00:00","author":{"@id":"https:\/\/www.article-marketing.eu\/comunicatistampa\/#\/schema\/person\/aeba9ce9d10fcf4402b8b90397bf58a4"},"breadcrumb":{"@id":"https:\/\/www.article-marketing.eu\/comunicatistampa\/mm-milano-alla-mfw2022\/#breadcrumb"},"inLanguage":"it-IT","potentialAction":[{"@type":"ReadAction","target":["https:\/\/www.article-marketing.eu\/comunicatistampa\/mm-milano-alla-mfw2022\/"]}]},{"@type":"BreadcrumbList","@id":"https:\/\/www.article-marketing.eu\/comunicatistampa\/mm-milano-alla-mfw2022\/#breadcrumb","itemListElement":[{"@type":"ListItem","position":1,"name":"Home","item":"https:\/\/www.article-marketing.eu\/comunicatistampa\/"},{"@type":"ListItem","position":2,"name":"MM MILANO alla MFW2022"}]},{"@type":"WebSite","@id":"https:\/\/www.article-marketing.eu\/comunicatistampa\/#website","url":"https:\/\/www.article-marketing.eu\/comunicatistampa\/","name":"Article Marketing","description":"article marketing &amp; press release","potentialAction":[{"@type":"SearchAction","target":{"@type":"EntryPoint","urlTemplate":"https:\/\/www.article-marketing.eu\/comunicatistampa\/?s={search_term_string}"},"query-input":{"@type":"PropertyValueSpecification","valueRequired":true,"valueName":"search_term_string"}}],"inLanguage":"it-IT"},{"@type":"Person","@id":"https:\/\/www.article-marketing.eu\/comunicatistampa\/#\/schema\/person\/aeba9ce9d10fcf4402b8b90397bf58a4","name":"paolodistaso35","image":{"@type":"ImageObject","inLanguage":"it-IT","@id":"https:\/\/secure.gravatar.com\/avatar\/1f676d41ec89fc5b72d84b41b45720c604d29936d84af701cb0a1d2369fbe218?s=96&d=mm&r=g","url":"https:\/\/secure.gravatar.com\/avatar\/1f676d41ec89fc5b72d84b41b45720c604d29936d84af701cb0a1d2369fbe218?s=96&d=mm&r=g","contentUrl":"https:\/\/secure.gravatar.com\/avatar\/1f676d41ec89fc5b72d84b41b45720c604d29936d84af701cb0a1d2369fbe218?s=96&d=mm&r=g","caption":"paolodistaso35"},"url":"https:\/\/www.article-marketing.eu\/comunicatistampa\/author\/paolodistaso35\/"}]}},"_links":{"self":[{"href":"https:\/\/www.article-marketing.eu\/comunicatistampa\/wp-json\/wp\/v2\/posts\/22115","targetHints":{"allow":["GET"]}}],"collection":[{"href":"https:\/\/www.article-marketing.eu\/comunicatistampa\/wp-json\/wp\/v2\/posts"}],"about":[{"href":"https:\/\/www.article-marketing.eu\/comunicatistampa\/wp-json\/wp\/v2\/types\/post"}],"author":[{"embeddable":true,"href":"https:\/\/www.article-marketing.eu\/comunicatistampa\/wp-json\/wp\/v2\/users\/6401"}],"replies":[{"embeddable":true,"href":"https:\/\/www.article-marketing.eu\/comunicatistampa\/wp-json\/wp\/v2\/comments?post=22115"}],"version-history":[{"count":2,"href":"https:\/\/www.article-marketing.eu\/comunicatistampa\/wp-json\/wp\/v2\/posts\/22115\/revisions"}],"predecessor-version":[{"id":22127,"href":"https:\/\/www.article-marketing.eu\/comunicatistampa\/wp-json\/wp\/v2\/posts\/22115\/revisions\/22127"}],"wp:attachment":[{"href":"https:\/\/www.article-marketing.eu\/comunicatistampa\/wp-json\/wp\/v2\/media?parent=22115"}],"wp:term":[{"taxonomy":"category","embeddable":true,"href":"https:\/\/www.article-marketing.eu\/comunicatistampa\/wp-json\/wp\/v2\/categories?post=22115"},{"taxonomy":"post_tag","embeddable":true,"href":"https:\/\/www.article-marketing.eu\/comunicatistampa\/wp-json\/wp\/v2\/tags?post=22115"}],"curies":[{"name":"wp","href":"https:\/\/api.w.org\/{rel}","templated":true}]}}