{"id":2212,"date":"2017-04-27T15:25:03","date_gmt":"2017-04-27T13:25:03","guid":{"rendered":"http:\/\/www.article-marketing.eu\/comunicatistampa\/?p=2212"},"modified":"2017-04-27T15:25:03","modified_gmt":"2017-04-27T13:25:03","slug":"fa-parlare-di-se-grosso-guaio-a-roma-sud-in-pochi-giorni-oltre-1-milione-di-visualizzazioni","status":"publish","type":"post","link":"https:\/\/www.article-marketing.eu\/comunicatistampa\/fa-parlare-di-se-grosso-guaio-a-roma-sud-in-pochi-giorni-oltre-1-milione-di-visualizzazioni\/","title":{"rendered":"Fa parlare di s\u00e8 Grosso Guaio a Roma Sud: in pochi giorni oltre 1 milione di visualizzazioni"},"content":{"rendered":"<p>Ha gi\u00e0 fatto parlare molto di s\u00e9 la pellicola targata <strong>Goodtrellas<\/strong> dal titolo \u201c<strong>Grosso Guaio a Roma Sud<\/strong>\u201d firmata da <strong>Andrea Pirri Ardizzone<\/strong> e <strong>Andrea Scarcella<\/strong>, in pochissimo tempo \u00e8 destinato a diventare il lungometraggio web pi\u00f9 virale degli ultimi tempi. Uscito su <strong>Youtube<\/strong> a febbraio ha gi\u00e0 superato il milione di visualizzazioni ricevendo consensi e critiche positive dal pubblico che lo ha definito \u201cgeniale\u201d e \u201cun capolavoro\u201d.<\/p>\n<p>Con una produzione indipendente firmata <strong>Apa Paimon Production<\/strong>, \u201c<strong>Grosso Guaio a Roma Sud<\/strong>\u201d, mostra con grande ironia e originalit\u00e0 la criminalit\u00e0 organizzata per le strade dei quartieri romani, tenendo, con viva attenzione, l\u2019occhio puntato sui poteri forti che \u201csporcano\u201d un\u2019 Italia che profuma di corruzione mista ad acqua di colonia.<\/p>\n<p>Nel cast, oltre ad <strong>Ardizzone<\/strong> e <strong>Scarcella<\/strong> sono presenti anche <strong>Cosma Brussani, Paolo Tagliaferri, Massimo Quattrucci, Luca Chiarottini, Alessandro Laureti, Aza Hammerman<\/strong>; l\u2019amichevole partecipazione di <strong>Armando Sciotto<\/strong>, i Minimad di Youtube <strong>Alessandro Meta<\/strong> e<strong> Claudio Colica<\/strong>. A completare il cast <strong>Roberto Ciufoli<\/strong> nel ruolo di \u201cSua Eccellenza\u201d. Le musiche originali sono firmate da <strong>Stefano Ratchev<\/strong>.<\/p>\n<p>\u201c\u201c<strong>Grosso Guaio a Roma Sud<\/strong>\u201d nasce dall\u2019esigenza e dalla volont\u00e0 di cimentarsi non solo con la produzione di un lungometraggio di finzione \u2013 affermano <strong>Ardizzone<\/strong> e<strong> Scarcella<\/strong> \u2013 ma anche di farlo in totale autonomia senza sottostare alle \u201cnormali\u201d dinamiche produttive che prevedono un grande dispendio di energie finanziarie.\u201d Proseguono: \u201cQuesto film \u00e8 un esperimento di Cinema Indipendente Low \u2013 Budget; un progetto modesto nella realizzazione ma ambizioso nel proporre all\u2019attenzione del circuito cinematografico indipendente romano ed italiano, una farsa grottesca dal sapore pulp e trash, totalmente autoprodotta. Probabilmente a qualche \u201cpurista\u201d del cinema risulter\u00e0 indigesto, ma noi lanciamo la provocazione come uno scherzo e speriamo che chi avr\u00e0 la pazienza di vedere il nostro lavoro lo far\u00e0 scevro dai pregiudizi e stando allo scherzo.\u201d Concludono affermando: \u201cCrediamo nella libera espressione anche dove questa espressione non \u00e8 sempre favorita dalle circostanze, dal tempo a disposizione e dalle risorse economiche. \u201c<strong>Grosso Guaio a Roma Sud<\/strong>\u201d \u00e8 tutto questo e molto altro.<\/p>\n<p><strong>Link al film<\/strong>\u00a0 <a href=\"https:\/\/www.youtube.com\/watch?v=pwOeyjDwezk\">https:\/\/www.youtube.com\/watch?v=pwOeyjDwezk<\/a><\/p>\n","protected":false},"excerpt":{"rendered":"<p>Ha gi\u00e0 fatto parlare molto di s\u00e9 la pellicola targata Goodtrellas dal titolo \u201cGrosso Guaio a Roma Sud\u201d firmata da Andrea Pirri Ardizzone e Andrea Scarcella, in pochissimo tempo \u00e8 destinato a diventare il lungometraggio web pi\u00f9 virale degli ultimi tempi. Uscito su Youtube a febbraio ha gi\u00e0 superato il milione di visualizzazioni ricevendo consensi e critiche positive dal pubblico che lo ha definito \u201cgeniale\u201d e \u201cun capolavoro\u201d. Con una<\/p>\n<p><a class=\"continue-reading\" href=\"https:\/\/www.article-marketing.eu\/comunicatistampa\/fa-parlare-di-se-grosso-guaio-a-roma-sud-in-pochi-giorni-oltre-1-milione-di-visualizzazioni\/\">Continue reading&#8230;<\/a><\/p>\n","protected":false},"author":48,"featured_media":0,"comment_status":"open","ping_status":"open","sticky":false,"template":"","format":"standard","meta":{"_monsterinsights_skip_tracking":false,"_monsterinsights_sitenote_active":false,"_monsterinsights_sitenote_note":"","_monsterinsights_sitenote_category":0,"footnotes":""},"categories":[408,78],"tags":[],"class_list":["post-2212","post","type-post","status-publish","format-standard","hentry","category-cinema","category-comunicati-stampa"],"yoast_head":"<!-- This site is optimized with the Yoast SEO plugin v27.3 - https:\/\/yoast.com\/product\/yoast-seo-wordpress\/ -->\n<title>Fa parlare di s\u00e8 Grosso Guaio a Roma Sud: in pochi giorni oltre 1 milione di visualizzazioni - Article Marketing<\/title>\n<meta name=\"robots\" content=\"index, follow, max-snippet:-1, max-image-preview:large, max-video-preview:-1\" \/>\n<link rel=\"canonical\" href=\"https:\/\/www.article-marketing.eu\/comunicatistampa\/fa-parlare-di-se-grosso-guaio-a-roma-sud-in-pochi-giorni-oltre-1-milione-di-visualizzazioni\/\" \/>\n<meta property=\"og:locale\" content=\"it_IT\" \/>\n<meta property=\"og:type\" content=\"article\" \/>\n<meta property=\"og:title\" content=\"Fa parlare di s\u00e8 Grosso Guaio a Roma Sud: in pochi giorni oltre 1 milione di visualizzazioni - Article Marketing\" \/>\n<meta property=\"og:description\" content=\"Ha gi\u00e0 fatto parlare molto di s\u00e9 la pellicola targata Goodtrellas dal titolo \u201cGrosso Guaio a Roma Sud\u201d firmata da Andrea Pirri Ardizzone e Andrea Scarcella, in pochissimo tempo \u00e8 destinato a diventare il lungometraggio web pi\u00f9 virale degli ultimi tempi. Uscito su Youtube a febbraio ha gi\u00e0 superato il milione di visualizzazioni ricevendo consensi e critiche positive dal pubblico che lo ha definito \u201cgeniale\u201d e \u201cun capolavoro\u201d. Con unaContinue reading...\" \/>\n<meta property=\"og:url\" content=\"https:\/\/www.article-marketing.eu\/comunicatistampa\/fa-parlare-di-se-grosso-guaio-a-roma-sud-in-pochi-giorni-oltre-1-milione-di-visualizzazioni\/\" \/>\n<meta property=\"og:site_name\" content=\"Article Marketing\" \/>\n<meta property=\"article:published_time\" content=\"2017-04-27T13:25:03+00:00\" \/>\n<meta name=\"author\" content=\"Uff Stampa\" \/>\n<meta name=\"twitter:card\" content=\"summary_large_image\" \/>\n<meta name=\"twitter:label1\" content=\"Scritto da\" \/>\n\t<meta name=\"twitter:data1\" content=\"Uff Stampa\" \/>\n\t<meta name=\"twitter:label2\" content=\"Tempo di lettura stimato\" \/>\n\t<meta name=\"twitter:data2\" content=\"2 minuti\" \/>\n<script type=\"application\/ld+json\" class=\"yoast-schema-graph\">{\"@context\":\"https:\\\/\\\/schema.org\",\"@graph\":[{\"@type\":\"Article\",\"@id\":\"https:\\\/\\\/www.article-marketing.eu\\\/comunicatistampa\\\/fa-parlare-di-se-grosso-guaio-a-roma-sud-in-pochi-giorni-oltre-1-milione-di-visualizzazioni\\\/#article\",\"isPartOf\":{\"@id\":\"https:\\\/\\\/www.article-marketing.eu\\\/comunicatistampa\\\/fa-parlare-di-se-grosso-guaio-a-roma-sud-in-pochi-giorni-oltre-1-milione-di-visualizzazioni\\\/\"},\"author\":{\"name\":\"Uff Stampa\",\"@id\":\"https:\\\/\\\/www.article-marketing.eu\\\/comunicatistampa\\\/#\\\/schema\\\/person\\\/22d81e7c04e93611ddcda888b65438d8\"},\"headline\":\"Fa parlare di s\u00e8 Grosso Guaio a Roma Sud: in pochi giorni oltre 1 milione di visualizzazioni\",\"datePublished\":\"2017-04-27T13:25:03+00:00\",\"mainEntityOfPage\":{\"@id\":\"https:\\\/\\\/www.article-marketing.eu\\\/comunicatistampa\\\/fa-parlare-di-se-grosso-guaio-a-roma-sud-in-pochi-giorni-oltre-1-milione-di-visualizzazioni\\\/\"},\"wordCount\":356,\"commentCount\":0,\"articleSection\":[\"Cinema\",\"Comunicati stampa\"],\"inLanguage\":\"it-IT\",\"potentialAction\":[{\"@type\":\"CommentAction\",\"name\":\"Comment\",\"target\":[\"https:\\\/\\\/www.article-marketing.eu\\\/comunicatistampa\\\/fa-parlare-di-se-grosso-guaio-a-roma-sud-in-pochi-giorni-oltre-1-milione-di-visualizzazioni\\\/#respond\"]}]},{\"@type\":\"WebPage\",\"@id\":\"https:\\\/\\\/www.article-marketing.eu\\\/comunicatistampa\\\/fa-parlare-di-se-grosso-guaio-a-roma-sud-in-pochi-giorni-oltre-1-milione-di-visualizzazioni\\\/\",\"url\":\"https:\\\/\\\/www.article-marketing.eu\\\/comunicatistampa\\\/fa-parlare-di-se-grosso-guaio-a-roma-sud-in-pochi-giorni-oltre-1-milione-di-visualizzazioni\\\/\",\"name\":\"Fa parlare di s\u00e8 Grosso Guaio a Roma Sud: in pochi giorni oltre 1 milione di visualizzazioni - Article Marketing\",\"isPartOf\":{\"@id\":\"https:\\\/\\\/www.article-marketing.eu\\\/comunicatistampa\\\/#website\"},\"datePublished\":\"2017-04-27T13:25:03+00:00\",\"author\":{\"@id\":\"https:\\\/\\\/www.article-marketing.eu\\\/comunicatistampa\\\/#\\\/schema\\\/person\\\/22d81e7c04e93611ddcda888b65438d8\"},\"breadcrumb\":{\"@id\":\"https:\\\/\\\/www.article-marketing.eu\\\/comunicatistampa\\\/fa-parlare-di-se-grosso-guaio-a-roma-sud-in-pochi-giorni-oltre-1-milione-di-visualizzazioni\\\/#breadcrumb\"},\"inLanguage\":\"it-IT\",\"potentialAction\":[{\"@type\":\"ReadAction\",\"target\":[\"https:\\\/\\\/www.article-marketing.eu\\\/comunicatistampa\\\/fa-parlare-di-se-grosso-guaio-a-roma-sud-in-pochi-giorni-oltre-1-milione-di-visualizzazioni\\\/\"]}]},{\"@type\":\"BreadcrumbList\",\"@id\":\"https:\\\/\\\/www.article-marketing.eu\\\/comunicatistampa\\\/fa-parlare-di-se-grosso-guaio-a-roma-sud-in-pochi-giorni-oltre-1-milione-di-visualizzazioni\\\/#breadcrumb\",\"itemListElement\":[{\"@type\":\"ListItem\",\"position\":1,\"name\":\"Home\",\"item\":\"https:\\\/\\\/www.article-marketing.eu\\\/comunicatistampa\\\/\"},{\"@type\":\"ListItem\",\"position\":2,\"name\":\"Fa parlare di s\u00e8 Grosso Guaio a Roma Sud: in pochi giorni oltre 1 milione di visualizzazioni\"}]},{\"@type\":\"WebSite\",\"@id\":\"https:\\\/\\\/www.article-marketing.eu\\\/comunicatistampa\\\/#website\",\"url\":\"https:\\\/\\\/www.article-marketing.eu\\\/comunicatistampa\\\/\",\"name\":\"Article Marketing\",\"description\":\"article marketing &amp; press release\",\"potentialAction\":[{\"@type\":\"SearchAction\",\"target\":{\"@type\":\"EntryPoint\",\"urlTemplate\":\"https:\\\/\\\/www.article-marketing.eu\\\/comunicatistampa\\\/?s={search_term_string}\"},\"query-input\":{\"@type\":\"PropertyValueSpecification\",\"valueRequired\":true,\"valueName\":\"search_term_string\"}}],\"inLanguage\":\"it-IT\"},{\"@type\":\"Person\",\"@id\":\"https:\\\/\\\/www.article-marketing.eu\\\/comunicatistampa\\\/#\\\/schema\\\/person\\\/22d81e7c04e93611ddcda888b65438d8\",\"name\":\"Uff Stampa\",\"image\":{\"@type\":\"ImageObject\",\"inLanguage\":\"it-IT\",\"@id\":\"https:\\\/\\\/secure.gravatar.com\\\/avatar\\\/e3e9c5b947f539233b3f740c64e48242313649ff2a529b2191b5577aab6b4c57?s=96&d=mm&r=g\",\"url\":\"https:\\\/\\\/secure.gravatar.com\\\/avatar\\\/e3e9c5b947f539233b3f740c64e48242313649ff2a529b2191b5577aab6b4c57?s=96&d=mm&r=g\",\"contentUrl\":\"https:\\\/\\\/secure.gravatar.com\\\/avatar\\\/e3e9c5b947f539233b3f740c64e48242313649ff2a529b2191b5577aab6b4c57?s=96&d=mm&r=g\",\"caption\":\"Uff Stampa\"},\"url\":\"https:\\\/\\\/www.article-marketing.eu\\\/comunicatistampa\\\/author\\\/uff-stampa\\\/\"}]}<\/script>\n<!-- \/ Yoast SEO plugin. -->","yoast_head_json":{"title":"Fa parlare di s\u00e8 Grosso Guaio a Roma Sud: in pochi giorni oltre 1 milione di visualizzazioni - Article Marketing","robots":{"index":"index","follow":"follow","max-snippet":"max-snippet:-1","max-image-preview":"max-image-preview:large","max-video-preview":"max-video-preview:-1"},"canonical":"https:\/\/www.article-marketing.eu\/comunicatistampa\/fa-parlare-di-se-grosso-guaio-a-roma-sud-in-pochi-giorni-oltre-1-milione-di-visualizzazioni\/","og_locale":"it_IT","og_type":"article","og_title":"Fa parlare di s\u00e8 Grosso Guaio a Roma Sud: in pochi giorni oltre 1 milione di visualizzazioni - Article Marketing","og_description":"Ha gi\u00e0 fatto parlare molto di s\u00e9 la pellicola targata Goodtrellas dal titolo \u201cGrosso Guaio a Roma Sud\u201d firmata da Andrea Pirri Ardizzone e Andrea Scarcella, in pochissimo tempo \u00e8 destinato a diventare il lungometraggio web pi\u00f9 virale degli ultimi tempi. Uscito su Youtube a febbraio ha gi\u00e0 superato il milione di visualizzazioni ricevendo consensi e critiche positive dal pubblico che lo ha definito \u201cgeniale\u201d e \u201cun capolavoro\u201d. Con unaContinue reading...","og_url":"https:\/\/www.article-marketing.eu\/comunicatistampa\/fa-parlare-di-se-grosso-guaio-a-roma-sud-in-pochi-giorni-oltre-1-milione-di-visualizzazioni\/","og_site_name":"Article Marketing","article_published_time":"2017-04-27T13:25:03+00:00","author":"Uff Stampa","twitter_card":"summary_large_image","twitter_misc":{"Scritto da":"Uff Stampa","Tempo di lettura stimato":"2 minuti"},"schema":{"@context":"https:\/\/schema.org","@graph":[{"@type":"Article","@id":"https:\/\/www.article-marketing.eu\/comunicatistampa\/fa-parlare-di-se-grosso-guaio-a-roma-sud-in-pochi-giorni-oltre-1-milione-di-visualizzazioni\/#article","isPartOf":{"@id":"https:\/\/www.article-marketing.eu\/comunicatistampa\/fa-parlare-di-se-grosso-guaio-a-roma-sud-in-pochi-giorni-oltre-1-milione-di-visualizzazioni\/"},"author":{"name":"Uff Stampa","@id":"https:\/\/www.article-marketing.eu\/comunicatistampa\/#\/schema\/person\/22d81e7c04e93611ddcda888b65438d8"},"headline":"Fa parlare di s\u00e8 Grosso Guaio a Roma Sud: in pochi giorni oltre 1 milione di visualizzazioni","datePublished":"2017-04-27T13:25:03+00:00","mainEntityOfPage":{"@id":"https:\/\/www.article-marketing.eu\/comunicatistampa\/fa-parlare-di-se-grosso-guaio-a-roma-sud-in-pochi-giorni-oltre-1-milione-di-visualizzazioni\/"},"wordCount":356,"commentCount":0,"articleSection":["Cinema","Comunicati stampa"],"inLanguage":"it-IT","potentialAction":[{"@type":"CommentAction","name":"Comment","target":["https:\/\/www.article-marketing.eu\/comunicatistampa\/fa-parlare-di-se-grosso-guaio-a-roma-sud-in-pochi-giorni-oltre-1-milione-di-visualizzazioni\/#respond"]}]},{"@type":"WebPage","@id":"https:\/\/www.article-marketing.eu\/comunicatistampa\/fa-parlare-di-se-grosso-guaio-a-roma-sud-in-pochi-giorni-oltre-1-milione-di-visualizzazioni\/","url":"https:\/\/www.article-marketing.eu\/comunicatistampa\/fa-parlare-di-se-grosso-guaio-a-roma-sud-in-pochi-giorni-oltre-1-milione-di-visualizzazioni\/","name":"Fa parlare di s\u00e8 Grosso Guaio a Roma Sud: in pochi giorni oltre 1 milione di visualizzazioni - Article Marketing","isPartOf":{"@id":"https:\/\/www.article-marketing.eu\/comunicatistampa\/#website"},"datePublished":"2017-04-27T13:25:03+00:00","author":{"@id":"https:\/\/www.article-marketing.eu\/comunicatistampa\/#\/schema\/person\/22d81e7c04e93611ddcda888b65438d8"},"breadcrumb":{"@id":"https:\/\/www.article-marketing.eu\/comunicatistampa\/fa-parlare-di-se-grosso-guaio-a-roma-sud-in-pochi-giorni-oltre-1-milione-di-visualizzazioni\/#breadcrumb"},"inLanguage":"it-IT","potentialAction":[{"@type":"ReadAction","target":["https:\/\/www.article-marketing.eu\/comunicatistampa\/fa-parlare-di-se-grosso-guaio-a-roma-sud-in-pochi-giorni-oltre-1-milione-di-visualizzazioni\/"]}]},{"@type":"BreadcrumbList","@id":"https:\/\/www.article-marketing.eu\/comunicatistampa\/fa-parlare-di-se-grosso-guaio-a-roma-sud-in-pochi-giorni-oltre-1-milione-di-visualizzazioni\/#breadcrumb","itemListElement":[{"@type":"ListItem","position":1,"name":"Home","item":"https:\/\/www.article-marketing.eu\/comunicatistampa\/"},{"@type":"ListItem","position":2,"name":"Fa parlare di s\u00e8 Grosso Guaio a Roma Sud: in pochi giorni oltre 1 milione di visualizzazioni"}]},{"@type":"WebSite","@id":"https:\/\/www.article-marketing.eu\/comunicatistampa\/#website","url":"https:\/\/www.article-marketing.eu\/comunicatistampa\/","name":"Article Marketing","description":"article marketing &amp; press release","potentialAction":[{"@type":"SearchAction","target":{"@type":"EntryPoint","urlTemplate":"https:\/\/www.article-marketing.eu\/comunicatistampa\/?s={search_term_string}"},"query-input":{"@type":"PropertyValueSpecification","valueRequired":true,"valueName":"search_term_string"}}],"inLanguage":"it-IT"},{"@type":"Person","@id":"https:\/\/www.article-marketing.eu\/comunicatistampa\/#\/schema\/person\/22d81e7c04e93611ddcda888b65438d8","name":"Uff Stampa","image":{"@type":"ImageObject","inLanguage":"it-IT","@id":"https:\/\/secure.gravatar.com\/avatar\/e3e9c5b947f539233b3f740c64e48242313649ff2a529b2191b5577aab6b4c57?s=96&d=mm&r=g","url":"https:\/\/secure.gravatar.com\/avatar\/e3e9c5b947f539233b3f740c64e48242313649ff2a529b2191b5577aab6b4c57?s=96&d=mm&r=g","contentUrl":"https:\/\/secure.gravatar.com\/avatar\/e3e9c5b947f539233b3f740c64e48242313649ff2a529b2191b5577aab6b4c57?s=96&d=mm&r=g","caption":"Uff Stampa"},"url":"https:\/\/www.article-marketing.eu\/comunicatistampa\/author\/uff-stampa\/"}]}},"_links":{"self":[{"href":"https:\/\/www.article-marketing.eu\/comunicatistampa\/wp-json\/wp\/v2\/posts\/2212","targetHints":{"allow":["GET"]}}],"collection":[{"href":"https:\/\/www.article-marketing.eu\/comunicatistampa\/wp-json\/wp\/v2\/posts"}],"about":[{"href":"https:\/\/www.article-marketing.eu\/comunicatistampa\/wp-json\/wp\/v2\/types\/post"}],"author":[{"embeddable":true,"href":"https:\/\/www.article-marketing.eu\/comunicatistampa\/wp-json\/wp\/v2\/users\/48"}],"replies":[{"embeddable":true,"href":"https:\/\/www.article-marketing.eu\/comunicatistampa\/wp-json\/wp\/v2\/comments?post=2212"}],"version-history":[{"count":2,"href":"https:\/\/www.article-marketing.eu\/comunicatistampa\/wp-json\/wp\/v2\/posts\/2212\/revisions"}],"predecessor-version":[{"id":2222,"href":"https:\/\/www.article-marketing.eu\/comunicatistampa\/wp-json\/wp\/v2\/posts\/2212\/revisions\/2222"}],"wp:attachment":[{"href":"https:\/\/www.article-marketing.eu\/comunicatistampa\/wp-json\/wp\/v2\/media?parent=2212"}],"wp:term":[{"taxonomy":"category","embeddable":true,"href":"https:\/\/www.article-marketing.eu\/comunicatistampa\/wp-json\/wp\/v2\/categories?post=2212"},{"taxonomy":"post_tag","embeddable":true,"href":"https:\/\/www.article-marketing.eu\/comunicatistampa\/wp-json\/wp\/v2\/tags?post=2212"}],"curies":[{"name":"wp","href":"https:\/\/api.w.org\/{rel}","templated":true}]}}