{"id":22120,"date":"2022-03-08T14:53:41","date_gmt":"2022-03-08T13:53:41","guid":{"rendered":"https:\/\/www.article-marketing.eu\/comunicatistampa\/?p=22120"},"modified":"2022-03-08T14:53:41","modified_gmt":"2022-03-08T13:53:41","slug":"le-cene-di-claudine-la-forza-al-femminile-del-pret-a-manger-targato-made-in-bergamo","status":"publish","type":"post","link":"https:\/\/www.article-marketing.eu\/comunicatistampa\/le-cene-di-claudine-la-forza-al-femminile-del-pret-a-manger-targato-made-in-bergamo\/","title":{"rendered":"\u201cLE CENE DI CLAUDINE\u201d LA FORZA AL FEMMINILE DEL PR\u00caT-\u00c0-MANGER  TARGATO MADE IN BERGAMO"},"content":{"rendered":"<p><strong>Il laboratorio gastronomico da poco aperto nel cuore della citt\u00e0 orobica festeggia l\u20198 marzo ai fornelli, la sua forza: il rapporto tutto al femminile di Claudine con la sorella Susanna e l\u2019attenzione di Sebastiano a fare da cornice.<\/strong><\/p>\n<p>Lavorare i migliori prodotti di stagione, aggiungere un mix di sapori, poi una spolverata di intesa ai fornelli tra donne: \u00e8 questa la ricetta perfetta che ha portato al successo \u201c<strong>Le Cene di Claudine<\/strong>\u201d, un laboratorio gastronomico dove vengono realizzati <strong>piatti pronti<\/strong> per l\u2019asporto o da consumare in loco. L\u2019idea ha preso forma durante il lockdown per poi esplodere a inizio anno con il <strong>laboratorio di cucina<\/strong> nel centro di <strong>Bergamo<\/strong>, citt\u00e0 che ha accolto Claudine, protagonista di un\u2019avventura culinaria iniziata 26 anni fa con le cene a domicilio: una pioniera di questo settore, oggi chiamato \u201cPersonal Chef\u201d.<\/p>\n<p>Claudine e Susanna e le altre due sorelle, figlie di mamma docente universitaria e pap\u00e0 primario anestesista, si sono appassionate alla cucina fin da piccoline. I genitori impegnati professionalmente, lasciavano alle quattro sorelle la piena possibilit\u00e0 di sperimentare in cucina tra nuvole di zucchero e profumo di torte. Oggi, la cucina di Claudine trasmette esattamente questo: un ricordo caldo d\u2019infanzia del profumo di casa e di famiglia. Ma anche di affetto, di legami familiari profondi e soprattutto di curiosit\u00e0 nei confronti di fornelli, mestoli, impasti e prodotti di stagione.<\/p>\n<p>Il laboratorio gastronomico porta il fiocco rosa: lo staff \u00e8 prevalentemente femminile, l&#8217;unica componente maschile \u00e8 data dal marito, Sebastiano, che si occupa delle questioni prevalentemente tecniche e organizzative, ma certo non manca anche il suo contributo al bancone o ai fornelli, una presenza fissa nella vita di Claudine!<\/p>\n<p>&nbsp;<\/p>\n<p>Il segreto alla base di \u201cLe Cene di Claudine\u201d \u00e8 un format dalla straordinaria semplicit\u00e0, che \u00e8 iniziato 4 anni fa con una chat WhatsApp chiamata <strong>\u201cpr<\/strong><strong>\u00ea<\/strong><strong>t-\u00e0-manger\u201d<\/strong> per poi aprirsi ad un numero sempre maggiore di richieste durante il lockdown, quando l\u2019apertura dei locali non era consentita e apprezzato anche dopo l\u2019allentamento delle restrizioni: prodotti di qualit\u00e0 e abbinamenti originali da ordinare e <strong>portare a casa. E che da qualche mese \u00e8 possibile anche<\/strong> <strong>degustare nel<\/strong> <strong>locale<\/strong> che Claudine, con la sorella Susanna e con il marito Sebastiano, ha aperto in via San Lazzaro 26, nel cuore di Bergamo. Il <strong>men\u00f9 cambia ogni settimana<\/strong> con proposte gustose che variano dai piatti della tradizione, alle ricette a base di legumi e cereali, fino a ricercati dessert. Non mancano proposte di <strong>sughi pronti<\/strong> da portare a casa e usare all\u2019occorrenza per condire i primi piatti, utilissimi quando ci sono ospiti a cena o magari quando il tempo di cucinare \u00e8 risicato.<\/p>\n<p><strong>Dal pr<\/strong><strong>\u00ea<\/strong><strong>t-\u00e0-manger alle cene a domicilio<\/strong>. I piatti proposti settimanalmente possono essere di ispirazione anche per il servizio di <strong>cene a domicilio<\/strong> che Claudine continua ad offrire ai propri clienti. I commensali, che si avvalgono della competenza di una personal chef come Claudine direttamente a casa loro, possono godersi la serata in compagnia di amici o parenti senza dover pensare al men\u00f9.<\/p>\n<p>\u201c<em>A muovermi \u00e8 <\/em><em>stata una grande passione per la cucina<\/em>\u201d, ha rivelato Claudine mentre ricomponeva i fili della sua storia, \u201c<em>Ho cominciato con le cene a domicilio quando ancora non erano conosciute, poi ho sperimentato con successo le richieste dei piatti pronti che sono aumentate durante la \u201cpandemia\u201d<\/em>.<\/p>\n<p><strong>La passione per la cucina ha riunito la famiglia<\/strong>. Con un master in <em>cucina evolution<\/em> e un corso per <em>personal chef<\/em>, Claudine ha sfruttato la sua vasta esperienza nel settore per costruire un progetto insieme alla sorella: \u201c<em>Anche se nella vita abbiamo preso strade diverse, <strong>la passione per la cucina<\/strong>\u00a0 trasmessaci dalla nostra famiglia che amava il buon cibo, <strong>ci ha riunite<\/strong><\/em>\u201d. Pap\u00e0 per met\u00e0 francese, mamma belga e un marito veneziano, Claudine ha sempre inserito nei suoi piatti un mix di ingredienti che amalgamano culture e sapori diversi. \u201c<em>Cucina per me \u00e8 condivisione, aggregazione, ma anche voglia di sperimentare abbinamenti originali da proporre ai nostri clienti<\/em><strong>. <\/strong><em>La nostra \u00e8 una cucina casalinga, ma ricercata: devo avere una vicinanza tanto con il cliente, quanto con la materia prima che deve essere di qualit\u00e0<\/em>\u201d. Ma un ingrediente che non pu\u00f2 mai mancare nel laboratorio gastronomico \u00e8 la<strong> passione<\/strong>: <em>\u201cSenza quella la cucina non funziona\u201d<\/em>, \u00e8 sicura Claudine. <span style=\"text-decoration: line-through;\">\u00a0<\/span><\/p>\n","protected":false},"excerpt":{"rendered":"<p>Il laboratorio gastronomico da poco aperto nel cuore della citt\u00e0 orobica festeggia l\u20198 marzo ai fornelli, la sua forza: il rapporto tutto al femminile di Claudine con la sorella Susanna e l\u2019attenzione di Sebastiano a fare da cornice. Lavorare i migliori prodotti di stagione, aggiungere un mix di sapori, poi una spolverata di intesa ai fornelli tra donne: \u00e8 questa la ricetta perfetta che ha portato al successo \u201cLe Cene<\/p>\n<p><a class=\"continue-reading\" href=\"https:\/\/www.article-marketing.eu\/comunicatistampa\/le-cene-di-claudine-la-forza-al-femminile-del-pret-a-manger-targato-made-in-bergamo\/\">Continue reading&#8230;<\/a><\/p>\n","protected":false},"author":1855,"featured_media":0,"comment_status":"open","ping_status":"open","sticky":false,"template":"","format":"standard","meta":{"_monsterinsights_skip_tracking":false,"_monsterinsights_sitenote_active":false,"_monsterinsights_sitenote_note":"","_monsterinsights_sitenote_category":0,"footnotes":""},"categories":[78,404],"tags":[1703,2225,2043,9307],"class_list":["post-22120","post","type-post","status-publish","format-standard","hentry","category-comunicati-stampa","category-cucina","tag-chef","tag-cucina","tag-gastronomia","tag-le-cene-di-claudine"],"yoast_head":"<!-- This site is optimized with the Yoast SEO plugin v27.3 - https:\/\/yoast.com\/product\/yoast-seo-wordpress\/ -->\n<title>\u201cLE CENE DI CLAUDINE\u201d LA FORZA AL FEMMINILE DEL PR\u00caT-\u00c0-MANGER TARGATO MADE IN BERGAMO<\/title>\n<meta name=\"robots\" content=\"index, follow, max-snippet:-1, max-image-preview:large, max-video-preview:-1\" \/>\n<link rel=\"canonical\" href=\"https:\/\/www.article-marketing.eu\/comunicatistampa\/le-cene-di-claudine-la-forza-al-femminile-del-pret-a-manger-targato-made-in-bergamo\/\" \/>\n<meta property=\"og:locale\" content=\"it_IT\" \/>\n<meta property=\"og:type\" content=\"article\" \/>\n<meta property=\"og:title\" content=\"\u201cLE CENE DI CLAUDINE\u201d LA FORZA AL FEMMINILE DEL PR\u00caT-\u00c0-MANGER TARGATO MADE IN BERGAMO\" \/>\n<meta property=\"og:description\" content=\"Il laboratorio gastronomico da poco aperto nel cuore della citt\u00e0 orobica festeggia l\u20198 marzo ai fornelli, la sua forza: il rapporto tutto al femminile di Claudine con la sorella Susanna e l\u2019attenzione di Sebastiano a fare da cornice. Lavorare i migliori prodotti di stagione, aggiungere un mix di sapori, poi una spolverata di intesa ai fornelli tra donne: \u00e8 questa la ricetta perfetta che ha portato al successo \u201cLe CeneContinue reading...\" \/>\n<meta property=\"og:url\" content=\"https:\/\/www.article-marketing.eu\/comunicatistampa\/le-cene-di-claudine-la-forza-al-femminile-del-pret-a-manger-targato-made-in-bergamo\/\" \/>\n<meta property=\"og:site_name\" content=\"Article Marketing\" \/>\n<meta property=\"article:published_time\" content=\"2022-03-08T13:53:41+00:00\" \/>\n<meta name=\"author\" content=\"Redaclem\" \/>\n<meta name=\"twitter:card\" content=\"summary_large_image\" \/>\n<meta name=\"twitter:label1\" content=\"Scritto da\" \/>\n\t<meta name=\"twitter:data1\" content=\"Redaclem\" \/>\n\t<meta name=\"twitter:label2\" content=\"Tempo di lettura stimato\" \/>\n\t<meta name=\"twitter:data2\" content=\"4 minuti\" \/>\n<script type=\"application\/ld+json\" class=\"yoast-schema-graph\">{\"@context\":\"https:\\\/\\\/schema.org\",\"@graph\":[{\"@type\":\"Article\",\"@id\":\"https:\\\/\\\/www.article-marketing.eu\\\/comunicatistampa\\\/le-cene-di-claudine-la-forza-al-femminile-del-pret-a-manger-targato-made-in-bergamo\\\/#article\",\"isPartOf\":{\"@id\":\"https:\\\/\\\/www.article-marketing.eu\\\/comunicatistampa\\\/le-cene-di-claudine-la-forza-al-femminile-del-pret-a-manger-targato-made-in-bergamo\\\/\"},\"author\":{\"name\":\"Redaclem\",\"@id\":\"https:\\\/\\\/www.article-marketing.eu\\\/comunicatistampa\\\/#\\\/schema\\\/person\\\/c0aa725eee5df8460e0adf901fde0c88\"},\"headline\":\"\u201cLE CENE DI CLAUDINE\u201d LA FORZA AL FEMMINILE DEL PR\u00caT-\u00c0-MANGER TARGATO MADE IN BERGAMO\",\"datePublished\":\"2022-03-08T13:53:41+00:00\",\"mainEntityOfPage\":{\"@id\":\"https:\\\/\\\/www.article-marketing.eu\\\/comunicatistampa\\\/le-cene-di-claudine-la-forza-al-femminile-del-pret-a-manger-targato-made-in-bergamo\\\/\"},\"wordCount\":713,\"commentCount\":0,\"keywords\":[\"chef\",\"cucina\",\"gastronomia\",\"Le Cene di Claudine\"],\"articleSection\":[\"Comunicati stampa\",\"Cucina\"],\"inLanguage\":\"it-IT\",\"potentialAction\":[{\"@type\":\"CommentAction\",\"name\":\"Comment\",\"target\":[\"https:\\\/\\\/www.article-marketing.eu\\\/comunicatistampa\\\/le-cene-di-claudine-la-forza-al-femminile-del-pret-a-manger-targato-made-in-bergamo\\\/#respond\"]}]},{\"@type\":\"WebPage\",\"@id\":\"https:\\\/\\\/www.article-marketing.eu\\\/comunicatistampa\\\/le-cene-di-claudine-la-forza-al-femminile-del-pret-a-manger-targato-made-in-bergamo\\\/\",\"url\":\"https:\\\/\\\/www.article-marketing.eu\\\/comunicatistampa\\\/le-cene-di-claudine-la-forza-al-femminile-del-pret-a-manger-targato-made-in-bergamo\\\/\",\"name\":\"\u201cLE CENE DI CLAUDINE\u201d LA FORZA AL FEMMINILE DEL PR\u00caT-\u00c0-MANGER TARGATO MADE IN BERGAMO\",\"isPartOf\":{\"@id\":\"https:\\\/\\\/www.article-marketing.eu\\\/comunicatistampa\\\/#website\"},\"datePublished\":\"2022-03-08T13:53:41+00:00\",\"author\":{\"@id\":\"https:\\\/\\\/www.article-marketing.eu\\\/comunicatistampa\\\/#\\\/schema\\\/person\\\/c0aa725eee5df8460e0adf901fde0c88\"},\"breadcrumb\":{\"@id\":\"https:\\\/\\\/www.article-marketing.eu\\\/comunicatistampa\\\/le-cene-di-claudine-la-forza-al-femminile-del-pret-a-manger-targato-made-in-bergamo\\\/#breadcrumb\"},\"inLanguage\":\"it-IT\",\"potentialAction\":[{\"@type\":\"ReadAction\",\"target\":[\"https:\\\/\\\/www.article-marketing.eu\\\/comunicatistampa\\\/le-cene-di-claudine-la-forza-al-femminile-del-pret-a-manger-targato-made-in-bergamo\\\/\"]}]},{\"@type\":\"BreadcrumbList\",\"@id\":\"https:\\\/\\\/www.article-marketing.eu\\\/comunicatistampa\\\/le-cene-di-claudine-la-forza-al-femminile-del-pret-a-manger-targato-made-in-bergamo\\\/#breadcrumb\",\"itemListElement\":[{\"@type\":\"ListItem\",\"position\":1,\"name\":\"Home\",\"item\":\"https:\\\/\\\/www.article-marketing.eu\\\/comunicatistampa\\\/\"},{\"@type\":\"ListItem\",\"position\":2,\"name\":\"\u201cLE CENE DI CLAUDINE\u201d LA FORZA AL FEMMINILE DEL PR\u00caT-\u00c0-MANGER TARGATO MADE IN BERGAMO\"}]},{\"@type\":\"WebSite\",\"@id\":\"https:\\\/\\\/www.article-marketing.eu\\\/comunicatistampa\\\/#website\",\"url\":\"https:\\\/\\\/www.article-marketing.eu\\\/comunicatistampa\\\/\",\"name\":\"Article Marketing\",\"description\":\"article marketing &amp; press release\",\"potentialAction\":[{\"@type\":\"SearchAction\",\"target\":{\"@type\":\"EntryPoint\",\"urlTemplate\":\"https:\\\/\\\/www.article-marketing.eu\\\/comunicatistampa\\\/?s={search_term_string}\"},\"query-input\":{\"@type\":\"PropertyValueSpecification\",\"valueRequired\":true,\"valueName\":\"search_term_string\"}}],\"inLanguage\":\"it-IT\"},{\"@type\":\"Person\",\"@id\":\"https:\\\/\\\/www.article-marketing.eu\\\/comunicatistampa\\\/#\\\/schema\\\/person\\\/c0aa725eee5df8460e0adf901fde0c88\",\"name\":\"Redaclem\",\"image\":{\"@type\":\"ImageObject\",\"inLanguage\":\"it-IT\",\"@id\":\"https:\\\/\\\/secure.gravatar.com\\\/avatar\\\/4c7e41f332a0583344a91d7d39723533da9b2d0df7737c2d8c69553168c2191e?s=96&d=mm&r=g\",\"url\":\"https:\\\/\\\/secure.gravatar.com\\\/avatar\\\/4c7e41f332a0583344a91d7d39723533da9b2d0df7737c2d8c69553168c2191e?s=96&d=mm&r=g\",\"contentUrl\":\"https:\\\/\\\/secure.gravatar.com\\\/avatar\\\/4c7e41f332a0583344a91d7d39723533da9b2d0df7737c2d8c69553168c2191e?s=96&d=mm&r=g\",\"caption\":\"Redaclem\"},\"url\":\"https:\\\/\\\/www.article-marketing.eu\\\/comunicatistampa\\\/author\\\/redaclem\\\/\"}]}<\/script>\n<!-- \/ Yoast SEO plugin. -->","yoast_head_json":{"title":"\u201cLE CENE DI CLAUDINE\u201d LA FORZA AL FEMMINILE DEL PR\u00caT-\u00c0-MANGER TARGATO MADE IN BERGAMO","robots":{"index":"index","follow":"follow","max-snippet":"max-snippet:-1","max-image-preview":"max-image-preview:large","max-video-preview":"max-video-preview:-1"},"canonical":"https:\/\/www.article-marketing.eu\/comunicatistampa\/le-cene-di-claudine-la-forza-al-femminile-del-pret-a-manger-targato-made-in-bergamo\/","og_locale":"it_IT","og_type":"article","og_title":"\u201cLE CENE DI CLAUDINE\u201d LA FORZA AL FEMMINILE DEL PR\u00caT-\u00c0-MANGER TARGATO MADE IN BERGAMO","og_description":"Il laboratorio gastronomico da poco aperto nel cuore della citt\u00e0 orobica festeggia l\u20198 marzo ai fornelli, la sua forza: il rapporto tutto al femminile di Claudine con la sorella Susanna e l\u2019attenzione di Sebastiano a fare da cornice. Lavorare i migliori prodotti di stagione, aggiungere un mix di sapori, poi una spolverata di intesa ai fornelli tra donne: \u00e8 questa la ricetta perfetta che ha portato al successo \u201cLe CeneContinue reading...","og_url":"https:\/\/www.article-marketing.eu\/comunicatistampa\/le-cene-di-claudine-la-forza-al-femminile-del-pret-a-manger-targato-made-in-bergamo\/","og_site_name":"Article Marketing","article_published_time":"2022-03-08T13:53:41+00:00","author":"Redaclem","twitter_card":"summary_large_image","twitter_misc":{"Scritto da":"Redaclem","Tempo di lettura stimato":"4 minuti"},"schema":{"@context":"https:\/\/schema.org","@graph":[{"@type":"Article","@id":"https:\/\/www.article-marketing.eu\/comunicatistampa\/le-cene-di-claudine-la-forza-al-femminile-del-pret-a-manger-targato-made-in-bergamo\/#article","isPartOf":{"@id":"https:\/\/www.article-marketing.eu\/comunicatistampa\/le-cene-di-claudine-la-forza-al-femminile-del-pret-a-manger-targato-made-in-bergamo\/"},"author":{"name":"Redaclem","@id":"https:\/\/www.article-marketing.eu\/comunicatistampa\/#\/schema\/person\/c0aa725eee5df8460e0adf901fde0c88"},"headline":"\u201cLE CENE DI CLAUDINE\u201d LA FORZA AL FEMMINILE DEL PR\u00caT-\u00c0-MANGER TARGATO MADE IN BERGAMO","datePublished":"2022-03-08T13:53:41+00:00","mainEntityOfPage":{"@id":"https:\/\/www.article-marketing.eu\/comunicatistampa\/le-cene-di-claudine-la-forza-al-femminile-del-pret-a-manger-targato-made-in-bergamo\/"},"wordCount":713,"commentCount":0,"keywords":["chef","cucina","gastronomia","Le Cene di Claudine"],"articleSection":["Comunicati stampa","Cucina"],"inLanguage":"it-IT","potentialAction":[{"@type":"CommentAction","name":"Comment","target":["https:\/\/www.article-marketing.eu\/comunicatistampa\/le-cene-di-claudine-la-forza-al-femminile-del-pret-a-manger-targato-made-in-bergamo\/#respond"]}]},{"@type":"WebPage","@id":"https:\/\/www.article-marketing.eu\/comunicatistampa\/le-cene-di-claudine-la-forza-al-femminile-del-pret-a-manger-targato-made-in-bergamo\/","url":"https:\/\/www.article-marketing.eu\/comunicatistampa\/le-cene-di-claudine-la-forza-al-femminile-del-pret-a-manger-targato-made-in-bergamo\/","name":"\u201cLE CENE DI CLAUDINE\u201d LA FORZA AL FEMMINILE DEL PR\u00caT-\u00c0-MANGER TARGATO MADE IN BERGAMO","isPartOf":{"@id":"https:\/\/www.article-marketing.eu\/comunicatistampa\/#website"},"datePublished":"2022-03-08T13:53:41+00:00","author":{"@id":"https:\/\/www.article-marketing.eu\/comunicatistampa\/#\/schema\/person\/c0aa725eee5df8460e0adf901fde0c88"},"breadcrumb":{"@id":"https:\/\/www.article-marketing.eu\/comunicatistampa\/le-cene-di-claudine-la-forza-al-femminile-del-pret-a-manger-targato-made-in-bergamo\/#breadcrumb"},"inLanguage":"it-IT","potentialAction":[{"@type":"ReadAction","target":["https:\/\/www.article-marketing.eu\/comunicatistampa\/le-cene-di-claudine-la-forza-al-femminile-del-pret-a-manger-targato-made-in-bergamo\/"]}]},{"@type":"BreadcrumbList","@id":"https:\/\/www.article-marketing.eu\/comunicatistampa\/le-cene-di-claudine-la-forza-al-femminile-del-pret-a-manger-targato-made-in-bergamo\/#breadcrumb","itemListElement":[{"@type":"ListItem","position":1,"name":"Home","item":"https:\/\/www.article-marketing.eu\/comunicatistampa\/"},{"@type":"ListItem","position":2,"name":"\u201cLE CENE DI CLAUDINE\u201d LA FORZA AL FEMMINILE DEL PR\u00caT-\u00c0-MANGER TARGATO MADE IN BERGAMO"}]},{"@type":"WebSite","@id":"https:\/\/www.article-marketing.eu\/comunicatistampa\/#website","url":"https:\/\/www.article-marketing.eu\/comunicatistampa\/","name":"Article Marketing","description":"article marketing &amp; press release","potentialAction":[{"@type":"SearchAction","target":{"@type":"EntryPoint","urlTemplate":"https:\/\/www.article-marketing.eu\/comunicatistampa\/?s={search_term_string}"},"query-input":{"@type":"PropertyValueSpecification","valueRequired":true,"valueName":"search_term_string"}}],"inLanguage":"it-IT"},{"@type":"Person","@id":"https:\/\/www.article-marketing.eu\/comunicatistampa\/#\/schema\/person\/c0aa725eee5df8460e0adf901fde0c88","name":"Redaclem","image":{"@type":"ImageObject","inLanguage":"it-IT","@id":"https:\/\/secure.gravatar.com\/avatar\/4c7e41f332a0583344a91d7d39723533da9b2d0df7737c2d8c69553168c2191e?s=96&d=mm&r=g","url":"https:\/\/secure.gravatar.com\/avatar\/4c7e41f332a0583344a91d7d39723533da9b2d0df7737c2d8c69553168c2191e?s=96&d=mm&r=g","contentUrl":"https:\/\/secure.gravatar.com\/avatar\/4c7e41f332a0583344a91d7d39723533da9b2d0df7737c2d8c69553168c2191e?s=96&d=mm&r=g","caption":"Redaclem"},"url":"https:\/\/www.article-marketing.eu\/comunicatistampa\/author\/redaclem\/"}]}},"_links":{"self":[{"href":"https:\/\/www.article-marketing.eu\/comunicatistampa\/wp-json\/wp\/v2\/posts\/22120","targetHints":{"allow":["GET"]}}],"collection":[{"href":"https:\/\/www.article-marketing.eu\/comunicatistampa\/wp-json\/wp\/v2\/posts"}],"about":[{"href":"https:\/\/www.article-marketing.eu\/comunicatistampa\/wp-json\/wp\/v2\/types\/post"}],"author":[{"embeddable":true,"href":"https:\/\/www.article-marketing.eu\/comunicatistampa\/wp-json\/wp\/v2\/users\/1855"}],"replies":[{"embeddable":true,"href":"https:\/\/www.article-marketing.eu\/comunicatistampa\/wp-json\/wp\/v2\/comments?post=22120"}],"version-history":[{"count":2,"href":"https:\/\/www.article-marketing.eu\/comunicatistampa\/wp-json\/wp\/v2\/posts\/22120\/revisions"}],"predecessor-version":[{"id":22129,"href":"https:\/\/www.article-marketing.eu\/comunicatistampa\/wp-json\/wp\/v2\/posts\/22120\/revisions\/22129"}],"wp:attachment":[{"href":"https:\/\/www.article-marketing.eu\/comunicatistampa\/wp-json\/wp\/v2\/media?parent=22120"}],"wp:term":[{"taxonomy":"category","embeddable":true,"href":"https:\/\/www.article-marketing.eu\/comunicatistampa\/wp-json\/wp\/v2\/categories?post=22120"},{"taxonomy":"post_tag","embeddable":true,"href":"https:\/\/www.article-marketing.eu\/comunicatistampa\/wp-json\/wp\/v2\/tags?post=22120"}],"curies":[{"name":"wp","href":"https:\/\/api.w.org\/{rel}","templated":true}]}}