{"id":22123,"date":"2022-03-08T14:54:11","date_gmt":"2022-03-08T13:54:11","guid":{"rendered":"https:\/\/www.article-marketing.eu\/comunicatistampa\/?p=22123"},"modified":"2022-03-08T14:54:11","modified_gmt":"2022-03-08T13:54:11","slug":"pnrr-massimo-malvestio-salvare-i-territori-no-allirresponsabilita-sui-conti-pubblici","status":"publish","type":"post","link":"https:\/\/www.article-marketing.eu\/comunicatistampa\/pnrr-massimo-malvestio-salvare-i-territori-no-allirresponsabilita-sui-conti-pubblici\/","title":{"rendered":"Pnrr, Massimo Malvestio: \u201cSalvare i territori. No all\u2019irresponsabilit\u00e0 sui conti pubblici\u201d"},"content":{"rendered":"<p><em><strong>Aziende sempre pi\u00f9 vicine a Borsa e private equity, l&#8217;importanza delle risorse del Pnrr e la desertificazione bancaria: il racconto del Nordest in un&#8217;intervista a <a title=\"Massimo Malvestio: il focus - nordesteconomia\" href=\"https:\/\/nordesteconomia.gelocal.it\/economia\/2022\/01\/20\/news\/malvestio-costi-di-quotazione-ancora-alti-la-trasparenza-e-nel-dna-delle-imprese-1.41148559\">Massimo Malvestio<\/a>, fondatore di Praude AM.<\/strong><\/em><\/p>\n<p><img loading=\"lazy\" decoding=\"async\" class=\"alignnone\" src=\"https:\/\/www.economiaoggi.it\/wp-content\/uploads\/2021\/06\/massimo-malvestio-1-687x550.jpg.webp\" alt=\"Massimo Malvestio\" width=\"120\" height=\"550\" \/><\/p>\n<h2>Massimo Malvestio: la situazione delle attivit\u00e0 produttive del Nordest<\/h2>\n<p>Meno ricorso al credito bancario ma pi\u00f9 quotazioni in Borsa e maggiore apertura del capitale a investitori professionali. \u00c8 il trend che da due anni a questa parte sta interessando le attivit\u00e0 produttive del Nordest. Un fenomeno che ha tutte le carte in regola per diventare strutturale. A patto che la legislazione resti favorevole. A dirlo \u00e8 <strong>Massimo Malvestio<\/strong> in un&#8217;intervista rilasciata a &#8220;Nordest Economia&#8221;. Tra i promotori di Hermes Linder, \u00e8 il fondatore di Praude AM, societ\u00e0 attiva nella gestione del risparmio che oggi controlla il Fondo nato nel 2004. Diverse, sostiene l&#8217;esperto, le ragioni che hanno scalfito la ritrosia degli imprenditori veneti nei confronti dell&#8217;apertura al mercato: <em>&#8220;Nel corso dell&#8217;ultimo anno sono cresciuti i multipli che il mercato riconosce alle societ\u00e0 di ridotte dimensioni e questo ha spinto molte imprese a quotarsi<\/em> &#8211; ha sottolineato <strong>Massimo Malvestio<\/strong> &#8211; <em>e gioca anche il fatto che la trasparenza \u00e8 ormai nel Dna della stragrande maggioranza delle nostre imprese, per cui le regole imposte dalla Borsa non sono percepite come un trauma, diversamente da quello che poteva accadere nel passato&#8221;<\/em>. Ragioni che spiegherebbero anche l&#8217;aumento di operazioni private equity, che Malvestio definisce <em>&#8220;un&#8217;opportunit\u00e0&#8221;<\/em> e allo stesso tempo un rischio: <em>&#8220;Se i fondi acquistano la maggioranza facendo ricorso in maniera prevalente al debito e puntano a rivendere il prima possibile, senza mostrare alcun attaccamento verso l&#8217;impresa, la sua storia, la gente che ci lavora, il territorio che quell&#8217;impresa ha espresso, allora diventano socialmente pericolosi&#8221;<\/em>.<\/p>\n<h2>Massimo Malvestio: &#8220;Occorre salvare il policentrismo del territorio&#8221;<\/h2>\n<p>Il cambio di rotta delle aziende nordestine \u00e8 frutto anche del lavoro del legislatore, aggiunge <strong>Massimo Malvestio<\/strong>. Dal Governo Renzi in poi, ricorda l&#8217;esperto, sono numerose le misure approvate per favorire l&#8217;ingresso in Borsa delle societ\u00e0 di piccole dimensioni e il loro avvicinarsi al capitale di rischio. La ricerca di soluzioni alternative al credito \u00e8 anche una risposta al fenomeno della desertificazione bancaria: <em>&#8220;Il Triveneto non esiste pi\u00f9 in termini bancari a parte Cassa Centrale a Trento e a parte la provincia di Bolzano. Le casse di risparmio, le banche popolari e quelle di credito cooperativo sono state private dei rispettivi tratti tipici per via normativa e spinte verso il modello di Spa&#8221;<\/em>. Le risorse del Pnrr, se utilizzate bene e soprattutto senza <em>&#8220;irresponsabilit\u00e0&#8221;<\/em>, possono rivelarsi fondamentali per affrontare le problematiche del territorio: <em>&#8220;\u00c8 importante che le risorse in arrivo vengano impiegate per investimenti in grado di sostenerne la competitivit\u00e0. Il Triveneto<\/em> &#8211; conclude <strong>Massimo Malvestio<\/strong> &#8211; <em>deve fermare l&#8217;emorragia dei suoi giovani pi\u00f9 qualificati e attrarre nuovi talenti. Occorre salvare il policentrismo del territorio&#8221;<\/em>.<\/p>\n","protected":false},"excerpt":{"rendered":"<p>Aziende sempre pi\u00f9 vicine a Borsa e private equity, l&#8217;importanza delle risorse del Pnrr e la desertificazione bancaria: il racconto del Nordest in un&#8217;intervista a Massimo Malvestio, fondatore di Praude AM. Massimo Malvestio: la situazione delle attivit\u00e0 produttive del Nordest Meno ricorso al credito bancario ma pi\u00f9 quotazioni in Borsa e maggiore apertura del capitale a investitori professionali. \u00c8 il trend che da due anni a questa parte sta interessando<\/p>\n<p><a class=\"continue-reading\" href=\"https:\/\/www.article-marketing.eu\/comunicatistampa\/pnrr-massimo-malvestio-salvare-i-territori-no-allirresponsabilita-sui-conti-pubblici\/\">Continue reading&#8230;<\/a><\/p>\n","protected":false},"author":6477,"featured_media":0,"comment_status":"open","ping_status":"open","sticky":false,"template":"","format":"standard","meta":{"_monsterinsights_skip_tracking":false,"_monsterinsights_sitenote_active":false,"_monsterinsights_sitenote_note":"","_monsterinsights_sitenote_category":0,"footnotes":""},"categories":[386],"tags":[9308],"class_list":["post-22123","post","type-post","status-publish","format-standard","hentry","category-economia-e-lavoro","tag-massimo-malvestio"],"yoast_head":"<!-- This site is optimized with the Yoast SEO plugin v27.3 - https:\/\/yoast.com\/product\/yoast-seo-wordpress\/ -->\n<title>Pnrr, Massimo Malvestio: \u201cSalvare i territori. No all\u2019irresponsabilit\u00e0 sui conti pubblici\u201d<\/title>\n<meta name=\"robots\" content=\"index, follow, max-snippet:-1, max-image-preview:large, max-video-preview:-1\" \/>\n<link rel=\"canonical\" href=\"https:\/\/www.article-marketing.eu\/comunicatistampa\/pnrr-massimo-malvestio-salvare-i-territori-no-allirresponsabilita-sui-conti-pubblici\/\" \/>\n<meta property=\"og:locale\" content=\"it_IT\" \/>\n<meta property=\"og:type\" content=\"article\" \/>\n<meta property=\"og:title\" content=\"Pnrr, Massimo Malvestio: \u201cSalvare i territori. No all\u2019irresponsabilit\u00e0 sui conti pubblici\u201d\" \/>\n<meta property=\"og:description\" content=\"Aziende sempre pi\u00f9 vicine a Borsa e private equity, l&#8217;importanza delle risorse del Pnrr e la desertificazione bancaria: il racconto del Nordest in un&#8217;intervista a Massimo Malvestio, fondatore di Praude AM. Massimo Malvestio: la situazione delle attivit\u00e0 produttive del Nordest Meno ricorso al credito bancario ma pi\u00f9 quotazioni in Borsa e maggiore apertura del capitale a investitori professionali. \u00c8 il trend che da due anni a questa parte sta interessandoContinue reading...\" \/>\n<meta property=\"og:url\" content=\"https:\/\/www.article-marketing.eu\/comunicatistampa\/pnrr-massimo-malvestio-salvare-i-territori-no-allirresponsabilita-sui-conti-pubblici\/\" \/>\n<meta property=\"og:site_name\" content=\"Article Marketing\" \/>\n<meta property=\"article:published_time\" content=\"2022-03-08T13:54:11+00:00\" \/>\n<meta property=\"og:image\" content=\"https:\/\/www.economiaoggi.it\/wp-content\/uploads\/2021\/06\/massimo-malvestio-1-687x550.jpg.webp\" \/>\n<meta name=\"author\" content=\"articolinews\" \/>\n<meta name=\"twitter:card\" content=\"summary_large_image\" \/>\n<meta name=\"twitter:label1\" content=\"Scritto da\" \/>\n\t<meta name=\"twitter:data1\" content=\"articolinews\" \/>\n\t<meta name=\"twitter:label2\" content=\"Tempo di lettura stimato\" \/>\n\t<meta name=\"twitter:data2\" content=\"3 minuti\" \/>\n<script type=\"application\/ld+json\" class=\"yoast-schema-graph\">{\"@context\":\"https:\\\/\\\/schema.org\",\"@graph\":[{\"@type\":\"Article\",\"@id\":\"https:\\\/\\\/www.article-marketing.eu\\\/comunicatistampa\\\/pnrr-massimo-malvestio-salvare-i-territori-no-allirresponsabilita-sui-conti-pubblici\\\/#article\",\"isPartOf\":{\"@id\":\"https:\\\/\\\/www.article-marketing.eu\\\/comunicatistampa\\\/pnrr-massimo-malvestio-salvare-i-territori-no-allirresponsabilita-sui-conti-pubblici\\\/\"},\"author\":{\"name\":\"articolinews\",\"@id\":\"https:\\\/\\\/www.article-marketing.eu\\\/comunicatistampa\\\/#\\\/schema\\\/person\\\/2fcaf8f8f3a9eef9eb7f27532d3ca458\"},\"headline\":\"Pnrr, Massimo Malvestio: \u201cSalvare i territori. No all\u2019irresponsabilit\u00e0 sui conti pubblici\u201d\",\"datePublished\":\"2022-03-08T13:54:11+00:00\",\"mainEntityOfPage\":{\"@id\":\"https:\\\/\\\/www.article-marketing.eu\\\/comunicatistampa\\\/pnrr-massimo-malvestio-salvare-i-territori-no-allirresponsabilita-sui-conti-pubblici\\\/\"},\"wordCount\":469,\"commentCount\":0,\"image\":{\"@id\":\"https:\\\/\\\/www.article-marketing.eu\\\/comunicatistampa\\\/pnrr-massimo-malvestio-salvare-i-territori-no-allirresponsabilita-sui-conti-pubblici\\\/#primaryimage\"},\"thumbnailUrl\":\"https:\\\/\\\/www.economiaoggi.it\\\/wp-content\\\/uploads\\\/2021\\\/06\\\/massimo-malvestio-1-687x550.jpg.webp\",\"keywords\":[\"Massimo Malvestio\"],\"articleSection\":[\"Economia e lavoro\"],\"inLanguage\":\"it-IT\",\"potentialAction\":[{\"@type\":\"CommentAction\",\"name\":\"Comment\",\"target\":[\"https:\\\/\\\/www.article-marketing.eu\\\/comunicatistampa\\\/pnrr-massimo-malvestio-salvare-i-territori-no-allirresponsabilita-sui-conti-pubblici\\\/#respond\"]}]},{\"@type\":\"WebPage\",\"@id\":\"https:\\\/\\\/www.article-marketing.eu\\\/comunicatistampa\\\/pnrr-massimo-malvestio-salvare-i-territori-no-allirresponsabilita-sui-conti-pubblici\\\/\",\"url\":\"https:\\\/\\\/www.article-marketing.eu\\\/comunicatistampa\\\/pnrr-massimo-malvestio-salvare-i-territori-no-allirresponsabilita-sui-conti-pubblici\\\/\",\"name\":\"Pnrr, Massimo Malvestio: \u201cSalvare i territori. No all\u2019irresponsabilit\u00e0 sui conti pubblici\u201d\",\"isPartOf\":{\"@id\":\"https:\\\/\\\/www.article-marketing.eu\\\/comunicatistampa\\\/#website\"},\"primaryImageOfPage\":{\"@id\":\"https:\\\/\\\/www.article-marketing.eu\\\/comunicatistampa\\\/pnrr-massimo-malvestio-salvare-i-territori-no-allirresponsabilita-sui-conti-pubblici\\\/#primaryimage\"},\"image\":{\"@id\":\"https:\\\/\\\/www.article-marketing.eu\\\/comunicatistampa\\\/pnrr-massimo-malvestio-salvare-i-territori-no-allirresponsabilita-sui-conti-pubblici\\\/#primaryimage\"},\"thumbnailUrl\":\"https:\\\/\\\/www.economiaoggi.it\\\/wp-content\\\/uploads\\\/2021\\\/06\\\/massimo-malvestio-1-687x550.jpg.webp\",\"datePublished\":\"2022-03-08T13:54:11+00:00\",\"author\":{\"@id\":\"https:\\\/\\\/www.article-marketing.eu\\\/comunicatistampa\\\/#\\\/schema\\\/person\\\/2fcaf8f8f3a9eef9eb7f27532d3ca458\"},\"breadcrumb\":{\"@id\":\"https:\\\/\\\/www.article-marketing.eu\\\/comunicatistampa\\\/pnrr-massimo-malvestio-salvare-i-territori-no-allirresponsabilita-sui-conti-pubblici\\\/#breadcrumb\"},\"inLanguage\":\"it-IT\",\"potentialAction\":[{\"@type\":\"ReadAction\",\"target\":[\"https:\\\/\\\/www.article-marketing.eu\\\/comunicatistampa\\\/pnrr-massimo-malvestio-salvare-i-territori-no-allirresponsabilita-sui-conti-pubblici\\\/\"]}]},{\"@type\":\"ImageObject\",\"inLanguage\":\"it-IT\",\"@id\":\"https:\\\/\\\/www.article-marketing.eu\\\/comunicatistampa\\\/pnrr-massimo-malvestio-salvare-i-territori-no-allirresponsabilita-sui-conti-pubblici\\\/#primaryimage\",\"url\":\"https:\\\/\\\/www.economiaoggi.it\\\/wp-content\\\/uploads\\\/2021\\\/06\\\/massimo-malvestio-1-687x550.jpg.webp\",\"contentUrl\":\"https:\\\/\\\/www.economiaoggi.it\\\/wp-content\\\/uploads\\\/2021\\\/06\\\/massimo-malvestio-1-687x550.jpg.webp\"},{\"@type\":\"BreadcrumbList\",\"@id\":\"https:\\\/\\\/www.article-marketing.eu\\\/comunicatistampa\\\/pnrr-massimo-malvestio-salvare-i-territori-no-allirresponsabilita-sui-conti-pubblici\\\/#breadcrumb\",\"itemListElement\":[{\"@type\":\"ListItem\",\"position\":1,\"name\":\"Home\",\"item\":\"https:\\\/\\\/www.article-marketing.eu\\\/comunicatistampa\\\/\"},{\"@type\":\"ListItem\",\"position\":2,\"name\":\"Pnrr, Massimo Malvestio: \u201cSalvare i territori. No all\u2019irresponsabilit\u00e0 sui conti pubblici\u201d\"}]},{\"@type\":\"WebSite\",\"@id\":\"https:\\\/\\\/www.article-marketing.eu\\\/comunicatistampa\\\/#website\",\"url\":\"https:\\\/\\\/www.article-marketing.eu\\\/comunicatistampa\\\/\",\"name\":\"Article Marketing\",\"description\":\"article marketing &amp; press release\",\"potentialAction\":[{\"@type\":\"SearchAction\",\"target\":{\"@type\":\"EntryPoint\",\"urlTemplate\":\"https:\\\/\\\/www.article-marketing.eu\\\/comunicatistampa\\\/?s={search_term_string}\"},\"query-input\":{\"@type\":\"PropertyValueSpecification\",\"valueRequired\":true,\"valueName\":\"search_term_string\"}}],\"inLanguage\":\"it-IT\"},{\"@type\":\"Person\",\"@id\":\"https:\\\/\\\/www.article-marketing.eu\\\/comunicatistampa\\\/#\\\/schema\\\/person\\\/2fcaf8f8f3a9eef9eb7f27532d3ca458\",\"name\":\"articolinews\",\"image\":{\"@type\":\"ImageObject\",\"inLanguage\":\"it-IT\",\"@id\":\"https:\\\/\\\/secure.gravatar.com\\\/avatar\\\/9e2a264bab04e17dea24d937c9956304649a848cb73c46747a692ff1bdeb1cb7?s=96&d=mm&r=g\",\"url\":\"https:\\\/\\\/secure.gravatar.com\\\/avatar\\\/9e2a264bab04e17dea24d937c9956304649a848cb73c46747a692ff1bdeb1cb7?s=96&d=mm&r=g\",\"contentUrl\":\"https:\\\/\\\/secure.gravatar.com\\\/avatar\\\/9e2a264bab04e17dea24d937c9956304649a848cb73c46747a692ff1bdeb1cb7?s=96&d=mm&r=g\",\"caption\":\"articolinews\"},\"url\":\"https:\\\/\\\/www.article-marketing.eu\\\/comunicatistampa\\\/author\\\/articolinews\\\/\"}]}<\/script>\n<!-- \/ Yoast SEO plugin. -->","yoast_head_json":{"title":"Pnrr, Massimo Malvestio: \u201cSalvare i territori. No all\u2019irresponsabilit\u00e0 sui conti pubblici\u201d","robots":{"index":"index","follow":"follow","max-snippet":"max-snippet:-1","max-image-preview":"max-image-preview:large","max-video-preview":"max-video-preview:-1"},"canonical":"https:\/\/www.article-marketing.eu\/comunicatistampa\/pnrr-massimo-malvestio-salvare-i-territori-no-allirresponsabilita-sui-conti-pubblici\/","og_locale":"it_IT","og_type":"article","og_title":"Pnrr, Massimo Malvestio: \u201cSalvare i territori. No all\u2019irresponsabilit\u00e0 sui conti pubblici\u201d","og_description":"Aziende sempre pi\u00f9 vicine a Borsa e private equity, l&#8217;importanza delle risorse del Pnrr e la desertificazione bancaria: il racconto del Nordest in un&#8217;intervista a Massimo Malvestio, fondatore di Praude AM. Massimo Malvestio: la situazione delle attivit\u00e0 produttive del Nordest Meno ricorso al credito bancario ma pi\u00f9 quotazioni in Borsa e maggiore apertura del capitale a investitori professionali. \u00c8 il trend che da due anni a questa parte sta interessandoContinue reading...","og_url":"https:\/\/www.article-marketing.eu\/comunicatistampa\/pnrr-massimo-malvestio-salvare-i-territori-no-allirresponsabilita-sui-conti-pubblici\/","og_site_name":"Article Marketing","article_published_time":"2022-03-08T13:54:11+00:00","og_image":[{"url":"https:\/\/www.economiaoggi.it\/wp-content\/uploads\/2021\/06\/massimo-malvestio-1-687x550.jpg.webp","type":"","width":"","height":""}],"author":"articolinews","twitter_card":"summary_large_image","twitter_misc":{"Scritto da":"articolinews","Tempo di lettura stimato":"3 minuti"},"schema":{"@context":"https:\/\/schema.org","@graph":[{"@type":"Article","@id":"https:\/\/www.article-marketing.eu\/comunicatistampa\/pnrr-massimo-malvestio-salvare-i-territori-no-allirresponsabilita-sui-conti-pubblici\/#article","isPartOf":{"@id":"https:\/\/www.article-marketing.eu\/comunicatistampa\/pnrr-massimo-malvestio-salvare-i-territori-no-allirresponsabilita-sui-conti-pubblici\/"},"author":{"name":"articolinews","@id":"https:\/\/www.article-marketing.eu\/comunicatistampa\/#\/schema\/person\/2fcaf8f8f3a9eef9eb7f27532d3ca458"},"headline":"Pnrr, Massimo Malvestio: \u201cSalvare i territori. No all\u2019irresponsabilit\u00e0 sui conti pubblici\u201d","datePublished":"2022-03-08T13:54:11+00:00","mainEntityOfPage":{"@id":"https:\/\/www.article-marketing.eu\/comunicatistampa\/pnrr-massimo-malvestio-salvare-i-territori-no-allirresponsabilita-sui-conti-pubblici\/"},"wordCount":469,"commentCount":0,"image":{"@id":"https:\/\/www.article-marketing.eu\/comunicatistampa\/pnrr-massimo-malvestio-salvare-i-territori-no-allirresponsabilita-sui-conti-pubblici\/#primaryimage"},"thumbnailUrl":"https:\/\/www.economiaoggi.it\/wp-content\/uploads\/2021\/06\/massimo-malvestio-1-687x550.jpg.webp","keywords":["Massimo Malvestio"],"articleSection":["Economia e lavoro"],"inLanguage":"it-IT","potentialAction":[{"@type":"CommentAction","name":"Comment","target":["https:\/\/www.article-marketing.eu\/comunicatistampa\/pnrr-massimo-malvestio-salvare-i-territori-no-allirresponsabilita-sui-conti-pubblici\/#respond"]}]},{"@type":"WebPage","@id":"https:\/\/www.article-marketing.eu\/comunicatistampa\/pnrr-massimo-malvestio-salvare-i-territori-no-allirresponsabilita-sui-conti-pubblici\/","url":"https:\/\/www.article-marketing.eu\/comunicatistampa\/pnrr-massimo-malvestio-salvare-i-territori-no-allirresponsabilita-sui-conti-pubblici\/","name":"Pnrr, Massimo Malvestio: \u201cSalvare i territori. No all\u2019irresponsabilit\u00e0 sui conti pubblici\u201d","isPartOf":{"@id":"https:\/\/www.article-marketing.eu\/comunicatistampa\/#website"},"primaryImageOfPage":{"@id":"https:\/\/www.article-marketing.eu\/comunicatistampa\/pnrr-massimo-malvestio-salvare-i-territori-no-allirresponsabilita-sui-conti-pubblici\/#primaryimage"},"image":{"@id":"https:\/\/www.article-marketing.eu\/comunicatistampa\/pnrr-massimo-malvestio-salvare-i-territori-no-allirresponsabilita-sui-conti-pubblici\/#primaryimage"},"thumbnailUrl":"https:\/\/www.economiaoggi.it\/wp-content\/uploads\/2021\/06\/massimo-malvestio-1-687x550.jpg.webp","datePublished":"2022-03-08T13:54:11+00:00","author":{"@id":"https:\/\/www.article-marketing.eu\/comunicatistampa\/#\/schema\/person\/2fcaf8f8f3a9eef9eb7f27532d3ca458"},"breadcrumb":{"@id":"https:\/\/www.article-marketing.eu\/comunicatistampa\/pnrr-massimo-malvestio-salvare-i-territori-no-allirresponsabilita-sui-conti-pubblici\/#breadcrumb"},"inLanguage":"it-IT","potentialAction":[{"@type":"ReadAction","target":["https:\/\/www.article-marketing.eu\/comunicatistampa\/pnrr-massimo-malvestio-salvare-i-territori-no-allirresponsabilita-sui-conti-pubblici\/"]}]},{"@type":"ImageObject","inLanguage":"it-IT","@id":"https:\/\/www.article-marketing.eu\/comunicatistampa\/pnrr-massimo-malvestio-salvare-i-territori-no-allirresponsabilita-sui-conti-pubblici\/#primaryimage","url":"https:\/\/www.economiaoggi.it\/wp-content\/uploads\/2021\/06\/massimo-malvestio-1-687x550.jpg.webp","contentUrl":"https:\/\/www.economiaoggi.it\/wp-content\/uploads\/2021\/06\/massimo-malvestio-1-687x550.jpg.webp"},{"@type":"BreadcrumbList","@id":"https:\/\/www.article-marketing.eu\/comunicatistampa\/pnrr-massimo-malvestio-salvare-i-territori-no-allirresponsabilita-sui-conti-pubblici\/#breadcrumb","itemListElement":[{"@type":"ListItem","position":1,"name":"Home","item":"https:\/\/www.article-marketing.eu\/comunicatistampa\/"},{"@type":"ListItem","position":2,"name":"Pnrr, Massimo Malvestio: \u201cSalvare i territori. No all\u2019irresponsabilit\u00e0 sui conti pubblici\u201d"}]},{"@type":"WebSite","@id":"https:\/\/www.article-marketing.eu\/comunicatistampa\/#website","url":"https:\/\/www.article-marketing.eu\/comunicatistampa\/","name":"Article Marketing","description":"article marketing &amp; press release","potentialAction":[{"@type":"SearchAction","target":{"@type":"EntryPoint","urlTemplate":"https:\/\/www.article-marketing.eu\/comunicatistampa\/?s={search_term_string}"},"query-input":{"@type":"PropertyValueSpecification","valueRequired":true,"valueName":"search_term_string"}}],"inLanguage":"it-IT"},{"@type":"Person","@id":"https:\/\/www.article-marketing.eu\/comunicatistampa\/#\/schema\/person\/2fcaf8f8f3a9eef9eb7f27532d3ca458","name":"articolinews","image":{"@type":"ImageObject","inLanguage":"it-IT","@id":"https:\/\/secure.gravatar.com\/avatar\/9e2a264bab04e17dea24d937c9956304649a848cb73c46747a692ff1bdeb1cb7?s=96&d=mm&r=g","url":"https:\/\/secure.gravatar.com\/avatar\/9e2a264bab04e17dea24d937c9956304649a848cb73c46747a692ff1bdeb1cb7?s=96&d=mm&r=g","contentUrl":"https:\/\/secure.gravatar.com\/avatar\/9e2a264bab04e17dea24d937c9956304649a848cb73c46747a692ff1bdeb1cb7?s=96&d=mm&r=g","caption":"articolinews"},"url":"https:\/\/www.article-marketing.eu\/comunicatistampa\/author\/articolinews\/"}]}},"_links":{"self":[{"href":"https:\/\/www.article-marketing.eu\/comunicatistampa\/wp-json\/wp\/v2\/posts\/22123","targetHints":{"allow":["GET"]}}],"collection":[{"href":"https:\/\/www.article-marketing.eu\/comunicatistampa\/wp-json\/wp\/v2\/posts"}],"about":[{"href":"https:\/\/www.article-marketing.eu\/comunicatistampa\/wp-json\/wp\/v2\/types\/post"}],"author":[{"embeddable":true,"href":"https:\/\/www.article-marketing.eu\/comunicatistampa\/wp-json\/wp\/v2\/users\/6477"}],"replies":[{"embeddable":true,"href":"https:\/\/www.article-marketing.eu\/comunicatistampa\/wp-json\/wp\/v2\/comments?post=22123"}],"version-history":[{"count":3,"href":"https:\/\/www.article-marketing.eu\/comunicatistampa\/wp-json\/wp\/v2\/posts\/22123\/revisions"}],"predecessor-version":[{"id":22130,"href":"https:\/\/www.article-marketing.eu\/comunicatistampa\/wp-json\/wp\/v2\/posts\/22123\/revisions\/22130"}],"wp:attachment":[{"href":"https:\/\/www.article-marketing.eu\/comunicatistampa\/wp-json\/wp\/v2\/media?parent=22123"}],"wp:term":[{"taxonomy":"category","embeddable":true,"href":"https:\/\/www.article-marketing.eu\/comunicatistampa\/wp-json\/wp\/v2\/categories?post=22123"},{"taxonomy":"post_tag","embeddable":true,"href":"https:\/\/www.article-marketing.eu\/comunicatistampa\/wp-json\/wp\/v2\/tags?post=22123"}],"curies":[{"name":"wp","href":"https:\/\/api.w.org\/{rel}","templated":true}]}}