{"id":22197,"date":"2022-03-19T00:29:32","date_gmt":"2022-03-18T23:29:32","guid":{"rendered":"https:\/\/www.article-marketing.eu\/comunicatistampa\/?p=22197"},"modified":"2022-03-19T00:29:32","modified_gmt":"2022-03-18T23:29:32","slug":"fondazione-italia-digitale-focus-su-davide-darcangelo-membro-del-comitato-tecnico-scientifico","status":"publish","type":"post","link":"https:\/\/www.article-marketing.eu\/comunicatistampa\/fondazione-italia-digitale-focus-su-davide-darcangelo-membro-del-comitato-tecnico-scientifico\/","title":{"rendered":"Fondazione Italia Digitale: focus su Davide D\u2019Arcangelo, membro del Comitato tecnico-scientifico"},"content":{"rendered":"<p><em><strong>Presentata lo scorso settembre, FID \u00e8 la prima Fondazione dedicata alla cultura del digitale. Tra i membri del Comitato tecnico-scientifico <a title=\"Davide D'Arcangelo: la carriera\" href=\"https:\/\/www.davidedarcangelo.it\/\">Davide D&#8217;Arcangelo<\/a>, attualmente tra i maggiori esperti italiani di innovazione.<\/strong><\/em><\/p>\n<p><img loading=\"lazy\" decoding=\"async\" class=\"alignnone\" src=\"https:\/\/www.davidedarcangelo.it\/wp-content\/uploads\/2022\/03\/davide-darcangelo.jpeg\" alt=\"Davide D'Arcangelo\" width=\"120\" height=\"300\" \/><\/p>\n<h2>Davide D&#8217;Arcangelo: innovazione e digitale per rendere l&#8217;Italia pi\u00f9 competitiva<\/h2>\n<p>A trainare la ripartenza dell&#8217;Italia nei prossimi anni sar\u00e0 il digitale. La pandemia ha dimostrato che si tratta dell&#8217;unica via percorribile per portare il Paese fuori dalla crisi e guidarlo verso un percorso di crescita duraturo e soprattutto sostenibile. Fondazione Italia Digitale nasce proprio con lo scopo di accompagnare la trasformazione digitale italiana, ponendosi come punto di riferimento per istituzioni, privati e cittadini. Per raggiungere l&#8217;obiettivo, l&#8217;Ente si affida ad un Comitato tecnico-scientifico di prim&#8217;ordine. Tra i componenti anche <strong>Davide D&#8217;Arcangelo<\/strong>. Esperto di innovazione e politiche industriali, \u00e8 Founder del club deal investor Next4, di cui \u00e8 anche Business Developer e Innovation Manager. <strong>Davide D&#8217;Arcangelo<\/strong> condivide la mission di FID, ovvero la creazione di uno spazio privilegiato dove discutere e sviluppare policy digitali pubbliche e private al servizio della ripartenza italiana. La trasformazione digitale dovr\u00e0 coinvolgere il Paese a 360\u00b0, partendo dalla Pubblica Amministrazione fino alla singola azienda: <em>&#8220;Innovazione e digitale sono il grande appuntamento con la storia per il nostro Paese. Dobbiamo per\u00f2 ragionare insieme su quali sono le policy migliori per rendere l&#8217;Italia ancora pi\u00f9 competitiva&#8221;<\/em>.<\/p>\n<h2>Davide D&#8217;Arcangelo: il ritratto professionale dell&#8217;Innovation Manager<\/h2>\n<p>Come membro del Comitato tecnico-scientifico, <strong>Davide D&#8217;Arcangelo<\/strong> contribuisce al progetto di Fondazione Italia Digitale mettendo sul banco anni di esperienza nel settore della digital transformation. Classe 1976, \u00e8 laureato in Giurisprudenza ed \u00e8 iscritto all&#8217;albo MISE degli Innovation Manager. Next4, da lui fondata nel 2020, \u00e8 una realt\u00e0 specializzata in operazioni di Digital Health, Innovability e IT\/ICT. Da poco ricopre anche l&#8217;incarico di Vice Presidente di Impatta, network di imprese e professionisti nato dall&#8217;iniziativa di Earth Day Italia nell&#8217;ambito del progetto Obiettivo2030. Attualmente \u00e8 partner di Iniziativa e come investor relator collabora con diversi fondi di investimento. Da oltre dieci anni <strong>Davide D&#8217;Arcangelo<\/strong> offre consulenza a numerose amministrazioni pubbliche (Anci, IFEL, Confindustria, Studiare Sviluppo) sia nell&#8217;ambito della trasformazione digitale che in quello dei fondi europei. Opera anche in qualit\u00e0 di Presidente dell&#8217;Associazione Public Innovation Manager.<\/p>\n","protected":false},"excerpt":{"rendered":"<p>Presentata lo scorso settembre, FID \u00e8 la prima Fondazione dedicata alla cultura del digitale. Tra i membri del Comitato tecnico-scientifico Davide D&#8217;Arcangelo, attualmente tra i maggiori esperti italiani di innovazione. Davide D&#8217;Arcangelo: innovazione e digitale per rendere l&#8217;Italia pi\u00f9 competitiva A trainare la ripartenza dell&#8217;Italia nei prossimi anni sar\u00e0 il digitale. La pandemia ha dimostrato che si tratta dell&#8217;unica via percorribile per portare il Paese fuori dalla crisi e guidarlo<\/p>\n<p><a class=\"continue-reading\" href=\"https:\/\/www.article-marketing.eu\/comunicatistampa\/fondazione-italia-digitale-focus-su-davide-darcangelo-membro-del-comitato-tecnico-scientifico\/\">Continue reading&#8230;<\/a><\/p>\n","protected":false},"author":6477,"featured_media":0,"comment_status":"open","ping_status":"open","sticky":false,"template":"","format":"standard","meta":{"_monsterinsights_skip_tracking":false,"_monsterinsights_sitenote_active":false,"_monsterinsights_sitenote_note":"","_monsterinsights_sitenote_category":0,"footnotes":""},"categories":[390],"tags":[9346],"class_list":["post-22197","post","type-post","status-publish","format-standard","hentry","category-professionisti","tag-davide-darcangelo"],"yoast_head":"<!-- This site is optimized with the Yoast SEO plugin v27.3 - https:\/\/yoast.com\/product\/yoast-seo-wordpress\/ -->\n<title>Fondazione Italia Digitale: focus su Davide D\u2019Arcangelo, membro del Comitato tecnico-scientifico<\/title>\n<meta name=\"robots\" content=\"index, follow, max-snippet:-1, max-image-preview:large, max-video-preview:-1\" \/>\n<link rel=\"canonical\" href=\"https:\/\/www.article-marketing.eu\/comunicatistampa\/fondazione-italia-digitale-focus-su-davide-darcangelo-membro-del-comitato-tecnico-scientifico\/\" \/>\n<meta property=\"og:locale\" content=\"it_IT\" \/>\n<meta property=\"og:type\" content=\"article\" \/>\n<meta property=\"og:title\" content=\"Fondazione Italia Digitale: focus su Davide D\u2019Arcangelo, membro del Comitato tecnico-scientifico\" \/>\n<meta property=\"og:description\" content=\"Presentata lo scorso settembre, FID \u00e8 la prima Fondazione dedicata alla cultura del digitale. Tra i membri del Comitato tecnico-scientifico Davide D&#8217;Arcangelo, attualmente tra i maggiori esperti italiani di innovazione. Davide D&#8217;Arcangelo: innovazione e digitale per rendere l&#8217;Italia pi\u00f9 competitiva A trainare la ripartenza dell&#8217;Italia nei prossimi anni sar\u00e0 il digitale. La pandemia ha dimostrato che si tratta dell&#8217;unica via percorribile per portare il Paese fuori dalla crisi e guidarloContinue reading...\" \/>\n<meta property=\"og:url\" content=\"https:\/\/www.article-marketing.eu\/comunicatistampa\/fondazione-italia-digitale-focus-su-davide-darcangelo-membro-del-comitato-tecnico-scientifico\/\" \/>\n<meta property=\"og:site_name\" content=\"Article Marketing\" \/>\n<meta property=\"article:published_time\" content=\"2022-03-18T23:29:32+00:00\" \/>\n<meta property=\"og:image\" content=\"https:\/\/www.davidedarcangelo.it\/wp-content\/uploads\/2022\/03\/davide-darcangelo.jpeg\" \/>\n<meta name=\"author\" content=\"articolinews\" \/>\n<meta name=\"twitter:card\" content=\"summary_large_image\" \/>\n<meta name=\"twitter:label1\" content=\"Scritto da\" \/>\n\t<meta name=\"twitter:data1\" content=\"articolinews\" \/>\n\t<meta name=\"twitter:label2\" content=\"Tempo di lettura stimato\" \/>\n\t<meta name=\"twitter:data2\" content=\"3 minuti\" \/>\n<script type=\"application\/ld+json\" class=\"yoast-schema-graph\">{\"@context\":\"https:\\\/\\\/schema.org\",\"@graph\":[{\"@type\":\"Article\",\"@id\":\"https:\\\/\\\/www.article-marketing.eu\\\/comunicatistampa\\\/fondazione-italia-digitale-focus-su-davide-darcangelo-membro-del-comitato-tecnico-scientifico\\\/#article\",\"isPartOf\":{\"@id\":\"https:\\\/\\\/www.article-marketing.eu\\\/comunicatistampa\\\/fondazione-italia-digitale-focus-su-davide-darcangelo-membro-del-comitato-tecnico-scientifico\\\/\"},\"author\":{\"name\":\"articolinews\",\"@id\":\"https:\\\/\\\/www.article-marketing.eu\\\/comunicatistampa\\\/#\\\/schema\\\/person\\\/2fcaf8f8f3a9eef9eb7f27532d3ca458\"},\"headline\":\"Fondazione Italia Digitale: focus su Davide D\u2019Arcangelo, membro del Comitato tecnico-scientifico\",\"datePublished\":\"2022-03-18T23:29:32+00:00\",\"mainEntityOfPage\":{\"@id\":\"https:\\\/\\\/www.article-marketing.eu\\\/comunicatistampa\\\/fondazione-italia-digitale-focus-su-davide-darcangelo-membro-del-comitato-tecnico-scientifico\\\/\"},\"wordCount\":363,\"commentCount\":0,\"image\":{\"@id\":\"https:\\\/\\\/www.article-marketing.eu\\\/comunicatistampa\\\/fondazione-italia-digitale-focus-su-davide-darcangelo-membro-del-comitato-tecnico-scientifico\\\/#primaryimage\"},\"thumbnailUrl\":\"https:\\\/\\\/www.davidedarcangelo.it\\\/wp-content\\\/uploads\\\/2022\\\/03\\\/davide-darcangelo.jpeg\",\"keywords\":[\"Davide D\u2019Arcangelo\"],\"articleSection\":[\"Professionisti\"],\"inLanguage\":\"it-IT\",\"potentialAction\":[{\"@type\":\"CommentAction\",\"name\":\"Comment\",\"target\":[\"https:\\\/\\\/www.article-marketing.eu\\\/comunicatistampa\\\/fondazione-italia-digitale-focus-su-davide-darcangelo-membro-del-comitato-tecnico-scientifico\\\/#respond\"]}]},{\"@type\":\"WebPage\",\"@id\":\"https:\\\/\\\/www.article-marketing.eu\\\/comunicatistampa\\\/fondazione-italia-digitale-focus-su-davide-darcangelo-membro-del-comitato-tecnico-scientifico\\\/\",\"url\":\"https:\\\/\\\/www.article-marketing.eu\\\/comunicatistampa\\\/fondazione-italia-digitale-focus-su-davide-darcangelo-membro-del-comitato-tecnico-scientifico\\\/\",\"name\":\"Fondazione Italia Digitale: focus su Davide D\u2019Arcangelo, membro del Comitato tecnico-scientifico\",\"isPartOf\":{\"@id\":\"https:\\\/\\\/www.article-marketing.eu\\\/comunicatistampa\\\/#website\"},\"primaryImageOfPage\":{\"@id\":\"https:\\\/\\\/www.article-marketing.eu\\\/comunicatistampa\\\/fondazione-italia-digitale-focus-su-davide-darcangelo-membro-del-comitato-tecnico-scientifico\\\/#primaryimage\"},\"image\":{\"@id\":\"https:\\\/\\\/www.article-marketing.eu\\\/comunicatistampa\\\/fondazione-italia-digitale-focus-su-davide-darcangelo-membro-del-comitato-tecnico-scientifico\\\/#primaryimage\"},\"thumbnailUrl\":\"https:\\\/\\\/www.davidedarcangelo.it\\\/wp-content\\\/uploads\\\/2022\\\/03\\\/davide-darcangelo.jpeg\",\"datePublished\":\"2022-03-18T23:29:32+00:00\",\"author\":{\"@id\":\"https:\\\/\\\/www.article-marketing.eu\\\/comunicatistampa\\\/#\\\/schema\\\/person\\\/2fcaf8f8f3a9eef9eb7f27532d3ca458\"},\"breadcrumb\":{\"@id\":\"https:\\\/\\\/www.article-marketing.eu\\\/comunicatistampa\\\/fondazione-italia-digitale-focus-su-davide-darcangelo-membro-del-comitato-tecnico-scientifico\\\/#breadcrumb\"},\"inLanguage\":\"it-IT\",\"potentialAction\":[{\"@type\":\"ReadAction\",\"target\":[\"https:\\\/\\\/www.article-marketing.eu\\\/comunicatistampa\\\/fondazione-italia-digitale-focus-su-davide-darcangelo-membro-del-comitato-tecnico-scientifico\\\/\"]}]},{\"@type\":\"ImageObject\",\"inLanguage\":\"it-IT\",\"@id\":\"https:\\\/\\\/www.article-marketing.eu\\\/comunicatistampa\\\/fondazione-italia-digitale-focus-su-davide-darcangelo-membro-del-comitato-tecnico-scientifico\\\/#primaryimage\",\"url\":\"https:\\\/\\\/www.davidedarcangelo.it\\\/wp-content\\\/uploads\\\/2022\\\/03\\\/davide-darcangelo.jpeg\",\"contentUrl\":\"https:\\\/\\\/www.davidedarcangelo.it\\\/wp-content\\\/uploads\\\/2022\\\/03\\\/davide-darcangelo.jpeg\"},{\"@type\":\"BreadcrumbList\",\"@id\":\"https:\\\/\\\/www.article-marketing.eu\\\/comunicatistampa\\\/fondazione-italia-digitale-focus-su-davide-darcangelo-membro-del-comitato-tecnico-scientifico\\\/#breadcrumb\",\"itemListElement\":[{\"@type\":\"ListItem\",\"position\":1,\"name\":\"Home\",\"item\":\"https:\\\/\\\/www.article-marketing.eu\\\/comunicatistampa\\\/\"},{\"@type\":\"ListItem\",\"position\":2,\"name\":\"Fondazione Italia Digitale: focus su Davide D\u2019Arcangelo, membro del Comitato tecnico-scientifico\"}]},{\"@type\":\"WebSite\",\"@id\":\"https:\\\/\\\/www.article-marketing.eu\\\/comunicatistampa\\\/#website\",\"url\":\"https:\\\/\\\/www.article-marketing.eu\\\/comunicatistampa\\\/\",\"name\":\"Article Marketing\",\"description\":\"article marketing &amp; press release\",\"potentialAction\":[{\"@type\":\"SearchAction\",\"target\":{\"@type\":\"EntryPoint\",\"urlTemplate\":\"https:\\\/\\\/www.article-marketing.eu\\\/comunicatistampa\\\/?s={search_term_string}\"},\"query-input\":{\"@type\":\"PropertyValueSpecification\",\"valueRequired\":true,\"valueName\":\"search_term_string\"}}],\"inLanguage\":\"it-IT\"},{\"@type\":\"Person\",\"@id\":\"https:\\\/\\\/www.article-marketing.eu\\\/comunicatistampa\\\/#\\\/schema\\\/person\\\/2fcaf8f8f3a9eef9eb7f27532d3ca458\",\"name\":\"articolinews\",\"image\":{\"@type\":\"ImageObject\",\"inLanguage\":\"it-IT\",\"@id\":\"https:\\\/\\\/secure.gravatar.com\\\/avatar\\\/9e2a264bab04e17dea24d937c9956304649a848cb73c46747a692ff1bdeb1cb7?s=96&d=mm&r=g\",\"url\":\"https:\\\/\\\/secure.gravatar.com\\\/avatar\\\/9e2a264bab04e17dea24d937c9956304649a848cb73c46747a692ff1bdeb1cb7?s=96&d=mm&r=g\",\"contentUrl\":\"https:\\\/\\\/secure.gravatar.com\\\/avatar\\\/9e2a264bab04e17dea24d937c9956304649a848cb73c46747a692ff1bdeb1cb7?s=96&d=mm&r=g\",\"caption\":\"articolinews\"},\"url\":\"https:\\\/\\\/www.article-marketing.eu\\\/comunicatistampa\\\/author\\\/articolinews\\\/\"}]}<\/script>\n<!-- \/ Yoast SEO plugin. -->","yoast_head_json":{"title":"Fondazione Italia Digitale: focus su Davide D\u2019Arcangelo, membro del Comitato tecnico-scientifico","robots":{"index":"index","follow":"follow","max-snippet":"max-snippet:-1","max-image-preview":"max-image-preview:large","max-video-preview":"max-video-preview:-1"},"canonical":"https:\/\/www.article-marketing.eu\/comunicatistampa\/fondazione-italia-digitale-focus-su-davide-darcangelo-membro-del-comitato-tecnico-scientifico\/","og_locale":"it_IT","og_type":"article","og_title":"Fondazione Italia Digitale: focus su Davide D\u2019Arcangelo, membro del Comitato tecnico-scientifico","og_description":"Presentata lo scorso settembre, FID \u00e8 la prima Fondazione dedicata alla cultura del digitale. Tra i membri del Comitato tecnico-scientifico Davide D&#8217;Arcangelo, attualmente tra i maggiori esperti italiani di innovazione. Davide D&#8217;Arcangelo: innovazione e digitale per rendere l&#8217;Italia pi\u00f9 competitiva A trainare la ripartenza dell&#8217;Italia nei prossimi anni sar\u00e0 il digitale. La pandemia ha dimostrato che si tratta dell&#8217;unica via percorribile per portare il Paese fuori dalla crisi e guidarloContinue reading...","og_url":"https:\/\/www.article-marketing.eu\/comunicatistampa\/fondazione-italia-digitale-focus-su-davide-darcangelo-membro-del-comitato-tecnico-scientifico\/","og_site_name":"Article Marketing","article_published_time":"2022-03-18T23:29:32+00:00","og_image":[{"url":"https:\/\/www.davidedarcangelo.it\/wp-content\/uploads\/2022\/03\/davide-darcangelo.jpeg","type":"","width":"","height":""}],"author":"articolinews","twitter_card":"summary_large_image","twitter_misc":{"Scritto da":"articolinews","Tempo di lettura stimato":"3 minuti"},"schema":{"@context":"https:\/\/schema.org","@graph":[{"@type":"Article","@id":"https:\/\/www.article-marketing.eu\/comunicatistampa\/fondazione-italia-digitale-focus-su-davide-darcangelo-membro-del-comitato-tecnico-scientifico\/#article","isPartOf":{"@id":"https:\/\/www.article-marketing.eu\/comunicatistampa\/fondazione-italia-digitale-focus-su-davide-darcangelo-membro-del-comitato-tecnico-scientifico\/"},"author":{"name":"articolinews","@id":"https:\/\/www.article-marketing.eu\/comunicatistampa\/#\/schema\/person\/2fcaf8f8f3a9eef9eb7f27532d3ca458"},"headline":"Fondazione Italia Digitale: focus su Davide D\u2019Arcangelo, membro del Comitato tecnico-scientifico","datePublished":"2022-03-18T23:29:32+00:00","mainEntityOfPage":{"@id":"https:\/\/www.article-marketing.eu\/comunicatistampa\/fondazione-italia-digitale-focus-su-davide-darcangelo-membro-del-comitato-tecnico-scientifico\/"},"wordCount":363,"commentCount":0,"image":{"@id":"https:\/\/www.article-marketing.eu\/comunicatistampa\/fondazione-italia-digitale-focus-su-davide-darcangelo-membro-del-comitato-tecnico-scientifico\/#primaryimage"},"thumbnailUrl":"https:\/\/www.davidedarcangelo.it\/wp-content\/uploads\/2022\/03\/davide-darcangelo.jpeg","keywords":["Davide D\u2019Arcangelo"],"articleSection":["Professionisti"],"inLanguage":"it-IT","potentialAction":[{"@type":"CommentAction","name":"Comment","target":["https:\/\/www.article-marketing.eu\/comunicatistampa\/fondazione-italia-digitale-focus-su-davide-darcangelo-membro-del-comitato-tecnico-scientifico\/#respond"]}]},{"@type":"WebPage","@id":"https:\/\/www.article-marketing.eu\/comunicatistampa\/fondazione-italia-digitale-focus-su-davide-darcangelo-membro-del-comitato-tecnico-scientifico\/","url":"https:\/\/www.article-marketing.eu\/comunicatistampa\/fondazione-italia-digitale-focus-su-davide-darcangelo-membro-del-comitato-tecnico-scientifico\/","name":"Fondazione Italia Digitale: focus su Davide D\u2019Arcangelo, membro del Comitato tecnico-scientifico","isPartOf":{"@id":"https:\/\/www.article-marketing.eu\/comunicatistampa\/#website"},"primaryImageOfPage":{"@id":"https:\/\/www.article-marketing.eu\/comunicatistampa\/fondazione-italia-digitale-focus-su-davide-darcangelo-membro-del-comitato-tecnico-scientifico\/#primaryimage"},"image":{"@id":"https:\/\/www.article-marketing.eu\/comunicatistampa\/fondazione-italia-digitale-focus-su-davide-darcangelo-membro-del-comitato-tecnico-scientifico\/#primaryimage"},"thumbnailUrl":"https:\/\/www.davidedarcangelo.it\/wp-content\/uploads\/2022\/03\/davide-darcangelo.jpeg","datePublished":"2022-03-18T23:29:32+00:00","author":{"@id":"https:\/\/www.article-marketing.eu\/comunicatistampa\/#\/schema\/person\/2fcaf8f8f3a9eef9eb7f27532d3ca458"},"breadcrumb":{"@id":"https:\/\/www.article-marketing.eu\/comunicatistampa\/fondazione-italia-digitale-focus-su-davide-darcangelo-membro-del-comitato-tecnico-scientifico\/#breadcrumb"},"inLanguage":"it-IT","potentialAction":[{"@type":"ReadAction","target":["https:\/\/www.article-marketing.eu\/comunicatistampa\/fondazione-italia-digitale-focus-su-davide-darcangelo-membro-del-comitato-tecnico-scientifico\/"]}]},{"@type":"ImageObject","inLanguage":"it-IT","@id":"https:\/\/www.article-marketing.eu\/comunicatistampa\/fondazione-italia-digitale-focus-su-davide-darcangelo-membro-del-comitato-tecnico-scientifico\/#primaryimage","url":"https:\/\/www.davidedarcangelo.it\/wp-content\/uploads\/2022\/03\/davide-darcangelo.jpeg","contentUrl":"https:\/\/www.davidedarcangelo.it\/wp-content\/uploads\/2022\/03\/davide-darcangelo.jpeg"},{"@type":"BreadcrumbList","@id":"https:\/\/www.article-marketing.eu\/comunicatistampa\/fondazione-italia-digitale-focus-su-davide-darcangelo-membro-del-comitato-tecnico-scientifico\/#breadcrumb","itemListElement":[{"@type":"ListItem","position":1,"name":"Home","item":"https:\/\/www.article-marketing.eu\/comunicatistampa\/"},{"@type":"ListItem","position":2,"name":"Fondazione Italia Digitale: focus su Davide D\u2019Arcangelo, membro del Comitato tecnico-scientifico"}]},{"@type":"WebSite","@id":"https:\/\/www.article-marketing.eu\/comunicatistampa\/#website","url":"https:\/\/www.article-marketing.eu\/comunicatistampa\/","name":"Article Marketing","description":"article marketing &amp; press release","potentialAction":[{"@type":"SearchAction","target":{"@type":"EntryPoint","urlTemplate":"https:\/\/www.article-marketing.eu\/comunicatistampa\/?s={search_term_string}"},"query-input":{"@type":"PropertyValueSpecification","valueRequired":true,"valueName":"search_term_string"}}],"inLanguage":"it-IT"},{"@type":"Person","@id":"https:\/\/www.article-marketing.eu\/comunicatistampa\/#\/schema\/person\/2fcaf8f8f3a9eef9eb7f27532d3ca458","name":"articolinews","image":{"@type":"ImageObject","inLanguage":"it-IT","@id":"https:\/\/secure.gravatar.com\/avatar\/9e2a264bab04e17dea24d937c9956304649a848cb73c46747a692ff1bdeb1cb7?s=96&d=mm&r=g","url":"https:\/\/secure.gravatar.com\/avatar\/9e2a264bab04e17dea24d937c9956304649a848cb73c46747a692ff1bdeb1cb7?s=96&d=mm&r=g","contentUrl":"https:\/\/secure.gravatar.com\/avatar\/9e2a264bab04e17dea24d937c9956304649a848cb73c46747a692ff1bdeb1cb7?s=96&d=mm&r=g","caption":"articolinews"},"url":"https:\/\/www.article-marketing.eu\/comunicatistampa\/author\/articolinews\/"}]}},"_links":{"self":[{"href":"https:\/\/www.article-marketing.eu\/comunicatistampa\/wp-json\/wp\/v2\/posts\/22197","targetHints":{"allow":["GET"]}}],"collection":[{"href":"https:\/\/www.article-marketing.eu\/comunicatistampa\/wp-json\/wp\/v2\/posts"}],"about":[{"href":"https:\/\/www.article-marketing.eu\/comunicatistampa\/wp-json\/wp\/v2\/types\/post"}],"author":[{"embeddable":true,"href":"https:\/\/www.article-marketing.eu\/comunicatistampa\/wp-json\/wp\/v2\/users\/6477"}],"replies":[{"embeddable":true,"href":"https:\/\/www.article-marketing.eu\/comunicatistampa\/wp-json\/wp\/v2\/comments?post=22197"}],"version-history":[{"count":3,"href":"https:\/\/www.article-marketing.eu\/comunicatistampa\/wp-json\/wp\/v2\/posts\/22197\/revisions"}],"predecessor-version":[{"id":22223,"href":"https:\/\/www.article-marketing.eu\/comunicatistampa\/wp-json\/wp\/v2\/posts\/22197\/revisions\/22223"}],"wp:attachment":[{"href":"https:\/\/www.article-marketing.eu\/comunicatistampa\/wp-json\/wp\/v2\/media?parent=22197"}],"wp:term":[{"taxonomy":"category","embeddable":true,"href":"https:\/\/www.article-marketing.eu\/comunicatistampa\/wp-json\/wp\/v2\/categories?post=22197"},{"taxonomy":"post_tag","embeddable":true,"href":"https:\/\/www.article-marketing.eu\/comunicatistampa\/wp-json\/wp\/v2\/tags?post=22197"}],"curies":[{"name":"wp","href":"https:\/\/api.w.org\/{rel}","templated":true}]}}