{"id":22200,"date":"2022-03-19T00:35:00","date_gmt":"2022-03-18T23:35:00","guid":{"rendered":"https:\/\/www.article-marketing.eu\/comunicatistampa\/?p=22200"},"modified":"2022-03-19T00:35:00","modified_gmt":"2022-03-18T23:35:00","slug":"un-corso-sulla-prevenzione-delle-patologie-muscolo-scheletriche","status":"publish","type":"post","link":"https:\/\/www.article-marketing.eu\/comunicatistampa\/un-corso-sulla-prevenzione-delle-patologie-muscolo-scheletriche\/","title":{"rendered":"Un corso sulla prevenzione delle patologie muscolo-scheletriche"},"content":{"rendered":"<h1>Comunicato Stampa<\/h1>\n<h1>Un corso sulla prevenzione delle patologie muscolo-scheletriche<\/h1>\n<h1><\/h1>\n<p><strong><em>Il 26 maggio 2022 un corso in presenza a Brescia fornir\u00e0 nozioni teoriche e pratiche per acquisire maggiore consapevolezza posturale e respiratoria e per diffondere la cultura e consapevolezza delle patologie muscolo-scheletriche.<\/em><\/strong><\/p>\n<p><strong><em>\u00a0<\/em><\/strong><\/p>\n<p>Nel mondo del lavoro i <strong>disturbi muscolo-scheletrici<\/strong> sono un problema di salute globale e una delle principali sfide in materia di prevenzione: colpiscono la salute generale di molti lavoratori ed essendo una delle cause pi\u00f9 importanti di disabilit\u00e0, assenze lavorative e riduzione della produttivit\u00e0 hanno anche un grande impatto economico sulle organizzazioni.<\/p>\n<p>&nbsp;<\/p>\n<p>Proprio in relazione alle conseguenze delle patologie muscolo-scheletriche sui lavoratori e sulle aziende \u00e8 stata promossa per il triennio 2020-2022, dall\u2019Agenzia europea per la sicurezza e la salute sul lavoro, la campagna \u201c<strong>Ambienti di lavoro sani e sicuri. Alleggeriamo il carico!<\/strong>\u201d. Una campagna che \u00e8 nata proprio con l\u2019obiettivo di aumentare nei luoghi di lavoro, tra tutti gli attori della sicurezza aziendale, la consapevolezza e la prevenzione dei disturbi muscolo-scheletrici.<\/p>\n<p>&nbsp;<\/p>\n<p><strong>Il corso in presenza per prevenire le patologie muscolo-scheletriche<\/strong><\/p>\n<p>Proprio per favorire una maggiore consapevolezza e prevenzione anche nelle aziende italiane, l\u2019<strong>Associazione Italiana Formatori ed Operatori della Sicurezza sul Lavoro<\/strong> (AiFOS), che nella campagna europea \u00e8 partner nazionale del focal point italiano Inail, organizza per il <strong>26 maggio 2022 <\/strong>il corso in presenza di 8 ore dal titolo \u201c<strong>Prevenzione delle patologie muscolo-scheletriche<\/strong>\u201d.<\/p>\n<p>&nbsp;<\/p>\n<p>Il nuovo corso, coerente con gli obiettivi dell\u2019attuale campagna europea sui disturbi muscolo-scheletrici, vuole fornire nozioni teoriche e soprattutto pratiche per acquisire maggiore consapevolezza posturale e respiratoria. Attraverso gli strumenti offerti, con prese di coscienza, tecniche di training autogeno, esercizi posturali e respiratori, i lavoratori potranno migliorare la loro qualit\u00e0 di vita e lavorativa.<\/p>\n<p>&nbsp;<\/p>\n<p>La lezione sar\u00e0 caratterizzata da una metodologia didattica attiva, con la presentazione di tecniche ed esercizi pratici, e sar\u00e0 tenuta da <strong>Emanuele Angelo Toso<\/strong>: formatore AiFOS posturologo e massofisioterapista.<\/p>\n<p>&nbsp;<\/p>\n<p><strong>La diffusione e le conseguenze delle patologie muscolo-scheletriche<\/strong><\/p>\n<p>I <strong>disturbi muscoloscheletrici<\/strong> correlati alle attivit\u00e0 lavorative sono compromissioni delle strutture corporee, quali muscoli, articolazioni e tendini, causate o aggravate principalmente dal lavoro o dagli effetti dell\u2019ambiente di lavoro immediato. In alcuni casi possono essere dannosi non solo per la qualit\u00e0 di vita individuale ma anche per la capacit\u00e0 di lavorare.<\/p>\n<p>&nbsp;<\/p>\n<p>E, come ricordato pi\u00f9 volte nella campagna europea 2020-2022, sono milioni i lavoratori in tutta Europa che ne sono affetti: secondo alcuni dati nell\u2019Unione europea circa <strong>tre lavoratori su cinque<\/strong> lamentano disturbi muscoloscheletrici.<\/p>\n<p>&nbsp;<\/p>\n<p>In particolare uno dei fattori di rischio pi\u00f9 frequentemente identificato \u00e8 costituito dai movimenti ripetitivi della mano o del braccio, ma i rischi connessi a questi disturbi includono spesso anche la postura seduta prolungata, il sollevamento\/spostamento di persone o carichi pesanti e le posizioni lavorative faticose o dolorose.<\/p>\n<p><strong>\u00a0<\/strong><\/p>\n<p><strong>Le informazioni e il programma del nuovo corso di formazione<\/strong><\/p>\n<p>Per conoscere e prevenire le patologie muscolo-scheletriche connesse al mondo del lavoro si terr\u00e0 gioved\u00ec <strong>26 maggio 2022 <\/strong>\u2013 dalle 09.00 alle 13.00 e dalle 14.00 alle 18.00 &#8211; il corso in presenza di 8 ore \u201c<strong>Prevenzione delle patologie muscolo-scheletriche<\/strong>\u201d.<\/p>\n<p>Il corso si terr\u00e0 a <strong>Brescia<\/strong> presso la sede di AiFOS Service in Via Branze, 45, c\/o CSMT, Universit\u00e0 degli studi di Brescia.<\/p>\n<p>&nbsp;<\/p>\n<p>Il <strong>programma<\/strong> del corso:<\/p>\n<ul>\n<li>Fattori di Rischio delle Patologie Muscolo-Scheletriche<\/li>\n<li>Concetti base di Anatomo-Fisiologia della Colonna Vertebrale<\/li>\n<li>Back School (Scuola della Schiena) e Neck School (Scuola del Collo)<\/li>\n<li>Educazione posturale ed Esercizi Pratici<\/li>\n<li>Fattori di rischio di ansia e stress<\/li>\n<li>Concetti base di Anatomo-Fisiologia del Diaframma Respiratorio<\/li>\n<li>Educazione Respiratoria ed Esercizi Pratici<\/li>\n<li>Tecniche per la Gestione di Ansia e Stress<\/li>\n<\/ul>\n<p>&nbsp;<\/p>\n<p>La partecipazione al corso vale come 8 ore di <strong>aggiornamento<\/strong> per RSPP\/ASPP, Coordinatori alla sicurezza, Formatori qualificati seconda area tematica. Il corso \u00e8 valido anche ai fini della formazione specifica prevista per il Manager HSE (UNI 11720:2018 \u2013 area tecnica in materia di sicurezza sul lavoro) e ai fini della formazione necessaria per l&#8217;iscrizione al Registro Consulenti AiFOS (ambito sicurezza sul lavoro &#8211; Legge 4\/2013).<\/p>\n<p>&nbsp;<\/p>\n<p>Per avere ulteriori dettagli sul corso e iscriversi, \u00e8 possibile utilizzare questo link:<\/p>\n<p><a href=\"https:\/\/aifos.org\/home\/formazione\/corsi\/corsi-in-programma\/corsi-in-programma\/prevenzione_delle_patologie_muscolo-scheletriche\">https:\/\/aifos.org\/home\/formazione\/corsi\/corsi-in-programma\/corsi-in-programma\/prevenzione_delle_patologie_muscolo-scheletriche<\/a><\/p>\n<p><strong><em>\u00a0<\/em><\/strong><\/p>\n<p><strong><em>\u00a0<\/em><\/strong><\/p>\n<p>Per <strong>informazioni<\/strong>:<\/p>\n<p><strong>Sede nazionale AiFOS<\/strong> &#8211; via Branze, 45 &#8211; 25123 Brescia c\/o CSMT, Universit\u00e0 degli Studi di Brescia &#8211; tel.030.6595035 &#8211; fax 030.6595040 <a href=\"http:\/\/www.aifos.it\">www.aifos.it<\/a> &#8211; <a href=\"mailto:formarsi@aifos.it\">formarsi@aifos.it<\/a><\/p>\n<p>&nbsp;<\/p>\n<p><em>\u00a0<\/em><\/p>\n<p><em>17 marzo 2022<\/em><\/p>\n<p>&nbsp;<\/p>\n<p>&nbsp;<\/p>\n<p>Ufficio Stampa di AiFOS<\/p>\n<p>ufficiostampa@aifos.it<\/p>\n<p>http:\/\/www.aifos.it\/<\/p>\n","protected":false},"excerpt":{"rendered":"<p>Comunicato Stampa Un corso sulla prevenzione delle patologie muscolo-scheletriche Il 26 maggio 2022 un corso in presenza a Brescia fornir\u00e0 nozioni teoriche e pratiche per acquisire maggiore consapevolezza posturale e respiratoria e per diffondere la cultura e consapevolezza delle patologie muscolo-scheletriche. \u00a0 Nel mondo del lavoro i disturbi muscolo-scheletrici sono un problema di salute globale e una delle principali sfide in materia di prevenzione: colpiscono la salute generale di molti<\/p>\n<p><a class=\"continue-reading\" href=\"https:\/\/www.article-marketing.eu\/comunicatistampa\/un-corso-sulla-prevenzione-delle-patologie-muscolo-scheletriche\/\">Continue reading&#8230;<\/a><\/p>\n","protected":false},"author":881,"featured_media":0,"comment_status":"open","ping_status":"open","sticky":false,"template":"","format":"standard","meta":{"_monsterinsights_skip_tracking":false,"_monsterinsights_sitenote_active":false,"_monsterinsights_sitenote_note":"","_monsterinsights_sitenote_category":0,"footnotes":""},"categories":[78,379,386,392,378,369],"tags":[3301,7223,3235,5981,8528,9349,5983,9348,9347],"class_list":["post-22200","post","type-post","status-publish","format-standard","hentry","category-comunicati-stampa","category-corsi","category-economia-e-lavoro","category-eventi","category-istruzione","category-salute-e-benessere","tag-aifos","tag-ambienti-di-lavoro-sani-e-sicuri-alleggeriamo-il-carico","tag-brescia","tag-colonna-vertebrale","tag-corso-in-presenza","tag-disturbi-muscolo-scheletrici","tag-educazione-posturale","tag-patologie-muscolo-scheletriche","tag-prevenzione-delle-patologie-muscolo-scheletriche"],"yoast_head":"<!-- This site is optimized with the Yoast SEO plugin v27.3 - https:\/\/yoast.com\/product\/yoast-seo-wordpress\/ -->\n<title>Un corso sulla prevenzione delle patologie muscolo-scheletriche<\/title>\n<meta name=\"robots\" content=\"index, follow, max-snippet:-1, max-image-preview:large, max-video-preview:-1\" \/>\n<link rel=\"canonical\" href=\"https:\/\/www.article-marketing.eu\/comunicatistampa\/un-corso-sulla-prevenzione-delle-patologie-muscolo-scheletriche\/\" \/>\n<meta property=\"og:locale\" content=\"it_IT\" \/>\n<meta property=\"og:type\" content=\"article\" \/>\n<meta property=\"og:title\" content=\"Un corso sulla prevenzione delle patologie muscolo-scheletriche\" \/>\n<meta property=\"og:description\" content=\"Comunicato Stampa Un corso sulla prevenzione delle patologie muscolo-scheletriche Il 26 maggio 2022 un corso in presenza a Brescia fornir\u00e0 nozioni teoriche e pratiche per acquisire maggiore consapevolezza posturale e respiratoria e per diffondere la cultura e consapevolezza delle patologie muscolo-scheletriche. \u00a0 Nel mondo del lavoro i disturbi muscolo-scheletrici sono un problema di salute globale e una delle principali sfide in materia di prevenzione: colpiscono la salute generale di moltiContinue reading...\" \/>\n<meta property=\"og:url\" content=\"https:\/\/www.article-marketing.eu\/comunicatistampa\/un-corso-sulla-prevenzione-delle-patologie-muscolo-scheletriche\/\" \/>\n<meta property=\"og:site_name\" content=\"Article Marketing\" \/>\n<meta property=\"article:published_time\" content=\"2022-03-18T23:35:00+00:00\" \/>\n<meta name=\"author\" content=\"AIFUS\" \/>\n<meta name=\"twitter:card\" content=\"summary_large_image\" \/>\n<meta name=\"twitter:label1\" content=\"Scritto da\" \/>\n\t<meta name=\"twitter:data1\" content=\"AIFUS\" \/>\n\t<meta name=\"twitter:label2\" content=\"Tempo di lettura stimato\" \/>\n\t<meta name=\"twitter:data2\" content=\"4 minuti\" \/>\n<script type=\"application\/ld+json\" class=\"yoast-schema-graph\">{\"@context\":\"https:\\\/\\\/schema.org\",\"@graph\":[{\"@type\":\"Article\",\"@id\":\"https:\\\/\\\/www.article-marketing.eu\\\/comunicatistampa\\\/un-corso-sulla-prevenzione-delle-patologie-muscolo-scheletriche\\\/#article\",\"isPartOf\":{\"@id\":\"https:\\\/\\\/www.article-marketing.eu\\\/comunicatistampa\\\/un-corso-sulla-prevenzione-delle-patologie-muscolo-scheletriche\\\/\"},\"author\":{\"name\":\"AIFUS\",\"@id\":\"https:\\\/\\\/www.article-marketing.eu\\\/comunicatistampa\\\/#\\\/schema\\\/person\\\/d1985c4955ff71a05f49d68e3034b3cd\"},\"headline\":\"Un corso sulla prevenzione delle patologie muscolo-scheletriche\",\"datePublished\":\"2022-03-18T23:35:00+00:00\",\"mainEntityOfPage\":{\"@id\":\"https:\\\/\\\/www.article-marketing.eu\\\/comunicatistampa\\\/un-corso-sulla-prevenzione-delle-patologie-muscolo-scheletriche\\\/\"},\"wordCount\":717,\"commentCount\":0,\"keywords\":[\"Aifos\",\"Ambienti di lavoro sani e sicuri. Alleggeriamo il carico!\",\"Brescia\",\"colonna vertebrale\",\"corso in presenza\",\"disturbi muscolo-scheletrici\",\"educazione posturale\",\"patologie muscolo-scheletriche\",\"Prevenzione delle patologie muscolo-scheletriche\"],\"articleSection\":[\"Comunicati stampa\",\"Corsi\",\"Economia e lavoro\",\"Eventi\",\"Istruzione\",\"Salute e benessere\"],\"inLanguage\":\"it-IT\",\"potentialAction\":[{\"@type\":\"CommentAction\",\"name\":\"Comment\",\"target\":[\"https:\\\/\\\/www.article-marketing.eu\\\/comunicatistampa\\\/un-corso-sulla-prevenzione-delle-patologie-muscolo-scheletriche\\\/#respond\"]}]},{\"@type\":\"WebPage\",\"@id\":\"https:\\\/\\\/www.article-marketing.eu\\\/comunicatistampa\\\/un-corso-sulla-prevenzione-delle-patologie-muscolo-scheletriche\\\/\",\"url\":\"https:\\\/\\\/www.article-marketing.eu\\\/comunicatistampa\\\/un-corso-sulla-prevenzione-delle-patologie-muscolo-scheletriche\\\/\",\"name\":\"Un corso sulla prevenzione delle patologie muscolo-scheletriche\",\"isPartOf\":{\"@id\":\"https:\\\/\\\/www.article-marketing.eu\\\/comunicatistampa\\\/#website\"},\"datePublished\":\"2022-03-18T23:35:00+00:00\",\"author\":{\"@id\":\"https:\\\/\\\/www.article-marketing.eu\\\/comunicatistampa\\\/#\\\/schema\\\/person\\\/d1985c4955ff71a05f49d68e3034b3cd\"},\"breadcrumb\":{\"@id\":\"https:\\\/\\\/www.article-marketing.eu\\\/comunicatistampa\\\/un-corso-sulla-prevenzione-delle-patologie-muscolo-scheletriche\\\/#breadcrumb\"},\"inLanguage\":\"it-IT\",\"potentialAction\":[{\"@type\":\"ReadAction\",\"target\":[\"https:\\\/\\\/www.article-marketing.eu\\\/comunicatistampa\\\/un-corso-sulla-prevenzione-delle-patologie-muscolo-scheletriche\\\/\"]}]},{\"@type\":\"BreadcrumbList\",\"@id\":\"https:\\\/\\\/www.article-marketing.eu\\\/comunicatistampa\\\/un-corso-sulla-prevenzione-delle-patologie-muscolo-scheletriche\\\/#breadcrumb\",\"itemListElement\":[{\"@type\":\"ListItem\",\"position\":1,\"name\":\"Home\",\"item\":\"https:\\\/\\\/www.article-marketing.eu\\\/comunicatistampa\\\/\"},{\"@type\":\"ListItem\",\"position\":2,\"name\":\"Un corso sulla prevenzione delle patologie muscolo-scheletriche\"}]},{\"@type\":\"WebSite\",\"@id\":\"https:\\\/\\\/www.article-marketing.eu\\\/comunicatistampa\\\/#website\",\"url\":\"https:\\\/\\\/www.article-marketing.eu\\\/comunicatistampa\\\/\",\"name\":\"Article Marketing\",\"description\":\"article marketing &amp; press release\",\"potentialAction\":[{\"@type\":\"SearchAction\",\"target\":{\"@type\":\"EntryPoint\",\"urlTemplate\":\"https:\\\/\\\/www.article-marketing.eu\\\/comunicatistampa\\\/?s={search_term_string}\"},\"query-input\":{\"@type\":\"PropertyValueSpecification\",\"valueRequired\":true,\"valueName\":\"search_term_string\"}}],\"inLanguage\":\"it-IT\"},{\"@type\":\"Person\",\"@id\":\"https:\\\/\\\/www.article-marketing.eu\\\/comunicatistampa\\\/#\\\/schema\\\/person\\\/d1985c4955ff71a05f49d68e3034b3cd\",\"name\":\"AIFUS\",\"image\":{\"@type\":\"ImageObject\",\"inLanguage\":\"it-IT\",\"@id\":\"https:\\\/\\\/secure.gravatar.com\\\/avatar\\\/05cf2a2ba057667571308b94c84f00ff48766ffac95710a87491a9b3ddcee484?s=96&d=mm&r=g\",\"url\":\"https:\\\/\\\/secure.gravatar.com\\\/avatar\\\/05cf2a2ba057667571308b94c84f00ff48766ffac95710a87491a9b3ddcee484?s=96&d=mm&r=g\",\"contentUrl\":\"https:\\\/\\\/secure.gravatar.com\\\/avatar\\\/05cf2a2ba057667571308b94c84f00ff48766ffac95710a87491a9b3ddcee484?s=96&d=mm&r=g\",\"caption\":\"AIFUS\"},\"url\":\"https:\\\/\\\/www.article-marketing.eu\\\/comunicatistampa\\\/author\\\/aifus\\\/\"}]}<\/script>\n<!-- \/ Yoast SEO plugin. -->","yoast_head_json":{"title":"Un corso sulla prevenzione delle patologie muscolo-scheletriche","robots":{"index":"index","follow":"follow","max-snippet":"max-snippet:-1","max-image-preview":"max-image-preview:large","max-video-preview":"max-video-preview:-1"},"canonical":"https:\/\/www.article-marketing.eu\/comunicatistampa\/un-corso-sulla-prevenzione-delle-patologie-muscolo-scheletriche\/","og_locale":"it_IT","og_type":"article","og_title":"Un corso sulla prevenzione delle patologie muscolo-scheletriche","og_description":"Comunicato Stampa Un corso sulla prevenzione delle patologie muscolo-scheletriche Il 26 maggio 2022 un corso in presenza a Brescia fornir\u00e0 nozioni teoriche e pratiche per acquisire maggiore consapevolezza posturale e respiratoria e per diffondere la cultura e consapevolezza delle patologie muscolo-scheletriche. \u00a0 Nel mondo del lavoro i disturbi muscolo-scheletrici sono un problema di salute globale e una delle principali sfide in materia di prevenzione: colpiscono la salute generale di moltiContinue reading...","og_url":"https:\/\/www.article-marketing.eu\/comunicatistampa\/un-corso-sulla-prevenzione-delle-patologie-muscolo-scheletriche\/","og_site_name":"Article Marketing","article_published_time":"2022-03-18T23:35:00+00:00","author":"AIFUS","twitter_card":"summary_large_image","twitter_misc":{"Scritto da":"AIFUS","Tempo di lettura stimato":"4 minuti"},"schema":{"@context":"https:\/\/schema.org","@graph":[{"@type":"Article","@id":"https:\/\/www.article-marketing.eu\/comunicatistampa\/un-corso-sulla-prevenzione-delle-patologie-muscolo-scheletriche\/#article","isPartOf":{"@id":"https:\/\/www.article-marketing.eu\/comunicatistampa\/un-corso-sulla-prevenzione-delle-patologie-muscolo-scheletriche\/"},"author":{"name":"AIFUS","@id":"https:\/\/www.article-marketing.eu\/comunicatistampa\/#\/schema\/person\/d1985c4955ff71a05f49d68e3034b3cd"},"headline":"Un corso sulla prevenzione delle patologie muscolo-scheletriche","datePublished":"2022-03-18T23:35:00+00:00","mainEntityOfPage":{"@id":"https:\/\/www.article-marketing.eu\/comunicatistampa\/un-corso-sulla-prevenzione-delle-patologie-muscolo-scheletriche\/"},"wordCount":717,"commentCount":0,"keywords":["Aifos","Ambienti di lavoro sani e sicuri. Alleggeriamo il carico!","Brescia","colonna vertebrale","corso in presenza","disturbi muscolo-scheletrici","educazione posturale","patologie muscolo-scheletriche","Prevenzione delle patologie muscolo-scheletriche"],"articleSection":["Comunicati stampa","Corsi","Economia e lavoro","Eventi","Istruzione","Salute e benessere"],"inLanguage":"it-IT","potentialAction":[{"@type":"CommentAction","name":"Comment","target":["https:\/\/www.article-marketing.eu\/comunicatistampa\/un-corso-sulla-prevenzione-delle-patologie-muscolo-scheletriche\/#respond"]}]},{"@type":"WebPage","@id":"https:\/\/www.article-marketing.eu\/comunicatistampa\/un-corso-sulla-prevenzione-delle-patologie-muscolo-scheletriche\/","url":"https:\/\/www.article-marketing.eu\/comunicatistampa\/un-corso-sulla-prevenzione-delle-patologie-muscolo-scheletriche\/","name":"Un corso sulla prevenzione delle patologie muscolo-scheletriche","isPartOf":{"@id":"https:\/\/www.article-marketing.eu\/comunicatistampa\/#website"},"datePublished":"2022-03-18T23:35:00+00:00","author":{"@id":"https:\/\/www.article-marketing.eu\/comunicatistampa\/#\/schema\/person\/d1985c4955ff71a05f49d68e3034b3cd"},"breadcrumb":{"@id":"https:\/\/www.article-marketing.eu\/comunicatistampa\/un-corso-sulla-prevenzione-delle-patologie-muscolo-scheletriche\/#breadcrumb"},"inLanguage":"it-IT","potentialAction":[{"@type":"ReadAction","target":["https:\/\/www.article-marketing.eu\/comunicatistampa\/un-corso-sulla-prevenzione-delle-patologie-muscolo-scheletriche\/"]}]},{"@type":"BreadcrumbList","@id":"https:\/\/www.article-marketing.eu\/comunicatistampa\/un-corso-sulla-prevenzione-delle-patologie-muscolo-scheletriche\/#breadcrumb","itemListElement":[{"@type":"ListItem","position":1,"name":"Home","item":"https:\/\/www.article-marketing.eu\/comunicatistampa\/"},{"@type":"ListItem","position":2,"name":"Un corso sulla prevenzione delle patologie muscolo-scheletriche"}]},{"@type":"WebSite","@id":"https:\/\/www.article-marketing.eu\/comunicatistampa\/#website","url":"https:\/\/www.article-marketing.eu\/comunicatistampa\/","name":"Article Marketing","description":"article marketing &amp; press release","potentialAction":[{"@type":"SearchAction","target":{"@type":"EntryPoint","urlTemplate":"https:\/\/www.article-marketing.eu\/comunicatistampa\/?s={search_term_string}"},"query-input":{"@type":"PropertyValueSpecification","valueRequired":true,"valueName":"search_term_string"}}],"inLanguage":"it-IT"},{"@type":"Person","@id":"https:\/\/www.article-marketing.eu\/comunicatistampa\/#\/schema\/person\/d1985c4955ff71a05f49d68e3034b3cd","name":"AIFUS","image":{"@type":"ImageObject","inLanguage":"it-IT","@id":"https:\/\/secure.gravatar.com\/avatar\/05cf2a2ba057667571308b94c84f00ff48766ffac95710a87491a9b3ddcee484?s=96&d=mm&r=g","url":"https:\/\/secure.gravatar.com\/avatar\/05cf2a2ba057667571308b94c84f00ff48766ffac95710a87491a9b3ddcee484?s=96&d=mm&r=g","contentUrl":"https:\/\/secure.gravatar.com\/avatar\/05cf2a2ba057667571308b94c84f00ff48766ffac95710a87491a9b3ddcee484?s=96&d=mm&r=g","caption":"AIFUS"},"url":"https:\/\/www.article-marketing.eu\/comunicatistampa\/author\/aifus\/"}]}},"_links":{"self":[{"href":"https:\/\/www.article-marketing.eu\/comunicatistampa\/wp-json\/wp\/v2\/posts\/22200","targetHints":{"allow":["GET"]}}],"collection":[{"href":"https:\/\/www.article-marketing.eu\/comunicatistampa\/wp-json\/wp\/v2\/posts"}],"about":[{"href":"https:\/\/www.article-marketing.eu\/comunicatistampa\/wp-json\/wp\/v2\/types\/post"}],"author":[{"embeddable":true,"href":"https:\/\/www.article-marketing.eu\/comunicatistampa\/wp-json\/wp\/v2\/users\/881"}],"replies":[{"embeddable":true,"href":"https:\/\/www.article-marketing.eu\/comunicatistampa\/wp-json\/wp\/v2\/comments?post=22200"}],"version-history":[{"count":2,"href":"https:\/\/www.article-marketing.eu\/comunicatistampa\/wp-json\/wp\/v2\/posts\/22200\/revisions"}],"predecessor-version":[{"id":22227,"href":"https:\/\/www.article-marketing.eu\/comunicatistampa\/wp-json\/wp\/v2\/posts\/22200\/revisions\/22227"}],"wp:attachment":[{"href":"https:\/\/www.article-marketing.eu\/comunicatistampa\/wp-json\/wp\/v2\/media?parent=22200"}],"wp:term":[{"taxonomy":"category","embeddable":true,"href":"https:\/\/www.article-marketing.eu\/comunicatistampa\/wp-json\/wp\/v2\/categories?post=22200"},{"taxonomy":"post_tag","embeddable":true,"href":"https:\/\/www.article-marketing.eu\/comunicatistampa\/wp-json\/wp\/v2\/tags?post=22200"}],"curies":[{"name":"wp","href":"https:\/\/api.w.org\/{rel}","templated":true}]}}