{"id":22211,"date":"2022-03-19T00:52:38","date_gmt":"2022-03-18T23:52:38","guid":{"rendered":"https:\/\/www.article-marketing.eu\/comunicatistampa\/?p=22211"},"modified":"2022-03-19T00:52:38","modified_gmt":"2022-03-18T23:52:38","slug":"pietro-vignali-tra-le-50-personalita-piu-influenti-di-parma","status":"publish","type":"post","link":"https:\/\/www.article-marketing.eu\/comunicatistampa\/pietro-vignali-tra-le-50-personalita-piu-influenti-di-parma\/","title":{"rendered":"Pietro Vignali tra le 50 personalit\u00e0 pi\u00f9 influenti di Parma"},"content":{"rendered":"<p><em><strong><a title=\"Pietro Vignali: il profilo - Professionisti e Aziende\" href=\"https:\/\/www.professionistieaziende.it\/pietro_vignali\/pietro_vignali.php\">Pietro Vignali<\/a> \u00e8 entrato nella classifica delle personalit\u00e0 pi\u00f9 influenti di Parma. L&#8217;impegno politico dell&#8217;ex Sindaco della citt\u00e0.<\/strong><\/em><\/p>\n<p><img loading=\"lazy\" decoding=\"async\" class=\"alignnone\" src=\"https:\/\/www.professionistieaziende.it\/pietro_vignali\/pietro_vignali.jpg\" alt=\"Pietro Vignali\" width=\"120\" height=\"461\" \/><\/p>\n<h2>Pietro Vignali tra le personalit\u00e0 pi\u00f9 influenti di Parma<\/h2>\n<p>Recentemente \u00e8 stato pubblicato l&#8217;aggiornamento semestrale della classifica dei Top 50 della citt\u00e0 di Parma: la graduatoria dello scorso dicembre offre una panoramica del potere cittadino, identificando le personalit\u00e0 pi\u00f9 influenti presenti sul territorio. Tra le new entry (per l&#8217;esattezza in trentaduesima posizione) appare anche <strong>Pietro Vignali<\/strong>, ex Sindaco di Parma che negli ultimi mesi \u00e8 particolarmente attento alle tematiche ambientali e sociali che stanno coinvolgendo la citt\u00e0 e i suoi cittadini. Nella classifica sono stati stilati i nomi di coloro che per ruolo, relazioni, notoriet\u00e0, visibilit\u00e0, appeal, nonch\u00e9 determinazione e leadership incidono maggiormente sulla vita cittadina. Secondo molti <strong>Pietro Vignali<\/strong> \u00e8 il possibile candidato per le elezioni comunali di Parma, che tra qualche mese andr\u00e0 alle urne: alcuni pensano possa candidarsi da solo, altri invece che possa unirsi e fare squadra. L&#8217;impegno dell&#8217;ex primo cittadino di Parma si riflette anche nella partecipazione a diverse assemblee cittadine dedicate alla creazione di nuove associazioni.<\/p>\n<h2>Pietro Vignali: la carriera e l&#8217;impegno politico<\/h2>\n<p>Politico, dottore commercialista e revisore legale, <strong>Pietro Vignali<\/strong> ha ricoperto la carica di Sindaco di Parma dal 2007 al 2011. Con una laurea in Economia e Commercio presso l&#8217;Universit\u00e0 di Parma, entra a far parte dell&#8217;Ordine dei Dottori commercialisti e dei revisori legali presso il Ministero delle Finanze: \u00e8 stato revisore legale dei conti per 35 Societ\u00e0 di Capitali e consulente di mutui e finanziamenti per imprese. \u00c8 stato inoltre Curatore Fallimentare per il Tribunale di Parma e CTU per la Procura. Attivo in politica fin da giovane, nel 1995 viene eletto consigliere per la provincia di Parma e nel 1998 l&#8217;allora Sindaco Elvio Ubaldi gli assegna la delega all&#8217;Ambiente, affidandogli successivamente l&#8217;assessorato all&#8217;Ambiente, Viabilit\u00e0 e Mobilit\u00e0 Sostenibile (2001 &#8211; 2007). L&#8217;impegno politico di <strong>Pietro Vignali<\/strong> prosegue e nel 2002 viene eletto Consigliere Comunale con un record di circa 4.000 preferenze. La candidatura a Sindaco nel 2007 gli consente quindi di diventare primo cittadino di Parma fino al 2011.<\/p>\n","protected":false},"excerpt":{"rendered":"<p>Pietro Vignali \u00e8 entrato nella classifica delle personalit\u00e0 pi\u00f9 influenti di Parma. L&#8217;impegno politico dell&#8217;ex Sindaco della citt\u00e0. Pietro Vignali tra le personalit\u00e0 pi\u00f9 influenti di Parma Recentemente \u00e8 stato pubblicato l&#8217;aggiornamento semestrale della classifica dei Top 50 della citt\u00e0 di Parma: la graduatoria dello scorso dicembre offre una panoramica del potere cittadino, identificando le personalit\u00e0 pi\u00f9 influenti presenti sul territorio. Tra le new entry (per l&#8217;esattezza in trentaduesima posizione)<\/p>\n<p><a class=\"continue-reading\" href=\"https:\/\/www.article-marketing.eu\/comunicatistampa\/pietro-vignali-tra-le-50-personalita-piu-influenti-di-parma\/\">Continue reading&#8230;<\/a><\/p>\n","protected":false},"author":6477,"featured_media":0,"comment_status":"open","ping_status":"open","sticky":false,"template":"","format":"standard","meta":{"_monsterinsights_skip_tracking":false,"_monsterinsights_sitenote_active":false,"_monsterinsights_sitenote_note":"","_monsterinsights_sitenote_category":0,"footnotes":""},"categories":[362],"tags":[9352],"class_list":["post-22211","post","type-post","status-publish","format-standard","hentry","category-societa","tag-pietro-vignali"],"yoast_head":"<!-- This site is optimized with the Yoast SEO plugin v27.3 - https:\/\/yoast.com\/product\/yoast-seo-wordpress\/ -->\n<title>Pietro Vignali tra le 50 personalit\u00e0 pi\u00f9 influenti di Parma - Article Marketing<\/title>\n<meta name=\"robots\" content=\"index, follow, max-snippet:-1, max-image-preview:large, max-video-preview:-1\" \/>\n<link rel=\"canonical\" href=\"https:\/\/www.article-marketing.eu\/comunicatistampa\/pietro-vignali-tra-le-50-personalita-piu-influenti-di-parma\/\" \/>\n<meta property=\"og:locale\" content=\"it_IT\" \/>\n<meta property=\"og:type\" content=\"article\" \/>\n<meta property=\"og:title\" content=\"Pietro Vignali tra le 50 personalit\u00e0 pi\u00f9 influenti di Parma - Article Marketing\" \/>\n<meta property=\"og:description\" content=\"Pietro Vignali \u00e8 entrato nella classifica delle personalit\u00e0 pi\u00f9 influenti di Parma. L&#8217;impegno politico dell&#8217;ex Sindaco della citt\u00e0. Pietro Vignali tra le personalit\u00e0 pi\u00f9 influenti di Parma Recentemente \u00e8 stato pubblicato l&#8217;aggiornamento semestrale della classifica dei Top 50 della citt\u00e0 di Parma: la graduatoria dello scorso dicembre offre una panoramica del potere cittadino, identificando le personalit\u00e0 pi\u00f9 influenti presenti sul territorio. Tra le new entry (per l&#8217;esattezza in trentaduesima posizione)Continue reading...\" \/>\n<meta property=\"og:url\" content=\"https:\/\/www.article-marketing.eu\/comunicatistampa\/pietro-vignali-tra-le-50-personalita-piu-influenti-di-parma\/\" \/>\n<meta property=\"og:site_name\" content=\"Article Marketing\" \/>\n<meta property=\"article:published_time\" content=\"2022-03-18T23:52:38+00:00\" \/>\n<meta property=\"og:image\" content=\"https:\/\/www.professionistieaziende.it\/pietro_vignali\/pietro_vignali.jpg\" \/>\n<meta name=\"author\" content=\"articolinews\" \/>\n<meta name=\"twitter:card\" content=\"summary_large_image\" \/>\n<meta name=\"twitter:label1\" content=\"Scritto da\" \/>\n\t<meta name=\"twitter:data1\" content=\"articolinews\" \/>\n\t<meta name=\"twitter:label2\" content=\"Tempo di lettura stimato\" \/>\n\t<meta name=\"twitter:data2\" content=\"2 minuti\" \/>\n<script type=\"application\/ld+json\" class=\"yoast-schema-graph\">{\"@context\":\"https:\\\/\\\/schema.org\",\"@graph\":[{\"@type\":\"Article\",\"@id\":\"https:\\\/\\\/www.article-marketing.eu\\\/comunicatistampa\\\/pietro-vignali-tra-le-50-personalita-piu-influenti-di-parma\\\/#article\",\"isPartOf\":{\"@id\":\"https:\\\/\\\/www.article-marketing.eu\\\/comunicatistampa\\\/pietro-vignali-tra-le-50-personalita-piu-influenti-di-parma\\\/\"},\"author\":{\"name\":\"articolinews\",\"@id\":\"https:\\\/\\\/www.article-marketing.eu\\\/comunicatistampa\\\/#\\\/schema\\\/person\\\/2fcaf8f8f3a9eef9eb7f27532d3ca458\"},\"headline\":\"Pietro Vignali tra le 50 personalit\u00e0 pi\u00f9 influenti di Parma\",\"datePublished\":\"2022-03-18T23:52:38+00:00\",\"mainEntityOfPage\":{\"@id\":\"https:\\\/\\\/www.article-marketing.eu\\\/comunicatistampa\\\/pietro-vignali-tra-le-50-personalita-piu-influenti-di-parma\\\/\"},\"wordCount\":337,\"commentCount\":0,\"image\":{\"@id\":\"https:\\\/\\\/www.article-marketing.eu\\\/comunicatistampa\\\/pietro-vignali-tra-le-50-personalita-piu-influenti-di-parma\\\/#primaryimage\"},\"thumbnailUrl\":\"https:\\\/\\\/www.professionistieaziende.it\\\/pietro_vignali\\\/pietro_vignali.jpg\",\"keywords\":[\"Pietro Vignali\"],\"articleSection\":[\"Societ\u00e0\"],\"inLanguage\":\"it-IT\",\"potentialAction\":[{\"@type\":\"CommentAction\",\"name\":\"Comment\",\"target\":[\"https:\\\/\\\/www.article-marketing.eu\\\/comunicatistampa\\\/pietro-vignali-tra-le-50-personalita-piu-influenti-di-parma\\\/#respond\"]}]},{\"@type\":\"WebPage\",\"@id\":\"https:\\\/\\\/www.article-marketing.eu\\\/comunicatistampa\\\/pietro-vignali-tra-le-50-personalita-piu-influenti-di-parma\\\/\",\"url\":\"https:\\\/\\\/www.article-marketing.eu\\\/comunicatistampa\\\/pietro-vignali-tra-le-50-personalita-piu-influenti-di-parma\\\/\",\"name\":\"Pietro Vignali tra le 50 personalit\u00e0 pi\u00f9 influenti di Parma - Article Marketing\",\"isPartOf\":{\"@id\":\"https:\\\/\\\/www.article-marketing.eu\\\/comunicatistampa\\\/#website\"},\"primaryImageOfPage\":{\"@id\":\"https:\\\/\\\/www.article-marketing.eu\\\/comunicatistampa\\\/pietro-vignali-tra-le-50-personalita-piu-influenti-di-parma\\\/#primaryimage\"},\"image\":{\"@id\":\"https:\\\/\\\/www.article-marketing.eu\\\/comunicatistampa\\\/pietro-vignali-tra-le-50-personalita-piu-influenti-di-parma\\\/#primaryimage\"},\"thumbnailUrl\":\"https:\\\/\\\/www.professionistieaziende.it\\\/pietro_vignali\\\/pietro_vignali.jpg\",\"datePublished\":\"2022-03-18T23:52:38+00:00\",\"author\":{\"@id\":\"https:\\\/\\\/www.article-marketing.eu\\\/comunicatistampa\\\/#\\\/schema\\\/person\\\/2fcaf8f8f3a9eef9eb7f27532d3ca458\"},\"breadcrumb\":{\"@id\":\"https:\\\/\\\/www.article-marketing.eu\\\/comunicatistampa\\\/pietro-vignali-tra-le-50-personalita-piu-influenti-di-parma\\\/#breadcrumb\"},\"inLanguage\":\"it-IT\",\"potentialAction\":[{\"@type\":\"ReadAction\",\"target\":[\"https:\\\/\\\/www.article-marketing.eu\\\/comunicatistampa\\\/pietro-vignali-tra-le-50-personalita-piu-influenti-di-parma\\\/\"]}]},{\"@type\":\"ImageObject\",\"inLanguage\":\"it-IT\",\"@id\":\"https:\\\/\\\/www.article-marketing.eu\\\/comunicatistampa\\\/pietro-vignali-tra-le-50-personalita-piu-influenti-di-parma\\\/#primaryimage\",\"url\":\"https:\\\/\\\/www.professionistieaziende.it\\\/pietro_vignali\\\/pietro_vignali.jpg\",\"contentUrl\":\"https:\\\/\\\/www.professionistieaziende.it\\\/pietro_vignali\\\/pietro_vignali.jpg\"},{\"@type\":\"BreadcrumbList\",\"@id\":\"https:\\\/\\\/www.article-marketing.eu\\\/comunicatistampa\\\/pietro-vignali-tra-le-50-personalita-piu-influenti-di-parma\\\/#breadcrumb\",\"itemListElement\":[{\"@type\":\"ListItem\",\"position\":1,\"name\":\"Home\",\"item\":\"https:\\\/\\\/www.article-marketing.eu\\\/comunicatistampa\\\/\"},{\"@type\":\"ListItem\",\"position\":2,\"name\":\"Pietro Vignali tra le 50 personalit\u00e0 pi\u00f9 influenti di Parma\"}]},{\"@type\":\"WebSite\",\"@id\":\"https:\\\/\\\/www.article-marketing.eu\\\/comunicatistampa\\\/#website\",\"url\":\"https:\\\/\\\/www.article-marketing.eu\\\/comunicatistampa\\\/\",\"name\":\"Article Marketing\",\"description\":\"article marketing &amp; press release\",\"potentialAction\":[{\"@type\":\"SearchAction\",\"target\":{\"@type\":\"EntryPoint\",\"urlTemplate\":\"https:\\\/\\\/www.article-marketing.eu\\\/comunicatistampa\\\/?s={search_term_string}\"},\"query-input\":{\"@type\":\"PropertyValueSpecification\",\"valueRequired\":true,\"valueName\":\"search_term_string\"}}],\"inLanguage\":\"it-IT\"},{\"@type\":\"Person\",\"@id\":\"https:\\\/\\\/www.article-marketing.eu\\\/comunicatistampa\\\/#\\\/schema\\\/person\\\/2fcaf8f8f3a9eef9eb7f27532d3ca458\",\"name\":\"articolinews\",\"image\":{\"@type\":\"ImageObject\",\"inLanguage\":\"it-IT\",\"@id\":\"https:\\\/\\\/secure.gravatar.com\\\/avatar\\\/9e2a264bab04e17dea24d937c9956304649a848cb73c46747a692ff1bdeb1cb7?s=96&d=mm&r=g\",\"url\":\"https:\\\/\\\/secure.gravatar.com\\\/avatar\\\/9e2a264bab04e17dea24d937c9956304649a848cb73c46747a692ff1bdeb1cb7?s=96&d=mm&r=g\",\"contentUrl\":\"https:\\\/\\\/secure.gravatar.com\\\/avatar\\\/9e2a264bab04e17dea24d937c9956304649a848cb73c46747a692ff1bdeb1cb7?s=96&d=mm&r=g\",\"caption\":\"articolinews\"},\"url\":\"https:\\\/\\\/www.article-marketing.eu\\\/comunicatistampa\\\/author\\\/articolinews\\\/\"}]}<\/script>\n<!-- \/ Yoast SEO plugin. -->","yoast_head_json":{"title":"Pietro Vignali tra le 50 personalit\u00e0 pi\u00f9 influenti di Parma - Article Marketing","robots":{"index":"index","follow":"follow","max-snippet":"max-snippet:-1","max-image-preview":"max-image-preview:large","max-video-preview":"max-video-preview:-1"},"canonical":"https:\/\/www.article-marketing.eu\/comunicatistampa\/pietro-vignali-tra-le-50-personalita-piu-influenti-di-parma\/","og_locale":"it_IT","og_type":"article","og_title":"Pietro Vignali tra le 50 personalit\u00e0 pi\u00f9 influenti di Parma - Article Marketing","og_description":"Pietro Vignali \u00e8 entrato nella classifica delle personalit\u00e0 pi\u00f9 influenti di Parma. L&#8217;impegno politico dell&#8217;ex Sindaco della citt\u00e0. Pietro Vignali tra le personalit\u00e0 pi\u00f9 influenti di Parma Recentemente \u00e8 stato pubblicato l&#8217;aggiornamento semestrale della classifica dei Top 50 della citt\u00e0 di Parma: la graduatoria dello scorso dicembre offre una panoramica del potere cittadino, identificando le personalit\u00e0 pi\u00f9 influenti presenti sul territorio. Tra le new entry (per l&#8217;esattezza in trentaduesima posizione)Continue reading...","og_url":"https:\/\/www.article-marketing.eu\/comunicatistampa\/pietro-vignali-tra-le-50-personalita-piu-influenti-di-parma\/","og_site_name":"Article Marketing","article_published_time":"2022-03-18T23:52:38+00:00","og_image":[{"url":"https:\/\/www.professionistieaziende.it\/pietro_vignali\/pietro_vignali.jpg","type":"","width":"","height":""}],"author":"articolinews","twitter_card":"summary_large_image","twitter_misc":{"Scritto da":"articolinews","Tempo di lettura stimato":"2 minuti"},"schema":{"@context":"https:\/\/schema.org","@graph":[{"@type":"Article","@id":"https:\/\/www.article-marketing.eu\/comunicatistampa\/pietro-vignali-tra-le-50-personalita-piu-influenti-di-parma\/#article","isPartOf":{"@id":"https:\/\/www.article-marketing.eu\/comunicatistampa\/pietro-vignali-tra-le-50-personalita-piu-influenti-di-parma\/"},"author":{"name":"articolinews","@id":"https:\/\/www.article-marketing.eu\/comunicatistampa\/#\/schema\/person\/2fcaf8f8f3a9eef9eb7f27532d3ca458"},"headline":"Pietro Vignali tra le 50 personalit\u00e0 pi\u00f9 influenti di Parma","datePublished":"2022-03-18T23:52:38+00:00","mainEntityOfPage":{"@id":"https:\/\/www.article-marketing.eu\/comunicatistampa\/pietro-vignali-tra-le-50-personalita-piu-influenti-di-parma\/"},"wordCount":337,"commentCount":0,"image":{"@id":"https:\/\/www.article-marketing.eu\/comunicatistampa\/pietro-vignali-tra-le-50-personalita-piu-influenti-di-parma\/#primaryimage"},"thumbnailUrl":"https:\/\/www.professionistieaziende.it\/pietro_vignali\/pietro_vignali.jpg","keywords":["Pietro Vignali"],"articleSection":["Societ\u00e0"],"inLanguage":"it-IT","potentialAction":[{"@type":"CommentAction","name":"Comment","target":["https:\/\/www.article-marketing.eu\/comunicatistampa\/pietro-vignali-tra-le-50-personalita-piu-influenti-di-parma\/#respond"]}]},{"@type":"WebPage","@id":"https:\/\/www.article-marketing.eu\/comunicatistampa\/pietro-vignali-tra-le-50-personalita-piu-influenti-di-parma\/","url":"https:\/\/www.article-marketing.eu\/comunicatistampa\/pietro-vignali-tra-le-50-personalita-piu-influenti-di-parma\/","name":"Pietro Vignali tra le 50 personalit\u00e0 pi\u00f9 influenti di Parma - Article Marketing","isPartOf":{"@id":"https:\/\/www.article-marketing.eu\/comunicatistampa\/#website"},"primaryImageOfPage":{"@id":"https:\/\/www.article-marketing.eu\/comunicatistampa\/pietro-vignali-tra-le-50-personalita-piu-influenti-di-parma\/#primaryimage"},"image":{"@id":"https:\/\/www.article-marketing.eu\/comunicatistampa\/pietro-vignali-tra-le-50-personalita-piu-influenti-di-parma\/#primaryimage"},"thumbnailUrl":"https:\/\/www.professionistieaziende.it\/pietro_vignali\/pietro_vignali.jpg","datePublished":"2022-03-18T23:52:38+00:00","author":{"@id":"https:\/\/www.article-marketing.eu\/comunicatistampa\/#\/schema\/person\/2fcaf8f8f3a9eef9eb7f27532d3ca458"},"breadcrumb":{"@id":"https:\/\/www.article-marketing.eu\/comunicatistampa\/pietro-vignali-tra-le-50-personalita-piu-influenti-di-parma\/#breadcrumb"},"inLanguage":"it-IT","potentialAction":[{"@type":"ReadAction","target":["https:\/\/www.article-marketing.eu\/comunicatistampa\/pietro-vignali-tra-le-50-personalita-piu-influenti-di-parma\/"]}]},{"@type":"ImageObject","inLanguage":"it-IT","@id":"https:\/\/www.article-marketing.eu\/comunicatistampa\/pietro-vignali-tra-le-50-personalita-piu-influenti-di-parma\/#primaryimage","url":"https:\/\/www.professionistieaziende.it\/pietro_vignali\/pietro_vignali.jpg","contentUrl":"https:\/\/www.professionistieaziende.it\/pietro_vignali\/pietro_vignali.jpg"},{"@type":"BreadcrumbList","@id":"https:\/\/www.article-marketing.eu\/comunicatistampa\/pietro-vignali-tra-le-50-personalita-piu-influenti-di-parma\/#breadcrumb","itemListElement":[{"@type":"ListItem","position":1,"name":"Home","item":"https:\/\/www.article-marketing.eu\/comunicatistampa\/"},{"@type":"ListItem","position":2,"name":"Pietro Vignali tra le 50 personalit\u00e0 pi\u00f9 influenti di Parma"}]},{"@type":"WebSite","@id":"https:\/\/www.article-marketing.eu\/comunicatistampa\/#website","url":"https:\/\/www.article-marketing.eu\/comunicatistampa\/","name":"Article Marketing","description":"article marketing &amp; press release","potentialAction":[{"@type":"SearchAction","target":{"@type":"EntryPoint","urlTemplate":"https:\/\/www.article-marketing.eu\/comunicatistampa\/?s={search_term_string}"},"query-input":{"@type":"PropertyValueSpecification","valueRequired":true,"valueName":"search_term_string"}}],"inLanguage":"it-IT"},{"@type":"Person","@id":"https:\/\/www.article-marketing.eu\/comunicatistampa\/#\/schema\/person\/2fcaf8f8f3a9eef9eb7f27532d3ca458","name":"articolinews","image":{"@type":"ImageObject","inLanguage":"it-IT","@id":"https:\/\/secure.gravatar.com\/avatar\/9e2a264bab04e17dea24d937c9956304649a848cb73c46747a692ff1bdeb1cb7?s=96&d=mm&r=g","url":"https:\/\/secure.gravatar.com\/avatar\/9e2a264bab04e17dea24d937c9956304649a848cb73c46747a692ff1bdeb1cb7?s=96&d=mm&r=g","contentUrl":"https:\/\/secure.gravatar.com\/avatar\/9e2a264bab04e17dea24d937c9956304649a848cb73c46747a692ff1bdeb1cb7?s=96&d=mm&r=g","caption":"articolinews"},"url":"https:\/\/www.article-marketing.eu\/comunicatistampa\/author\/articolinews\/"}]}},"_links":{"self":[{"href":"https:\/\/www.article-marketing.eu\/comunicatistampa\/wp-json\/wp\/v2\/posts\/22211","targetHints":{"allow":["GET"]}}],"collection":[{"href":"https:\/\/www.article-marketing.eu\/comunicatistampa\/wp-json\/wp\/v2\/posts"}],"about":[{"href":"https:\/\/www.article-marketing.eu\/comunicatistampa\/wp-json\/wp\/v2\/types\/post"}],"author":[{"embeddable":true,"href":"https:\/\/www.article-marketing.eu\/comunicatistampa\/wp-json\/wp\/v2\/users\/6477"}],"replies":[{"embeddable":true,"href":"https:\/\/www.article-marketing.eu\/comunicatistampa\/wp-json\/wp\/v2\/comments?post=22211"}],"version-history":[{"count":3,"href":"https:\/\/www.article-marketing.eu\/comunicatistampa\/wp-json\/wp\/v2\/posts\/22211\/revisions"}],"predecessor-version":[{"id":22231,"href":"https:\/\/www.article-marketing.eu\/comunicatistampa\/wp-json\/wp\/v2\/posts\/22211\/revisions\/22231"}],"wp:attachment":[{"href":"https:\/\/www.article-marketing.eu\/comunicatistampa\/wp-json\/wp\/v2\/media?parent=22211"}],"wp:term":[{"taxonomy":"category","embeddable":true,"href":"https:\/\/www.article-marketing.eu\/comunicatistampa\/wp-json\/wp\/v2\/categories?post=22211"},{"taxonomy":"post_tag","embeddable":true,"href":"https:\/\/www.article-marketing.eu\/comunicatistampa\/wp-json\/wp\/v2\/tags?post=22211"}],"curies":[{"name":"wp","href":"https:\/\/api.w.org\/{rel}","templated":true}]}}