{"id":22215,"date":"2022-03-19T00:53:04","date_gmt":"2022-03-18T23:53:04","guid":{"rendered":"https:\/\/www.article-marketing.eu\/comunicatistampa\/?p=22215"},"modified":"2022-03-19T00:53:04","modified_gmt":"2022-03-18T23:53:04","slug":"sg-s-p-a-dallo-scorso-gennaio-e-iniziato-lo-switch-off","status":"publish","type":"post","link":"https:\/\/www.article-marketing.eu\/comunicatistampa\/sg-s-p-a-dallo-scorso-gennaio-e-iniziato-lo-switch-off\/","title":{"rendered":"SG S.p.A.: dallo scorso gennaio \u00e8 iniziato lo \u201cswitch off\u201d"},"content":{"rendered":"<p><em><strong>Di recente <a title=\"SG S.p.A.: l'analisi - webpressvalue\" href=\"https:\/\/webpressvalue.com\/2022\/02\/25\/digitale-terrestre-e-switch-off-lanalisi-di-sg-s-p-a-sulle-novita-del-settore\/\">SG S.p.A.<\/a>, societ\u00e0 specializzata nella distribuzione di beni di consumo tecnici e principale distributore dei grandi brand di elettronica, ha realizzato un approfondimento sul tema dello &#8220;switch off&#8221;.<\/strong><\/em><\/p>\n<p><img loading=\"lazy\" decoding=\"async\" class=\"alignnone\" src=\"https:\/\/webpressvalue.com\/wp-content\/uploads\/2022\/02\/sg-spa.jpg\" alt=\"SG S.p.A.\" width=\"120\" height=\"373\" \/><\/p>\n<h2>SG S.p.A.: &#8220;switch off&#8221;, digitale terrestre e decoder<\/h2>\n<p>Con &#8220;switch off&#8221; si intende la transizione che permetter\u00e0 il passaggio della trasmissione dei canali HD sulle nuove frequenze del digitale terrestre. Iniziato gi\u00e0 lo scorso 3 gennaio, il passaggio sar\u00e0 per\u00f2 graduale, comprendente quindi un periodo di tempo in cui convivranno le vecchie frequenze con le nuove. Questo fino alla fine del 2022. <strong>SG S.p.A.<\/strong>, sempre in prima linea quando si tratta di innovazioni nel settore, spiega che entro marzo tutte le emittenti televisive nazionali avranno attivato la codifica Mpeg-4 sullo standard tecnologico DVBT, che consentir\u00e0 ai televisori che lo supportano di ricevere i programmi in HD. A questo primo &#8220;switch off&#8221; seguir\u00e0 poi un secondo che prevede il passaggio dallo standard Mpeg-4 al DVB-T2 con codifica Hevc Main 10 e dovrebbe avvenire nel 2023. La societ\u00e0, che gi\u00e0 del 2018 ha dismesso tutti gli apparecchi che non erano in grado di soddisfare i nuovi standard tecnologici, ricorda che attualmente ci sono diversi prodotti entry level interessanti e brand che integrano Android nei loro prodotti, come Inno-Hit e Metz. Inoltre, per chi non volesse gettare via il vecchio televisore, c&#8217;\u00e8 sempre la possibilit\u00e0 di acquistare un decoder.<\/p>\n<h2>SG S.p.A.: nuove frequenze per il 5G<\/h2>\n<p>Gli standard innovativi a cui si stanno adeguando i televisori non miglioreranno solo la qualit\u00e0 ma andranno anche ad aumentare il grado di compressione del segnale, finendo quindi per occupare meno spazio sulla banda. <strong>SG S.p.A.<\/strong> sottolinea che le frequenze utili che verranno a liberarsi saranno dedicate allo sviluppo della telefonia 5G, come stabilito dall&#8217;Unione Europea per l&#8217;ottimizzazione delle bande volta a migliorare la trasmissione dei dati wireless. Con lo &#8220;switch off&#8221; ci sar\u00e0 cos\u00ec il trasferimento della 700MhZ dal broadcasting televisivo e le bande pi\u00f9 capienti saranno riservate al mondo mobile e IOT. Ancora una volta, <strong>SG S.p.A.<\/strong> si conferma tra le societ\u00e0 pi\u00f9 attente ai mutamenti che interessano la sfera tecnologica, una peculiarit\u00e0 che l&#8217;accompagna fin dalla sua nascita.<\/p>\n","protected":false},"excerpt":{"rendered":"<p>Di recente SG S.p.A., societ\u00e0 specializzata nella distribuzione di beni di consumo tecnici e principale distributore dei grandi brand di elettronica, ha realizzato un approfondimento sul tema dello &#8220;switch off&#8221;. SG S.p.A.: &#8220;switch off&#8221;, digitale terrestre e decoder Con &#8220;switch off&#8221; si intende la transizione che permetter\u00e0 il passaggio della trasmissione dei canali HD sulle nuove frequenze del digitale terrestre. Iniziato gi\u00e0 lo scorso 3 gennaio, il passaggio sar\u00e0 per\u00f2<\/p>\n<p><a class=\"continue-reading\" href=\"https:\/\/www.article-marketing.eu\/comunicatistampa\/sg-s-p-a-dallo-scorso-gennaio-e-iniziato-lo-switch-off\/\">Continue reading&#8230;<\/a><\/p>\n","protected":false},"author":6477,"featured_media":0,"comment_status":"open","ping_status":"open","sticky":false,"template":"","format":"standard","meta":{"_monsterinsights_skip_tracking":false,"_monsterinsights_sitenote_active":false,"_monsterinsights_sitenote_note":"","_monsterinsights_sitenote_category":0,"footnotes":""},"categories":[388],"tags":[],"class_list":["post-22215","post","type-post","status-publish","format-standard","hentry","category-aziende"],"yoast_head":"<!-- This site is optimized with the Yoast SEO plugin v27.3 - https:\/\/yoast.com\/product\/yoast-seo-wordpress\/ -->\n<title>SG S.p.A.: dallo scorso gennaio \u00e8 iniziato lo \u201cswitch off\u201d - Article Marketing<\/title>\n<meta name=\"robots\" content=\"index, follow, max-snippet:-1, max-image-preview:large, max-video-preview:-1\" \/>\n<link rel=\"canonical\" href=\"https:\/\/www.article-marketing.eu\/comunicatistampa\/sg-s-p-a-dallo-scorso-gennaio-e-iniziato-lo-switch-off\/\" \/>\n<meta property=\"og:locale\" content=\"it_IT\" \/>\n<meta property=\"og:type\" content=\"article\" \/>\n<meta property=\"og:title\" content=\"SG S.p.A.: dallo scorso gennaio \u00e8 iniziato lo \u201cswitch off\u201d - Article Marketing\" \/>\n<meta property=\"og:description\" content=\"Di recente SG S.p.A., societ\u00e0 specializzata nella distribuzione di beni di consumo tecnici e principale distributore dei grandi brand di elettronica, ha realizzato un approfondimento sul tema dello &#8220;switch off&#8221;. SG S.p.A.: &#8220;switch off&#8221;, digitale terrestre e decoder Con &#8220;switch off&#8221; si intende la transizione che permetter\u00e0 il passaggio della trasmissione dei canali HD sulle nuove frequenze del digitale terrestre. Iniziato gi\u00e0 lo scorso 3 gennaio, il passaggio sar\u00e0 per\u00f2Continue reading...\" \/>\n<meta property=\"og:url\" content=\"https:\/\/www.article-marketing.eu\/comunicatistampa\/sg-s-p-a-dallo-scorso-gennaio-e-iniziato-lo-switch-off\/\" \/>\n<meta property=\"og:site_name\" content=\"Article Marketing\" \/>\n<meta property=\"article:published_time\" content=\"2022-03-18T23:53:04+00:00\" \/>\n<meta property=\"og:image\" content=\"https:\/\/webpressvalue.com\/wp-content\/uploads\/2022\/02\/sg-spa.jpg\" \/>\n<meta name=\"author\" content=\"articolinews\" \/>\n<meta name=\"twitter:card\" content=\"summary_large_image\" \/>\n<meta name=\"twitter:label1\" content=\"Scritto da\" \/>\n\t<meta name=\"twitter:data1\" content=\"articolinews\" \/>\n\t<meta name=\"twitter:label2\" content=\"Tempo di lettura stimato\" \/>\n\t<meta name=\"twitter:data2\" content=\"2 minuti\" \/>\n<script type=\"application\/ld+json\" class=\"yoast-schema-graph\">{\"@context\":\"https:\\\/\\\/schema.org\",\"@graph\":[{\"@type\":\"Article\",\"@id\":\"https:\\\/\\\/www.article-marketing.eu\\\/comunicatistampa\\\/sg-s-p-a-dallo-scorso-gennaio-e-iniziato-lo-switch-off\\\/#article\",\"isPartOf\":{\"@id\":\"https:\\\/\\\/www.article-marketing.eu\\\/comunicatistampa\\\/sg-s-p-a-dallo-scorso-gennaio-e-iniziato-lo-switch-off\\\/\"},\"author\":{\"name\":\"articolinews\",\"@id\":\"https:\\\/\\\/www.article-marketing.eu\\\/comunicatistampa\\\/#\\\/schema\\\/person\\\/2fcaf8f8f3a9eef9eb7f27532d3ca458\"},\"headline\":\"SG S.p.A.: dallo scorso gennaio \u00e8 iniziato lo \u201cswitch off\u201d\",\"datePublished\":\"2022-03-18T23:53:04+00:00\",\"mainEntityOfPage\":{\"@id\":\"https:\\\/\\\/www.article-marketing.eu\\\/comunicatistampa\\\/sg-s-p-a-dallo-scorso-gennaio-e-iniziato-lo-switch-off\\\/\"},\"wordCount\":372,\"commentCount\":0,\"image\":{\"@id\":\"https:\\\/\\\/www.article-marketing.eu\\\/comunicatistampa\\\/sg-s-p-a-dallo-scorso-gennaio-e-iniziato-lo-switch-off\\\/#primaryimage\"},\"thumbnailUrl\":\"https:\\\/\\\/webpressvalue.com\\\/wp-content\\\/uploads\\\/2022\\\/02\\\/sg-spa.jpg\",\"articleSection\":[\"Aziende\"],\"inLanguage\":\"it-IT\",\"potentialAction\":[{\"@type\":\"CommentAction\",\"name\":\"Comment\",\"target\":[\"https:\\\/\\\/www.article-marketing.eu\\\/comunicatistampa\\\/sg-s-p-a-dallo-scorso-gennaio-e-iniziato-lo-switch-off\\\/#respond\"]}]},{\"@type\":\"WebPage\",\"@id\":\"https:\\\/\\\/www.article-marketing.eu\\\/comunicatistampa\\\/sg-s-p-a-dallo-scorso-gennaio-e-iniziato-lo-switch-off\\\/\",\"url\":\"https:\\\/\\\/www.article-marketing.eu\\\/comunicatistampa\\\/sg-s-p-a-dallo-scorso-gennaio-e-iniziato-lo-switch-off\\\/\",\"name\":\"SG S.p.A.: dallo scorso gennaio \u00e8 iniziato lo \u201cswitch off\u201d - Article Marketing\",\"isPartOf\":{\"@id\":\"https:\\\/\\\/www.article-marketing.eu\\\/comunicatistampa\\\/#website\"},\"primaryImageOfPage\":{\"@id\":\"https:\\\/\\\/www.article-marketing.eu\\\/comunicatistampa\\\/sg-s-p-a-dallo-scorso-gennaio-e-iniziato-lo-switch-off\\\/#primaryimage\"},\"image\":{\"@id\":\"https:\\\/\\\/www.article-marketing.eu\\\/comunicatistampa\\\/sg-s-p-a-dallo-scorso-gennaio-e-iniziato-lo-switch-off\\\/#primaryimage\"},\"thumbnailUrl\":\"https:\\\/\\\/webpressvalue.com\\\/wp-content\\\/uploads\\\/2022\\\/02\\\/sg-spa.jpg\",\"datePublished\":\"2022-03-18T23:53:04+00:00\",\"author\":{\"@id\":\"https:\\\/\\\/www.article-marketing.eu\\\/comunicatistampa\\\/#\\\/schema\\\/person\\\/2fcaf8f8f3a9eef9eb7f27532d3ca458\"},\"breadcrumb\":{\"@id\":\"https:\\\/\\\/www.article-marketing.eu\\\/comunicatistampa\\\/sg-s-p-a-dallo-scorso-gennaio-e-iniziato-lo-switch-off\\\/#breadcrumb\"},\"inLanguage\":\"it-IT\",\"potentialAction\":[{\"@type\":\"ReadAction\",\"target\":[\"https:\\\/\\\/www.article-marketing.eu\\\/comunicatistampa\\\/sg-s-p-a-dallo-scorso-gennaio-e-iniziato-lo-switch-off\\\/\"]}]},{\"@type\":\"ImageObject\",\"inLanguage\":\"it-IT\",\"@id\":\"https:\\\/\\\/www.article-marketing.eu\\\/comunicatistampa\\\/sg-s-p-a-dallo-scorso-gennaio-e-iniziato-lo-switch-off\\\/#primaryimage\",\"url\":\"https:\\\/\\\/webpressvalue.com\\\/wp-content\\\/uploads\\\/2022\\\/02\\\/sg-spa.jpg\",\"contentUrl\":\"https:\\\/\\\/webpressvalue.com\\\/wp-content\\\/uploads\\\/2022\\\/02\\\/sg-spa.jpg\"},{\"@type\":\"BreadcrumbList\",\"@id\":\"https:\\\/\\\/www.article-marketing.eu\\\/comunicatistampa\\\/sg-s-p-a-dallo-scorso-gennaio-e-iniziato-lo-switch-off\\\/#breadcrumb\",\"itemListElement\":[{\"@type\":\"ListItem\",\"position\":1,\"name\":\"Home\",\"item\":\"https:\\\/\\\/www.article-marketing.eu\\\/comunicatistampa\\\/\"},{\"@type\":\"ListItem\",\"position\":2,\"name\":\"SG S.p.A.: dallo scorso gennaio \u00e8 iniziato lo \u201cswitch off\u201d\"}]},{\"@type\":\"WebSite\",\"@id\":\"https:\\\/\\\/www.article-marketing.eu\\\/comunicatistampa\\\/#website\",\"url\":\"https:\\\/\\\/www.article-marketing.eu\\\/comunicatistampa\\\/\",\"name\":\"Article Marketing\",\"description\":\"article marketing &amp; press release\",\"potentialAction\":[{\"@type\":\"SearchAction\",\"target\":{\"@type\":\"EntryPoint\",\"urlTemplate\":\"https:\\\/\\\/www.article-marketing.eu\\\/comunicatistampa\\\/?s={search_term_string}\"},\"query-input\":{\"@type\":\"PropertyValueSpecification\",\"valueRequired\":true,\"valueName\":\"search_term_string\"}}],\"inLanguage\":\"it-IT\"},{\"@type\":\"Person\",\"@id\":\"https:\\\/\\\/www.article-marketing.eu\\\/comunicatistampa\\\/#\\\/schema\\\/person\\\/2fcaf8f8f3a9eef9eb7f27532d3ca458\",\"name\":\"articolinews\",\"image\":{\"@type\":\"ImageObject\",\"inLanguage\":\"it-IT\",\"@id\":\"https:\\\/\\\/secure.gravatar.com\\\/avatar\\\/9e2a264bab04e17dea24d937c9956304649a848cb73c46747a692ff1bdeb1cb7?s=96&d=mm&r=g\",\"url\":\"https:\\\/\\\/secure.gravatar.com\\\/avatar\\\/9e2a264bab04e17dea24d937c9956304649a848cb73c46747a692ff1bdeb1cb7?s=96&d=mm&r=g\",\"contentUrl\":\"https:\\\/\\\/secure.gravatar.com\\\/avatar\\\/9e2a264bab04e17dea24d937c9956304649a848cb73c46747a692ff1bdeb1cb7?s=96&d=mm&r=g\",\"caption\":\"articolinews\"},\"url\":\"https:\\\/\\\/www.article-marketing.eu\\\/comunicatistampa\\\/author\\\/articolinews\\\/\"}]}<\/script>\n<!-- \/ Yoast SEO plugin. -->","yoast_head_json":{"title":"SG S.p.A.: dallo scorso gennaio \u00e8 iniziato lo \u201cswitch off\u201d - Article Marketing","robots":{"index":"index","follow":"follow","max-snippet":"max-snippet:-1","max-image-preview":"max-image-preview:large","max-video-preview":"max-video-preview:-1"},"canonical":"https:\/\/www.article-marketing.eu\/comunicatistampa\/sg-s-p-a-dallo-scorso-gennaio-e-iniziato-lo-switch-off\/","og_locale":"it_IT","og_type":"article","og_title":"SG S.p.A.: dallo scorso gennaio \u00e8 iniziato lo \u201cswitch off\u201d - Article Marketing","og_description":"Di recente SG S.p.A., societ\u00e0 specializzata nella distribuzione di beni di consumo tecnici e principale distributore dei grandi brand di elettronica, ha realizzato un approfondimento sul tema dello &#8220;switch off&#8221;. SG S.p.A.: &#8220;switch off&#8221;, digitale terrestre e decoder Con &#8220;switch off&#8221; si intende la transizione che permetter\u00e0 il passaggio della trasmissione dei canali HD sulle nuove frequenze del digitale terrestre. Iniziato gi\u00e0 lo scorso 3 gennaio, il passaggio sar\u00e0 per\u00f2Continue reading...","og_url":"https:\/\/www.article-marketing.eu\/comunicatistampa\/sg-s-p-a-dallo-scorso-gennaio-e-iniziato-lo-switch-off\/","og_site_name":"Article Marketing","article_published_time":"2022-03-18T23:53:04+00:00","og_image":[{"url":"https:\/\/webpressvalue.com\/wp-content\/uploads\/2022\/02\/sg-spa.jpg","type":"","width":"","height":""}],"author":"articolinews","twitter_card":"summary_large_image","twitter_misc":{"Scritto da":"articolinews","Tempo di lettura stimato":"2 minuti"},"schema":{"@context":"https:\/\/schema.org","@graph":[{"@type":"Article","@id":"https:\/\/www.article-marketing.eu\/comunicatistampa\/sg-s-p-a-dallo-scorso-gennaio-e-iniziato-lo-switch-off\/#article","isPartOf":{"@id":"https:\/\/www.article-marketing.eu\/comunicatistampa\/sg-s-p-a-dallo-scorso-gennaio-e-iniziato-lo-switch-off\/"},"author":{"name":"articolinews","@id":"https:\/\/www.article-marketing.eu\/comunicatistampa\/#\/schema\/person\/2fcaf8f8f3a9eef9eb7f27532d3ca458"},"headline":"SG S.p.A.: dallo scorso gennaio \u00e8 iniziato lo \u201cswitch off\u201d","datePublished":"2022-03-18T23:53:04+00:00","mainEntityOfPage":{"@id":"https:\/\/www.article-marketing.eu\/comunicatistampa\/sg-s-p-a-dallo-scorso-gennaio-e-iniziato-lo-switch-off\/"},"wordCount":372,"commentCount":0,"image":{"@id":"https:\/\/www.article-marketing.eu\/comunicatistampa\/sg-s-p-a-dallo-scorso-gennaio-e-iniziato-lo-switch-off\/#primaryimage"},"thumbnailUrl":"https:\/\/webpressvalue.com\/wp-content\/uploads\/2022\/02\/sg-spa.jpg","articleSection":["Aziende"],"inLanguage":"it-IT","potentialAction":[{"@type":"CommentAction","name":"Comment","target":["https:\/\/www.article-marketing.eu\/comunicatistampa\/sg-s-p-a-dallo-scorso-gennaio-e-iniziato-lo-switch-off\/#respond"]}]},{"@type":"WebPage","@id":"https:\/\/www.article-marketing.eu\/comunicatistampa\/sg-s-p-a-dallo-scorso-gennaio-e-iniziato-lo-switch-off\/","url":"https:\/\/www.article-marketing.eu\/comunicatistampa\/sg-s-p-a-dallo-scorso-gennaio-e-iniziato-lo-switch-off\/","name":"SG S.p.A.: dallo scorso gennaio \u00e8 iniziato lo \u201cswitch off\u201d - Article Marketing","isPartOf":{"@id":"https:\/\/www.article-marketing.eu\/comunicatistampa\/#website"},"primaryImageOfPage":{"@id":"https:\/\/www.article-marketing.eu\/comunicatistampa\/sg-s-p-a-dallo-scorso-gennaio-e-iniziato-lo-switch-off\/#primaryimage"},"image":{"@id":"https:\/\/www.article-marketing.eu\/comunicatistampa\/sg-s-p-a-dallo-scorso-gennaio-e-iniziato-lo-switch-off\/#primaryimage"},"thumbnailUrl":"https:\/\/webpressvalue.com\/wp-content\/uploads\/2022\/02\/sg-spa.jpg","datePublished":"2022-03-18T23:53:04+00:00","author":{"@id":"https:\/\/www.article-marketing.eu\/comunicatistampa\/#\/schema\/person\/2fcaf8f8f3a9eef9eb7f27532d3ca458"},"breadcrumb":{"@id":"https:\/\/www.article-marketing.eu\/comunicatistampa\/sg-s-p-a-dallo-scorso-gennaio-e-iniziato-lo-switch-off\/#breadcrumb"},"inLanguage":"it-IT","potentialAction":[{"@type":"ReadAction","target":["https:\/\/www.article-marketing.eu\/comunicatistampa\/sg-s-p-a-dallo-scorso-gennaio-e-iniziato-lo-switch-off\/"]}]},{"@type":"ImageObject","inLanguage":"it-IT","@id":"https:\/\/www.article-marketing.eu\/comunicatistampa\/sg-s-p-a-dallo-scorso-gennaio-e-iniziato-lo-switch-off\/#primaryimage","url":"https:\/\/webpressvalue.com\/wp-content\/uploads\/2022\/02\/sg-spa.jpg","contentUrl":"https:\/\/webpressvalue.com\/wp-content\/uploads\/2022\/02\/sg-spa.jpg"},{"@type":"BreadcrumbList","@id":"https:\/\/www.article-marketing.eu\/comunicatistampa\/sg-s-p-a-dallo-scorso-gennaio-e-iniziato-lo-switch-off\/#breadcrumb","itemListElement":[{"@type":"ListItem","position":1,"name":"Home","item":"https:\/\/www.article-marketing.eu\/comunicatistampa\/"},{"@type":"ListItem","position":2,"name":"SG S.p.A.: dallo scorso gennaio \u00e8 iniziato lo \u201cswitch off\u201d"}]},{"@type":"WebSite","@id":"https:\/\/www.article-marketing.eu\/comunicatistampa\/#website","url":"https:\/\/www.article-marketing.eu\/comunicatistampa\/","name":"Article Marketing","description":"article marketing &amp; press release","potentialAction":[{"@type":"SearchAction","target":{"@type":"EntryPoint","urlTemplate":"https:\/\/www.article-marketing.eu\/comunicatistampa\/?s={search_term_string}"},"query-input":{"@type":"PropertyValueSpecification","valueRequired":true,"valueName":"search_term_string"}}],"inLanguage":"it-IT"},{"@type":"Person","@id":"https:\/\/www.article-marketing.eu\/comunicatistampa\/#\/schema\/person\/2fcaf8f8f3a9eef9eb7f27532d3ca458","name":"articolinews","image":{"@type":"ImageObject","inLanguage":"it-IT","@id":"https:\/\/secure.gravatar.com\/avatar\/9e2a264bab04e17dea24d937c9956304649a848cb73c46747a692ff1bdeb1cb7?s=96&d=mm&r=g","url":"https:\/\/secure.gravatar.com\/avatar\/9e2a264bab04e17dea24d937c9956304649a848cb73c46747a692ff1bdeb1cb7?s=96&d=mm&r=g","contentUrl":"https:\/\/secure.gravatar.com\/avatar\/9e2a264bab04e17dea24d937c9956304649a848cb73c46747a692ff1bdeb1cb7?s=96&d=mm&r=g","caption":"articolinews"},"url":"https:\/\/www.article-marketing.eu\/comunicatistampa\/author\/articolinews\/"}]}},"_links":{"self":[{"href":"https:\/\/www.article-marketing.eu\/comunicatistampa\/wp-json\/wp\/v2\/posts\/22215","targetHints":{"allow":["GET"]}}],"collection":[{"href":"https:\/\/www.article-marketing.eu\/comunicatistampa\/wp-json\/wp\/v2\/posts"}],"about":[{"href":"https:\/\/www.article-marketing.eu\/comunicatistampa\/wp-json\/wp\/v2\/types\/post"}],"author":[{"embeddable":true,"href":"https:\/\/www.article-marketing.eu\/comunicatistampa\/wp-json\/wp\/v2\/users\/6477"}],"replies":[{"embeddable":true,"href":"https:\/\/www.article-marketing.eu\/comunicatistampa\/wp-json\/wp\/v2\/comments?post=22215"}],"version-history":[{"count":2,"href":"https:\/\/www.article-marketing.eu\/comunicatistampa\/wp-json\/wp\/v2\/posts\/22215\/revisions"}],"predecessor-version":[{"id":22232,"href":"https:\/\/www.article-marketing.eu\/comunicatistampa\/wp-json\/wp\/v2\/posts\/22215\/revisions\/22232"}],"wp:attachment":[{"href":"https:\/\/www.article-marketing.eu\/comunicatistampa\/wp-json\/wp\/v2\/media?parent=22215"}],"wp:term":[{"taxonomy":"category","embeddable":true,"href":"https:\/\/www.article-marketing.eu\/comunicatistampa\/wp-json\/wp\/v2\/categories?post=22215"},{"taxonomy":"post_tag","embeddable":true,"href":"https:\/\/www.article-marketing.eu\/comunicatistampa\/wp-json\/wp\/v2\/tags?post=22215"}],"curies":[{"name":"wp","href":"https:\/\/api.w.org\/{rel}","templated":true}]}}