{"id":2224,"date":"2017-04-27T16:37:00","date_gmt":"2017-04-27T14:37:00","guid":{"rendered":"http:\/\/www.article-marketing.eu\/comunicatistampa\/?p=2224"},"modified":"2020-08-10T01:48:11","modified_gmt":"2020-08-09T23:48:11","slug":"9-edizione-del-concorso-nazionale-d-poesia-giugno-di-san-vigilio","status":"publish","type":"post","link":"https:\/\/www.article-marketing.eu\/comunicatistampa\/9-edizione-del-concorso-nazionale-d-poesia-giugno-di-san-vigilio\/","title":{"rendered":"9^ edizione del Concorso Nazionale d Poesia &#8220;Giugno di San Vigilio&#8221;"},"content":{"rendered":"<p><em>\u201c<strong>L\u2019Associazione Culturale Sperimentiamo arte, musica, teatro<\/strong>\u201d<\/em> ricorda che \u00e8 in corso la <strong><em>9^ edizione del concorso nazionale di Poesia \u201cGiugno di San Vigilio\u201d<\/em><\/strong><em>.<\/em><\/p>\n<p><strong><em>Il Concorso dedicato alla Poesia \u00e8 aperto sia agli studenti che agli adulti di ogni et\u00e0.<\/em><\/strong> Dovranno presentare un testo di 36 versi su un tema libero ed inedito. Tra i vari premi che saranno dati, sar\u00e0 conferito anche il <strong>Premio Speciale \u201cCristiana Cafini\u201d<\/strong> al vincitore assoluto del concorso. Sar\u00e0 inoltre consegnato il Premio Speciale per la musicalit\u00e0: le poesie scelte per la musicalit\u00e0 saranno messe in musica dal <strong>M\u00b0 Tullio Visioli<\/strong> ed eseguite in prima assoluta durante la premiazione della X edizione dello stesso concorso. Il Presidente di giuria sar\u00e0 il poeta <strong>Alberto Toni<\/strong>. Le poesie vincitrici saranno anche pubblicate nel 3\u00b0 volume del libro intitolato <strong>\u201cGiugno di San Vigilio\u201d<\/strong>. <strong><em>Da segnalare anche un premio speciale riservato <\/em><\/strong><strong><em>agli studenti delle scuole appartenenti ai tre paesi maggiormente colpiti dal terremoto: Accumoli, Amatrice e Arquata del Tronto;<\/em><\/strong> un\u2019iniziativa che nasce come supporto per la continuazione degli studi ma soprattutto per la valorizzazione dei giovani talenti.<\/p>\n<p>Le opere saranno valutate, a giudizio insindacabile ed inappellabile, da una giuria composta da esperti nel campo della poesia e della musica<strong>.<\/strong><\/p>\n<p>Gli elaborati dovranno pervenire entro il <strong>6 Maggio 2017<\/strong> (fa fede la data riportata sul timbro postale) al seguente indirizzo: <em><u>Ass. Cult. \u201cSperimentiamo Arte Musica Teatro\u201d c\/o <\/u>\u00a0<u>Parrocchia di San Vigilio, Via Paolo Di Dono 218, 00142 Roma<\/u><\/em>. Occorre indicare sulla busta<em>: <u>IX Edizione Concorso Nazionale di Poesia \u201cGiugno di San Vigilio\u201d<\/u> e la categoria per cui si concorre. <\/em><\/p>\n<p>L\u2019incontro di lettura e di\u00a0 premiazione dei testi vincitori avverr\u00e0 <strong>sabato 3 Giugno 2017<\/strong>, alle ore 16:30 presso la Sala Teatro San Vigilio. <u>I vincitori\u00a0 sono tenuti a partecipare alla<\/u> <u>premiazione.<\/u> I risultati saranno resi noti tramite posta elettronica o telefonicamente.\u00a0 <strong>\u00a0<\/strong><\/p>\n<p><strong>Per info: <\/strong>Ass. Cult. \u201cSperimentiamo Arte Musica Teatro\u201d <strong>Tel. 333-4080635<\/strong>, <strong>\u00a0<\/strong><a href=\"mailto:info@sperimentiamo.it\"><strong>info@sperimentiamo.it<\/strong><\/a> oppure su\u00a0 <a href=\"http:\/\/www.sperimentiamo.it\"><strong>www.sperimentiamo.it<\/strong><\/a><\/p>\n<p>&nbsp;<\/p>\n","protected":false},"excerpt":{"rendered":"<p>\u201cL\u2019Associazione Culturale Sperimentiamo arte, musica, teatro\u201d ricorda che \u00e8 in corso la 9^ edizione del concorso nazionale di Poesia \u201cGiugno di San Vigilio\u201d. Il Concorso dedicato alla Poesia \u00e8 aperto sia agli studenti che agli adulti di ogni et\u00e0. Dovranno presentare un testo di 36 versi su un tema libero ed inedito. Tra i vari premi che saranno dati, sar\u00e0 conferito anche il Premio Speciale \u201cCristiana Cafini\u201d al vincitore assoluto<\/p>\n<p><a class=\"continue-reading\" href=\"https:\/\/www.article-marketing.eu\/comunicatistampa\/9-edizione-del-concorso-nazionale-d-poesia-giugno-di-san-vigilio\/\">Continue reading&#8230;<\/a><\/p>\n","protected":false},"author":48,"featured_media":0,"comment_status":"open","ping_status":"open","sticky":false,"template":"","format":"standard","meta":{"_monsterinsights_skip_tracking":false,"_monsterinsights_sitenote_active":false,"_monsterinsights_sitenote_note":"","_monsterinsights_sitenote_category":0,"footnotes":""},"categories":[407,78,392],"tags":[515,518],"class_list":["post-2224","post","type-post","status-publish","format-standard","hentry","category-arte-e-cultura","category-comunicati-stampa","category-eventi","tag-concorso","tag-poesia"],"yoast_head":"<!-- This site is optimized with the Yoast SEO plugin v27.3 - https:\/\/yoast.com\/product\/yoast-seo-wordpress\/ -->\n<title>9^ edizione del Concorso Nazionale d Poesia &quot;Giugno di San Vigilio&quot; - Article Marketing<\/title>\n<meta name=\"robots\" content=\"index, follow, max-snippet:-1, max-image-preview:large, max-video-preview:-1\" \/>\n<link rel=\"canonical\" href=\"https:\/\/www.article-marketing.eu\/comunicatistampa\/9-edizione-del-concorso-nazionale-d-poesia-giugno-di-san-vigilio\/\" \/>\n<meta property=\"og:locale\" content=\"it_IT\" \/>\n<meta property=\"og:type\" content=\"article\" \/>\n<meta property=\"og:title\" content=\"9^ edizione del Concorso Nazionale d Poesia &quot;Giugno di San Vigilio&quot; - Article Marketing\" \/>\n<meta property=\"og:description\" content=\"\u201cL\u2019Associazione Culturale Sperimentiamo arte, musica, teatro\u201d ricorda che \u00e8 in corso la 9^ edizione del concorso nazionale di Poesia \u201cGiugno di San Vigilio\u201d. Il Concorso dedicato alla Poesia \u00e8 aperto sia agli studenti che agli adulti di ogni et\u00e0. Dovranno presentare un testo di 36 versi su un tema libero ed inedito. Tra i vari premi che saranno dati, sar\u00e0 conferito anche il Premio Speciale \u201cCristiana Cafini\u201d al vincitore assolutoContinue reading...\" \/>\n<meta property=\"og:url\" content=\"https:\/\/www.article-marketing.eu\/comunicatistampa\/9-edizione-del-concorso-nazionale-d-poesia-giugno-di-san-vigilio\/\" \/>\n<meta property=\"og:site_name\" content=\"Article Marketing\" \/>\n<meta property=\"article:published_time\" content=\"2017-04-27T14:37:00+00:00\" \/>\n<meta property=\"article:modified_time\" content=\"2020-08-09T23:48:11+00:00\" \/>\n<meta name=\"author\" content=\"Uff Stampa\" \/>\n<meta name=\"twitter:card\" content=\"summary_large_image\" \/>\n<meta name=\"twitter:label1\" content=\"Scritto da\" \/>\n\t<meta name=\"twitter:data1\" content=\"Uff Stampa\" \/>\n\t<meta name=\"twitter:label2\" content=\"Tempo di lettura stimato\" \/>\n\t<meta name=\"twitter:data2\" content=\"2 minuti\" \/>\n<script type=\"application\/ld+json\" class=\"yoast-schema-graph\">{\"@context\":\"https:\\\/\\\/schema.org\",\"@graph\":[{\"@type\":\"Article\",\"@id\":\"https:\\\/\\\/www.article-marketing.eu\\\/comunicatistampa\\\/9-edizione-del-concorso-nazionale-d-poesia-giugno-di-san-vigilio\\\/#article\",\"isPartOf\":{\"@id\":\"https:\\\/\\\/www.article-marketing.eu\\\/comunicatistampa\\\/9-edizione-del-concorso-nazionale-d-poesia-giugno-di-san-vigilio\\\/\"},\"author\":{\"name\":\"Uff Stampa\",\"@id\":\"https:\\\/\\\/www.article-marketing.eu\\\/comunicatistampa\\\/#\\\/schema\\\/person\\\/22d81e7c04e93611ddcda888b65438d8\"},\"headline\":\"9^ edizione del Concorso Nazionale d Poesia &#8220;Giugno di San Vigilio&#8221;\",\"datePublished\":\"2017-04-27T14:37:00+00:00\",\"dateModified\":\"2020-08-09T23:48:11+00:00\",\"mainEntityOfPage\":{\"@id\":\"https:\\\/\\\/www.article-marketing.eu\\\/comunicatistampa\\\/9-edizione-del-concorso-nazionale-d-poesia-giugno-di-san-vigilio\\\/\"},\"wordCount\":320,\"commentCount\":0,\"keywords\":[\"Concorso\",\"Poesia\"],\"articleSection\":[\"Arte e cultura\",\"Comunicati stampa\",\"Eventi\"],\"inLanguage\":\"it-IT\",\"potentialAction\":[{\"@type\":\"CommentAction\",\"name\":\"Comment\",\"target\":[\"https:\\\/\\\/www.article-marketing.eu\\\/comunicatistampa\\\/9-edizione-del-concorso-nazionale-d-poesia-giugno-di-san-vigilio\\\/#respond\"]}]},{\"@type\":\"WebPage\",\"@id\":\"https:\\\/\\\/www.article-marketing.eu\\\/comunicatistampa\\\/9-edizione-del-concorso-nazionale-d-poesia-giugno-di-san-vigilio\\\/\",\"url\":\"https:\\\/\\\/www.article-marketing.eu\\\/comunicatistampa\\\/9-edizione-del-concorso-nazionale-d-poesia-giugno-di-san-vigilio\\\/\",\"name\":\"9^ edizione del Concorso Nazionale d Poesia \\\"Giugno di San Vigilio\\\" - Article Marketing\",\"isPartOf\":{\"@id\":\"https:\\\/\\\/www.article-marketing.eu\\\/comunicatistampa\\\/#website\"},\"datePublished\":\"2017-04-27T14:37:00+00:00\",\"dateModified\":\"2020-08-09T23:48:11+00:00\",\"author\":{\"@id\":\"https:\\\/\\\/www.article-marketing.eu\\\/comunicatistampa\\\/#\\\/schema\\\/person\\\/22d81e7c04e93611ddcda888b65438d8\"},\"breadcrumb\":{\"@id\":\"https:\\\/\\\/www.article-marketing.eu\\\/comunicatistampa\\\/9-edizione-del-concorso-nazionale-d-poesia-giugno-di-san-vigilio\\\/#breadcrumb\"},\"inLanguage\":\"it-IT\",\"potentialAction\":[{\"@type\":\"ReadAction\",\"target\":[\"https:\\\/\\\/www.article-marketing.eu\\\/comunicatistampa\\\/9-edizione-del-concorso-nazionale-d-poesia-giugno-di-san-vigilio\\\/\"]}]},{\"@type\":\"BreadcrumbList\",\"@id\":\"https:\\\/\\\/www.article-marketing.eu\\\/comunicatistampa\\\/9-edizione-del-concorso-nazionale-d-poesia-giugno-di-san-vigilio\\\/#breadcrumb\",\"itemListElement\":[{\"@type\":\"ListItem\",\"position\":1,\"name\":\"Home\",\"item\":\"https:\\\/\\\/www.article-marketing.eu\\\/comunicatistampa\\\/\"},{\"@type\":\"ListItem\",\"position\":2,\"name\":\"9^ edizione del Concorso Nazionale d Poesia &#8220;Giugno di San Vigilio&#8221;\"}]},{\"@type\":\"WebSite\",\"@id\":\"https:\\\/\\\/www.article-marketing.eu\\\/comunicatistampa\\\/#website\",\"url\":\"https:\\\/\\\/www.article-marketing.eu\\\/comunicatistampa\\\/\",\"name\":\"Article Marketing\",\"description\":\"article marketing &amp; press release\",\"potentialAction\":[{\"@type\":\"SearchAction\",\"target\":{\"@type\":\"EntryPoint\",\"urlTemplate\":\"https:\\\/\\\/www.article-marketing.eu\\\/comunicatistampa\\\/?s={search_term_string}\"},\"query-input\":{\"@type\":\"PropertyValueSpecification\",\"valueRequired\":true,\"valueName\":\"search_term_string\"}}],\"inLanguage\":\"it-IT\"},{\"@type\":\"Person\",\"@id\":\"https:\\\/\\\/www.article-marketing.eu\\\/comunicatistampa\\\/#\\\/schema\\\/person\\\/22d81e7c04e93611ddcda888b65438d8\",\"name\":\"Uff Stampa\",\"image\":{\"@type\":\"ImageObject\",\"inLanguage\":\"it-IT\",\"@id\":\"https:\\\/\\\/secure.gravatar.com\\\/avatar\\\/e3e9c5b947f539233b3f740c64e48242313649ff2a529b2191b5577aab6b4c57?s=96&d=mm&r=g\",\"url\":\"https:\\\/\\\/secure.gravatar.com\\\/avatar\\\/e3e9c5b947f539233b3f740c64e48242313649ff2a529b2191b5577aab6b4c57?s=96&d=mm&r=g\",\"contentUrl\":\"https:\\\/\\\/secure.gravatar.com\\\/avatar\\\/e3e9c5b947f539233b3f740c64e48242313649ff2a529b2191b5577aab6b4c57?s=96&d=mm&r=g\",\"caption\":\"Uff Stampa\"},\"url\":\"https:\\\/\\\/www.article-marketing.eu\\\/comunicatistampa\\\/author\\\/uff-stampa\\\/\"}]}<\/script>\n<!-- \/ Yoast SEO plugin. -->","yoast_head_json":{"title":"9^ edizione del Concorso Nazionale d Poesia \"Giugno di San Vigilio\" - Article Marketing","robots":{"index":"index","follow":"follow","max-snippet":"max-snippet:-1","max-image-preview":"max-image-preview:large","max-video-preview":"max-video-preview:-1"},"canonical":"https:\/\/www.article-marketing.eu\/comunicatistampa\/9-edizione-del-concorso-nazionale-d-poesia-giugno-di-san-vigilio\/","og_locale":"it_IT","og_type":"article","og_title":"9^ edizione del Concorso Nazionale d Poesia \"Giugno di San Vigilio\" - Article Marketing","og_description":"\u201cL\u2019Associazione Culturale Sperimentiamo arte, musica, teatro\u201d ricorda che \u00e8 in corso la 9^ edizione del concorso nazionale di Poesia \u201cGiugno di San Vigilio\u201d. Il Concorso dedicato alla Poesia \u00e8 aperto sia agli studenti che agli adulti di ogni et\u00e0. Dovranno presentare un testo di 36 versi su un tema libero ed inedito. Tra i vari premi che saranno dati, sar\u00e0 conferito anche il Premio Speciale \u201cCristiana Cafini\u201d al vincitore assolutoContinue reading...","og_url":"https:\/\/www.article-marketing.eu\/comunicatistampa\/9-edizione-del-concorso-nazionale-d-poesia-giugno-di-san-vigilio\/","og_site_name":"Article Marketing","article_published_time":"2017-04-27T14:37:00+00:00","article_modified_time":"2020-08-09T23:48:11+00:00","author":"Uff Stampa","twitter_card":"summary_large_image","twitter_misc":{"Scritto da":"Uff Stampa","Tempo di lettura stimato":"2 minuti"},"schema":{"@context":"https:\/\/schema.org","@graph":[{"@type":"Article","@id":"https:\/\/www.article-marketing.eu\/comunicatistampa\/9-edizione-del-concorso-nazionale-d-poesia-giugno-di-san-vigilio\/#article","isPartOf":{"@id":"https:\/\/www.article-marketing.eu\/comunicatistampa\/9-edizione-del-concorso-nazionale-d-poesia-giugno-di-san-vigilio\/"},"author":{"name":"Uff Stampa","@id":"https:\/\/www.article-marketing.eu\/comunicatistampa\/#\/schema\/person\/22d81e7c04e93611ddcda888b65438d8"},"headline":"9^ edizione del Concorso Nazionale d Poesia &#8220;Giugno di San Vigilio&#8221;","datePublished":"2017-04-27T14:37:00+00:00","dateModified":"2020-08-09T23:48:11+00:00","mainEntityOfPage":{"@id":"https:\/\/www.article-marketing.eu\/comunicatistampa\/9-edizione-del-concorso-nazionale-d-poesia-giugno-di-san-vigilio\/"},"wordCount":320,"commentCount":0,"keywords":["Concorso","Poesia"],"articleSection":["Arte e cultura","Comunicati stampa","Eventi"],"inLanguage":"it-IT","potentialAction":[{"@type":"CommentAction","name":"Comment","target":["https:\/\/www.article-marketing.eu\/comunicatistampa\/9-edizione-del-concorso-nazionale-d-poesia-giugno-di-san-vigilio\/#respond"]}]},{"@type":"WebPage","@id":"https:\/\/www.article-marketing.eu\/comunicatistampa\/9-edizione-del-concorso-nazionale-d-poesia-giugno-di-san-vigilio\/","url":"https:\/\/www.article-marketing.eu\/comunicatistampa\/9-edizione-del-concorso-nazionale-d-poesia-giugno-di-san-vigilio\/","name":"9^ edizione del Concorso Nazionale d Poesia \"Giugno di San Vigilio\" - Article Marketing","isPartOf":{"@id":"https:\/\/www.article-marketing.eu\/comunicatistampa\/#website"},"datePublished":"2017-04-27T14:37:00+00:00","dateModified":"2020-08-09T23:48:11+00:00","author":{"@id":"https:\/\/www.article-marketing.eu\/comunicatistampa\/#\/schema\/person\/22d81e7c04e93611ddcda888b65438d8"},"breadcrumb":{"@id":"https:\/\/www.article-marketing.eu\/comunicatistampa\/9-edizione-del-concorso-nazionale-d-poesia-giugno-di-san-vigilio\/#breadcrumb"},"inLanguage":"it-IT","potentialAction":[{"@type":"ReadAction","target":["https:\/\/www.article-marketing.eu\/comunicatistampa\/9-edizione-del-concorso-nazionale-d-poesia-giugno-di-san-vigilio\/"]}]},{"@type":"BreadcrumbList","@id":"https:\/\/www.article-marketing.eu\/comunicatistampa\/9-edizione-del-concorso-nazionale-d-poesia-giugno-di-san-vigilio\/#breadcrumb","itemListElement":[{"@type":"ListItem","position":1,"name":"Home","item":"https:\/\/www.article-marketing.eu\/comunicatistampa\/"},{"@type":"ListItem","position":2,"name":"9^ edizione del Concorso Nazionale d Poesia &#8220;Giugno di San Vigilio&#8221;"}]},{"@type":"WebSite","@id":"https:\/\/www.article-marketing.eu\/comunicatistampa\/#website","url":"https:\/\/www.article-marketing.eu\/comunicatistampa\/","name":"Article Marketing","description":"article marketing &amp; press release","potentialAction":[{"@type":"SearchAction","target":{"@type":"EntryPoint","urlTemplate":"https:\/\/www.article-marketing.eu\/comunicatistampa\/?s={search_term_string}"},"query-input":{"@type":"PropertyValueSpecification","valueRequired":true,"valueName":"search_term_string"}}],"inLanguage":"it-IT"},{"@type":"Person","@id":"https:\/\/www.article-marketing.eu\/comunicatistampa\/#\/schema\/person\/22d81e7c04e93611ddcda888b65438d8","name":"Uff Stampa","image":{"@type":"ImageObject","inLanguage":"it-IT","@id":"https:\/\/secure.gravatar.com\/avatar\/e3e9c5b947f539233b3f740c64e48242313649ff2a529b2191b5577aab6b4c57?s=96&d=mm&r=g","url":"https:\/\/secure.gravatar.com\/avatar\/e3e9c5b947f539233b3f740c64e48242313649ff2a529b2191b5577aab6b4c57?s=96&d=mm&r=g","contentUrl":"https:\/\/secure.gravatar.com\/avatar\/e3e9c5b947f539233b3f740c64e48242313649ff2a529b2191b5577aab6b4c57?s=96&d=mm&r=g","caption":"Uff Stampa"},"url":"https:\/\/www.article-marketing.eu\/comunicatistampa\/author\/uff-stampa\/"}]}},"_links":{"self":[{"href":"https:\/\/www.article-marketing.eu\/comunicatistampa\/wp-json\/wp\/v2\/posts\/2224","targetHints":{"allow":["GET"]}}],"collection":[{"href":"https:\/\/www.article-marketing.eu\/comunicatistampa\/wp-json\/wp\/v2\/posts"}],"about":[{"href":"https:\/\/www.article-marketing.eu\/comunicatistampa\/wp-json\/wp\/v2\/types\/post"}],"author":[{"embeddable":true,"href":"https:\/\/www.article-marketing.eu\/comunicatistampa\/wp-json\/wp\/v2\/users\/48"}],"replies":[{"embeddable":true,"href":"https:\/\/www.article-marketing.eu\/comunicatistampa\/wp-json\/wp\/v2\/comments?post=2224"}],"version-history":[{"count":4,"href":"https:\/\/www.article-marketing.eu\/comunicatistampa\/wp-json\/wp\/v2\/posts\/2224\/revisions"}],"predecessor-version":[{"id":2228,"href":"https:\/\/www.article-marketing.eu\/comunicatistampa\/wp-json\/wp\/v2\/posts\/2224\/revisions\/2228"}],"wp:attachment":[{"href":"https:\/\/www.article-marketing.eu\/comunicatistampa\/wp-json\/wp\/v2\/media?parent=2224"}],"wp:term":[{"taxonomy":"category","embeddable":true,"href":"https:\/\/www.article-marketing.eu\/comunicatistampa\/wp-json\/wp\/v2\/categories?post=2224"},{"taxonomy":"post_tag","embeddable":true,"href":"https:\/\/www.article-marketing.eu\/comunicatistampa\/wp-json\/wp\/v2\/tags?post=2224"}],"curies":[{"name":"wp","href":"https:\/\/api.w.org\/{rel}","templated":true}]}}