{"id":22280,"date":"2022-04-09T15:55:16","date_gmt":"2022-04-09T13:55:16","guid":{"rendered":"https:\/\/www.article-marketing.eu\/comunicatistampa\/?p=22280"},"modified":"2022-04-09T15:55:16","modified_gmt":"2022-04-09T13:55:16","slug":"cielo-e-terra-acquisisce-il-50-del-marchio-maia","status":"publish","type":"post","link":"https:\/\/www.article-marketing.eu\/comunicatistampa\/cielo-e-terra-acquisisce-il-50-del-marchio-maia\/","title":{"rendered":"Cielo e Terra acquisisce il 50% del marchio Maia"},"content":{"rendered":"<p><em>Il gruppo vicentino che nel 2021 ha s\ufb01orato i 60 milioni di fatturato con oltre 37 milioni di bottiglie vendute, punta al settore premium siglando una partnership strategica con il brand del Garda, nuova espressione della spumantistica italiana Maia, rispondendo pienamente anche alla richiesta di vini leggeri per momenti speciali della generazione Millennial<\/em><\/p>\n<p>&nbsp;<\/p>\n<p>Prosegue il percorso di Cielo e Terra volto alla scoperta e alla valorizzazione delle denominazioni meno note del territorio ma con potenzialit\u00e0 intrinseche.<\/p>\n<p>Frutto di questa strategia <strong>la scelta quindi di acquistare il 50% del brand Maia. Una bollicina protagonista di<\/strong> <strong>un lifestyle tipicamente<\/strong> <strong>italiano,<\/strong> fatto di eventi, appuntamenti glamour, partnership con global brand del mondo del lusso ed experience esclusive, che incontra perfettamente il gusto di un consumatore moderno ed internazionale, rispondendo pienamente anche alla richiesta di vini leggeri per momenti speciali della generazione Millennial.<\/p>\n<p>Si afferma sul mercato quindi un brand dalla visione estremamente attuale, pioniere del segmento Soft Luxury nel segmento degli spumanti metodo charmat e che vive in una presenza esclusiva nel canale Ho.Re.Ca.<\/p>\n<p><strong>Maia<\/strong> <strong>nasce<\/strong> <strong>dalla<\/strong> <strong>ferma<\/strong> <strong>volont\u00e0<\/strong> <strong>di<\/strong> <strong>trasmettere<\/strong> <strong>e<\/strong> <strong>diffondere<\/strong> <strong>l\u2019Italian<\/strong> <strong>Style<\/strong> <strong>nel Mondo, <\/strong>attraverso un prodotto identi\ufb01cativo di uno dei territori pi\u00f9 amati dal turista Nord Europeo: il Lago di Garda. L\u2019obiettivo della maison diventa quindi quello di raggiungere in pochi anni la posizione di leader di mercato per la denominazione Garda Doc.<\/p>\n<p><strong>Partendo da una distribuzione selettiva, l\u2019azienda intenda sviluppare Maia a livello nazionale e poi mondiale, sempre con un posizionamento <\/strong><strong>premium<\/strong> in linea con le aspettative del target di consumatori identi\ufb01cato. Un pubblico alla ricerca di prodotti di nicchia ed esclusivi del settore Ho.Re.Ca.<\/p>\n<p>Un binomio quello tra qualit\u00e0 e stile che ha portato oggi il marchio veneto ad un sold out inaspettato e ad uscire con la propria rete vendita gi\u00e0 in pre ordine per la prossima produzione 2022.<\/p>\n<p><strong>La casa vicentina oltre all\u2019acquisto del brand del Garda, ha siglato un accordo di partnership anche con l\u2019agenzia United Studio, <\/strong>fondatrice dello stesso brand, con il \ufb01ne di dar vita ad un vero e proprio HUB creativo all\u2019interno della stessa Cielo e Terra.<\/p>\n<p>Una partnership che porter\u00e0 Cielo e Terra a diventare una delle poche realt\u00e0 italiane, forse l\u2019unica, ad integrare all\u2019interno della propria \ufb01liera un vero e proprio Team dedicato esclusivamente allo studio del mercato, delle tendenze e del gusto del consumatore.<\/p>\n<p>&nbsp;<\/p>\n<p><strong>DICHIARAZIONI<\/strong><\/p>\n<p><strong>\u00a0<\/strong><\/p>\n<p>\u201cNegli ultimi 20 anni, insieme ai nostri soci, abbiamo dato vita ad un profondo lavoro di rivalutazione sia del nostro territorio che delle sue denominazioni. Abbiamo portato il nostro fatturato a quasi 60 milioni di euro, oltre 37 milioni di bottiglie vendute, grazie anche ad un incremento dell\u2019 80% delle vendite estero in 5 anni in oltre 65 paesi\u201d.<\/p>\n<p>PIERPAOLO CIELO, Vice Presidente e Direttore Commerciale Marketing del gruppo Cielo e Terra<\/p>\n<p><strong>\u00a0<\/strong><\/p>\n<p>\u201cAbbiamo investito fortemente sul binomio qualit\u00e0 e stile italiano. Una scelta che ha portato oggi MAIA ad un sold out inaspettato ed ad uscire con rete vendita gi\u00e0 in pre ordine per la produzione 2022. Con l\u2019arrivo di Cielo e Terra si aprono risvolti impensati per il nostro marchio. Una mossa strategica e necessaria che da oggi ci consente di guardare ad una diffusione delle nostre etichette in tutto il mondo. Grazie ad una struttura moderna ed innovativa siamo certi che potremo mantenere la qualit\u00e0 ed il gusto a cui sono legati i nostri consumatori ed allo stesso tempo saremo un grado di incrementare i volumi produttivi per accontentare l\u2019incremento di richieste di prodotto in forte crescita\u201d.<\/p>\n<p>ANGELO LELLA, Fondatore e Marketing Manager del marchio MAIA<\/p>\n<p><strong>\u00a0<\/strong><strong>\u00a0<\/strong><\/p>\n<p>\u201cOggi vogliamo coprire a 360 gradi i bisogni dei nostri clienti, che si tratti di un utilizzo quotidiano o di stappare una bottiglia per un\u2019occasione speciale. Per questo oltre alle storiche etichette e produzioni legate al mondo GDO stiamo lanciando nuovi prodotti di alta gamma, con il \ufb01ne di valorizzare le eccellenze del territorio nel canale Ho.Re.Ca., su un segmento medio alto e, con l\u2019ultimo acquisto, anche nel segmento Premium. Un progetto che non poteva che passare da competenze ed esperienze di grande valore e dal taglio globale. Per questo abbiamo fortemente voluto ampliare le competenze manageriali del nostro gruppo con l\u2019integrazione di tre nuovi area manager che seguiranno lo sviluppo del progetto Ho.Re.Ca sia in Italia che all\u2019estero\u201d.<\/p>\n<p>PIERPAOLO CIELO, Vice Presidente e Direttore Commerciale Marketing del gruppo Cielo e Terra<\/p>\n<p>&nbsp;<\/p>\n<p>\u201cNonostante un lungo periodo di pandemia e vari lock down, il nostro gruppo ha mantenuto salde le proprie posizioni su mercati, grazie ai marchi storici Cielo, Freschello e Casa Defr\u00e0. Ha anche compiuto due operazioni fondamentali per ripartire di slancio verso il nuovo disegno strategico: l\u2019acquisto di \u201cVilla Favorita\u201d e l\u2019acquisizione del 50% del marchio Maia.<\/p>\n<p>La nuova visione e l\u2019orientamento alla creazione di importanti brand nazionali ed esteri non pu\u00f2 che passare dall\u2019experience legata al prodotto. Oggi il consumatore \u00e8 alla ricerca di espressioni autentiche, vuole conoscere la storia e percepire i valori che danno vita al prodotto. Per questo in meno di due anni, sar\u00e0 pronta la nuova sede direzionale del gruppo, location che sar\u00e0 strutturata per offrire a visitatori di tutto il mondo momenti unici legati alle nostre etichette, rafforzando il rapporto azienda-consumatore\u201d.<\/p>\n<p>LUCA CIELO, Direttore Generale Cielo e Terra SpA<\/p>\n<p>&nbsp;<\/p>\n<p>\u201cIl futuro delle nostre produzioni sar\u00e0 sempre pi\u00f9 legato a progetti di marca e valorizzazione, uscendo dalla pura e semplice dinamica del prezzo. Una logica fondamentale per creare maggior valore aggiunto da distribuire equamente lungo la \ufb01liera. Da anni con la famiglia Cielo abbiamo capito che le alleanze di \ufb01liera orizzontali e verticali portano sinergie fondamentali per crescere ed aprirsi ad esperienze nuove e stimolanti\u201d.<\/p>\n<p>IVANO TADIELLO, Presidente Cielo e Terra SpA<\/p>\n<p><strong>\u00a0<\/strong><\/p>\n<p>\u201cSiamo convinti che, per qualsiasi prodotto oggi, la qualit\u00e0 sia la base e non un valore aggiunto. Tra un buon ed un ottimo prodotto il \ufb01lo \u00e8 sottile. Quello che fa la differenza per la vita di un marchio \u00e8, sempre pi\u00f9, l\u2019Experience legata al prodotto, quel fascino sensoriale che da vita allo spirito d\u2019appartenenza ad un brand fortemente rappresentativo del lifestyle, della visione e del comportamento del cliente; un comportamento che si esprime dal modo in cui ci vestiamo, da quello che facciamo \ufb01no a che etichetta scegliamo per brindare ai nostri successi o alle nostre occasioni di festa. Per questo motivo diventa fondamentale essere presenti in momenti ed eventi in linea con la nostra visione di marca\u201d.<\/p>\n<p>ANGELO LELLA, Fondatore e Marketing Manager del marchio MAIA<\/p>\n<p>&nbsp;<\/p>\n<p>\u201cIl successo di questo approccio si realizza grazie ad una strategia omnichannel grazia alla quale per il consumatore non esiste pi\u00f9 una distinzione tra spazio \ufb01sico e spazio online, ma qualsiasi manifestazione del brand lavora in modo integrato, sia in relazione alle leve attivate che per tutte le funzioni aziendali coinvolte nello sviluppo del brand. Ne deriva cos\u00ec una visione chiara e condivisa che trasmette, a tutti i livelli, un messaggio chiaro e condiviso che attraverso una gestione sinergica dei canali di comunicazione d\u2019impresa che si muovono tra il \ufb01sico e il digitale da vita ad una vero e proprio mondo. Un lifestyle in cui il cliente pu\u00f2 riconoscersi e attraverso il quale comunica un\u2019immagine di se in linea con i propri valori e la propria personalit\u00e0\u201d.<\/p>\n<p>ISABEL TONELLI RODRIGUEZ, Brand Ambassador.<\/p>\n<p><strong>\u00a0<\/strong><\/p>\n<p><strong>\u00a0<\/strong><\/p>\n<p><a href=\"https:\/\/www.cieloeterravini.com\/\"><strong>CIELO E TERRA <\/strong><\/a>nasce nel 1908, nelle campagne di Vicenza, vicino ai Castelli di Romeo e Giulietta, dove il bisnonno aveva acquistato un piccolo podere con vigneto, Casa Defr\u00e0. Il nonno Pietro ha proseguito la guida dell\u2019azienda con grande passione impegno sociale. Oggi alla guida dell\u2019azienda ci sono Luca e Pierpaolo Cielo, assieme ai soci delle Cantine dei Colli Berici. Nel 1999, infatti, dall\u2019unione tra la famiglia Cielo e i viticoltori delle Cantine Colli Berici. Oggi l\u2019azienda che conta 3000 ettari di vigneto tra Vincenza e Verona, \u00e8 conosciuta in tutto il mondo con i marchi Cielo, Casa Defr\u00e0 e Bericanto. Il gruppo che nel 2021 ha s\ufb01orato i 60 milioni si caratterizza per un approccio socialmente responsabile, orientato alla trasparenza e alla sostenibilit\u00e0. Dopo aver ottenuto la certi\ufb01cazione B Corp, l\u2019azienda ha aderito anche VIVA Sustainable, con l\u2019obiettivo di ottimizzare l\u2019impatto ambientale della \ufb01liera vite \u2013 vino. Prima realt\u00e0 vinicola italiana a introdurre in azienda il modello della Lean Organization, Cielo e Terra integra numerosi progetti con un piano di economia circolare, affermandosi come realt\u00e0 in grado di fronteggiare le s\ufb01de dei mercati mondiali ed attestare la sua presenza in oltre 60 Paesi.<\/p>\n<p><strong>Cielo e Terra SpA <\/strong>&#8211; Via IV Novembre, 39 &#8211; 36050 &#8211; Montorso Vicentino (VI) &#8211; <a href=\"http:\/\/www.cieloeterravini.com\/\"><strong>www.cieloeterravini.com<\/strong><\/a><\/p>\n","protected":false},"excerpt":{"rendered":"<p>Il gruppo vicentino che nel 2021 ha s\ufb01orato i 60 milioni di fatturato con oltre 37 milioni di bottiglie vendute, punta al settore premium siglando una partnership strategica con il brand del Garda, nuova espressione della spumantistica italiana Maia, rispondendo pienamente anche alla richiesta di vini leggeri per momenti speciali della generazione Millennial &nbsp; Prosegue il percorso di Cielo e Terra volto alla scoperta e alla valorizzazione delle denominazioni meno<\/p>\n<p><a class=\"continue-reading\" href=\"https:\/\/www.article-marketing.eu\/comunicatistampa\/cielo-e-terra-acquisisce-il-50-del-marchio-maia\/\">Continue reading&#8230;<\/a><\/p>\n","protected":false},"author":397,"featured_media":0,"comment_status":"open","ping_status":"open","sticky":false,"template":"","format":"standard","meta":{"_monsterinsights_skip_tracking":false,"_monsterinsights_sitenote_active":false,"_monsterinsights_sitenote_note":"","_monsterinsights_sitenote_category":0,"footnotes":""},"categories":[388,78,393],"tags":[9371,9368,9367,9373,9374,8747,9013,9372,8735,1868,9359,9370,69,9369],"class_list":["post-22280","post","type-post","status-publish","format-standard","hentry","category-aziende","category-comunicati-stampa","category-prodotti","tag-acquisizioni","tag-cielo-e-terra-spa","tag-cielo-e-terra-vini","tag-famiglia-cielo","tag-garda","tag-lifestyle","tag-maia","tag-maia-wines","tag-spumante","tag-vicenza","tag-vigneti","tag-vini-italiani","tag-vino","tag-wine"],"yoast_head":"<!-- This site is optimized with the Yoast SEO plugin v27.3 - https:\/\/yoast.com\/product\/yoast-seo-wordpress\/ -->\n<title>Cielo e Terra acquisisce il 50% del marchio Maia - Article Marketing<\/title>\n<meta name=\"robots\" content=\"index, follow, max-snippet:-1, max-image-preview:large, max-video-preview:-1\" \/>\n<link rel=\"canonical\" href=\"https:\/\/www.article-marketing.eu\/comunicatistampa\/cielo-e-terra-acquisisce-il-50-del-marchio-maia\/\" \/>\n<meta property=\"og:locale\" content=\"it_IT\" \/>\n<meta property=\"og:type\" content=\"article\" \/>\n<meta property=\"og:title\" content=\"Cielo e Terra acquisisce il 50% del marchio Maia - Article Marketing\" \/>\n<meta property=\"og:description\" content=\"Il gruppo vicentino che nel 2021 ha s\ufb01orato i 60 milioni di fatturato con oltre 37 milioni di bottiglie vendute, punta al settore premium siglando una partnership strategica con il brand del Garda, nuova espressione della spumantistica italiana Maia, rispondendo pienamente anche alla richiesta di vini leggeri per momenti speciali della generazione Millennial &nbsp; Prosegue il percorso di Cielo e Terra volto alla scoperta e alla valorizzazione delle denominazioni menoContinue reading...\" \/>\n<meta property=\"og:url\" content=\"https:\/\/www.article-marketing.eu\/comunicatistampa\/cielo-e-terra-acquisisce-il-50-del-marchio-maia\/\" \/>\n<meta property=\"og:site_name\" content=\"Article Marketing\" \/>\n<meta property=\"article:published_time\" content=\"2022-04-09T13:55:16+00:00\" \/>\n<meta name=\"author\" content=\"Borderline Agency\" \/>\n<meta name=\"twitter:card\" content=\"summary_large_image\" \/>\n<meta name=\"twitter:label1\" content=\"Scritto da\" \/>\n\t<meta name=\"twitter:data1\" content=\"Borderline Agency\" \/>\n\t<meta name=\"twitter:label2\" content=\"Tempo di lettura stimato\" \/>\n\t<meta name=\"twitter:data2\" content=\"8 minuti\" \/>\n<script type=\"application\/ld+json\" class=\"yoast-schema-graph\">{\"@context\":\"https:\\\/\\\/schema.org\",\"@graph\":[{\"@type\":\"Article\",\"@id\":\"https:\\\/\\\/www.article-marketing.eu\\\/comunicatistampa\\\/cielo-e-terra-acquisisce-il-50-del-marchio-maia\\\/#article\",\"isPartOf\":{\"@id\":\"https:\\\/\\\/www.article-marketing.eu\\\/comunicatistampa\\\/cielo-e-terra-acquisisce-il-50-del-marchio-maia\\\/\"},\"author\":{\"name\":\"Borderline Agency\",\"@id\":\"https:\\\/\\\/www.article-marketing.eu\\\/comunicatistampa\\\/#\\\/schema\\\/person\\\/1c4ab1c7aad84347e26e78235da6ff1b\"},\"headline\":\"Cielo e Terra acquisisce il 50% del marchio Maia\",\"datePublished\":\"2022-04-09T13:55:16+00:00\",\"mainEntityOfPage\":{\"@id\":\"https:\\\/\\\/www.article-marketing.eu\\\/comunicatistampa\\\/cielo-e-terra-acquisisce-il-50-del-marchio-maia\\\/\"},\"wordCount\":1435,\"commentCount\":0,\"keywords\":[\"acquisizioni\",\"Cielo e Terra Spa\",\"Cielo e Terra vini\",\"famiglia Cielo\",\"Garda\",\"lifestyle\",\"Maia\",\"Maia Wines\",\"spumante\",\"vicenza\",\"vigneti\",\"vini italiani\",\"vino\",\"wine\"],\"articleSection\":[\"Aziende\",\"Comunicati stampa\",\"Prodotti\"],\"inLanguage\":\"it-IT\",\"potentialAction\":[{\"@type\":\"CommentAction\",\"name\":\"Comment\",\"target\":[\"https:\\\/\\\/www.article-marketing.eu\\\/comunicatistampa\\\/cielo-e-terra-acquisisce-il-50-del-marchio-maia\\\/#respond\"]}]},{\"@type\":\"WebPage\",\"@id\":\"https:\\\/\\\/www.article-marketing.eu\\\/comunicatistampa\\\/cielo-e-terra-acquisisce-il-50-del-marchio-maia\\\/\",\"url\":\"https:\\\/\\\/www.article-marketing.eu\\\/comunicatistampa\\\/cielo-e-terra-acquisisce-il-50-del-marchio-maia\\\/\",\"name\":\"Cielo e Terra acquisisce il 50% del marchio Maia - Article Marketing\",\"isPartOf\":{\"@id\":\"https:\\\/\\\/www.article-marketing.eu\\\/comunicatistampa\\\/#website\"},\"datePublished\":\"2022-04-09T13:55:16+00:00\",\"author\":{\"@id\":\"https:\\\/\\\/www.article-marketing.eu\\\/comunicatistampa\\\/#\\\/schema\\\/person\\\/1c4ab1c7aad84347e26e78235da6ff1b\"},\"breadcrumb\":{\"@id\":\"https:\\\/\\\/www.article-marketing.eu\\\/comunicatistampa\\\/cielo-e-terra-acquisisce-il-50-del-marchio-maia\\\/#breadcrumb\"},\"inLanguage\":\"it-IT\",\"potentialAction\":[{\"@type\":\"ReadAction\",\"target\":[\"https:\\\/\\\/www.article-marketing.eu\\\/comunicatistampa\\\/cielo-e-terra-acquisisce-il-50-del-marchio-maia\\\/\"]}]},{\"@type\":\"BreadcrumbList\",\"@id\":\"https:\\\/\\\/www.article-marketing.eu\\\/comunicatistampa\\\/cielo-e-terra-acquisisce-il-50-del-marchio-maia\\\/#breadcrumb\",\"itemListElement\":[{\"@type\":\"ListItem\",\"position\":1,\"name\":\"Home\",\"item\":\"https:\\\/\\\/www.article-marketing.eu\\\/comunicatistampa\\\/\"},{\"@type\":\"ListItem\",\"position\":2,\"name\":\"Cielo e Terra acquisisce il 50% del marchio Maia\"}]},{\"@type\":\"WebSite\",\"@id\":\"https:\\\/\\\/www.article-marketing.eu\\\/comunicatistampa\\\/#website\",\"url\":\"https:\\\/\\\/www.article-marketing.eu\\\/comunicatistampa\\\/\",\"name\":\"Article Marketing\",\"description\":\"article marketing &amp; press release\",\"potentialAction\":[{\"@type\":\"SearchAction\",\"target\":{\"@type\":\"EntryPoint\",\"urlTemplate\":\"https:\\\/\\\/www.article-marketing.eu\\\/comunicatistampa\\\/?s={search_term_string}\"},\"query-input\":{\"@type\":\"PropertyValueSpecification\",\"valueRequired\":true,\"valueName\":\"search_term_string\"}}],\"inLanguage\":\"it-IT\"},{\"@type\":\"Person\",\"@id\":\"https:\\\/\\\/www.article-marketing.eu\\\/comunicatistampa\\\/#\\\/schema\\\/person\\\/1c4ab1c7aad84347e26e78235da6ff1b\",\"name\":\"Borderline Agency\",\"image\":{\"@type\":\"ImageObject\",\"inLanguage\":\"it-IT\",\"@id\":\"https:\\\/\\\/secure.gravatar.com\\\/avatar\\\/741fa053101610cb0be7dc835c116926549ae4ae2142ff35eac04d78fda61461?s=96&d=mm&r=g\",\"url\":\"https:\\\/\\\/secure.gravatar.com\\\/avatar\\\/741fa053101610cb0be7dc835c116926549ae4ae2142ff35eac04d78fda61461?s=96&d=mm&r=g\",\"contentUrl\":\"https:\\\/\\\/secure.gravatar.com\\\/avatar\\\/741fa053101610cb0be7dc835c116926549ae4ae2142ff35eac04d78fda61461?s=96&d=mm&r=g\",\"caption\":\"Borderline Agency\"},\"url\":\"https:\\\/\\\/www.article-marketing.eu\\\/comunicatistampa\\\/author\\\/borderline-agency\\\/\"}]}<\/script>\n<!-- \/ Yoast SEO plugin. -->","yoast_head_json":{"title":"Cielo e Terra acquisisce il 50% del marchio Maia - Article Marketing","robots":{"index":"index","follow":"follow","max-snippet":"max-snippet:-1","max-image-preview":"max-image-preview:large","max-video-preview":"max-video-preview:-1"},"canonical":"https:\/\/www.article-marketing.eu\/comunicatistampa\/cielo-e-terra-acquisisce-il-50-del-marchio-maia\/","og_locale":"it_IT","og_type":"article","og_title":"Cielo e Terra acquisisce il 50% del marchio Maia - Article Marketing","og_description":"Il gruppo vicentino che nel 2021 ha s\ufb01orato i 60 milioni di fatturato con oltre 37 milioni di bottiglie vendute, punta al settore premium siglando una partnership strategica con il brand del Garda, nuova espressione della spumantistica italiana Maia, rispondendo pienamente anche alla richiesta di vini leggeri per momenti speciali della generazione Millennial &nbsp; Prosegue il percorso di Cielo e Terra volto alla scoperta e alla valorizzazione delle denominazioni menoContinue reading...","og_url":"https:\/\/www.article-marketing.eu\/comunicatistampa\/cielo-e-terra-acquisisce-il-50-del-marchio-maia\/","og_site_name":"Article Marketing","article_published_time":"2022-04-09T13:55:16+00:00","author":"Borderline Agency","twitter_card":"summary_large_image","twitter_misc":{"Scritto da":"Borderline Agency","Tempo di lettura stimato":"8 minuti"},"schema":{"@context":"https:\/\/schema.org","@graph":[{"@type":"Article","@id":"https:\/\/www.article-marketing.eu\/comunicatistampa\/cielo-e-terra-acquisisce-il-50-del-marchio-maia\/#article","isPartOf":{"@id":"https:\/\/www.article-marketing.eu\/comunicatistampa\/cielo-e-terra-acquisisce-il-50-del-marchio-maia\/"},"author":{"name":"Borderline Agency","@id":"https:\/\/www.article-marketing.eu\/comunicatistampa\/#\/schema\/person\/1c4ab1c7aad84347e26e78235da6ff1b"},"headline":"Cielo e Terra acquisisce il 50% del marchio Maia","datePublished":"2022-04-09T13:55:16+00:00","mainEntityOfPage":{"@id":"https:\/\/www.article-marketing.eu\/comunicatistampa\/cielo-e-terra-acquisisce-il-50-del-marchio-maia\/"},"wordCount":1435,"commentCount":0,"keywords":["acquisizioni","Cielo e Terra Spa","Cielo e Terra vini","famiglia Cielo","Garda","lifestyle","Maia","Maia Wines","spumante","vicenza","vigneti","vini italiani","vino","wine"],"articleSection":["Aziende","Comunicati stampa","Prodotti"],"inLanguage":"it-IT","potentialAction":[{"@type":"CommentAction","name":"Comment","target":["https:\/\/www.article-marketing.eu\/comunicatistampa\/cielo-e-terra-acquisisce-il-50-del-marchio-maia\/#respond"]}]},{"@type":"WebPage","@id":"https:\/\/www.article-marketing.eu\/comunicatistampa\/cielo-e-terra-acquisisce-il-50-del-marchio-maia\/","url":"https:\/\/www.article-marketing.eu\/comunicatistampa\/cielo-e-terra-acquisisce-il-50-del-marchio-maia\/","name":"Cielo e Terra acquisisce il 50% del marchio Maia - Article Marketing","isPartOf":{"@id":"https:\/\/www.article-marketing.eu\/comunicatistampa\/#website"},"datePublished":"2022-04-09T13:55:16+00:00","author":{"@id":"https:\/\/www.article-marketing.eu\/comunicatistampa\/#\/schema\/person\/1c4ab1c7aad84347e26e78235da6ff1b"},"breadcrumb":{"@id":"https:\/\/www.article-marketing.eu\/comunicatistampa\/cielo-e-terra-acquisisce-il-50-del-marchio-maia\/#breadcrumb"},"inLanguage":"it-IT","potentialAction":[{"@type":"ReadAction","target":["https:\/\/www.article-marketing.eu\/comunicatistampa\/cielo-e-terra-acquisisce-il-50-del-marchio-maia\/"]}]},{"@type":"BreadcrumbList","@id":"https:\/\/www.article-marketing.eu\/comunicatistampa\/cielo-e-terra-acquisisce-il-50-del-marchio-maia\/#breadcrumb","itemListElement":[{"@type":"ListItem","position":1,"name":"Home","item":"https:\/\/www.article-marketing.eu\/comunicatistampa\/"},{"@type":"ListItem","position":2,"name":"Cielo e Terra acquisisce il 50% del marchio Maia"}]},{"@type":"WebSite","@id":"https:\/\/www.article-marketing.eu\/comunicatistampa\/#website","url":"https:\/\/www.article-marketing.eu\/comunicatistampa\/","name":"Article Marketing","description":"article marketing &amp; press release","potentialAction":[{"@type":"SearchAction","target":{"@type":"EntryPoint","urlTemplate":"https:\/\/www.article-marketing.eu\/comunicatistampa\/?s={search_term_string}"},"query-input":{"@type":"PropertyValueSpecification","valueRequired":true,"valueName":"search_term_string"}}],"inLanguage":"it-IT"},{"@type":"Person","@id":"https:\/\/www.article-marketing.eu\/comunicatistampa\/#\/schema\/person\/1c4ab1c7aad84347e26e78235da6ff1b","name":"Borderline Agency","image":{"@type":"ImageObject","inLanguage":"it-IT","@id":"https:\/\/secure.gravatar.com\/avatar\/741fa053101610cb0be7dc835c116926549ae4ae2142ff35eac04d78fda61461?s=96&d=mm&r=g","url":"https:\/\/secure.gravatar.com\/avatar\/741fa053101610cb0be7dc835c116926549ae4ae2142ff35eac04d78fda61461?s=96&d=mm&r=g","contentUrl":"https:\/\/secure.gravatar.com\/avatar\/741fa053101610cb0be7dc835c116926549ae4ae2142ff35eac04d78fda61461?s=96&d=mm&r=g","caption":"Borderline Agency"},"url":"https:\/\/www.article-marketing.eu\/comunicatistampa\/author\/borderline-agency\/"}]}},"_links":{"self":[{"href":"https:\/\/www.article-marketing.eu\/comunicatistampa\/wp-json\/wp\/v2\/posts\/22280","targetHints":{"allow":["GET"]}}],"collection":[{"href":"https:\/\/www.article-marketing.eu\/comunicatistampa\/wp-json\/wp\/v2\/posts"}],"about":[{"href":"https:\/\/www.article-marketing.eu\/comunicatistampa\/wp-json\/wp\/v2\/types\/post"}],"author":[{"embeddable":true,"href":"https:\/\/www.article-marketing.eu\/comunicatistampa\/wp-json\/wp\/v2\/users\/397"}],"replies":[{"embeddable":true,"href":"https:\/\/www.article-marketing.eu\/comunicatistampa\/wp-json\/wp\/v2\/comments?post=22280"}],"version-history":[{"count":2,"href":"https:\/\/www.article-marketing.eu\/comunicatistampa\/wp-json\/wp\/v2\/posts\/22280\/revisions"}],"predecessor-version":[{"id":22519,"href":"https:\/\/www.article-marketing.eu\/comunicatistampa\/wp-json\/wp\/v2\/posts\/22280\/revisions\/22519"}],"wp:attachment":[{"href":"https:\/\/www.article-marketing.eu\/comunicatistampa\/wp-json\/wp\/v2\/media?parent=22280"}],"wp:term":[{"taxonomy":"category","embeddable":true,"href":"https:\/\/www.article-marketing.eu\/comunicatistampa\/wp-json\/wp\/v2\/categories?post=22280"},{"taxonomy":"post_tag","embeddable":true,"href":"https:\/\/www.article-marketing.eu\/comunicatistampa\/wp-json\/wp\/v2\/tags?post=22280"}],"curies":[{"name":"wp","href":"https:\/\/api.w.org\/{rel}","templated":true}]}}