{"id":22292,"date":"2022-04-01T02:19:43","date_gmt":"2022-04-01T00:19:43","guid":{"rendered":"https:\/\/www.article-marketing.eu\/comunicatistampa\/?p=22292"},"modified":"2022-04-01T02:19:43","modified_gmt":"2022-04-01T00:19:43","slug":"pietro-colucci-presenta-la-svolta-iniziativa-editoriale-dedicata-ai-giovani","status":"publish","type":"post","link":"https:\/\/www.article-marketing.eu\/comunicatistampa\/pietro-colucci-presenta-la-svolta-iniziativa-editoriale-dedicata-ai-giovani\/","title":{"rendered":"Pietro Colucci presenta \u201cLa Svolta\u201d, iniziativa editoriale dedicata ai giovani"},"content":{"rendered":"<p><em><strong><a title=\"Pietro Colucci: la cessione di Innovatec\" href=\"https:\/\/www.comunicati-stampa.net\/com\/pietro-colucci-innovatec-sostenya-diventa-azionista-di-riferimento-con-il-45-68.html\">Pietro Colucci<\/a> \u00e8 il Direttore Editoriale de &#8220;La Svolta&#8221;: il giornale \u00e8 online con aggiornamenti quotidiani, mentre la sua versione cartacea assume la forma di un periodico. Gli argomenti cardine riguardano il futuro, i diritti umani e la sostenibilit\u00e0, in un&#8217;ottica tutta dedicata ai giovani.<\/strong><\/em><\/p>\n<p><img loading=\"lazy\" decoding=\"async\" class=\"alignnone\" src=\"https:\/\/www.comunicati-stampa.net\/immaginics\/medium\/1af4892a3af64ee6b937999218acfacd.jpg\" alt=\"Pietro Colucci\" width=\"120\" height=\"181\" \/><\/p>\n<h2>Pietro Colucci lancia &#8220;La Svolta&#8221;: ecco di cosa tratter\u00e0<\/h2>\n<p>Un progetto editoriale innovativo, dinamico, multicanale, segno di un&#8217;Italia che vuole guardare al futuro in modo proattivo e partecipativo: si chiama &#8220;La Svolta&#8221;, la nuova testata nata dall&#8217;iniziativa di <strong>Pietro Colucci<\/strong>, Presidente e azionista di Sostenya ed ora anche Direttore Editoriale. Il progetto, realizzato insieme alla Direttrice Cristina Sivieri Tagliabue e a Roberto Coizet, fondatore di Edizioni Ambiente, punta a fornire informazioni e nuovi spunti di riflessione su alcuni degli argomenti d&#8217;attualit\u00e0 pi\u00f9 importanti per il futuro di tutti: si occuper\u00e0 infatti di ambiente, di diritti umani, di cultura, elementi cardine sui quali costruire i prossimi decenni. Il taglio pensato per la testata lanciata da <strong>Pietro Colucci<\/strong> \u00e8 caratterizzato da una spiccata attenzione verso i giovani. Si occuper\u00e0 quindi di analizzare il loro punto di vista e di parlare di trasformazioni sociali ed economiche. La Svolta Societ\u00e0 Benefit \u00e8 un editore partecipato da Sostenya, azionista di controllo del Gruppo Innovatec che opera nel settore della sostenibilit\u00e0 e della tecnologia pulita. Edizioni Ambiente, storica casa editrice che tratta temi legati alla sostenibilit\u00e0, fa parte del Gruppo Innovatec.<\/p>\n<h2>&#8220;La Svolta&#8221;: Pietro Colucci presenta il nuovo progetto editoriale<\/h2>\n<p><em>&#8220;Credo fermamente che l&#8217;attuale transizione ecologica possa realizzarsi solo se accompagnata da un&#8217;adeguata informazione e formazione&#8221;<\/em>, ha commentato il Direttore Editoriale <strong>Pietro Colucci<\/strong> in occasione del lancio de &#8220;La Svolta&#8221;. <em>&#8220;Abbiamo condiviso e sostenuto, insieme a Cristina Tagliabue e Roberto Coizet, la nuova iniziativa de La Svolta per continuare a sensibilizzare l&#8217;opinione pubblica, la politica e il mondo delle Imprese sull&#8217;importanza di uno sviluppo che sappia coniugare crescita economica e sostenibilit\u00e0 ambientale, in un quadro di tutela dei diritti e di futuro industriale ispirato all&#8217;innovazione tecnologica&#8221;<\/em>. Il progetto lanciato da <strong>Pietro Colucci<\/strong> \u00e8 cross-mediale: il quotidiano di informazione pu\u00f2 essere letto online, ma anche in formato cartaceo tramite la sua versione periodica. I social media verranno inoltre utilizzati per creare interazione tra i lettori, tramite dirette video e contenuti nativi.<\/p>\n","protected":false},"excerpt":{"rendered":"<p>Pietro Colucci \u00e8 il Direttore Editoriale de &#8220;La Svolta&#8221;: il giornale \u00e8 online con aggiornamenti quotidiani, mentre la sua versione cartacea assume la forma di un periodico. Gli argomenti cardine riguardano il futuro, i diritti umani e la sostenibilit\u00e0, in un&#8217;ottica tutta dedicata ai giovani. Pietro Colucci lancia &#8220;La Svolta&#8221;: ecco di cosa tratter\u00e0 Un progetto editoriale innovativo, dinamico, multicanale, segno di un&#8217;Italia che vuole guardare al futuro in modo<\/p>\n<p><a class=\"continue-reading\" href=\"https:\/\/www.article-marketing.eu\/comunicatistampa\/pietro-colucci-presenta-la-svolta-iniziativa-editoriale-dedicata-ai-giovani\/\">Continue reading&#8230;<\/a><\/p>\n","protected":false},"author":6477,"featured_media":0,"comment_status":"open","ping_status":"open","sticky":false,"template":"","format":"standard","meta":{"_monsterinsights_skip_tracking":false,"_monsterinsights_sitenote_active":false,"_monsterinsights_sitenote_note":"","_monsterinsights_sitenote_category":0,"footnotes":""},"categories":[78],"tags":[9229],"class_list":["post-22292","post","type-post","status-publish","format-standard","hentry","category-comunicati-stampa","tag-pietro-colucci"],"yoast_head":"<!-- This site is optimized with the Yoast SEO plugin v27.3 - https:\/\/yoast.com\/product\/yoast-seo-wordpress\/ -->\n<title>Pietro Colucci presenta \u201cLa Svolta\u201d, iniziativa editoriale dedicata ai giovani<\/title>\n<meta name=\"robots\" content=\"index, follow, max-snippet:-1, max-image-preview:large, max-video-preview:-1\" \/>\n<link rel=\"canonical\" href=\"https:\/\/www.article-marketing.eu\/comunicatistampa\/pietro-colucci-presenta-la-svolta-iniziativa-editoriale-dedicata-ai-giovani\/\" \/>\n<meta property=\"og:locale\" content=\"it_IT\" \/>\n<meta property=\"og:type\" content=\"article\" \/>\n<meta property=\"og:title\" content=\"Pietro Colucci presenta \u201cLa Svolta\u201d, iniziativa editoriale dedicata ai giovani\" \/>\n<meta property=\"og:description\" content=\"Pietro Colucci \u00e8 il Direttore Editoriale de &#8220;La Svolta&#8221;: il giornale \u00e8 online con aggiornamenti quotidiani, mentre la sua versione cartacea assume la forma di un periodico. Gli argomenti cardine riguardano il futuro, i diritti umani e la sostenibilit\u00e0, in un&#8217;ottica tutta dedicata ai giovani. Pietro Colucci lancia &#8220;La Svolta&#8221;: ecco di cosa tratter\u00e0 Un progetto editoriale innovativo, dinamico, multicanale, segno di un&#8217;Italia che vuole guardare al futuro in modoContinue reading...\" \/>\n<meta property=\"og:url\" content=\"https:\/\/www.article-marketing.eu\/comunicatistampa\/pietro-colucci-presenta-la-svolta-iniziativa-editoriale-dedicata-ai-giovani\/\" \/>\n<meta property=\"og:site_name\" content=\"Article Marketing\" \/>\n<meta property=\"article:published_time\" content=\"2022-04-01T00:19:43+00:00\" \/>\n<meta property=\"og:image\" content=\"https:\/\/www.comunicati-stampa.net\/immaginics\/medium\/1af4892a3af64ee6b937999218acfacd.jpg\" \/>\n<meta name=\"author\" content=\"articolinews\" \/>\n<meta name=\"twitter:card\" content=\"summary_large_image\" \/>\n<meta name=\"twitter:label1\" content=\"Scritto da\" \/>\n\t<meta name=\"twitter:data1\" content=\"articolinews\" \/>\n\t<meta name=\"twitter:label2\" content=\"Tempo di lettura stimato\" \/>\n\t<meta name=\"twitter:data2\" content=\"2 minuti\" \/>\n<script type=\"application\/ld+json\" class=\"yoast-schema-graph\">{\"@context\":\"https:\\\/\\\/schema.org\",\"@graph\":[{\"@type\":\"Article\",\"@id\":\"https:\\\/\\\/www.article-marketing.eu\\\/comunicatistampa\\\/pietro-colucci-presenta-la-svolta-iniziativa-editoriale-dedicata-ai-giovani\\\/#article\",\"isPartOf\":{\"@id\":\"https:\\\/\\\/www.article-marketing.eu\\\/comunicatistampa\\\/pietro-colucci-presenta-la-svolta-iniziativa-editoriale-dedicata-ai-giovani\\\/\"},\"author\":{\"name\":\"articolinews\",\"@id\":\"https:\\\/\\\/www.article-marketing.eu\\\/comunicatistampa\\\/#\\\/schema\\\/person\\\/2fcaf8f8f3a9eef9eb7f27532d3ca458\"},\"headline\":\"Pietro Colucci presenta \u201cLa Svolta\u201d, iniziativa editoriale dedicata ai giovani\",\"datePublished\":\"2022-04-01T00:19:43+00:00\",\"mainEntityOfPage\":{\"@id\":\"https:\\\/\\\/www.article-marketing.eu\\\/comunicatistampa\\\/pietro-colucci-presenta-la-svolta-iniziativa-editoriale-dedicata-ai-giovani\\\/\"},\"wordCount\":374,\"commentCount\":0,\"image\":{\"@id\":\"https:\\\/\\\/www.article-marketing.eu\\\/comunicatistampa\\\/pietro-colucci-presenta-la-svolta-iniziativa-editoriale-dedicata-ai-giovani\\\/#primaryimage\"},\"thumbnailUrl\":\"https:\\\/\\\/www.comunicati-stampa.net\\\/immaginics\\\/medium\\\/1af4892a3af64ee6b937999218acfacd.jpg\",\"keywords\":[\"Pietro Colucci\"],\"articleSection\":[\"Comunicati stampa\"],\"inLanguage\":\"it-IT\",\"potentialAction\":[{\"@type\":\"CommentAction\",\"name\":\"Comment\",\"target\":[\"https:\\\/\\\/www.article-marketing.eu\\\/comunicatistampa\\\/pietro-colucci-presenta-la-svolta-iniziativa-editoriale-dedicata-ai-giovani\\\/#respond\"]}]},{\"@type\":\"WebPage\",\"@id\":\"https:\\\/\\\/www.article-marketing.eu\\\/comunicatistampa\\\/pietro-colucci-presenta-la-svolta-iniziativa-editoriale-dedicata-ai-giovani\\\/\",\"url\":\"https:\\\/\\\/www.article-marketing.eu\\\/comunicatistampa\\\/pietro-colucci-presenta-la-svolta-iniziativa-editoriale-dedicata-ai-giovani\\\/\",\"name\":\"Pietro Colucci presenta \u201cLa Svolta\u201d, iniziativa editoriale dedicata ai giovani\",\"isPartOf\":{\"@id\":\"https:\\\/\\\/www.article-marketing.eu\\\/comunicatistampa\\\/#website\"},\"primaryImageOfPage\":{\"@id\":\"https:\\\/\\\/www.article-marketing.eu\\\/comunicatistampa\\\/pietro-colucci-presenta-la-svolta-iniziativa-editoriale-dedicata-ai-giovani\\\/#primaryimage\"},\"image\":{\"@id\":\"https:\\\/\\\/www.article-marketing.eu\\\/comunicatistampa\\\/pietro-colucci-presenta-la-svolta-iniziativa-editoriale-dedicata-ai-giovani\\\/#primaryimage\"},\"thumbnailUrl\":\"https:\\\/\\\/www.comunicati-stampa.net\\\/immaginics\\\/medium\\\/1af4892a3af64ee6b937999218acfacd.jpg\",\"datePublished\":\"2022-04-01T00:19:43+00:00\",\"author\":{\"@id\":\"https:\\\/\\\/www.article-marketing.eu\\\/comunicatistampa\\\/#\\\/schema\\\/person\\\/2fcaf8f8f3a9eef9eb7f27532d3ca458\"},\"breadcrumb\":{\"@id\":\"https:\\\/\\\/www.article-marketing.eu\\\/comunicatistampa\\\/pietro-colucci-presenta-la-svolta-iniziativa-editoriale-dedicata-ai-giovani\\\/#breadcrumb\"},\"inLanguage\":\"it-IT\",\"potentialAction\":[{\"@type\":\"ReadAction\",\"target\":[\"https:\\\/\\\/www.article-marketing.eu\\\/comunicatistampa\\\/pietro-colucci-presenta-la-svolta-iniziativa-editoriale-dedicata-ai-giovani\\\/\"]}]},{\"@type\":\"ImageObject\",\"inLanguage\":\"it-IT\",\"@id\":\"https:\\\/\\\/www.article-marketing.eu\\\/comunicatistampa\\\/pietro-colucci-presenta-la-svolta-iniziativa-editoriale-dedicata-ai-giovani\\\/#primaryimage\",\"url\":\"https:\\\/\\\/www.comunicati-stampa.net\\\/immaginics\\\/medium\\\/1af4892a3af64ee6b937999218acfacd.jpg\",\"contentUrl\":\"https:\\\/\\\/www.comunicati-stampa.net\\\/immaginics\\\/medium\\\/1af4892a3af64ee6b937999218acfacd.jpg\"},{\"@type\":\"BreadcrumbList\",\"@id\":\"https:\\\/\\\/www.article-marketing.eu\\\/comunicatistampa\\\/pietro-colucci-presenta-la-svolta-iniziativa-editoriale-dedicata-ai-giovani\\\/#breadcrumb\",\"itemListElement\":[{\"@type\":\"ListItem\",\"position\":1,\"name\":\"Home\",\"item\":\"https:\\\/\\\/www.article-marketing.eu\\\/comunicatistampa\\\/\"},{\"@type\":\"ListItem\",\"position\":2,\"name\":\"Pietro Colucci presenta \u201cLa Svolta\u201d, iniziativa editoriale dedicata ai giovani\"}]},{\"@type\":\"WebSite\",\"@id\":\"https:\\\/\\\/www.article-marketing.eu\\\/comunicatistampa\\\/#website\",\"url\":\"https:\\\/\\\/www.article-marketing.eu\\\/comunicatistampa\\\/\",\"name\":\"Article Marketing\",\"description\":\"article marketing &amp; press release\",\"potentialAction\":[{\"@type\":\"SearchAction\",\"target\":{\"@type\":\"EntryPoint\",\"urlTemplate\":\"https:\\\/\\\/www.article-marketing.eu\\\/comunicatistampa\\\/?s={search_term_string}\"},\"query-input\":{\"@type\":\"PropertyValueSpecification\",\"valueRequired\":true,\"valueName\":\"search_term_string\"}}],\"inLanguage\":\"it-IT\"},{\"@type\":\"Person\",\"@id\":\"https:\\\/\\\/www.article-marketing.eu\\\/comunicatistampa\\\/#\\\/schema\\\/person\\\/2fcaf8f8f3a9eef9eb7f27532d3ca458\",\"name\":\"articolinews\",\"image\":{\"@type\":\"ImageObject\",\"inLanguage\":\"it-IT\",\"@id\":\"https:\\\/\\\/secure.gravatar.com\\\/avatar\\\/9e2a264bab04e17dea24d937c9956304649a848cb73c46747a692ff1bdeb1cb7?s=96&d=mm&r=g\",\"url\":\"https:\\\/\\\/secure.gravatar.com\\\/avatar\\\/9e2a264bab04e17dea24d937c9956304649a848cb73c46747a692ff1bdeb1cb7?s=96&d=mm&r=g\",\"contentUrl\":\"https:\\\/\\\/secure.gravatar.com\\\/avatar\\\/9e2a264bab04e17dea24d937c9956304649a848cb73c46747a692ff1bdeb1cb7?s=96&d=mm&r=g\",\"caption\":\"articolinews\"},\"url\":\"https:\\\/\\\/www.article-marketing.eu\\\/comunicatistampa\\\/author\\\/articolinews\\\/\"}]}<\/script>\n<!-- \/ Yoast SEO plugin. -->","yoast_head_json":{"title":"Pietro Colucci presenta \u201cLa Svolta\u201d, iniziativa editoriale dedicata ai giovani","robots":{"index":"index","follow":"follow","max-snippet":"max-snippet:-1","max-image-preview":"max-image-preview:large","max-video-preview":"max-video-preview:-1"},"canonical":"https:\/\/www.article-marketing.eu\/comunicatistampa\/pietro-colucci-presenta-la-svolta-iniziativa-editoriale-dedicata-ai-giovani\/","og_locale":"it_IT","og_type":"article","og_title":"Pietro Colucci presenta \u201cLa Svolta\u201d, iniziativa editoriale dedicata ai giovani","og_description":"Pietro Colucci \u00e8 il Direttore Editoriale de &#8220;La Svolta&#8221;: il giornale \u00e8 online con aggiornamenti quotidiani, mentre la sua versione cartacea assume la forma di un periodico. Gli argomenti cardine riguardano il futuro, i diritti umani e la sostenibilit\u00e0, in un&#8217;ottica tutta dedicata ai giovani. Pietro Colucci lancia &#8220;La Svolta&#8221;: ecco di cosa tratter\u00e0 Un progetto editoriale innovativo, dinamico, multicanale, segno di un&#8217;Italia che vuole guardare al futuro in modoContinue reading...","og_url":"https:\/\/www.article-marketing.eu\/comunicatistampa\/pietro-colucci-presenta-la-svolta-iniziativa-editoriale-dedicata-ai-giovani\/","og_site_name":"Article Marketing","article_published_time":"2022-04-01T00:19:43+00:00","og_image":[{"url":"https:\/\/www.comunicati-stampa.net\/immaginics\/medium\/1af4892a3af64ee6b937999218acfacd.jpg","type":"","width":"","height":""}],"author":"articolinews","twitter_card":"summary_large_image","twitter_misc":{"Scritto da":"articolinews","Tempo di lettura stimato":"2 minuti"},"schema":{"@context":"https:\/\/schema.org","@graph":[{"@type":"Article","@id":"https:\/\/www.article-marketing.eu\/comunicatistampa\/pietro-colucci-presenta-la-svolta-iniziativa-editoriale-dedicata-ai-giovani\/#article","isPartOf":{"@id":"https:\/\/www.article-marketing.eu\/comunicatistampa\/pietro-colucci-presenta-la-svolta-iniziativa-editoriale-dedicata-ai-giovani\/"},"author":{"name":"articolinews","@id":"https:\/\/www.article-marketing.eu\/comunicatistampa\/#\/schema\/person\/2fcaf8f8f3a9eef9eb7f27532d3ca458"},"headline":"Pietro Colucci presenta \u201cLa Svolta\u201d, iniziativa editoriale dedicata ai giovani","datePublished":"2022-04-01T00:19:43+00:00","mainEntityOfPage":{"@id":"https:\/\/www.article-marketing.eu\/comunicatistampa\/pietro-colucci-presenta-la-svolta-iniziativa-editoriale-dedicata-ai-giovani\/"},"wordCount":374,"commentCount":0,"image":{"@id":"https:\/\/www.article-marketing.eu\/comunicatistampa\/pietro-colucci-presenta-la-svolta-iniziativa-editoriale-dedicata-ai-giovani\/#primaryimage"},"thumbnailUrl":"https:\/\/www.comunicati-stampa.net\/immaginics\/medium\/1af4892a3af64ee6b937999218acfacd.jpg","keywords":["Pietro Colucci"],"articleSection":["Comunicati stampa"],"inLanguage":"it-IT","potentialAction":[{"@type":"CommentAction","name":"Comment","target":["https:\/\/www.article-marketing.eu\/comunicatistampa\/pietro-colucci-presenta-la-svolta-iniziativa-editoriale-dedicata-ai-giovani\/#respond"]}]},{"@type":"WebPage","@id":"https:\/\/www.article-marketing.eu\/comunicatistampa\/pietro-colucci-presenta-la-svolta-iniziativa-editoriale-dedicata-ai-giovani\/","url":"https:\/\/www.article-marketing.eu\/comunicatistampa\/pietro-colucci-presenta-la-svolta-iniziativa-editoriale-dedicata-ai-giovani\/","name":"Pietro Colucci presenta \u201cLa Svolta\u201d, iniziativa editoriale dedicata ai giovani","isPartOf":{"@id":"https:\/\/www.article-marketing.eu\/comunicatistampa\/#website"},"primaryImageOfPage":{"@id":"https:\/\/www.article-marketing.eu\/comunicatistampa\/pietro-colucci-presenta-la-svolta-iniziativa-editoriale-dedicata-ai-giovani\/#primaryimage"},"image":{"@id":"https:\/\/www.article-marketing.eu\/comunicatistampa\/pietro-colucci-presenta-la-svolta-iniziativa-editoriale-dedicata-ai-giovani\/#primaryimage"},"thumbnailUrl":"https:\/\/www.comunicati-stampa.net\/immaginics\/medium\/1af4892a3af64ee6b937999218acfacd.jpg","datePublished":"2022-04-01T00:19:43+00:00","author":{"@id":"https:\/\/www.article-marketing.eu\/comunicatistampa\/#\/schema\/person\/2fcaf8f8f3a9eef9eb7f27532d3ca458"},"breadcrumb":{"@id":"https:\/\/www.article-marketing.eu\/comunicatistampa\/pietro-colucci-presenta-la-svolta-iniziativa-editoriale-dedicata-ai-giovani\/#breadcrumb"},"inLanguage":"it-IT","potentialAction":[{"@type":"ReadAction","target":["https:\/\/www.article-marketing.eu\/comunicatistampa\/pietro-colucci-presenta-la-svolta-iniziativa-editoriale-dedicata-ai-giovani\/"]}]},{"@type":"ImageObject","inLanguage":"it-IT","@id":"https:\/\/www.article-marketing.eu\/comunicatistampa\/pietro-colucci-presenta-la-svolta-iniziativa-editoriale-dedicata-ai-giovani\/#primaryimage","url":"https:\/\/www.comunicati-stampa.net\/immaginics\/medium\/1af4892a3af64ee6b937999218acfacd.jpg","contentUrl":"https:\/\/www.comunicati-stampa.net\/immaginics\/medium\/1af4892a3af64ee6b937999218acfacd.jpg"},{"@type":"BreadcrumbList","@id":"https:\/\/www.article-marketing.eu\/comunicatistampa\/pietro-colucci-presenta-la-svolta-iniziativa-editoriale-dedicata-ai-giovani\/#breadcrumb","itemListElement":[{"@type":"ListItem","position":1,"name":"Home","item":"https:\/\/www.article-marketing.eu\/comunicatistampa\/"},{"@type":"ListItem","position":2,"name":"Pietro Colucci presenta \u201cLa Svolta\u201d, iniziativa editoriale dedicata ai giovani"}]},{"@type":"WebSite","@id":"https:\/\/www.article-marketing.eu\/comunicatistampa\/#website","url":"https:\/\/www.article-marketing.eu\/comunicatistampa\/","name":"Article Marketing","description":"article marketing &amp; press release","potentialAction":[{"@type":"SearchAction","target":{"@type":"EntryPoint","urlTemplate":"https:\/\/www.article-marketing.eu\/comunicatistampa\/?s={search_term_string}"},"query-input":{"@type":"PropertyValueSpecification","valueRequired":true,"valueName":"search_term_string"}}],"inLanguage":"it-IT"},{"@type":"Person","@id":"https:\/\/www.article-marketing.eu\/comunicatistampa\/#\/schema\/person\/2fcaf8f8f3a9eef9eb7f27532d3ca458","name":"articolinews","image":{"@type":"ImageObject","inLanguage":"it-IT","@id":"https:\/\/secure.gravatar.com\/avatar\/9e2a264bab04e17dea24d937c9956304649a848cb73c46747a692ff1bdeb1cb7?s=96&d=mm&r=g","url":"https:\/\/secure.gravatar.com\/avatar\/9e2a264bab04e17dea24d937c9956304649a848cb73c46747a692ff1bdeb1cb7?s=96&d=mm&r=g","contentUrl":"https:\/\/secure.gravatar.com\/avatar\/9e2a264bab04e17dea24d937c9956304649a848cb73c46747a692ff1bdeb1cb7?s=96&d=mm&r=g","caption":"articolinews"},"url":"https:\/\/www.article-marketing.eu\/comunicatistampa\/author\/articolinews\/"}]}},"_links":{"self":[{"href":"https:\/\/www.article-marketing.eu\/comunicatistampa\/wp-json\/wp\/v2\/posts\/22292","targetHints":{"allow":["GET"]}}],"collection":[{"href":"https:\/\/www.article-marketing.eu\/comunicatistampa\/wp-json\/wp\/v2\/posts"}],"about":[{"href":"https:\/\/www.article-marketing.eu\/comunicatistampa\/wp-json\/wp\/v2\/types\/post"}],"author":[{"embeddable":true,"href":"https:\/\/www.article-marketing.eu\/comunicatistampa\/wp-json\/wp\/v2\/users\/6477"}],"replies":[{"embeddable":true,"href":"https:\/\/www.article-marketing.eu\/comunicatistampa\/wp-json\/wp\/v2\/comments?post=22292"}],"version-history":[{"count":2,"href":"https:\/\/www.article-marketing.eu\/comunicatistampa\/wp-json\/wp\/v2\/posts\/22292\/revisions"}],"predecessor-version":[{"id":22372,"href":"https:\/\/www.article-marketing.eu\/comunicatistampa\/wp-json\/wp\/v2\/posts\/22292\/revisions\/22372"}],"wp:attachment":[{"href":"https:\/\/www.article-marketing.eu\/comunicatistampa\/wp-json\/wp\/v2\/media?parent=22292"}],"wp:term":[{"taxonomy":"category","embeddable":true,"href":"https:\/\/www.article-marketing.eu\/comunicatistampa\/wp-json\/wp\/v2\/categories?post=22292"},{"taxonomy":"post_tag","embeddable":true,"href":"https:\/\/www.article-marketing.eu\/comunicatistampa\/wp-json\/wp\/v2\/tags?post=22292"}],"curies":[{"name":"wp","href":"https:\/\/api.w.org\/{rel}","templated":true}]}}