{"id":22333,"date":"2022-04-09T16:30:00","date_gmt":"2022-04-09T14:30:00","guid":{"rendered":"https:\/\/www.article-marketing.eu\/comunicatistampa\/?p=22333"},"modified":"2022-04-09T16:30:00","modified_gmt":"2022-04-09T14:30:00","slug":"pietro-vignali-le-citta-italiane-dovrebbero-tutelare-ambiente-e-salute","status":"publish","type":"post","link":"https:\/\/www.article-marketing.eu\/comunicatistampa\/pietro-vignali-le-citta-italiane-dovrebbero-tutelare-ambiente-e-salute\/","title":{"rendered":"Pietro Vignali: le citt\u00e0 italiane dovrebbero tutelare ambiente e salute"},"content":{"rendered":"<p><em><strong>L&#8217;ex Sindaco di Parma <a title=\"Pietro Vignali - YouTube\" href=\"https:\/\/www.youtube.com\/channel\/UCIPe0sKx3JFYqxBUuQbcHtg\">Pietro Vignali<\/a> spiega perch\u00e9 \u00e8 importante unire il concetto di ambiente con quello di salute nelle scelte che riguarderanno lo sviluppo delle citt\u00e0 post-Covid.<\/strong><\/em><\/p>\n<p><img loading=\"lazy\" decoding=\"async\" class=\"alignnone\" src=\"https:\/\/www.professionistieaziende.it\/pietro_vignali\/pietro_vignali.jpg\" alt=\"Pietro Vignali\" width=\"120\" height=\"461\" \/><\/p>\n<h2>Pietro Vignali: nelle citt\u00e0 post-Covid ambiente e salute dovrebbero andare a braccetto<\/h2>\n<p><em>&#8220;Vent&#8217;anni fa<\/em> &#8211; racconta l&#8217;ex Sindaco di Parma &#8211; <em>avevo coniugato l&#8217;assessorato all&#8217;ambiente con quello alla mobilit\u00e0. Fu una scelta vincente. Ora bisogna fare un salto ulteriore che \u00e8 quello di coniugare l&#8217;ambiente con la salute&#8221;<\/em>. Secondo <strong>Pietro Vignali<\/strong>, a minacciare la salute dei cittadini non \u00e8 soltanto il traffico, ma anche l&#8217;inquinamento che deriva dal riscaldamento delle abitazioni. A suo avviso, sarebbe quindi fondamentale <em>&#8220;potenziare la sinergia tra ambiente e salute&#8221;<\/em>. A questo scopo, l&#8217;ex Sindaco aveva organizzato a Parma, insieme all&#8217;Organizzazione Mondiale della Sanit\u00e0 <em>&#8220;il quinto Vertice Mondiale su Ambiente e Salute, il primo realizzato in Italia alla presenza di pi\u00f9 di 100 Ministri dell&#8217;Ambiente e della Salute di tutto il Mondo per parlare di come coniugare le politiche ambientali con quelle della salute soprattutto per i bambini&#8221;<\/em>. La proposta di <strong>Pietro Vignali<\/strong> sarebbe quella di limitare la contaminazione ambientale attraverso l&#8217;attuazione di un grande piano casa arricchito dalle agevolazioni fiscali previste dall&#8217;ecobonus.<\/p>\n<h2>Pietro Vignali: il trasporto pubblico elettrico per contrastare l&#8217;inquinamento ambientale<\/h2>\n<p>Sempre nell&#8217;ambito dell&#8217;inquinamento ambientale, l&#8217;ex primo cittadino di Parma sottolinea l&#8217;inutilit\u00e0 dei divieti quando non accompagnati da ulteriori incentivi e investimenti. Il divieto alla circolazione dell&#8217;auto diesel, ad esempio, non pu\u00f2 rappresentare una soluzione, soprattutto se non vengono forniti contributi e proposte alternative per tutte quelle persone che non hanno la possibilit\u00e0 di sostituire il proprio veicolo. Da qui, l&#8217;idea di <strong>Pietro Vignali<\/strong> di convertire il trasporto pubblico all&#8217;elettrico. \u00c8 questa <em>&#8220;la nuova frontiera&#8221;<\/em>, afferma. Tra i progetti sostenibili pensati per la citt\u00e0 di Parma vi \u00e8 anche l&#8217;acquisto di moderni filobus e il collaudo di autobus elettrici. Grazie inoltre a un finanziamento di oltre 15 milioni, \u00e8 stato altres\u00ec possibile acquistare circa 5mila biciclette elettriche.<\/p>\n","protected":false},"excerpt":{"rendered":"<p>L&#8217;ex Sindaco di Parma Pietro Vignali spiega perch\u00e9 \u00e8 importante unire il concetto di ambiente con quello di salute nelle scelte che riguarderanno lo sviluppo delle citt\u00e0 post-Covid. Pietro Vignali: nelle citt\u00e0 post-Covid ambiente e salute dovrebbero andare a braccetto &#8220;Vent&#8217;anni fa &#8211; racconta l&#8217;ex Sindaco di Parma &#8211; avevo coniugato l&#8217;assessorato all&#8217;ambiente con quello alla mobilit\u00e0. Fu una scelta vincente. Ora bisogna fare un salto ulteriore che \u00e8 quello<\/p>\n<p><a class=\"continue-reading\" href=\"https:\/\/www.article-marketing.eu\/comunicatistampa\/pietro-vignali-le-citta-italiane-dovrebbero-tutelare-ambiente-e-salute\/\">Continue reading&#8230;<\/a><\/p>\n","protected":false},"author":6477,"featured_media":0,"comment_status":"open","ping_status":"open","sticky":false,"template":"","format":"standard","meta":{"_monsterinsights_skip_tracking":false,"_monsterinsights_sitenote_active":false,"_monsterinsights_sitenote_note":"","_monsterinsights_sitenote_category":0,"footnotes":""},"categories":[362],"tags":[9352],"class_list":["post-22333","post","type-post","status-publish","format-standard","hentry","category-societa","tag-pietro-vignali"],"yoast_head":"<!-- This site is optimized with the Yoast SEO plugin v27.3 - https:\/\/yoast.com\/product\/yoast-seo-wordpress\/ -->\n<title>Pietro Vignali: le citt\u00e0 italiane dovrebbero tutelare ambiente e salute<\/title>\n<meta name=\"robots\" content=\"index, follow, max-snippet:-1, max-image-preview:large, max-video-preview:-1\" \/>\n<link rel=\"canonical\" href=\"https:\/\/www.article-marketing.eu\/comunicatistampa\/pietro-vignali-le-citta-italiane-dovrebbero-tutelare-ambiente-e-salute\/\" \/>\n<meta property=\"og:locale\" content=\"it_IT\" \/>\n<meta property=\"og:type\" content=\"article\" \/>\n<meta property=\"og:title\" content=\"Pietro Vignali: le citt\u00e0 italiane dovrebbero tutelare ambiente e salute\" \/>\n<meta property=\"og:description\" content=\"L&#8217;ex Sindaco di Parma Pietro Vignali spiega perch\u00e9 \u00e8 importante unire il concetto di ambiente con quello di salute nelle scelte che riguarderanno lo sviluppo delle citt\u00e0 post-Covid. Pietro Vignali: nelle citt\u00e0 post-Covid ambiente e salute dovrebbero andare a braccetto &#8220;Vent&#8217;anni fa &#8211; racconta l&#8217;ex Sindaco di Parma &#8211; avevo coniugato l&#8217;assessorato all&#8217;ambiente con quello alla mobilit\u00e0. Fu una scelta vincente. Ora bisogna fare un salto ulteriore che \u00e8 quelloContinue reading...\" \/>\n<meta property=\"og:url\" content=\"https:\/\/www.article-marketing.eu\/comunicatistampa\/pietro-vignali-le-citta-italiane-dovrebbero-tutelare-ambiente-e-salute\/\" \/>\n<meta property=\"og:site_name\" content=\"Article Marketing\" \/>\n<meta property=\"article:published_time\" content=\"2022-04-09T14:30:00+00:00\" \/>\n<meta property=\"og:image\" content=\"https:\/\/www.professionistieaziende.it\/pietro_vignali\/pietro_vignali.jpg\" \/>\n<meta name=\"author\" content=\"articolinews\" \/>\n<meta name=\"twitter:card\" content=\"summary_large_image\" \/>\n<meta name=\"twitter:label1\" content=\"Scritto da\" \/>\n\t<meta name=\"twitter:data1\" content=\"articolinews\" \/>\n\t<meta name=\"twitter:label2\" content=\"Tempo di lettura stimato\" \/>\n\t<meta name=\"twitter:data2\" content=\"2 minuti\" \/>\n<script type=\"application\/ld+json\" class=\"yoast-schema-graph\">{\"@context\":\"https:\\\/\\\/schema.org\",\"@graph\":[{\"@type\":\"Article\",\"@id\":\"https:\\\/\\\/www.article-marketing.eu\\\/comunicatistampa\\\/pietro-vignali-le-citta-italiane-dovrebbero-tutelare-ambiente-e-salute\\\/#article\",\"isPartOf\":{\"@id\":\"https:\\\/\\\/www.article-marketing.eu\\\/comunicatistampa\\\/pietro-vignali-le-citta-italiane-dovrebbero-tutelare-ambiente-e-salute\\\/\"},\"author\":{\"name\":\"articolinews\",\"@id\":\"https:\\\/\\\/www.article-marketing.eu\\\/comunicatistampa\\\/#\\\/schema\\\/person\\\/2fcaf8f8f3a9eef9eb7f27532d3ca458\"},\"headline\":\"Pietro Vignali: le citt\u00e0 italiane dovrebbero tutelare ambiente e salute\",\"datePublished\":\"2022-04-09T14:30:00+00:00\",\"mainEntityOfPage\":{\"@id\":\"https:\\\/\\\/www.article-marketing.eu\\\/comunicatistampa\\\/pietro-vignali-le-citta-italiane-dovrebbero-tutelare-ambiente-e-salute\\\/\"},\"wordCount\":323,\"commentCount\":0,\"image\":{\"@id\":\"https:\\\/\\\/www.article-marketing.eu\\\/comunicatistampa\\\/pietro-vignali-le-citta-italiane-dovrebbero-tutelare-ambiente-e-salute\\\/#primaryimage\"},\"thumbnailUrl\":\"https:\\\/\\\/www.professionistieaziende.it\\\/pietro_vignali\\\/pietro_vignali.jpg\",\"keywords\":[\"Pietro Vignali\"],\"articleSection\":[\"Societ\u00e0\"],\"inLanguage\":\"it-IT\",\"potentialAction\":[{\"@type\":\"CommentAction\",\"name\":\"Comment\",\"target\":[\"https:\\\/\\\/www.article-marketing.eu\\\/comunicatistampa\\\/pietro-vignali-le-citta-italiane-dovrebbero-tutelare-ambiente-e-salute\\\/#respond\"]}]},{\"@type\":\"WebPage\",\"@id\":\"https:\\\/\\\/www.article-marketing.eu\\\/comunicatistampa\\\/pietro-vignali-le-citta-italiane-dovrebbero-tutelare-ambiente-e-salute\\\/\",\"url\":\"https:\\\/\\\/www.article-marketing.eu\\\/comunicatistampa\\\/pietro-vignali-le-citta-italiane-dovrebbero-tutelare-ambiente-e-salute\\\/\",\"name\":\"Pietro Vignali: le citt\u00e0 italiane dovrebbero tutelare ambiente e salute\",\"isPartOf\":{\"@id\":\"https:\\\/\\\/www.article-marketing.eu\\\/comunicatistampa\\\/#website\"},\"primaryImageOfPage\":{\"@id\":\"https:\\\/\\\/www.article-marketing.eu\\\/comunicatistampa\\\/pietro-vignali-le-citta-italiane-dovrebbero-tutelare-ambiente-e-salute\\\/#primaryimage\"},\"image\":{\"@id\":\"https:\\\/\\\/www.article-marketing.eu\\\/comunicatistampa\\\/pietro-vignali-le-citta-italiane-dovrebbero-tutelare-ambiente-e-salute\\\/#primaryimage\"},\"thumbnailUrl\":\"https:\\\/\\\/www.professionistieaziende.it\\\/pietro_vignali\\\/pietro_vignali.jpg\",\"datePublished\":\"2022-04-09T14:30:00+00:00\",\"author\":{\"@id\":\"https:\\\/\\\/www.article-marketing.eu\\\/comunicatistampa\\\/#\\\/schema\\\/person\\\/2fcaf8f8f3a9eef9eb7f27532d3ca458\"},\"breadcrumb\":{\"@id\":\"https:\\\/\\\/www.article-marketing.eu\\\/comunicatistampa\\\/pietro-vignali-le-citta-italiane-dovrebbero-tutelare-ambiente-e-salute\\\/#breadcrumb\"},\"inLanguage\":\"it-IT\",\"potentialAction\":[{\"@type\":\"ReadAction\",\"target\":[\"https:\\\/\\\/www.article-marketing.eu\\\/comunicatistampa\\\/pietro-vignali-le-citta-italiane-dovrebbero-tutelare-ambiente-e-salute\\\/\"]}]},{\"@type\":\"ImageObject\",\"inLanguage\":\"it-IT\",\"@id\":\"https:\\\/\\\/www.article-marketing.eu\\\/comunicatistampa\\\/pietro-vignali-le-citta-italiane-dovrebbero-tutelare-ambiente-e-salute\\\/#primaryimage\",\"url\":\"https:\\\/\\\/www.professionistieaziende.it\\\/pietro_vignali\\\/pietro_vignali.jpg\",\"contentUrl\":\"https:\\\/\\\/www.professionistieaziende.it\\\/pietro_vignali\\\/pietro_vignali.jpg\"},{\"@type\":\"BreadcrumbList\",\"@id\":\"https:\\\/\\\/www.article-marketing.eu\\\/comunicatistampa\\\/pietro-vignali-le-citta-italiane-dovrebbero-tutelare-ambiente-e-salute\\\/#breadcrumb\",\"itemListElement\":[{\"@type\":\"ListItem\",\"position\":1,\"name\":\"Home\",\"item\":\"https:\\\/\\\/www.article-marketing.eu\\\/comunicatistampa\\\/\"},{\"@type\":\"ListItem\",\"position\":2,\"name\":\"Pietro Vignali: le citt\u00e0 italiane dovrebbero tutelare ambiente e salute\"}]},{\"@type\":\"WebSite\",\"@id\":\"https:\\\/\\\/www.article-marketing.eu\\\/comunicatistampa\\\/#website\",\"url\":\"https:\\\/\\\/www.article-marketing.eu\\\/comunicatistampa\\\/\",\"name\":\"Article Marketing\",\"description\":\"article marketing &amp; press release\",\"potentialAction\":[{\"@type\":\"SearchAction\",\"target\":{\"@type\":\"EntryPoint\",\"urlTemplate\":\"https:\\\/\\\/www.article-marketing.eu\\\/comunicatistampa\\\/?s={search_term_string}\"},\"query-input\":{\"@type\":\"PropertyValueSpecification\",\"valueRequired\":true,\"valueName\":\"search_term_string\"}}],\"inLanguage\":\"it-IT\"},{\"@type\":\"Person\",\"@id\":\"https:\\\/\\\/www.article-marketing.eu\\\/comunicatistampa\\\/#\\\/schema\\\/person\\\/2fcaf8f8f3a9eef9eb7f27532d3ca458\",\"name\":\"articolinews\",\"image\":{\"@type\":\"ImageObject\",\"inLanguage\":\"it-IT\",\"@id\":\"https:\\\/\\\/secure.gravatar.com\\\/avatar\\\/9e2a264bab04e17dea24d937c9956304649a848cb73c46747a692ff1bdeb1cb7?s=96&d=mm&r=g\",\"url\":\"https:\\\/\\\/secure.gravatar.com\\\/avatar\\\/9e2a264bab04e17dea24d937c9956304649a848cb73c46747a692ff1bdeb1cb7?s=96&d=mm&r=g\",\"contentUrl\":\"https:\\\/\\\/secure.gravatar.com\\\/avatar\\\/9e2a264bab04e17dea24d937c9956304649a848cb73c46747a692ff1bdeb1cb7?s=96&d=mm&r=g\",\"caption\":\"articolinews\"},\"url\":\"https:\\\/\\\/www.article-marketing.eu\\\/comunicatistampa\\\/author\\\/articolinews\\\/\"}]}<\/script>\n<!-- \/ Yoast SEO plugin. -->","yoast_head_json":{"title":"Pietro Vignali: le citt\u00e0 italiane dovrebbero tutelare ambiente e salute","robots":{"index":"index","follow":"follow","max-snippet":"max-snippet:-1","max-image-preview":"max-image-preview:large","max-video-preview":"max-video-preview:-1"},"canonical":"https:\/\/www.article-marketing.eu\/comunicatistampa\/pietro-vignali-le-citta-italiane-dovrebbero-tutelare-ambiente-e-salute\/","og_locale":"it_IT","og_type":"article","og_title":"Pietro Vignali: le citt\u00e0 italiane dovrebbero tutelare ambiente e salute","og_description":"L&#8217;ex Sindaco di Parma Pietro Vignali spiega perch\u00e9 \u00e8 importante unire il concetto di ambiente con quello di salute nelle scelte che riguarderanno lo sviluppo delle citt\u00e0 post-Covid. Pietro Vignali: nelle citt\u00e0 post-Covid ambiente e salute dovrebbero andare a braccetto &#8220;Vent&#8217;anni fa &#8211; racconta l&#8217;ex Sindaco di Parma &#8211; avevo coniugato l&#8217;assessorato all&#8217;ambiente con quello alla mobilit\u00e0. Fu una scelta vincente. Ora bisogna fare un salto ulteriore che \u00e8 quelloContinue reading...","og_url":"https:\/\/www.article-marketing.eu\/comunicatistampa\/pietro-vignali-le-citta-italiane-dovrebbero-tutelare-ambiente-e-salute\/","og_site_name":"Article Marketing","article_published_time":"2022-04-09T14:30:00+00:00","og_image":[{"url":"https:\/\/www.professionistieaziende.it\/pietro_vignali\/pietro_vignali.jpg","type":"","width":"","height":""}],"author":"articolinews","twitter_card":"summary_large_image","twitter_misc":{"Scritto da":"articolinews","Tempo di lettura stimato":"2 minuti"},"schema":{"@context":"https:\/\/schema.org","@graph":[{"@type":"Article","@id":"https:\/\/www.article-marketing.eu\/comunicatistampa\/pietro-vignali-le-citta-italiane-dovrebbero-tutelare-ambiente-e-salute\/#article","isPartOf":{"@id":"https:\/\/www.article-marketing.eu\/comunicatistampa\/pietro-vignali-le-citta-italiane-dovrebbero-tutelare-ambiente-e-salute\/"},"author":{"name":"articolinews","@id":"https:\/\/www.article-marketing.eu\/comunicatistampa\/#\/schema\/person\/2fcaf8f8f3a9eef9eb7f27532d3ca458"},"headline":"Pietro Vignali: le citt\u00e0 italiane dovrebbero tutelare ambiente e salute","datePublished":"2022-04-09T14:30:00+00:00","mainEntityOfPage":{"@id":"https:\/\/www.article-marketing.eu\/comunicatistampa\/pietro-vignali-le-citta-italiane-dovrebbero-tutelare-ambiente-e-salute\/"},"wordCount":323,"commentCount":0,"image":{"@id":"https:\/\/www.article-marketing.eu\/comunicatistampa\/pietro-vignali-le-citta-italiane-dovrebbero-tutelare-ambiente-e-salute\/#primaryimage"},"thumbnailUrl":"https:\/\/www.professionistieaziende.it\/pietro_vignali\/pietro_vignali.jpg","keywords":["Pietro Vignali"],"articleSection":["Societ\u00e0"],"inLanguage":"it-IT","potentialAction":[{"@type":"CommentAction","name":"Comment","target":["https:\/\/www.article-marketing.eu\/comunicatistampa\/pietro-vignali-le-citta-italiane-dovrebbero-tutelare-ambiente-e-salute\/#respond"]}]},{"@type":"WebPage","@id":"https:\/\/www.article-marketing.eu\/comunicatistampa\/pietro-vignali-le-citta-italiane-dovrebbero-tutelare-ambiente-e-salute\/","url":"https:\/\/www.article-marketing.eu\/comunicatistampa\/pietro-vignali-le-citta-italiane-dovrebbero-tutelare-ambiente-e-salute\/","name":"Pietro Vignali: le citt\u00e0 italiane dovrebbero tutelare ambiente e salute","isPartOf":{"@id":"https:\/\/www.article-marketing.eu\/comunicatistampa\/#website"},"primaryImageOfPage":{"@id":"https:\/\/www.article-marketing.eu\/comunicatistampa\/pietro-vignali-le-citta-italiane-dovrebbero-tutelare-ambiente-e-salute\/#primaryimage"},"image":{"@id":"https:\/\/www.article-marketing.eu\/comunicatistampa\/pietro-vignali-le-citta-italiane-dovrebbero-tutelare-ambiente-e-salute\/#primaryimage"},"thumbnailUrl":"https:\/\/www.professionistieaziende.it\/pietro_vignali\/pietro_vignali.jpg","datePublished":"2022-04-09T14:30:00+00:00","author":{"@id":"https:\/\/www.article-marketing.eu\/comunicatistampa\/#\/schema\/person\/2fcaf8f8f3a9eef9eb7f27532d3ca458"},"breadcrumb":{"@id":"https:\/\/www.article-marketing.eu\/comunicatistampa\/pietro-vignali-le-citta-italiane-dovrebbero-tutelare-ambiente-e-salute\/#breadcrumb"},"inLanguage":"it-IT","potentialAction":[{"@type":"ReadAction","target":["https:\/\/www.article-marketing.eu\/comunicatistampa\/pietro-vignali-le-citta-italiane-dovrebbero-tutelare-ambiente-e-salute\/"]}]},{"@type":"ImageObject","inLanguage":"it-IT","@id":"https:\/\/www.article-marketing.eu\/comunicatistampa\/pietro-vignali-le-citta-italiane-dovrebbero-tutelare-ambiente-e-salute\/#primaryimage","url":"https:\/\/www.professionistieaziende.it\/pietro_vignali\/pietro_vignali.jpg","contentUrl":"https:\/\/www.professionistieaziende.it\/pietro_vignali\/pietro_vignali.jpg"},{"@type":"BreadcrumbList","@id":"https:\/\/www.article-marketing.eu\/comunicatistampa\/pietro-vignali-le-citta-italiane-dovrebbero-tutelare-ambiente-e-salute\/#breadcrumb","itemListElement":[{"@type":"ListItem","position":1,"name":"Home","item":"https:\/\/www.article-marketing.eu\/comunicatistampa\/"},{"@type":"ListItem","position":2,"name":"Pietro Vignali: le citt\u00e0 italiane dovrebbero tutelare ambiente e salute"}]},{"@type":"WebSite","@id":"https:\/\/www.article-marketing.eu\/comunicatistampa\/#website","url":"https:\/\/www.article-marketing.eu\/comunicatistampa\/","name":"Article Marketing","description":"article marketing &amp; press release","potentialAction":[{"@type":"SearchAction","target":{"@type":"EntryPoint","urlTemplate":"https:\/\/www.article-marketing.eu\/comunicatistampa\/?s={search_term_string}"},"query-input":{"@type":"PropertyValueSpecification","valueRequired":true,"valueName":"search_term_string"}}],"inLanguage":"it-IT"},{"@type":"Person","@id":"https:\/\/www.article-marketing.eu\/comunicatistampa\/#\/schema\/person\/2fcaf8f8f3a9eef9eb7f27532d3ca458","name":"articolinews","image":{"@type":"ImageObject","inLanguage":"it-IT","@id":"https:\/\/secure.gravatar.com\/avatar\/9e2a264bab04e17dea24d937c9956304649a848cb73c46747a692ff1bdeb1cb7?s=96&d=mm&r=g","url":"https:\/\/secure.gravatar.com\/avatar\/9e2a264bab04e17dea24d937c9956304649a848cb73c46747a692ff1bdeb1cb7?s=96&d=mm&r=g","contentUrl":"https:\/\/secure.gravatar.com\/avatar\/9e2a264bab04e17dea24d937c9956304649a848cb73c46747a692ff1bdeb1cb7?s=96&d=mm&r=g","caption":"articolinews"},"url":"https:\/\/www.article-marketing.eu\/comunicatistampa\/author\/articolinews\/"}]}},"_links":{"self":[{"href":"https:\/\/www.article-marketing.eu\/comunicatistampa\/wp-json\/wp\/v2\/posts\/22333","targetHints":{"allow":["GET"]}}],"collection":[{"href":"https:\/\/www.article-marketing.eu\/comunicatistampa\/wp-json\/wp\/v2\/posts"}],"about":[{"href":"https:\/\/www.article-marketing.eu\/comunicatistampa\/wp-json\/wp\/v2\/types\/post"}],"author":[{"embeddable":true,"href":"https:\/\/www.article-marketing.eu\/comunicatistampa\/wp-json\/wp\/v2\/users\/6477"}],"replies":[{"embeddable":true,"href":"https:\/\/www.article-marketing.eu\/comunicatistampa\/wp-json\/wp\/v2\/comments?post=22333"}],"version-history":[{"count":3,"href":"https:\/\/www.article-marketing.eu\/comunicatistampa\/wp-json\/wp\/v2\/posts\/22333\/revisions"}],"predecessor-version":[{"id":22535,"href":"https:\/\/www.article-marketing.eu\/comunicatistampa\/wp-json\/wp\/v2\/posts\/22333\/revisions\/22535"}],"wp:attachment":[{"href":"https:\/\/www.article-marketing.eu\/comunicatistampa\/wp-json\/wp\/v2\/media?parent=22333"}],"wp:term":[{"taxonomy":"category","embeddable":true,"href":"https:\/\/www.article-marketing.eu\/comunicatistampa\/wp-json\/wp\/v2\/categories?post=22333"},{"taxonomy":"post_tag","embeddable":true,"href":"https:\/\/www.article-marketing.eu\/comunicatistampa\/wp-json\/wp\/v2\/tags?post=22333"}],"curies":[{"name":"wp","href":"https:\/\/api.w.org\/{rel}","templated":true}]}}