{"id":22357,"date":"2022-04-01T03:14:17","date_gmt":"2022-04-01T01:14:17","guid":{"rendered":"https:\/\/www.article-marketing.eu\/comunicatistampa\/?p=22357"},"modified":"2022-04-01T03:14:17","modified_gmt":"2022-04-01T01:14:17","slug":"nicola-lunardon-il-percorso-professionale","status":"publish","type":"post","link":"https:\/\/www.article-marketing.eu\/comunicatistampa\/nicola-lunardon-il-percorso-professionale\/","title":{"rendered":"Nicola Lunardon: il percorso professionale"},"content":{"rendered":"<p><em><strong>Il profilo di <a title=\"Nicola Lunardon: la biografia - crunchbase\" href=\"https:\/\/www.crunchbase.com\/person\/nicola-lunardon\">Nicola Lunardon<\/a>, imprenditore i cui successi sono stati notati da testate quali &#8220;Il Sole 24 ore&#8221; e &#8220;Financial Times&#8221;.<\/strong><\/em><\/p>\n<p><img loading=\"lazy\" decoding=\"async\" class=\"alignnone\" src=\"https:\/\/h2biz.net\/images\/Plats\/crop_min_20220307174746.jpg\" alt=\"Nicola Lunardon\" width=\"120\" height=\"120\" \/><\/p>\n<h2>Nicola Lunardon: formazione e prime esperienze professionali<\/h2>\n<p>Nato nel 1981 a Bassano del Grappa, in provincia di Vicenza, <strong>Nicola Lunardon<\/strong> si iscrive alla facolt\u00e0 di Sanit\u00e0 Pubblica &#8211; Sicurezza Igienico Sanitaria dell&#8217;Universit\u00e0 di Medicina Veterinaria di Padova. Dopo la laurea, conseguita nel 2005, fa il suo ingresso nell&#8217;ambito commerciale collaborando con diverse aziende specializzate. Scopre cos\u00ec una passione innata per il settore, che lo porta a intraprendere una carriera nel mondo delle vendite e in seguito della formazione professionale. In pochi anni, grazie ad una vision improntata sulla condivisione di conoscenze e competenze e soprattutto sull&#8217;assunto &#8220;dividere gli sforzi, moltiplicare i risultati&#8221;, <strong>Nicola Lunardon<\/strong> \u00e8 capace di dar vita ad una rete distributiva che arriva a contare 15mila persone nel complesso.<\/p>\n<h2>La vision imprenditoriale di Nicola Lunardon<\/h2>\n<p>Negli ultimi anni le attivit\u00e0 commerciali guidate da <strong>Nicola Lunardon<\/strong> si sono distinte a livello italiano e internazionale, soprattutto per i ritmi di crescita registrati. Un successo riconosciuto anche da testate di rilievo quali &#8220;Il Sole 24 Ore&#8221; e &#8220;Financial Times&#8221;. Il motivo principale va ricercato nella vision portata avanti dall&#8217;imprenditore e consolidata gi\u00e0 nei primi anni di impegno nel settore della vendita. La formazione \u00e8 uno dei pilastri principali. Per stare al passo con le nuove esigenze dei clienti, \u00e8 necessario aggiornare costantemente le competenze dei venditori, investendo in particolar modo sullo sviluppo delle soft skills, ritenute da <strong>Nicola Lunardon<\/strong> i principali strumenti per rispondere alla continua evoluzione delle modalit\u00e0 di acquisto. Alla base della vision dell&#8217;imprenditore anche la consapevolezza che un&#8217;azienda, per definirsi tale, deve operare in maniera responsabile, sostenibile e trasparente. E non solo per il benessere del cliente, ma estendendo il concetto anche alla comunit\u00e0 e al territorio. Fondamentale per raggiungere l&#8217;obiettivo la continua ricerca di innovazione.<\/p>\n","protected":false},"excerpt":{"rendered":"<p>Il profilo di Nicola Lunardon, imprenditore i cui successi sono stati notati da testate quali &#8220;Il Sole 24 ore&#8221; e &#8220;Financial Times&#8221;. Nicola Lunardon: formazione e prime esperienze professionali Nato nel 1981 a Bassano del Grappa, in provincia di Vicenza, Nicola Lunardon si iscrive alla facolt\u00e0 di Sanit\u00e0 Pubblica &#8211; Sicurezza Igienico Sanitaria dell&#8217;Universit\u00e0 di Medicina Veterinaria di Padova. Dopo la laurea, conseguita nel 2005, fa il suo ingresso nell&#8217;ambito<\/p>\n<p><a class=\"continue-reading\" href=\"https:\/\/www.article-marketing.eu\/comunicatistampa\/nicola-lunardon-il-percorso-professionale\/\">Continue reading&#8230;<\/a><\/p>\n","protected":false},"author":6477,"featured_media":0,"comment_status":"open","ping_status":"open","sticky":false,"template":"","format":"standard","meta":{"_monsterinsights_skip_tracking":false,"_monsterinsights_sitenote_active":false,"_monsterinsights_sitenote_note":"","_monsterinsights_sitenote_category":0,"footnotes":""},"categories":[78],"tags":[9434],"class_list":["post-22357","post","type-post","status-publish","format-standard","hentry","category-comunicati-stampa","tag-nicola-lunardon"],"yoast_head":"<!-- This site is optimized with the Yoast SEO plugin v27.3 - https:\/\/yoast.com\/product\/yoast-seo-wordpress\/ -->\n<title>Nicola Lunardon: il percorso professionale - Article Marketing<\/title>\n<meta name=\"robots\" content=\"index, follow, max-snippet:-1, max-image-preview:large, max-video-preview:-1\" \/>\n<link rel=\"canonical\" href=\"https:\/\/www.article-marketing.eu\/comunicatistampa\/nicola-lunardon-il-percorso-professionale\/\" \/>\n<meta property=\"og:locale\" content=\"it_IT\" \/>\n<meta property=\"og:type\" content=\"article\" \/>\n<meta property=\"og:title\" content=\"Nicola Lunardon: il percorso professionale - Article Marketing\" \/>\n<meta property=\"og:description\" content=\"Il profilo di Nicola Lunardon, imprenditore i cui successi sono stati notati da testate quali &#8220;Il Sole 24 ore&#8221; e &#8220;Financial Times&#8221;. Nicola Lunardon: formazione e prime esperienze professionali Nato nel 1981 a Bassano del Grappa, in provincia di Vicenza, Nicola Lunardon si iscrive alla facolt\u00e0 di Sanit\u00e0 Pubblica &#8211; Sicurezza Igienico Sanitaria dell&#8217;Universit\u00e0 di Medicina Veterinaria di Padova. Dopo la laurea, conseguita nel 2005, fa il suo ingresso nell&#8217;ambitoContinue reading...\" \/>\n<meta property=\"og:url\" content=\"https:\/\/www.article-marketing.eu\/comunicatistampa\/nicola-lunardon-il-percorso-professionale\/\" \/>\n<meta property=\"og:site_name\" content=\"Article Marketing\" \/>\n<meta property=\"article:published_time\" content=\"2022-04-01T01:14:17+00:00\" \/>\n<meta property=\"og:image\" content=\"https:\/\/h2biz.net\/images\/Plats\/crop_min_20220307174746.jpg\" \/>\n<meta name=\"author\" content=\"articolinews\" \/>\n<meta name=\"twitter:card\" content=\"summary_large_image\" \/>\n<meta name=\"twitter:label1\" content=\"Scritto da\" \/>\n\t<meta name=\"twitter:data1\" content=\"articolinews\" \/>\n\t<meta name=\"twitter:label2\" content=\"Tempo di lettura stimato\" \/>\n\t<meta name=\"twitter:data2\" content=\"2 minuti\" \/>\n<script type=\"application\/ld+json\" class=\"yoast-schema-graph\">{\"@context\":\"https:\\\/\\\/schema.org\",\"@graph\":[{\"@type\":\"Article\",\"@id\":\"https:\\\/\\\/www.article-marketing.eu\\\/comunicatistampa\\\/nicola-lunardon-il-percorso-professionale\\\/#article\",\"isPartOf\":{\"@id\":\"https:\\\/\\\/www.article-marketing.eu\\\/comunicatistampa\\\/nicola-lunardon-il-percorso-professionale\\\/\"},\"author\":{\"name\":\"articolinews\",\"@id\":\"https:\\\/\\\/www.article-marketing.eu\\\/comunicatistampa\\\/#\\\/schema\\\/person\\\/2fcaf8f8f3a9eef9eb7f27532d3ca458\"},\"headline\":\"Nicola Lunardon: il percorso professionale\",\"datePublished\":\"2022-04-01T01:14:17+00:00\",\"mainEntityOfPage\":{\"@id\":\"https:\\\/\\\/www.article-marketing.eu\\\/comunicatistampa\\\/nicola-lunardon-il-percorso-professionale\\\/\"},\"wordCount\":308,\"commentCount\":0,\"image\":{\"@id\":\"https:\\\/\\\/www.article-marketing.eu\\\/comunicatistampa\\\/nicola-lunardon-il-percorso-professionale\\\/#primaryimage\"},\"thumbnailUrl\":\"https:\\\/\\\/h2biz.net\\\/images\\\/Plats\\\/crop_min_20220307174746.jpg\",\"keywords\":[\"Nicola Lunardon\"],\"articleSection\":[\"Comunicati stampa\"],\"inLanguage\":\"it-IT\",\"potentialAction\":[{\"@type\":\"CommentAction\",\"name\":\"Comment\",\"target\":[\"https:\\\/\\\/www.article-marketing.eu\\\/comunicatistampa\\\/nicola-lunardon-il-percorso-professionale\\\/#respond\"]}]},{\"@type\":\"WebPage\",\"@id\":\"https:\\\/\\\/www.article-marketing.eu\\\/comunicatistampa\\\/nicola-lunardon-il-percorso-professionale\\\/\",\"url\":\"https:\\\/\\\/www.article-marketing.eu\\\/comunicatistampa\\\/nicola-lunardon-il-percorso-professionale\\\/\",\"name\":\"Nicola Lunardon: il percorso professionale - Article Marketing\",\"isPartOf\":{\"@id\":\"https:\\\/\\\/www.article-marketing.eu\\\/comunicatistampa\\\/#website\"},\"primaryImageOfPage\":{\"@id\":\"https:\\\/\\\/www.article-marketing.eu\\\/comunicatistampa\\\/nicola-lunardon-il-percorso-professionale\\\/#primaryimage\"},\"image\":{\"@id\":\"https:\\\/\\\/www.article-marketing.eu\\\/comunicatistampa\\\/nicola-lunardon-il-percorso-professionale\\\/#primaryimage\"},\"thumbnailUrl\":\"https:\\\/\\\/h2biz.net\\\/images\\\/Plats\\\/crop_min_20220307174746.jpg\",\"datePublished\":\"2022-04-01T01:14:17+00:00\",\"author\":{\"@id\":\"https:\\\/\\\/www.article-marketing.eu\\\/comunicatistampa\\\/#\\\/schema\\\/person\\\/2fcaf8f8f3a9eef9eb7f27532d3ca458\"},\"breadcrumb\":{\"@id\":\"https:\\\/\\\/www.article-marketing.eu\\\/comunicatistampa\\\/nicola-lunardon-il-percorso-professionale\\\/#breadcrumb\"},\"inLanguage\":\"it-IT\",\"potentialAction\":[{\"@type\":\"ReadAction\",\"target\":[\"https:\\\/\\\/www.article-marketing.eu\\\/comunicatistampa\\\/nicola-lunardon-il-percorso-professionale\\\/\"]}]},{\"@type\":\"ImageObject\",\"inLanguage\":\"it-IT\",\"@id\":\"https:\\\/\\\/www.article-marketing.eu\\\/comunicatistampa\\\/nicola-lunardon-il-percorso-professionale\\\/#primaryimage\",\"url\":\"https:\\\/\\\/h2biz.net\\\/images\\\/Plats\\\/crop_min_20220307174746.jpg\",\"contentUrl\":\"https:\\\/\\\/h2biz.net\\\/images\\\/Plats\\\/crop_min_20220307174746.jpg\"},{\"@type\":\"BreadcrumbList\",\"@id\":\"https:\\\/\\\/www.article-marketing.eu\\\/comunicatistampa\\\/nicola-lunardon-il-percorso-professionale\\\/#breadcrumb\",\"itemListElement\":[{\"@type\":\"ListItem\",\"position\":1,\"name\":\"Home\",\"item\":\"https:\\\/\\\/www.article-marketing.eu\\\/comunicatistampa\\\/\"},{\"@type\":\"ListItem\",\"position\":2,\"name\":\"Nicola Lunardon: il percorso professionale\"}]},{\"@type\":\"WebSite\",\"@id\":\"https:\\\/\\\/www.article-marketing.eu\\\/comunicatistampa\\\/#website\",\"url\":\"https:\\\/\\\/www.article-marketing.eu\\\/comunicatistampa\\\/\",\"name\":\"Article Marketing\",\"description\":\"article marketing &amp; press release\",\"potentialAction\":[{\"@type\":\"SearchAction\",\"target\":{\"@type\":\"EntryPoint\",\"urlTemplate\":\"https:\\\/\\\/www.article-marketing.eu\\\/comunicatistampa\\\/?s={search_term_string}\"},\"query-input\":{\"@type\":\"PropertyValueSpecification\",\"valueRequired\":true,\"valueName\":\"search_term_string\"}}],\"inLanguage\":\"it-IT\"},{\"@type\":\"Person\",\"@id\":\"https:\\\/\\\/www.article-marketing.eu\\\/comunicatistampa\\\/#\\\/schema\\\/person\\\/2fcaf8f8f3a9eef9eb7f27532d3ca458\",\"name\":\"articolinews\",\"image\":{\"@type\":\"ImageObject\",\"inLanguage\":\"it-IT\",\"@id\":\"https:\\\/\\\/secure.gravatar.com\\\/avatar\\\/9e2a264bab04e17dea24d937c9956304649a848cb73c46747a692ff1bdeb1cb7?s=96&d=mm&r=g\",\"url\":\"https:\\\/\\\/secure.gravatar.com\\\/avatar\\\/9e2a264bab04e17dea24d937c9956304649a848cb73c46747a692ff1bdeb1cb7?s=96&d=mm&r=g\",\"contentUrl\":\"https:\\\/\\\/secure.gravatar.com\\\/avatar\\\/9e2a264bab04e17dea24d937c9956304649a848cb73c46747a692ff1bdeb1cb7?s=96&d=mm&r=g\",\"caption\":\"articolinews\"},\"url\":\"https:\\\/\\\/www.article-marketing.eu\\\/comunicatistampa\\\/author\\\/articolinews\\\/\"}]}<\/script>\n<!-- \/ Yoast SEO plugin. -->","yoast_head_json":{"title":"Nicola Lunardon: il percorso professionale - Article Marketing","robots":{"index":"index","follow":"follow","max-snippet":"max-snippet:-1","max-image-preview":"max-image-preview:large","max-video-preview":"max-video-preview:-1"},"canonical":"https:\/\/www.article-marketing.eu\/comunicatistampa\/nicola-lunardon-il-percorso-professionale\/","og_locale":"it_IT","og_type":"article","og_title":"Nicola Lunardon: il percorso professionale - Article Marketing","og_description":"Il profilo di Nicola Lunardon, imprenditore i cui successi sono stati notati da testate quali &#8220;Il Sole 24 ore&#8221; e &#8220;Financial Times&#8221;. Nicola Lunardon: formazione e prime esperienze professionali Nato nel 1981 a Bassano del Grappa, in provincia di Vicenza, Nicola Lunardon si iscrive alla facolt\u00e0 di Sanit\u00e0 Pubblica &#8211; Sicurezza Igienico Sanitaria dell&#8217;Universit\u00e0 di Medicina Veterinaria di Padova. Dopo la laurea, conseguita nel 2005, fa il suo ingresso nell&#8217;ambitoContinue reading...","og_url":"https:\/\/www.article-marketing.eu\/comunicatistampa\/nicola-lunardon-il-percorso-professionale\/","og_site_name":"Article Marketing","article_published_time":"2022-04-01T01:14:17+00:00","og_image":[{"url":"https:\/\/h2biz.net\/images\/Plats\/crop_min_20220307174746.jpg","type":"","width":"","height":""}],"author":"articolinews","twitter_card":"summary_large_image","twitter_misc":{"Scritto da":"articolinews","Tempo di lettura stimato":"2 minuti"},"schema":{"@context":"https:\/\/schema.org","@graph":[{"@type":"Article","@id":"https:\/\/www.article-marketing.eu\/comunicatistampa\/nicola-lunardon-il-percorso-professionale\/#article","isPartOf":{"@id":"https:\/\/www.article-marketing.eu\/comunicatistampa\/nicola-lunardon-il-percorso-professionale\/"},"author":{"name":"articolinews","@id":"https:\/\/www.article-marketing.eu\/comunicatistampa\/#\/schema\/person\/2fcaf8f8f3a9eef9eb7f27532d3ca458"},"headline":"Nicola Lunardon: il percorso professionale","datePublished":"2022-04-01T01:14:17+00:00","mainEntityOfPage":{"@id":"https:\/\/www.article-marketing.eu\/comunicatistampa\/nicola-lunardon-il-percorso-professionale\/"},"wordCount":308,"commentCount":0,"image":{"@id":"https:\/\/www.article-marketing.eu\/comunicatistampa\/nicola-lunardon-il-percorso-professionale\/#primaryimage"},"thumbnailUrl":"https:\/\/h2biz.net\/images\/Plats\/crop_min_20220307174746.jpg","keywords":["Nicola Lunardon"],"articleSection":["Comunicati stampa"],"inLanguage":"it-IT","potentialAction":[{"@type":"CommentAction","name":"Comment","target":["https:\/\/www.article-marketing.eu\/comunicatistampa\/nicola-lunardon-il-percorso-professionale\/#respond"]}]},{"@type":"WebPage","@id":"https:\/\/www.article-marketing.eu\/comunicatistampa\/nicola-lunardon-il-percorso-professionale\/","url":"https:\/\/www.article-marketing.eu\/comunicatistampa\/nicola-lunardon-il-percorso-professionale\/","name":"Nicola Lunardon: il percorso professionale - Article Marketing","isPartOf":{"@id":"https:\/\/www.article-marketing.eu\/comunicatistampa\/#website"},"primaryImageOfPage":{"@id":"https:\/\/www.article-marketing.eu\/comunicatistampa\/nicola-lunardon-il-percorso-professionale\/#primaryimage"},"image":{"@id":"https:\/\/www.article-marketing.eu\/comunicatistampa\/nicola-lunardon-il-percorso-professionale\/#primaryimage"},"thumbnailUrl":"https:\/\/h2biz.net\/images\/Plats\/crop_min_20220307174746.jpg","datePublished":"2022-04-01T01:14:17+00:00","author":{"@id":"https:\/\/www.article-marketing.eu\/comunicatistampa\/#\/schema\/person\/2fcaf8f8f3a9eef9eb7f27532d3ca458"},"breadcrumb":{"@id":"https:\/\/www.article-marketing.eu\/comunicatistampa\/nicola-lunardon-il-percorso-professionale\/#breadcrumb"},"inLanguage":"it-IT","potentialAction":[{"@type":"ReadAction","target":["https:\/\/www.article-marketing.eu\/comunicatistampa\/nicola-lunardon-il-percorso-professionale\/"]}]},{"@type":"ImageObject","inLanguage":"it-IT","@id":"https:\/\/www.article-marketing.eu\/comunicatistampa\/nicola-lunardon-il-percorso-professionale\/#primaryimage","url":"https:\/\/h2biz.net\/images\/Plats\/crop_min_20220307174746.jpg","contentUrl":"https:\/\/h2biz.net\/images\/Plats\/crop_min_20220307174746.jpg"},{"@type":"BreadcrumbList","@id":"https:\/\/www.article-marketing.eu\/comunicatistampa\/nicola-lunardon-il-percorso-professionale\/#breadcrumb","itemListElement":[{"@type":"ListItem","position":1,"name":"Home","item":"https:\/\/www.article-marketing.eu\/comunicatistampa\/"},{"@type":"ListItem","position":2,"name":"Nicola Lunardon: il percorso professionale"}]},{"@type":"WebSite","@id":"https:\/\/www.article-marketing.eu\/comunicatistampa\/#website","url":"https:\/\/www.article-marketing.eu\/comunicatistampa\/","name":"Article Marketing","description":"article marketing &amp; press release","potentialAction":[{"@type":"SearchAction","target":{"@type":"EntryPoint","urlTemplate":"https:\/\/www.article-marketing.eu\/comunicatistampa\/?s={search_term_string}"},"query-input":{"@type":"PropertyValueSpecification","valueRequired":true,"valueName":"search_term_string"}}],"inLanguage":"it-IT"},{"@type":"Person","@id":"https:\/\/www.article-marketing.eu\/comunicatistampa\/#\/schema\/person\/2fcaf8f8f3a9eef9eb7f27532d3ca458","name":"articolinews","image":{"@type":"ImageObject","inLanguage":"it-IT","@id":"https:\/\/secure.gravatar.com\/avatar\/9e2a264bab04e17dea24d937c9956304649a848cb73c46747a692ff1bdeb1cb7?s=96&d=mm&r=g","url":"https:\/\/secure.gravatar.com\/avatar\/9e2a264bab04e17dea24d937c9956304649a848cb73c46747a692ff1bdeb1cb7?s=96&d=mm&r=g","contentUrl":"https:\/\/secure.gravatar.com\/avatar\/9e2a264bab04e17dea24d937c9956304649a848cb73c46747a692ff1bdeb1cb7?s=96&d=mm&r=g","caption":"articolinews"},"url":"https:\/\/www.article-marketing.eu\/comunicatistampa\/author\/articolinews\/"}]}},"_links":{"self":[{"href":"https:\/\/www.article-marketing.eu\/comunicatistampa\/wp-json\/wp\/v2\/posts\/22357","targetHints":{"allow":["GET"]}}],"collection":[{"href":"https:\/\/www.article-marketing.eu\/comunicatistampa\/wp-json\/wp\/v2\/posts"}],"about":[{"href":"https:\/\/www.article-marketing.eu\/comunicatistampa\/wp-json\/wp\/v2\/types\/post"}],"author":[{"embeddable":true,"href":"https:\/\/www.article-marketing.eu\/comunicatistampa\/wp-json\/wp\/v2\/users\/6477"}],"replies":[{"embeddable":true,"href":"https:\/\/www.article-marketing.eu\/comunicatistampa\/wp-json\/wp\/v2\/comments?post=22357"}],"version-history":[{"count":2,"href":"https:\/\/www.article-marketing.eu\/comunicatistampa\/wp-json\/wp\/v2\/posts\/22357\/revisions"}],"predecessor-version":[{"id":22388,"href":"https:\/\/www.article-marketing.eu\/comunicatistampa\/wp-json\/wp\/v2\/posts\/22357\/revisions\/22388"}],"wp:attachment":[{"href":"https:\/\/www.article-marketing.eu\/comunicatistampa\/wp-json\/wp\/v2\/media?parent=22357"}],"wp:term":[{"taxonomy":"category","embeddable":true,"href":"https:\/\/www.article-marketing.eu\/comunicatistampa\/wp-json\/wp\/v2\/categories?post=22357"},{"taxonomy":"post_tag","embeddable":true,"href":"https:\/\/www.article-marketing.eu\/comunicatistampa\/wp-json\/wp\/v2\/tags?post=22357"}],"curies":[{"name":"wp","href":"https:\/\/api.w.org\/{rel}","templated":true}]}}