{"id":22359,"date":"2022-04-01T03:11:50","date_gmt":"2022-04-01T01:11:50","guid":{"rendered":"https:\/\/www.article-marketing.eu\/comunicatistampa\/?p=22359"},"modified":"2022-04-01T03:11:50","modified_gmt":"2022-04-01T01:11:50","slug":"fra-tutti-con-me-il-singolo-di-alex-liam","status":"publish","type":"post","link":"https:\/\/www.article-marketing.eu\/comunicatistampa\/fra-tutti-con-me-il-singolo-di-alex-liam\/","title":{"rendered":"Fra tutti con me, il singolo di Alex Liam"},"content":{"rendered":"<p style=\"text-align: center;\"><i><span style=\"font-weight: 400;\">in promozione il brano\u00a0 d\u2019esordio del cantautore<\/span><\/i><span style=\"font-weight: 400;\">\u00a0<\/span><\/p>\n<p><img loading=\"lazy\" decoding=\"async\" class=\"aligncenter\" src=\"https:\/\/www.joyfreepress.com\/wp-content\/uploads\/2022\/03\/Cover-Alex-Liam.png\" width=\"330\" height=\"330\" \/><\/p>\n<p><span style=\"font-weight: 400;\">E\u2019 una canzone fresca e coinvolgente quella che ci presenta il cantautore\u00a0 <strong>Alex Liam<\/strong>. Un sound che coinvolge e resta impresso ed un testo che racconta le difficolt\u00e0 generazionali e la solitudine in cui spesso ci si racchiude per cercare di trovare un sollievo anche con atteggiamenti e modi inconsapevolmente sbagliati.\u00a0\u00a0<\/span><\/p>\n<p><span style=\"font-weight: 400;\"><strong>\u201cFra Tutti Con Me\u201d<\/strong> \u00e8 un brano che parla delle difficolt\u00e0 di una giovane ragazza nell\u2019affrontare i problemi familiari e della vita in generale, sfoga le proprie frustrazioni tra alcol e fumo ignorando tutte le persone che vogliono esserle vicino, compreso l\u2019autore del pezzo.\u00a0<\/span><\/p>\n<p><span style=\"font-weight: 400;\">Alex Liam \u00e8 un cantautore e musicista di 27 anni della provincia di Caserta. All\u2019et\u00e0 di 18 anni si trasferisce a Milano dove forma una band e con questa riesce a farsi strada fino ad arrivare a suonare sul palco dell\u2019Alcatraz con un pubblico di 5000 persone. Purtroppo dopo diversi problemi il gruppo si scioglie e Alex inizia a crearsi il suo percorso da solista. L\u2019amarezza provocata dal sogno infranto della band lo ha lasciato \u201cfuori gioco\u201d dal mondo della musica fino ai suoi 27 anni, ma con il suo nuovo singolo d\u2019esordio \u201cFra Tutti Con Me\u201d vuole lasciarsi il passato definitivamente alle spalle, e ricominciare a fare ci\u00f2 che pi\u00f9 ama al mondo, la musica. Il suo genere \u00e8 un mix tra pop, pop rock ed elettronica.\u00a0<\/span><\/p>\n<p><span style=\"font-weight: 400;\">Instagram<\/span><span style=\"font-weight: 400;\"><br \/>\n<\/span><a href=\"https:\/\/www.instagram.com\/alexliam_official\/\"><span style=\"font-weight: 400;\">https:\/\/www.instagram.com\/alexliam_official\/<\/span><span style=\"font-weight: 400;\"><br \/>\n<\/span><\/a><span style=\"font-weight: 400;\">TikTok: <\/span><span style=\"font-weight: 400;\"><br \/>\n<\/span><a href=\"https:\/\/www.tiktok.com\/@alexliam.15\"><span style=\"font-weight: 400;\">https:\/\/www.tiktok.com\/@alexliam.15<\/span><\/a> <span style=\"font-weight: 400;\"><br \/>\n<\/span><span style=\"font-weight: 400;\">Digital Store:<\/span><span style=\"font-weight: 400;\"><br \/>\n<\/span><a href=\"https:\/\/indfy.me\/fra-tutti-con-me\"><span style=\"font-weight: 400;\">https:\/\/indfy.me\/fra-tutti-con-me<\/span><\/a><\/p>\n","protected":false},"excerpt":{"rendered":"<p>in promozione il brano\u00a0 d\u2019esordio del cantautore\u00a0 E\u2019 una canzone fresca e coinvolgente quella che ci presenta il cantautore\u00a0 Alex Liam. Un sound che coinvolge e resta impresso ed un testo che racconta le difficolt\u00e0 generazionali e la solitudine in cui spesso ci si racchiude per cercare di trovare un sollievo anche con atteggiamenti e modi inconsapevolmente sbagliati.\u00a0\u00a0 \u201cFra Tutti Con Me\u201d \u00e8 un brano che parla delle difficolt\u00e0 di<\/p>\n<p><a class=\"continue-reading\" href=\"https:\/\/www.article-marketing.eu\/comunicatistampa\/fra-tutti-con-me-il-singolo-di-alex-liam\/\">Continue reading&#8230;<\/a><\/p>\n","protected":false},"author":1680,"featured_media":0,"comment_status":"open","ping_status":"open","sticky":false,"template":"","format":"standard","meta":{"_monsterinsights_skip_tracking":false,"_monsterinsights_sitenote_active":false,"_monsterinsights_sitenote_note":"","_monsterinsights_sitenote_category":0,"footnotes":""},"categories":[411],"tags":[9435,4172,2874,3522],"class_list":["post-22359","post","type-post","status-publish","format-standard","hentry","category-musica","tag-alex-liam","tag-news","tag-radio","tag-singolo"],"yoast_head":"<!-- This site is optimized with the Yoast SEO plugin v27.3 - https:\/\/yoast.com\/product\/yoast-seo-wordpress\/ -->\n<title>Fra tutti con me, il singolo di Alex Liam - Article Marketing<\/title>\n<meta name=\"robots\" content=\"index, follow, max-snippet:-1, max-image-preview:large, max-video-preview:-1\" \/>\n<link rel=\"canonical\" href=\"https:\/\/www.article-marketing.eu\/comunicatistampa\/fra-tutti-con-me-il-singolo-di-alex-liam\/\" \/>\n<meta property=\"og:locale\" content=\"it_IT\" \/>\n<meta property=\"og:type\" content=\"article\" \/>\n<meta property=\"og:title\" content=\"Fra tutti con me, il singolo di Alex Liam - Article Marketing\" \/>\n<meta property=\"og:description\" content=\"in promozione il brano\u00a0 d\u2019esordio del cantautore\u00a0 E\u2019 una canzone fresca e coinvolgente quella che ci presenta il cantautore\u00a0 Alex Liam. Un sound che coinvolge e resta impresso ed un testo che racconta le difficolt\u00e0 generazionali e la solitudine in cui spesso ci si racchiude per cercare di trovare un sollievo anche con atteggiamenti e modi inconsapevolmente sbagliati.\u00a0\u00a0 \u201cFra Tutti Con Me\u201d \u00e8 un brano che parla delle difficolt\u00e0 diContinue reading...\" \/>\n<meta property=\"og:url\" content=\"https:\/\/www.article-marketing.eu\/comunicatistampa\/fra-tutti-con-me-il-singolo-di-alex-liam\/\" \/>\n<meta property=\"og:site_name\" content=\"Article Marketing\" \/>\n<meta property=\"article:published_time\" content=\"2022-04-01T01:11:50+00:00\" \/>\n<meta property=\"og:image\" content=\"https:\/\/www.joyfreepress.com\/wp-content\/uploads\/2022\/03\/Cover-Alex-Liam.png\" \/>\n<meta name=\"author\" content=\"Micro961\" \/>\n<meta name=\"twitter:card\" content=\"summary_large_image\" \/>\n<meta name=\"twitter:label1\" content=\"Scritto da\" \/>\n\t<meta name=\"twitter:data1\" content=\"Micro961\" \/>\n\t<meta name=\"twitter:label2\" content=\"Tempo di lettura stimato\" \/>\n\t<meta name=\"twitter:data2\" content=\"2 minuti\" \/>\n<script type=\"application\/ld+json\" class=\"yoast-schema-graph\">{\"@context\":\"https:\\\/\\\/schema.org\",\"@graph\":[{\"@type\":\"Article\",\"@id\":\"https:\\\/\\\/www.article-marketing.eu\\\/comunicatistampa\\\/fra-tutti-con-me-il-singolo-di-alex-liam\\\/#article\",\"isPartOf\":{\"@id\":\"https:\\\/\\\/www.article-marketing.eu\\\/comunicatistampa\\\/fra-tutti-con-me-il-singolo-di-alex-liam\\\/\"},\"author\":{\"name\":\"Micro961\",\"@id\":\"https:\\\/\\\/www.article-marketing.eu\\\/comunicatistampa\\\/#\\\/schema\\\/person\\\/9beeb909be59832a9bcbec84cb3786f5\"},\"headline\":\"Fra tutti con me, il singolo di Alex Liam\",\"datePublished\":\"2022-04-01T01:11:50+00:00\",\"mainEntityOfPage\":{\"@id\":\"https:\\\/\\\/www.article-marketing.eu\\\/comunicatistampa\\\/fra-tutti-con-me-il-singolo-di-alex-liam\\\/\"},\"wordCount\":258,\"commentCount\":0,\"image\":{\"@id\":\"https:\\\/\\\/www.article-marketing.eu\\\/comunicatistampa\\\/fra-tutti-con-me-il-singolo-di-alex-liam\\\/#primaryimage\"},\"thumbnailUrl\":\"https:\\\/\\\/www.joyfreepress.com\\\/wp-content\\\/uploads\\\/2022\\\/03\\\/Cover-Alex-Liam.png\",\"keywords\":[\"Alex Liam\",\"News\",\"radio\",\"Singolo\"],\"articleSection\":[\"Musica\"],\"inLanguage\":\"it-IT\",\"potentialAction\":[{\"@type\":\"CommentAction\",\"name\":\"Comment\",\"target\":[\"https:\\\/\\\/www.article-marketing.eu\\\/comunicatistampa\\\/fra-tutti-con-me-il-singolo-di-alex-liam\\\/#respond\"]}]},{\"@type\":\"WebPage\",\"@id\":\"https:\\\/\\\/www.article-marketing.eu\\\/comunicatistampa\\\/fra-tutti-con-me-il-singolo-di-alex-liam\\\/\",\"url\":\"https:\\\/\\\/www.article-marketing.eu\\\/comunicatistampa\\\/fra-tutti-con-me-il-singolo-di-alex-liam\\\/\",\"name\":\"Fra tutti con me, il singolo di Alex Liam - Article Marketing\",\"isPartOf\":{\"@id\":\"https:\\\/\\\/www.article-marketing.eu\\\/comunicatistampa\\\/#website\"},\"primaryImageOfPage\":{\"@id\":\"https:\\\/\\\/www.article-marketing.eu\\\/comunicatistampa\\\/fra-tutti-con-me-il-singolo-di-alex-liam\\\/#primaryimage\"},\"image\":{\"@id\":\"https:\\\/\\\/www.article-marketing.eu\\\/comunicatistampa\\\/fra-tutti-con-me-il-singolo-di-alex-liam\\\/#primaryimage\"},\"thumbnailUrl\":\"https:\\\/\\\/www.joyfreepress.com\\\/wp-content\\\/uploads\\\/2022\\\/03\\\/Cover-Alex-Liam.png\",\"datePublished\":\"2022-04-01T01:11:50+00:00\",\"author\":{\"@id\":\"https:\\\/\\\/www.article-marketing.eu\\\/comunicatistampa\\\/#\\\/schema\\\/person\\\/9beeb909be59832a9bcbec84cb3786f5\"},\"breadcrumb\":{\"@id\":\"https:\\\/\\\/www.article-marketing.eu\\\/comunicatistampa\\\/fra-tutti-con-me-il-singolo-di-alex-liam\\\/#breadcrumb\"},\"inLanguage\":\"it-IT\",\"potentialAction\":[{\"@type\":\"ReadAction\",\"target\":[\"https:\\\/\\\/www.article-marketing.eu\\\/comunicatistampa\\\/fra-tutti-con-me-il-singolo-di-alex-liam\\\/\"]}]},{\"@type\":\"ImageObject\",\"inLanguage\":\"it-IT\",\"@id\":\"https:\\\/\\\/www.article-marketing.eu\\\/comunicatistampa\\\/fra-tutti-con-me-il-singolo-di-alex-liam\\\/#primaryimage\",\"url\":\"https:\\\/\\\/www.joyfreepress.com\\\/wp-content\\\/uploads\\\/2022\\\/03\\\/Cover-Alex-Liam.png\",\"contentUrl\":\"https:\\\/\\\/www.joyfreepress.com\\\/wp-content\\\/uploads\\\/2022\\\/03\\\/Cover-Alex-Liam.png\"},{\"@type\":\"BreadcrumbList\",\"@id\":\"https:\\\/\\\/www.article-marketing.eu\\\/comunicatistampa\\\/fra-tutti-con-me-il-singolo-di-alex-liam\\\/#breadcrumb\",\"itemListElement\":[{\"@type\":\"ListItem\",\"position\":1,\"name\":\"Home\",\"item\":\"https:\\\/\\\/www.article-marketing.eu\\\/comunicatistampa\\\/\"},{\"@type\":\"ListItem\",\"position\":2,\"name\":\"Fra tutti con me, il singolo di Alex Liam\"}]},{\"@type\":\"WebSite\",\"@id\":\"https:\\\/\\\/www.article-marketing.eu\\\/comunicatistampa\\\/#website\",\"url\":\"https:\\\/\\\/www.article-marketing.eu\\\/comunicatistampa\\\/\",\"name\":\"Article Marketing\",\"description\":\"article marketing &amp; press release\",\"potentialAction\":[{\"@type\":\"SearchAction\",\"target\":{\"@type\":\"EntryPoint\",\"urlTemplate\":\"https:\\\/\\\/www.article-marketing.eu\\\/comunicatistampa\\\/?s={search_term_string}\"},\"query-input\":{\"@type\":\"PropertyValueSpecification\",\"valueRequired\":true,\"valueName\":\"search_term_string\"}}],\"inLanguage\":\"it-IT\"},{\"@type\":\"Person\",\"@id\":\"https:\\\/\\\/www.article-marketing.eu\\\/comunicatistampa\\\/#\\\/schema\\\/person\\\/9beeb909be59832a9bcbec84cb3786f5\",\"name\":\"Micro961\",\"image\":{\"@type\":\"ImageObject\",\"inLanguage\":\"it-IT\",\"@id\":\"https:\\\/\\\/secure.gravatar.com\\\/avatar\\\/cd6f5864b85cc3687c05b2965bb186afcd70a2a89789a156c92a4f1d66e87827?s=96&d=mm&r=g\",\"url\":\"https:\\\/\\\/secure.gravatar.com\\\/avatar\\\/cd6f5864b85cc3687c05b2965bb186afcd70a2a89789a156c92a4f1d66e87827?s=96&d=mm&r=g\",\"contentUrl\":\"https:\\\/\\\/secure.gravatar.com\\\/avatar\\\/cd6f5864b85cc3687c05b2965bb186afcd70a2a89789a156c92a4f1d66e87827?s=96&d=mm&r=g\",\"caption\":\"Micro961\"},\"url\":\"https:\\\/\\\/www.article-marketing.eu\\\/comunicatistampa\\\/author\\\/micro961\\\/\"}]}<\/script>\n<!-- \/ Yoast SEO plugin. -->","yoast_head_json":{"title":"Fra tutti con me, il singolo di Alex Liam - Article Marketing","robots":{"index":"index","follow":"follow","max-snippet":"max-snippet:-1","max-image-preview":"max-image-preview:large","max-video-preview":"max-video-preview:-1"},"canonical":"https:\/\/www.article-marketing.eu\/comunicatistampa\/fra-tutti-con-me-il-singolo-di-alex-liam\/","og_locale":"it_IT","og_type":"article","og_title":"Fra tutti con me, il singolo di Alex Liam - Article Marketing","og_description":"in promozione il brano\u00a0 d\u2019esordio del cantautore\u00a0 E\u2019 una canzone fresca e coinvolgente quella che ci presenta il cantautore\u00a0 Alex Liam. Un sound che coinvolge e resta impresso ed un testo che racconta le difficolt\u00e0 generazionali e la solitudine in cui spesso ci si racchiude per cercare di trovare un sollievo anche con atteggiamenti e modi inconsapevolmente sbagliati.\u00a0\u00a0 \u201cFra Tutti Con Me\u201d \u00e8 un brano che parla delle difficolt\u00e0 diContinue reading...","og_url":"https:\/\/www.article-marketing.eu\/comunicatistampa\/fra-tutti-con-me-il-singolo-di-alex-liam\/","og_site_name":"Article Marketing","article_published_time":"2022-04-01T01:11:50+00:00","og_image":[{"url":"https:\/\/www.joyfreepress.com\/wp-content\/uploads\/2022\/03\/Cover-Alex-Liam.png","type":"","width":"","height":""}],"author":"Micro961","twitter_card":"summary_large_image","twitter_misc":{"Scritto da":"Micro961","Tempo di lettura stimato":"2 minuti"},"schema":{"@context":"https:\/\/schema.org","@graph":[{"@type":"Article","@id":"https:\/\/www.article-marketing.eu\/comunicatistampa\/fra-tutti-con-me-il-singolo-di-alex-liam\/#article","isPartOf":{"@id":"https:\/\/www.article-marketing.eu\/comunicatistampa\/fra-tutti-con-me-il-singolo-di-alex-liam\/"},"author":{"name":"Micro961","@id":"https:\/\/www.article-marketing.eu\/comunicatistampa\/#\/schema\/person\/9beeb909be59832a9bcbec84cb3786f5"},"headline":"Fra tutti con me, il singolo di Alex Liam","datePublished":"2022-04-01T01:11:50+00:00","mainEntityOfPage":{"@id":"https:\/\/www.article-marketing.eu\/comunicatistampa\/fra-tutti-con-me-il-singolo-di-alex-liam\/"},"wordCount":258,"commentCount":0,"image":{"@id":"https:\/\/www.article-marketing.eu\/comunicatistampa\/fra-tutti-con-me-il-singolo-di-alex-liam\/#primaryimage"},"thumbnailUrl":"https:\/\/www.joyfreepress.com\/wp-content\/uploads\/2022\/03\/Cover-Alex-Liam.png","keywords":["Alex Liam","News","radio","Singolo"],"articleSection":["Musica"],"inLanguage":"it-IT","potentialAction":[{"@type":"CommentAction","name":"Comment","target":["https:\/\/www.article-marketing.eu\/comunicatistampa\/fra-tutti-con-me-il-singolo-di-alex-liam\/#respond"]}]},{"@type":"WebPage","@id":"https:\/\/www.article-marketing.eu\/comunicatistampa\/fra-tutti-con-me-il-singolo-di-alex-liam\/","url":"https:\/\/www.article-marketing.eu\/comunicatistampa\/fra-tutti-con-me-il-singolo-di-alex-liam\/","name":"Fra tutti con me, il singolo di Alex Liam - Article Marketing","isPartOf":{"@id":"https:\/\/www.article-marketing.eu\/comunicatistampa\/#website"},"primaryImageOfPage":{"@id":"https:\/\/www.article-marketing.eu\/comunicatistampa\/fra-tutti-con-me-il-singolo-di-alex-liam\/#primaryimage"},"image":{"@id":"https:\/\/www.article-marketing.eu\/comunicatistampa\/fra-tutti-con-me-il-singolo-di-alex-liam\/#primaryimage"},"thumbnailUrl":"https:\/\/www.joyfreepress.com\/wp-content\/uploads\/2022\/03\/Cover-Alex-Liam.png","datePublished":"2022-04-01T01:11:50+00:00","author":{"@id":"https:\/\/www.article-marketing.eu\/comunicatistampa\/#\/schema\/person\/9beeb909be59832a9bcbec84cb3786f5"},"breadcrumb":{"@id":"https:\/\/www.article-marketing.eu\/comunicatistampa\/fra-tutti-con-me-il-singolo-di-alex-liam\/#breadcrumb"},"inLanguage":"it-IT","potentialAction":[{"@type":"ReadAction","target":["https:\/\/www.article-marketing.eu\/comunicatistampa\/fra-tutti-con-me-il-singolo-di-alex-liam\/"]}]},{"@type":"ImageObject","inLanguage":"it-IT","@id":"https:\/\/www.article-marketing.eu\/comunicatistampa\/fra-tutti-con-me-il-singolo-di-alex-liam\/#primaryimage","url":"https:\/\/www.joyfreepress.com\/wp-content\/uploads\/2022\/03\/Cover-Alex-Liam.png","contentUrl":"https:\/\/www.joyfreepress.com\/wp-content\/uploads\/2022\/03\/Cover-Alex-Liam.png"},{"@type":"BreadcrumbList","@id":"https:\/\/www.article-marketing.eu\/comunicatistampa\/fra-tutti-con-me-il-singolo-di-alex-liam\/#breadcrumb","itemListElement":[{"@type":"ListItem","position":1,"name":"Home","item":"https:\/\/www.article-marketing.eu\/comunicatistampa\/"},{"@type":"ListItem","position":2,"name":"Fra tutti con me, il singolo di Alex Liam"}]},{"@type":"WebSite","@id":"https:\/\/www.article-marketing.eu\/comunicatistampa\/#website","url":"https:\/\/www.article-marketing.eu\/comunicatistampa\/","name":"Article Marketing","description":"article marketing &amp; press release","potentialAction":[{"@type":"SearchAction","target":{"@type":"EntryPoint","urlTemplate":"https:\/\/www.article-marketing.eu\/comunicatistampa\/?s={search_term_string}"},"query-input":{"@type":"PropertyValueSpecification","valueRequired":true,"valueName":"search_term_string"}}],"inLanguage":"it-IT"},{"@type":"Person","@id":"https:\/\/www.article-marketing.eu\/comunicatistampa\/#\/schema\/person\/9beeb909be59832a9bcbec84cb3786f5","name":"Micro961","image":{"@type":"ImageObject","inLanguage":"it-IT","@id":"https:\/\/secure.gravatar.com\/avatar\/cd6f5864b85cc3687c05b2965bb186afcd70a2a89789a156c92a4f1d66e87827?s=96&d=mm&r=g","url":"https:\/\/secure.gravatar.com\/avatar\/cd6f5864b85cc3687c05b2965bb186afcd70a2a89789a156c92a4f1d66e87827?s=96&d=mm&r=g","contentUrl":"https:\/\/secure.gravatar.com\/avatar\/cd6f5864b85cc3687c05b2965bb186afcd70a2a89789a156c92a4f1d66e87827?s=96&d=mm&r=g","caption":"Micro961"},"url":"https:\/\/www.article-marketing.eu\/comunicatistampa\/author\/micro961\/"}]}},"_links":{"self":[{"href":"https:\/\/www.article-marketing.eu\/comunicatistampa\/wp-json\/wp\/v2\/posts\/22359","targetHints":{"allow":["GET"]}}],"collection":[{"href":"https:\/\/www.article-marketing.eu\/comunicatistampa\/wp-json\/wp\/v2\/posts"}],"about":[{"href":"https:\/\/www.article-marketing.eu\/comunicatistampa\/wp-json\/wp\/v2\/types\/post"}],"author":[{"embeddable":true,"href":"https:\/\/www.article-marketing.eu\/comunicatistampa\/wp-json\/wp\/v2\/users\/1680"}],"replies":[{"embeddable":true,"href":"https:\/\/www.article-marketing.eu\/comunicatistampa\/wp-json\/wp\/v2\/comments?post=22359"}],"version-history":[{"count":2,"href":"https:\/\/www.article-marketing.eu\/comunicatistampa\/wp-json\/wp\/v2\/posts\/22359\/revisions"}],"predecessor-version":[{"id":22384,"href":"https:\/\/www.article-marketing.eu\/comunicatistampa\/wp-json\/wp\/v2\/posts\/22359\/revisions\/22384"}],"wp:attachment":[{"href":"https:\/\/www.article-marketing.eu\/comunicatistampa\/wp-json\/wp\/v2\/media?parent=22359"}],"wp:term":[{"taxonomy":"category","embeddable":true,"href":"https:\/\/www.article-marketing.eu\/comunicatistampa\/wp-json\/wp\/v2\/categories?post=22359"},{"taxonomy":"post_tag","embeddable":true,"href":"https:\/\/www.article-marketing.eu\/comunicatistampa\/wp-json\/wp\/v2\/tags?post=22359"}],"curies":[{"name":"wp","href":"https:\/\/api.w.org\/{rel}","templated":true}]}}