{"id":22441,"date":"2022-04-09T19:04:41","date_gmt":"2022-04-09T17:04:41","guid":{"rendered":"https:\/\/www.article-marketing.eu\/comunicatistampa\/?p=22441"},"modified":"2022-04-09T19:08:09","modified_gmt":"2022-04-09T17:08:09","slug":"mieloma-multiplo-il-punto-della-ricerca-al-3-congresso-dello-european-myeloma-network","status":"publish","type":"post","link":"https:\/\/www.article-marketing.eu\/comunicatistampa\/mieloma-multiplo-il-punto-della-ricerca-al-3-congresso-dello-european-myeloma-network\/","title":{"rendered":"Mieloma Multiplo: il punto della ricerca al 3\u00b0 Congresso dello European Myeloma Network"},"content":{"rendered":"<ul>\n<li><strong>Dal 6 al 9 aprile il mondo della ricerca sul Mieloma Multiplo si confronter\u00e0 in un virtual meeting che coinvolger\u00e0 ematologi ed esperti nelle sperimentazioni cliniche collegati da tutta Europa e non solo.<\/strong><\/li>\n<li><strong>Il Congresso digitale \u00e8 promosso dal network Europeo EMN con sede a Rotterdam, e organizzato con il supporto di EMN Research Italy, braccio operativo italiano di EMN, con sede a Torino, e in collaborazione con l\u2019agenzia ER Congressi.<\/strong><\/li>\n<li><strong>Tra i temi trattati i nuovi approcci terapeutici per migliorare la sopravvivenza e qualit\u00e0 di vita dei pazienti e sessioni sponsorizzate sulle possibilit\u00e0 offerte da nuove molecole e approcci terapeutici innovativi.<\/strong><\/li>\n<\/ul>\n<p>Si svolger\u00e0 in streaming <strong>da mercoled\u00ec 6 a sabato 9 aprile 2022 sulla<\/strong> <strong>piattaforma <\/strong><a href=\"https:\/\/www.emn2022.com\/\"><strong>emn2022<\/strong><\/a> la terza edizione del congresso dello European Myeloma Network, la rete di eccellenze a livello europeo che promuove la collaborazione tra i centri di ricerca e i gruppi di studio dei diversi paesi al fine di ottenere risultati pi\u00f9 efficaci e in tempi pi\u00f9 rapidi nella cura delle neoplasie del sangue e del Mieloma Multiplo.<\/p>\n<p><strong>L\u2019incontro \u00e8 organizzato<\/strong>, come le due precedenti edizioni,<strong> con il supporto di <\/strong><a href=\"https:\/\/www.emnresearch.it\/it-IT\/home\"><strong>EMN Research Italy<\/strong><\/a>, braccio operativo italiano del network EMN con sede a Torino, all&#8217;interno del Centro Interdipartimentale di Ricerca per le Biotecnologie Molecolari \u2013 MBC, in collaborazione con la segreteria gestita da ER Congressi.<\/p>\n<p><a href=\"https:\/\/www.anicecommunication.com\/it\/wp-content\/uploads\/sites\/3\/2022\/03\/220310_EMN2022_congress.jpg\"><img loading=\"lazy\" decoding=\"async\" class=\"aligncenter size-full wp-image-18950\" src=\"https:\/\/www.anicecommunication.com\/it\/wp-content\/uploads\/sites\/3\/2022\/03\/220310_EMN2022_congress.jpg\" alt=\"Mieloma Multiplo: terzo congresso EMN\" width=\"1762\" height=\"704\" \/><\/a><\/p>\n<p>Le iscrizioni (compilando l\u2019apposito modulo disponibile <strong>sul sito <\/strong><strong>emn2022<\/strong>) sono scontate per gli \u201cearly bird\u201d fino al 31 marzo 2022. Le sessioni scientifiche saranno registrate e disponibili sulla piattaforma <strong>emn2022<\/strong> fino al 30 giugno 2022.<\/p>\n<p>A seconda della categoria di appartenenza indicata in fase di registrazione (medici, infermieri, biologi, data manager, sponsor, ricercatori ecc.) <strong>la partecipazione all\u2019evento dar\u00e0 diritto al conseguimento di crediti ECM <\/strong>(Educazione Continua in Medicina)<strong> e EBAH<\/strong> (European Board for Accreditation in Hematology). Sempre sul sito \u00e8 stata predisposta, nell\u2019area press, una corsia preferenziale per l\u2019<strong>accreditamento dei Media<\/strong> interessati a partecipare all\u2019evento.<\/p>\n<p>La quattro giorni di <strong>incontri, previsti prevalentemente al pomeriggio<\/strong> per agevolare la partecipazione degli operatori del settore, spesso impegnati in attivit\u00e0 ambulatoriali, si compone di <strong>un intenso programma di conferenze<\/strong> a cui si affiancheranno <strong>letture e sessioni formative<\/strong> sui nuovi approcci terapeutici e sulle strategie per migliorare la sopravvivenza e qualit\u00e0 di vita dei pazienti affetti da Mieloma Multiplo. Di particolare interesse saranno anche <strong>i simposi sponsorizzati, focalizzati sui progressi relativi all\u2019utilizzo di molecole innovative<\/strong> per nuovi trial clinici e la possibilit\u00e0 di porre domande e interagire direttamente con i relatori e gli esperti in stanze virtuali. Completano il Congresso <strong>l\u2019esposizione orale degli 8 migliori abstract <\/strong>di studi selezionati tra quelli inviati da ricercatori e scienziati di tutta Europa che saranno anche pubblicati anche sulla rivista scientifica <em>HemaSphere<\/em>.<\/p>\n<p>I coordinatori del programma scientifico sono il Professor Pieter Sonneveld (Rotterdam), la Professoressa Sonja Zweegman e il Professore Niels van de Donk (Amsterdam) in rappresentanze del gruppo olandese; mentre la parte italiana sar\u00e0 rappresentata dal Professore Mario Boccadoro, la Professoressa Francesca Gay e il Dottor Roberto Mina (Torino). Sono 5 i paesi europei inclusi nel board scientifico dell\u2019evento, a riprova dell\u2019internazionalit\u00e0 dell\u2019appuntamento: Olanda, con il Presidente di EMN Prof. Pieter Sonneveld, Italia con il Vicepresidente EMN Prof. Mario Boccadoro, Germania con il Prof. Hermann Einsele, Spagna con la Prof.ssa Maria-Victoria Mateos e Francia con il Prof. Philippe Moreau. Ancora pi\u00f9 numerosi (da tutta Europa e oltre) sono i paesi di provenienza dei vari relatori e moderatori, confermando ulteriormente la portata e la collaborazione internazionale dell\u2019evento.<\/p>\n","protected":false},"excerpt":{"rendered":"<p>Dal 6 al 9 aprile il mondo della ricerca sul Mieloma Multiplo si confronter\u00e0 in un virtual meeting che coinvolger\u00e0 ematologi ed esperti nelle sperimentazioni cliniche collegati da tutta Europa e non solo. Il Congresso digitale \u00e8 promosso dal network Europeo EMN con sede a Rotterdam, e organizzato con il supporto di EMN Research Italy, braccio operativo italiano di EMN, con sede a Torino, e in collaborazione con l\u2019agenzia ER<\/p>\n<p><a class=\"continue-reading\" href=\"https:\/\/www.article-marketing.eu\/comunicatistampa\/mieloma-multiplo-il-punto-della-ricerca-al-3-congresso-dello-european-myeloma-network\/\">Continue reading&#8230;<\/a><\/p>\n","protected":false},"author":5485,"featured_media":0,"comment_status":"open","ping_status":"open","sticky":false,"template":"","format":"standard","meta":{"_monsterinsights_skip_tracking":false,"_monsterinsights_sitenote_active":false,"_monsterinsights_sitenote_note":"","_monsterinsights_sitenote_category":0,"footnotes":""},"categories":[392,371,413],"tags":[7216,5852,9465],"class_list":["post-22441","post","type-post","status-publish","format-standard","hentry","category-eventi","category-medicina","category-scienze","tag-european-myeloma-network","tag-mieloma-multiplo","tag-ricerca-mieloma-multiplo"],"yoast_head":"<!-- This site is optimized with the Yoast SEO plugin v27.3 - https:\/\/yoast.com\/product\/yoast-seo-wordpress\/ -->\n<title>3\u00b0 Congresso dello European Myeloma Network - Article Marketing<\/title>\n<meta name=\"description\" content=\"Dal 6 al 9 aprile il mondo della ricerca sul Mieloma Multiplo si confronter\u00e0 nel 3\u00b0 Congresso dello European Myeloma Network\" \/>\n<meta name=\"robots\" content=\"index, follow, max-snippet:-1, max-image-preview:large, max-video-preview:-1\" \/>\n<link rel=\"canonical\" href=\"https:\/\/www.article-marketing.eu\/comunicatistampa\/mieloma-multiplo-il-punto-della-ricerca-al-3-congresso-dello-european-myeloma-network\/\" \/>\n<meta property=\"og:locale\" content=\"it_IT\" \/>\n<meta property=\"og:type\" content=\"article\" \/>\n<meta property=\"og:title\" content=\"3\u00b0 Congresso dello European Myeloma Network - Article Marketing\" \/>\n<meta property=\"og:description\" content=\"Dal 6 al 9 aprile il mondo della ricerca sul Mieloma Multiplo si confronter\u00e0 nel 3\u00b0 Congresso dello European Myeloma Network\" \/>\n<meta property=\"og:url\" content=\"https:\/\/www.article-marketing.eu\/comunicatistampa\/mieloma-multiplo-il-punto-della-ricerca-al-3-congresso-dello-european-myeloma-network\/\" \/>\n<meta property=\"og:site_name\" content=\"Article Marketing\" \/>\n<meta property=\"article:published_time\" content=\"2022-04-09T17:04:41+00:00\" \/>\n<meta property=\"article:modified_time\" content=\"2022-04-09T17:08:09+00:00\" \/>\n<meta property=\"og:image\" content=\"https:\/\/www.anicecommunication.com\/it\/wp-content\/uploads\/sites\/3\/2022\/03\/220310_EMN2022_congress.jpg\" \/>\n<meta name=\"author\" content=\"Patrizia Tontini\" \/>\n<meta name=\"twitter:card\" content=\"summary_large_image\" \/>\n<meta name=\"twitter:label1\" content=\"Scritto da\" \/>\n\t<meta name=\"twitter:data1\" content=\"Patrizia Tontini\" \/>\n\t<meta name=\"twitter:label2\" content=\"Tempo di lettura stimato\" \/>\n\t<meta name=\"twitter:data2\" content=\"3 minuti\" \/>\n<script type=\"application\/ld+json\" class=\"yoast-schema-graph\">{\"@context\":\"https:\\\/\\\/schema.org\",\"@graph\":[{\"@type\":\"Article\",\"@id\":\"https:\\\/\\\/www.article-marketing.eu\\\/comunicatistampa\\\/mieloma-multiplo-il-punto-della-ricerca-al-3-congresso-dello-european-myeloma-network\\\/#article\",\"isPartOf\":{\"@id\":\"https:\\\/\\\/www.article-marketing.eu\\\/comunicatistampa\\\/mieloma-multiplo-il-punto-della-ricerca-al-3-congresso-dello-european-myeloma-network\\\/\"},\"author\":{\"name\":\"Patrizia Tontini\",\"@id\":\"https:\\\/\\\/www.article-marketing.eu\\\/comunicatistampa\\\/#\\\/schema\\\/person\\\/da07eb58e55a08f85c593a53177d1bda\"},\"headline\":\"Mieloma Multiplo: il punto della ricerca al 3\u00b0 Congresso dello European Myeloma Network\",\"datePublished\":\"2022-04-09T17:04:41+00:00\",\"dateModified\":\"2022-04-09T17:08:09+00:00\",\"mainEntityOfPage\":{\"@id\":\"https:\\\/\\\/www.article-marketing.eu\\\/comunicatistampa\\\/mieloma-multiplo-il-punto-della-ricerca-al-3-congresso-dello-european-myeloma-network\\\/\"},\"wordCount\":577,\"commentCount\":0,\"image\":{\"@id\":\"https:\\\/\\\/www.article-marketing.eu\\\/comunicatistampa\\\/mieloma-multiplo-il-punto-della-ricerca-al-3-congresso-dello-european-myeloma-network\\\/#primaryimage\"},\"thumbnailUrl\":\"https:\\\/\\\/www.anicecommunication.com\\\/it\\\/wp-content\\\/uploads\\\/sites\\\/3\\\/2022\\\/03\\\/220310_EMN2022_congress.jpg\",\"keywords\":[\"european myeloma network\",\"Mieloma Multiplo\",\"ricerca mieloma multiplo\"],\"articleSection\":[\"Eventi\",\"Medicina\",\"Scienze\"],\"inLanguage\":\"it-IT\",\"potentialAction\":[{\"@type\":\"CommentAction\",\"name\":\"Comment\",\"target\":[\"https:\\\/\\\/www.article-marketing.eu\\\/comunicatistampa\\\/mieloma-multiplo-il-punto-della-ricerca-al-3-congresso-dello-european-myeloma-network\\\/#respond\"]}]},{\"@type\":\"WebPage\",\"@id\":\"https:\\\/\\\/www.article-marketing.eu\\\/comunicatistampa\\\/mieloma-multiplo-il-punto-della-ricerca-al-3-congresso-dello-european-myeloma-network\\\/\",\"url\":\"https:\\\/\\\/www.article-marketing.eu\\\/comunicatistampa\\\/mieloma-multiplo-il-punto-della-ricerca-al-3-congresso-dello-european-myeloma-network\\\/\",\"name\":\"3\u00b0 Congresso dello European Myeloma Network - Article Marketing\",\"isPartOf\":{\"@id\":\"https:\\\/\\\/www.article-marketing.eu\\\/comunicatistampa\\\/#website\"},\"primaryImageOfPage\":{\"@id\":\"https:\\\/\\\/www.article-marketing.eu\\\/comunicatistampa\\\/mieloma-multiplo-il-punto-della-ricerca-al-3-congresso-dello-european-myeloma-network\\\/#primaryimage\"},\"image\":{\"@id\":\"https:\\\/\\\/www.article-marketing.eu\\\/comunicatistampa\\\/mieloma-multiplo-il-punto-della-ricerca-al-3-congresso-dello-european-myeloma-network\\\/#primaryimage\"},\"thumbnailUrl\":\"https:\\\/\\\/www.anicecommunication.com\\\/it\\\/wp-content\\\/uploads\\\/sites\\\/3\\\/2022\\\/03\\\/220310_EMN2022_congress.jpg\",\"datePublished\":\"2022-04-09T17:04:41+00:00\",\"dateModified\":\"2022-04-09T17:08:09+00:00\",\"author\":{\"@id\":\"https:\\\/\\\/www.article-marketing.eu\\\/comunicatistampa\\\/#\\\/schema\\\/person\\\/da07eb58e55a08f85c593a53177d1bda\"},\"description\":\"Dal 6 al 9 aprile il mondo della ricerca sul Mieloma Multiplo si confronter\u00e0 nel 3\u00b0 Congresso dello European Myeloma Network\",\"breadcrumb\":{\"@id\":\"https:\\\/\\\/www.article-marketing.eu\\\/comunicatistampa\\\/mieloma-multiplo-il-punto-della-ricerca-al-3-congresso-dello-european-myeloma-network\\\/#breadcrumb\"},\"inLanguage\":\"it-IT\",\"potentialAction\":[{\"@type\":\"ReadAction\",\"target\":[\"https:\\\/\\\/www.article-marketing.eu\\\/comunicatistampa\\\/mieloma-multiplo-il-punto-della-ricerca-al-3-congresso-dello-european-myeloma-network\\\/\"]}]},{\"@type\":\"ImageObject\",\"inLanguage\":\"it-IT\",\"@id\":\"https:\\\/\\\/www.article-marketing.eu\\\/comunicatistampa\\\/mieloma-multiplo-il-punto-della-ricerca-al-3-congresso-dello-european-myeloma-network\\\/#primaryimage\",\"url\":\"https:\\\/\\\/www.anicecommunication.com\\\/it\\\/wp-content\\\/uploads\\\/sites\\\/3\\\/2022\\\/03\\\/220310_EMN2022_congress.jpg\",\"contentUrl\":\"https:\\\/\\\/www.anicecommunication.com\\\/it\\\/wp-content\\\/uploads\\\/sites\\\/3\\\/2022\\\/03\\\/220310_EMN2022_congress.jpg\"},{\"@type\":\"BreadcrumbList\",\"@id\":\"https:\\\/\\\/www.article-marketing.eu\\\/comunicatistampa\\\/mieloma-multiplo-il-punto-della-ricerca-al-3-congresso-dello-european-myeloma-network\\\/#breadcrumb\",\"itemListElement\":[{\"@type\":\"ListItem\",\"position\":1,\"name\":\"Home\",\"item\":\"https:\\\/\\\/www.article-marketing.eu\\\/comunicatistampa\\\/\"},{\"@type\":\"ListItem\",\"position\":2,\"name\":\"Mieloma Multiplo: il punto della ricerca al 3\u00b0 Congresso dello European Myeloma Network\"}]},{\"@type\":\"WebSite\",\"@id\":\"https:\\\/\\\/www.article-marketing.eu\\\/comunicatistampa\\\/#website\",\"url\":\"https:\\\/\\\/www.article-marketing.eu\\\/comunicatistampa\\\/\",\"name\":\"Article Marketing\",\"description\":\"article marketing &amp; press release\",\"potentialAction\":[{\"@type\":\"SearchAction\",\"target\":{\"@type\":\"EntryPoint\",\"urlTemplate\":\"https:\\\/\\\/www.article-marketing.eu\\\/comunicatistampa\\\/?s={search_term_string}\"},\"query-input\":{\"@type\":\"PropertyValueSpecification\",\"valueRequired\":true,\"valueName\":\"search_term_string\"}}],\"inLanguage\":\"it-IT\"},{\"@type\":\"Person\",\"@id\":\"https:\\\/\\\/www.article-marketing.eu\\\/comunicatistampa\\\/#\\\/schema\\\/person\\\/da07eb58e55a08f85c593a53177d1bda\",\"name\":\"Patrizia Tontini\",\"image\":{\"@type\":\"ImageObject\",\"inLanguage\":\"it-IT\",\"@id\":\"https:\\\/\\\/secure.gravatar.com\\\/avatar\\\/950c747b3a97b7bf677cf6013fbf1047b03f9249efcf399e8301ebbae88347a9?s=96&d=mm&r=g\",\"url\":\"https:\\\/\\\/secure.gravatar.com\\\/avatar\\\/950c747b3a97b7bf677cf6013fbf1047b03f9249efcf399e8301ebbae88347a9?s=96&d=mm&r=g\",\"contentUrl\":\"https:\\\/\\\/secure.gravatar.com\\\/avatar\\\/950c747b3a97b7bf677cf6013fbf1047b03f9249efcf399e8301ebbae88347a9?s=96&d=mm&r=g\",\"caption\":\"Patrizia Tontini\"},\"url\":\"https:\\\/\\\/www.article-marketing.eu\\\/comunicatistampa\\\/author\\\/patrizia-tontini\\\/\"}]}<\/script>\n<!-- \/ Yoast SEO plugin. -->","yoast_head_json":{"title":"3\u00b0 Congresso dello European Myeloma Network - Article Marketing","description":"Dal 6 al 9 aprile il mondo della ricerca sul Mieloma Multiplo si confronter\u00e0 nel 3\u00b0 Congresso dello European Myeloma Network","robots":{"index":"index","follow":"follow","max-snippet":"max-snippet:-1","max-image-preview":"max-image-preview:large","max-video-preview":"max-video-preview:-1"},"canonical":"https:\/\/www.article-marketing.eu\/comunicatistampa\/mieloma-multiplo-il-punto-della-ricerca-al-3-congresso-dello-european-myeloma-network\/","og_locale":"it_IT","og_type":"article","og_title":"3\u00b0 Congresso dello European Myeloma Network - Article Marketing","og_description":"Dal 6 al 9 aprile il mondo della ricerca sul Mieloma Multiplo si confronter\u00e0 nel 3\u00b0 Congresso dello European Myeloma Network","og_url":"https:\/\/www.article-marketing.eu\/comunicatistampa\/mieloma-multiplo-il-punto-della-ricerca-al-3-congresso-dello-european-myeloma-network\/","og_site_name":"Article Marketing","article_published_time":"2022-04-09T17:04:41+00:00","article_modified_time":"2022-04-09T17:08:09+00:00","og_image":[{"url":"https:\/\/www.anicecommunication.com\/it\/wp-content\/uploads\/sites\/3\/2022\/03\/220310_EMN2022_congress.jpg","type":"","width":"","height":""}],"author":"Patrizia Tontini","twitter_card":"summary_large_image","twitter_misc":{"Scritto da":"Patrizia Tontini","Tempo di lettura stimato":"3 minuti"},"schema":{"@context":"https:\/\/schema.org","@graph":[{"@type":"Article","@id":"https:\/\/www.article-marketing.eu\/comunicatistampa\/mieloma-multiplo-il-punto-della-ricerca-al-3-congresso-dello-european-myeloma-network\/#article","isPartOf":{"@id":"https:\/\/www.article-marketing.eu\/comunicatistampa\/mieloma-multiplo-il-punto-della-ricerca-al-3-congresso-dello-european-myeloma-network\/"},"author":{"name":"Patrizia Tontini","@id":"https:\/\/www.article-marketing.eu\/comunicatistampa\/#\/schema\/person\/da07eb58e55a08f85c593a53177d1bda"},"headline":"Mieloma Multiplo: il punto della ricerca al 3\u00b0 Congresso dello European Myeloma Network","datePublished":"2022-04-09T17:04:41+00:00","dateModified":"2022-04-09T17:08:09+00:00","mainEntityOfPage":{"@id":"https:\/\/www.article-marketing.eu\/comunicatistampa\/mieloma-multiplo-il-punto-della-ricerca-al-3-congresso-dello-european-myeloma-network\/"},"wordCount":577,"commentCount":0,"image":{"@id":"https:\/\/www.article-marketing.eu\/comunicatistampa\/mieloma-multiplo-il-punto-della-ricerca-al-3-congresso-dello-european-myeloma-network\/#primaryimage"},"thumbnailUrl":"https:\/\/www.anicecommunication.com\/it\/wp-content\/uploads\/sites\/3\/2022\/03\/220310_EMN2022_congress.jpg","keywords":["european myeloma network","Mieloma Multiplo","ricerca mieloma multiplo"],"articleSection":["Eventi","Medicina","Scienze"],"inLanguage":"it-IT","potentialAction":[{"@type":"CommentAction","name":"Comment","target":["https:\/\/www.article-marketing.eu\/comunicatistampa\/mieloma-multiplo-il-punto-della-ricerca-al-3-congresso-dello-european-myeloma-network\/#respond"]}]},{"@type":"WebPage","@id":"https:\/\/www.article-marketing.eu\/comunicatistampa\/mieloma-multiplo-il-punto-della-ricerca-al-3-congresso-dello-european-myeloma-network\/","url":"https:\/\/www.article-marketing.eu\/comunicatistampa\/mieloma-multiplo-il-punto-della-ricerca-al-3-congresso-dello-european-myeloma-network\/","name":"3\u00b0 Congresso dello European Myeloma Network - Article Marketing","isPartOf":{"@id":"https:\/\/www.article-marketing.eu\/comunicatistampa\/#website"},"primaryImageOfPage":{"@id":"https:\/\/www.article-marketing.eu\/comunicatistampa\/mieloma-multiplo-il-punto-della-ricerca-al-3-congresso-dello-european-myeloma-network\/#primaryimage"},"image":{"@id":"https:\/\/www.article-marketing.eu\/comunicatistampa\/mieloma-multiplo-il-punto-della-ricerca-al-3-congresso-dello-european-myeloma-network\/#primaryimage"},"thumbnailUrl":"https:\/\/www.anicecommunication.com\/it\/wp-content\/uploads\/sites\/3\/2022\/03\/220310_EMN2022_congress.jpg","datePublished":"2022-04-09T17:04:41+00:00","dateModified":"2022-04-09T17:08:09+00:00","author":{"@id":"https:\/\/www.article-marketing.eu\/comunicatistampa\/#\/schema\/person\/da07eb58e55a08f85c593a53177d1bda"},"description":"Dal 6 al 9 aprile il mondo della ricerca sul Mieloma Multiplo si confronter\u00e0 nel 3\u00b0 Congresso dello European Myeloma Network","breadcrumb":{"@id":"https:\/\/www.article-marketing.eu\/comunicatistampa\/mieloma-multiplo-il-punto-della-ricerca-al-3-congresso-dello-european-myeloma-network\/#breadcrumb"},"inLanguage":"it-IT","potentialAction":[{"@type":"ReadAction","target":["https:\/\/www.article-marketing.eu\/comunicatistampa\/mieloma-multiplo-il-punto-della-ricerca-al-3-congresso-dello-european-myeloma-network\/"]}]},{"@type":"ImageObject","inLanguage":"it-IT","@id":"https:\/\/www.article-marketing.eu\/comunicatistampa\/mieloma-multiplo-il-punto-della-ricerca-al-3-congresso-dello-european-myeloma-network\/#primaryimage","url":"https:\/\/www.anicecommunication.com\/it\/wp-content\/uploads\/sites\/3\/2022\/03\/220310_EMN2022_congress.jpg","contentUrl":"https:\/\/www.anicecommunication.com\/it\/wp-content\/uploads\/sites\/3\/2022\/03\/220310_EMN2022_congress.jpg"},{"@type":"BreadcrumbList","@id":"https:\/\/www.article-marketing.eu\/comunicatistampa\/mieloma-multiplo-il-punto-della-ricerca-al-3-congresso-dello-european-myeloma-network\/#breadcrumb","itemListElement":[{"@type":"ListItem","position":1,"name":"Home","item":"https:\/\/www.article-marketing.eu\/comunicatistampa\/"},{"@type":"ListItem","position":2,"name":"Mieloma Multiplo: il punto della ricerca al 3\u00b0 Congresso dello European Myeloma Network"}]},{"@type":"WebSite","@id":"https:\/\/www.article-marketing.eu\/comunicatistampa\/#website","url":"https:\/\/www.article-marketing.eu\/comunicatistampa\/","name":"Article Marketing","description":"article marketing &amp; press release","potentialAction":[{"@type":"SearchAction","target":{"@type":"EntryPoint","urlTemplate":"https:\/\/www.article-marketing.eu\/comunicatistampa\/?s={search_term_string}"},"query-input":{"@type":"PropertyValueSpecification","valueRequired":true,"valueName":"search_term_string"}}],"inLanguage":"it-IT"},{"@type":"Person","@id":"https:\/\/www.article-marketing.eu\/comunicatistampa\/#\/schema\/person\/da07eb58e55a08f85c593a53177d1bda","name":"Patrizia Tontini","image":{"@type":"ImageObject","inLanguage":"it-IT","@id":"https:\/\/secure.gravatar.com\/avatar\/950c747b3a97b7bf677cf6013fbf1047b03f9249efcf399e8301ebbae88347a9?s=96&d=mm&r=g","url":"https:\/\/secure.gravatar.com\/avatar\/950c747b3a97b7bf677cf6013fbf1047b03f9249efcf399e8301ebbae88347a9?s=96&d=mm&r=g","contentUrl":"https:\/\/secure.gravatar.com\/avatar\/950c747b3a97b7bf677cf6013fbf1047b03f9249efcf399e8301ebbae88347a9?s=96&d=mm&r=g","caption":"Patrizia Tontini"},"url":"https:\/\/www.article-marketing.eu\/comunicatistampa\/author\/patrizia-tontini\/"}]}},"_links":{"self":[{"href":"https:\/\/www.article-marketing.eu\/comunicatistampa\/wp-json\/wp\/v2\/posts\/22441","targetHints":{"allow":["GET"]}}],"collection":[{"href":"https:\/\/www.article-marketing.eu\/comunicatistampa\/wp-json\/wp\/v2\/posts"}],"about":[{"href":"https:\/\/www.article-marketing.eu\/comunicatistampa\/wp-json\/wp\/v2\/types\/post"}],"author":[{"embeddable":true,"href":"https:\/\/www.article-marketing.eu\/comunicatistampa\/wp-json\/wp\/v2\/users\/5485"}],"replies":[{"embeddable":true,"href":"https:\/\/www.article-marketing.eu\/comunicatistampa\/wp-json\/wp\/v2\/comments?post=22441"}],"version-history":[{"count":3,"href":"https:\/\/www.article-marketing.eu\/comunicatistampa\/wp-json\/wp\/v2\/posts\/22441\/revisions"}],"predecessor-version":[{"id":22557,"href":"https:\/\/www.article-marketing.eu\/comunicatistampa\/wp-json\/wp\/v2\/posts\/22441\/revisions\/22557"}],"wp:attachment":[{"href":"https:\/\/www.article-marketing.eu\/comunicatistampa\/wp-json\/wp\/v2\/media?parent=22441"}],"wp:term":[{"taxonomy":"category","embeddable":true,"href":"https:\/\/www.article-marketing.eu\/comunicatistampa\/wp-json\/wp\/v2\/categories?post=22441"},{"taxonomy":"post_tag","embeddable":true,"href":"https:\/\/www.article-marketing.eu\/comunicatistampa\/wp-json\/wp\/v2\/tags?post=22441"}],"curies":[{"name":"wp","href":"https:\/\/api.w.org\/{rel}","templated":true}]}}