{"id":22478,"date":"2022-04-09T16:11:18","date_gmt":"2022-04-09T14:11:18","guid":{"rendered":"https:\/\/www.article-marketing.eu\/comunicatistampa\/?p=22478"},"modified":"2022-04-09T16:11:18","modified_gmt":"2022-04-09T14:11:18","slug":"andrea-gallo-meglio-di-me","status":"publish","type":"post","link":"https:\/\/www.article-marketing.eu\/comunicatistampa\/andrea-gallo-meglio-di-me\/","title":{"rendered":"Andrea Gallo, Meglio di me"},"content":{"rendered":"<p style=\"text-align: center;\"><i><span style=\"font-weight: 400;\">Dopo \u201cEva\u201d per Mina e Adriano Celentano, ecco la canzone \u201cMeglio di me\u201d<\/span><\/i><\/p>\n<p style=\"text-align: center;\"><i><span style=\"font-weight: 400;\"><img loading=\"lazy\" decoding=\"async\" class=\"\" src=\"https:\/\/www.joyfreepress.com\/wp-content\/uploads\/2022\/04\/Cover-Andrea-Gallo-.jpg\" width=\"388\" height=\"388\" \/> <\/span><\/i><\/p>\n<p>&nbsp;<\/p>\n<p><b>Andrea Gallo e Luigi De Rienzo<\/b><span style=\"font-weight: 400;\">, dopo \u201cEva\u201d scritto per Mina e Adriano Celentano, tornano con un progetto nuovo.<\/span><\/p>\n<p><span style=\"font-weight: 400;\">Questa volta a cantare la canzone \u201c<\/span><b>Meglio di me<\/b><span style=\"font-weight: 400;\">\u201d \u00e8 l\u2019autore stesso del testo, ovvero <\/span><b>Andrea Gallo<\/b><span style=\"font-weight: 400;\"> che ritorna cos\u00ec ad uno dei suoi vecchi amori.<\/span><\/p>\n<p><span style=\"font-weight: 400;\">\u201c<\/span><i><span style=\"font-weight: 400;\">L\u2019ultima mia apparizione su di un palco risale credo al 2010 anche se in realt\u00e0 non ho mai completamente smesso di cantare, nel senso che la maggior parte dei brani che sono stati proposti in questi anni come autore, da Mina Celentano a Shel Shapiro, passando per Viola Valentino, sono stati provinati con la mia voce. Per cui in \u201cprivato\u201d ho dato sfogo alla voglia di cantare. Dato che trovo il tutto liberatorio e mi \u201cdiverte\u201d ho fatto questo passo in avanti, pensando di proporre qualcosa con la mia voce. Infatti tutto nasce dal desiderio di poter proporre in punta dei piedi, una canzone scritta con Gigi e cantata da me\u2026 quando ho parlato a Gigi di questa idea, mi ha assecondato immediatamente, dicendomi di scegliere una canzone tra quelle che avevamo scritto insieme durante il lockdown.\u00a0 Questo non significa di certo abbandonare il mestiere dell\u2019autore\u2026anzi con Gigi sto continuando a scrivere ed abbiamo diversi brani in cantiere, in attesa dell\u2019interprete giusto<\/span><\/i><span style=\"font-weight: 400;\">\u201d <\/span><b>dice Andrea.<\/b><\/p>\n<p><span style=\"font-weight: 400;\">De Rienzo e Gallo, scrivono a \u201cmano libera\u201d lontani da condizionamenti di mercato. Questa libert\u00e0 artistica deve necessariamente incontrare artisti e interpreti altrettanto liberi, come \u00e8 successo con <\/span><b>Mina<\/b><span style=\"font-weight: 400;\"> e <\/span><b>Adriano Celentano<\/b><span style=\"font-weight: 400;\"> con la canzone \u201c<\/span><b>Eva<\/b><span style=\"font-weight: 400;\">\u201d, con \u201c<\/span><b>Troppa Realt\u00e0<\/b><span style=\"font-weight: 400;\">\u201d che <\/span><b>Shel Shapiro<\/b><span style=\"font-weight: 400;\"> ha deciso di cantare e inserire nel suo album \u201cQuasi una leggenda\u201d pubblicato il 18 marzo 2022 o con Marcela Morelo e la canzone \u201cEn mi azul\u201d del 2013.\u00a0<\/span><\/p>\n<p><span style=\"font-weight: 400;\">Su Spotify e nei vari stores sono presenti diversi brani cantati da Andrea, frutto delle scorribande cantautorali del passato. \u201cMeglio di me\u201d invece rappresenta l\u2019attualit\u00e0 ed \u00e8 un brano pop rock d\u2019autore. La produzione del brano \u00e8 dello stesso Luigi De Rienzo, che ha anche curato gli arrangiamenti ed \u00e8 autore della musica. Il mastering del brano \u00e8 di Bob Fix, storico sassofonista e ingegnere del suono.<\/span><\/p>\n<p><span style=\"font-weight: 400;\">\u201c<\/span><i><span style=\"font-weight: 400;\">Senza entrare nel dettaglio del significato del brano, proprio per lasciare a chi ascolta la possibilit\u00e0 di farlo proprio e lasciarsi guidare dalle sensazioni, immagino un ascoltatore che nelle canzoni cerchi un riparo, la ricerca di un\u2019emozione o di un momento di riflessione e non un semplice e frettoloso intrattenimento e passatempo<\/span><\/i><span style=\"font-weight: 400;\">\u201d <\/span><b>conclude Andrea.<\/b><\/p>\n<p><a href=\"http:\/\/www.andrea-gallo.com\" rel=\"nofollow\"><span style=\"font-weight: 400;\">www.andrea-gallo.com<\/span><\/a> <span style=\"font-weight: 400;\"><br \/>\n<\/span><span style=\"font-weight: 400;\">https:\/\/www.facebook.com\/andreagalloautoredicanzoni<\/span><span style=\"font-weight: 400;\"><br \/>\n<\/span><a href=\"https:\/\/www.instagram.com\/andreagallosongwriter\/\" rel=\"nofollow\"><span style=\"font-weight: 400;\">https:\/\/www.instagram.com\/andreagallosongwriter\/<\/span><span style=\"font-weight: 400;\"><br \/>\n<\/span><\/a><span style=\"font-weight: 400;\">https:\/\/vk.com\/id409865751<\/span><span style=\"font-weight: 400;\"><br \/>\n<\/span><a href=\"https:\/\/open.spotify.com\/artist\/6QfIO7Y8CnT1GWfIsU86Fd?si=znNbxHaYSzSoajFLQnox9w\"><span style=\"font-weight: 400;\">https:\/\/open.spotify.com\/artist\/6QfIO7Y8CnT1GWfIsU86Fd?si=znNbxHaYSzSoajFLQnox9w<\/span><\/a><\/p>\n","protected":false},"excerpt":{"rendered":"<p>Dopo \u201cEva\u201d per Mina e Adriano Celentano, ecco la canzone \u201cMeglio di me\u201d &nbsp; Andrea Gallo e Luigi De Rienzo, dopo \u201cEva\u201d scritto per Mina e Adriano Celentano, tornano con un progetto nuovo. Questa volta a cantare la canzone \u201cMeglio di me\u201d \u00e8 l\u2019autore stesso del testo, ovvero Andrea Gallo che ritorna cos\u00ec ad uno dei suoi vecchi amori. \u201cL\u2019ultima mia apparizione su di un palco risale credo al 2010<\/p>\n<p><a class=\"continue-reading\" href=\"https:\/\/www.article-marketing.eu\/comunicatistampa\/andrea-gallo-meglio-di-me\/\">Continue reading&#8230;<\/a><\/p>\n","protected":false},"author":1680,"featured_media":0,"comment_status":"open","ping_status":"open","sticky":false,"template":"","format":"standard","meta":{"_monsterinsights_skip_tracking":false,"_monsterinsights_sitenote_active":false,"_monsterinsights_sitenote_note":"","_monsterinsights_sitenote_category":0,"footnotes":""},"categories":[411],"tags":[9482,9483,7378,3522],"class_list":["post-22478","post","type-post","status-publish","format-standard","hentry","category-musica","tag-andrea-gallo","tag-mina-celentano","tag-nuovo","tag-singolo"],"yoast_head":"<!-- This site is optimized with the Yoast SEO plugin v27.3 - https:\/\/yoast.com\/product\/yoast-seo-wordpress\/ -->\n<title>Andrea Gallo, Meglio di me - Article Marketing<\/title>\n<meta name=\"robots\" content=\"index, follow, max-snippet:-1, max-image-preview:large, max-video-preview:-1\" \/>\n<link rel=\"canonical\" href=\"https:\/\/www.article-marketing.eu\/comunicatistampa\/andrea-gallo-meglio-di-me\/\" \/>\n<meta property=\"og:locale\" content=\"it_IT\" \/>\n<meta property=\"og:type\" content=\"article\" \/>\n<meta property=\"og:title\" content=\"Andrea Gallo, Meglio di me - Article Marketing\" \/>\n<meta property=\"og:description\" content=\"Dopo \u201cEva\u201d per Mina e Adriano Celentano, ecco la canzone \u201cMeglio di me\u201d &nbsp; Andrea Gallo e Luigi De Rienzo, dopo \u201cEva\u201d scritto per Mina e Adriano Celentano, tornano con un progetto nuovo. Questa volta a cantare la canzone \u201cMeglio di me\u201d \u00e8 l\u2019autore stesso del testo, ovvero Andrea Gallo che ritorna cos\u00ec ad uno dei suoi vecchi amori. \u201cL\u2019ultima mia apparizione su di un palco risale credo al 2010Continue reading...\" \/>\n<meta property=\"og:url\" content=\"https:\/\/www.article-marketing.eu\/comunicatistampa\/andrea-gallo-meglio-di-me\/\" \/>\n<meta property=\"og:site_name\" content=\"Article Marketing\" \/>\n<meta property=\"article:published_time\" content=\"2022-04-09T14:11:18+00:00\" \/>\n<meta property=\"og:image\" content=\"https:\/\/www.joyfreepress.com\/wp-content\/uploads\/2022\/04\/Cover-Andrea-Gallo-.jpg\" \/>\n<meta name=\"author\" content=\"Micro961\" \/>\n<meta name=\"twitter:card\" content=\"summary_large_image\" \/>\n<meta name=\"twitter:label1\" content=\"Scritto da\" \/>\n\t<meta name=\"twitter:data1\" content=\"Micro961\" \/>\n\t<meta name=\"twitter:label2\" content=\"Tempo di lettura stimato\" \/>\n\t<meta name=\"twitter:data2\" content=\"3 minuti\" \/>\n<script type=\"application\/ld+json\" class=\"yoast-schema-graph\">{\"@context\":\"https:\\\/\\\/schema.org\",\"@graph\":[{\"@type\":\"Article\",\"@id\":\"https:\\\/\\\/www.article-marketing.eu\\\/comunicatistampa\\\/andrea-gallo-meglio-di-me\\\/#article\",\"isPartOf\":{\"@id\":\"https:\\\/\\\/www.article-marketing.eu\\\/comunicatistampa\\\/andrea-gallo-meglio-di-me\\\/\"},\"author\":{\"name\":\"Micro961\",\"@id\":\"https:\\\/\\\/www.article-marketing.eu\\\/comunicatistampa\\\/#\\\/schema\\\/person\\\/9beeb909be59832a9bcbec84cb3786f5\"},\"headline\":\"Andrea Gallo, Meglio di me\",\"datePublished\":\"2022-04-09T14:11:18+00:00\",\"mainEntityOfPage\":{\"@id\":\"https:\\\/\\\/www.article-marketing.eu\\\/comunicatistampa\\\/andrea-gallo-meglio-di-me\\\/\"},\"wordCount\":448,\"commentCount\":0,\"image\":{\"@id\":\"https:\\\/\\\/www.article-marketing.eu\\\/comunicatistampa\\\/andrea-gallo-meglio-di-me\\\/#primaryimage\"},\"thumbnailUrl\":\"https:\\\/\\\/www.joyfreepress.com\\\/wp-content\\\/uploads\\\/2022\\\/04\\\/Cover-Andrea-Gallo-.jpg\",\"keywords\":[\"Andrea Gallo\",\"Mina Celentano\",\"Nuovo\",\"Singolo\"],\"articleSection\":[\"Musica\"],\"inLanguage\":\"it-IT\",\"potentialAction\":[{\"@type\":\"CommentAction\",\"name\":\"Comment\",\"target\":[\"https:\\\/\\\/www.article-marketing.eu\\\/comunicatistampa\\\/andrea-gallo-meglio-di-me\\\/#respond\"]}]},{\"@type\":\"WebPage\",\"@id\":\"https:\\\/\\\/www.article-marketing.eu\\\/comunicatistampa\\\/andrea-gallo-meglio-di-me\\\/\",\"url\":\"https:\\\/\\\/www.article-marketing.eu\\\/comunicatistampa\\\/andrea-gallo-meglio-di-me\\\/\",\"name\":\"Andrea Gallo, Meglio di me - Article Marketing\",\"isPartOf\":{\"@id\":\"https:\\\/\\\/www.article-marketing.eu\\\/comunicatistampa\\\/#website\"},\"primaryImageOfPage\":{\"@id\":\"https:\\\/\\\/www.article-marketing.eu\\\/comunicatistampa\\\/andrea-gallo-meglio-di-me\\\/#primaryimage\"},\"image\":{\"@id\":\"https:\\\/\\\/www.article-marketing.eu\\\/comunicatistampa\\\/andrea-gallo-meglio-di-me\\\/#primaryimage\"},\"thumbnailUrl\":\"https:\\\/\\\/www.joyfreepress.com\\\/wp-content\\\/uploads\\\/2022\\\/04\\\/Cover-Andrea-Gallo-.jpg\",\"datePublished\":\"2022-04-09T14:11:18+00:00\",\"author\":{\"@id\":\"https:\\\/\\\/www.article-marketing.eu\\\/comunicatistampa\\\/#\\\/schema\\\/person\\\/9beeb909be59832a9bcbec84cb3786f5\"},\"breadcrumb\":{\"@id\":\"https:\\\/\\\/www.article-marketing.eu\\\/comunicatistampa\\\/andrea-gallo-meglio-di-me\\\/#breadcrumb\"},\"inLanguage\":\"it-IT\",\"potentialAction\":[{\"@type\":\"ReadAction\",\"target\":[\"https:\\\/\\\/www.article-marketing.eu\\\/comunicatistampa\\\/andrea-gallo-meglio-di-me\\\/\"]}]},{\"@type\":\"ImageObject\",\"inLanguage\":\"it-IT\",\"@id\":\"https:\\\/\\\/www.article-marketing.eu\\\/comunicatistampa\\\/andrea-gallo-meglio-di-me\\\/#primaryimage\",\"url\":\"https:\\\/\\\/www.joyfreepress.com\\\/wp-content\\\/uploads\\\/2022\\\/04\\\/Cover-Andrea-Gallo-.jpg\",\"contentUrl\":\"https:\\\/\\\/www.joyfreepress.com\\\/wp-content\\\/uploads\\\/2022\\\/04\\\/Cover-Andrea-Gallo-.jpg\"},{\"@type\":\"BreadcrumbList\",\"@id\":\"https:\\\/\\\/www.article-marketing.eu\\\/comunicatistampa\\\/andrea-gallo-meglio-di-me\\\/#breadcrumb\",\"itemListElement\":[{\"@type\":\"ListItem\",\"position\":1,\"name\":\"Home\",\"item\":\"https:\\\/\\\/www.article-marketing.eu\\\/comunicatistampa\\\/\"},{\"@type\":\"ListItem\",\"position\":2,\"name\":\"Andrea Gallo, Meglio di me\"}]},{\"@type\":\"WebSite\",\"@id\":\"https:\\\/\\\/www.article-marketing.eu\\\/comunicatistampa\\\/#website\",\"url\":\"https:\\\/\\\/www.article-marketing.eu\\\/comunicatistampa\\\/\",\"name\":\"Article Marketing\",\"description\":\"article marketing &amp; press release\",\"potentialAction\":[{\"@type\":\"SearchAction\",\"target\":{\"@type\":\"EntryPoint\",\"urlTemplate\":\"https:\\\/\\\/www.article-marketing.eu\\\/comunicatistampa\\\/?s={search_term_string}\"},\"query-input\":{\"@type\":\"PropertyValueSpecification\",\"valueRequired\":true,\"valueName\":\"search_term_string\"}}],\"inLanguage\":\"it-IT\"},{\"@type\":\"Person\",\"@id\":\"https:\\\/\\\/www.article-marketing.eu\\\/comunicatistampa\\\/#\\\/schema\\\/person\\\/9beeb909be59832a9bcbec84cb3786f5\",\"name\":\"Micro961\",\"image\":{\"@type\":\"ImageObject\",\"inLanguage\":\"it-IT\",\"@id\":\"https:\\\/\\\/secure.gravatar.com\\\/avatar\\\/cd6f5864b85cc3687c05b2965bb186afcd70a2a89789a156c92a4f1d66e87827?s=96&d=mm&r=g\",\"url\":\"https:\\\/\\\/secure.gravatar.com\\\/avatar\\\/cd6f5864b85cc3687c05b2965bb186afcd70a2a89789a156c92a4f1d66e87827?s=96&d=mm&r=g\",\"contentUrl\":\"https:\\\/\\\/secure.gravatar.com\\\/avatar\\\/cd6f5864b85cc3687c05b2965bb186afcd70a2a89789a156c92a4f1d66e87827?s=96&d=mm&r=g\",\"caption\":\"Micro961\"},\"url\":\"https:\\\/\\\/www.article-marketing.eu\\\/comunicatistampa\\\/author\\\/micro961\\\/\"}]}<\/script>\n<!-- \/ Yoast SEO plugin. -->","yoast_head_json":{"title":"Andrea Gallo, Meglio di me - Article Marketing","robots":{"index":"index","follow":"follow","max-snippet":"max-snippet:-1","max-image-preview":"max-image-preview:large","max-video-preview":"max-video-preview:-1"},"canonical":"https:\/\/www.article-marketing.eu\/comunicatistampa\/andrea-gallo-meglio-di-me\/","og_locale":"it_IT","og_type":"article","og_title":"Andrea Gallo, Meglio di me - Article Marketing","og_description":"Dopo \u201cEva\u201d per Mina e Adriano Celentano, ecco la canzone \u201cMeglio di me\u201d &nbsp; Andrea Gallo e Luigi De Rienzo, dopo \u201cEva\u201d scritto per Mina e Adriano Celentano, tornano con un progetto nuovo. Questa volta a cantare la canzone \u201cMeglio di me\u201d \u00e8 l\u2019autore stesso del testo, ovvero Andrea Gallo che ritorna cos\u00ec ad uno dei suoi vecchi amori. \u201cL\u2019ultima mia apparizione su di un palco risale credo al 2010Continue reading...","og_url":"https:\/\/www.article-marketing.eu\/comunicatistampa\/andrea-gallo-meglio-di-me\/","og_site_name":"Article Marketing","article_published_time":"2022-04-09T14:11:18+00:00","og_image":[{"url":"https:\/\/www.joyfreepress.com\/wp-content\/uploads\/2022\/04\/Cover-Andrea-Gallo-.jpg","type":"","width":"","height":""}],"author":"Micro961","twitter_card":"summary_large_image","twitter_misc":{"Scritto da":"Micro961","Tempo di lettura stimato":"3 minuti"},"schema":{"@context":"https:\/\/schema.org","@graph":[{"@type":"Article","@id":"https:\/\/www.article-marketing.eu\/comunicatistampa\/andrea-gallo-meglio-di-me\/#article","isPartOf":{"@id":"https:\/\/www.article-marketing.eu\/comunicatistampa\/andrea-gallo-meglio-di-me\/"},"author":{"name":"Micro961","@id":"https:\/\/www.article-marketing.eu\/comunicatistampa\/#\/schema\/person\/9beeb909be59832a9bcbec84cb3786f5"},"headline":"Andrea Gallo, Meglio di me","datePublished":"2022-04-09T14:11:18+00:00","mainEntityOfPage":{"@id":"https:\/\/www.article-marketing.eu\/comunicatistampa\/andrea-gallo-meglio-di-me\/"},"wordCount":448,"commentCount":0,"image":{"@id":"https:\/\/www.article-marketing.eu\/comunicatistampa\/andrea-gallo-meglio-di-me\/#primaryimage"},"thumbnailUrl":"https:\/\/www.joyfreepress.com\/wp-content\/uploads\/2022\/04\/Cover-Andrea-Gallo-.jpg","keywords":["Andrea Gallo","Mina Celentano","Nuovo","Singolo"],"articleSection":["Musica"],"inLanguage":"it-IT","potentialAction":[{"@type":"CommentAction","name":"Comment","target":["https:\/\/www.article-marketing.eu\/comunicatistampa\/andrea-gallo-meglio-di-me\/#respond"]}]},{"@type":"WebPage","@id":"https:\/\/www.article-marketing.eu\/comunicatistampa\/andrea-gallo-meglio-di-me\/","url":"https:\/\/www.article-marketing.eu\/comunicatistampa\/andrea-gallo-meglio-di-me\/","name":"Andrea Gallo, Meglio di me - Article Marketing","isPartOf":{"@id":"https:\/\/www.article-marketing.eu\/comunicatistampa\/#website"},"primaryImageOfPage":{"@id":"https:\/\/www.article-marketing.eu\/comunicatistampa\/andrea-gallo-meglio-di-me\/#primaryimage"},"image":{"@id":"https:\/\/www.article-marketing.eu\/comunicatistampa\/andrea-gallo-meglio-di-me\/#primaryimage"},"thumbnailUrl":"https:\/\/www.joyfreepress.com\/wp-content\/uploads\/2022\/04\/Cover-Andrea-Gallo-.jpg","datePublished":"2022-04-09T14:11:18+00:00","author":{"@id":"https:\/\/www.article-marketing.eu\/comunicatistampa\/#\/schema\/person\/9beeb909be59832a9bcbec84cb3786f5"},"breadcrumb":{"@id":"https:\/\/www.article-marketing.eu\/comunicatistampa\/andrea-gallo-meglio-di-me\/#breadcrumb"},"inLanguage":"it-IT","potentialAction":[{"@type":"ReadAction","target":["https:\/\/www.article-marketing.eu\/comunicatistampa\/andrea-gallo-meglio-di-me\/"]}]},{"@type":"ImageObject","inLanguage":"it-IT","@id":"https:\/\/www.article-marketing.eu\/comunicatistampa\/andrea-gallo-meglio-di-me\/#primaryimage","url":"https:\/\/www.joyfreepress.com\/wp-content\/uploads\/2022\/04\/Cover-Andrea-Gallo-.jpg","contentUrl":"https:\/\/www.joyfreepress.com\/wp-content\/uploads\/2022\/04\/Cover-Andrea-Gallo-.jpg"},{"@type":"BreadcrumbList","@id":"https:\/\/www.article-marketing.eu\/comunicatistampa\/andrea-gallo-meglio-di-me\/#breadcrumb","itemListElement":[{"@type":"ListItem","position":1,"name":"Home","item":"https:\/\/www.article-marketing.eu\/comunicatistampa\/"},{"@type":"ListItem","position":2,"name":"Andrea Gallo, Meglio di me"}]},{"@type":"WebSite","@id":"https:\/\/www.article-marketing.eu\/comunicatistampa\/#website","url":"https:\/\/www.article-marketing.eu\/comunicatistampa\/","name":"Article Marketing","description":"article marketing &amp; press release","potentialAction":[{"@type":"SearchAction","target":{"@type":"EntryPoint","urlTemplate":"https:\/\/www.article-marketing.eu\/comunicatistampa\/?s={search_term_string}"},"query-input":{"@type":"PropertyValueSpecification","valueRequired":true,"valueName":"search_term_string"}}],"inLanguage":"it-IT"},{"@type":"Person","@id":"https:\/\/www.article-marketing.eu\/comunicatistampa\/#\/schema\/person\/9beeb909be59832a9bcbec84cb3786f5","name":"Micro961","image":{"@type":"ImageObject","inLanguage":"it-IT","@id":"https:\/\/secure.gravatar.com\/avatar\/cd6f5864b85cc3687c05b2965bb186afcd70a2a89789a156c92a4f1d66e87827?s=96&d=mm&r=g","url":"https:\/\/secure.gravatar.com\/avatar\/cd6f5864b85cc3687c05b2965bb186afcd70a2a89789a156c92a4f1d66e87827?s=96&d=mm&r=g","contentUrl":"https:\/\/secure.gravatar.com\/avatar\/cd6f5864b85cc3687c05b2965bb186afcd70a2a89789a156c92a4f1d66e87827?s=96&d=mm&r=g","caption":"Micro961"},"url":"https:\/\/www.article-marketing.eu\/comunicatistampa\/author\/micro961\/"}]}},"_links":{"self":[{"href":"https:\/\/www.article-marketing.eu\/comunicatistampa\/wp-json\/wp\/v2\/posts\/22478","targetHints":{"allow":["GET"]}}],"collection":[{"href":"https:\/\/www.article-marketing.eu\/comunicatistampa\/wp-json\/wp\/v2\/posts"}],"about":[{"href":"https:\/\/www.article-marketing.eu\/comunicatistampa\/wp-json\/wp\/v2\/types\/post"}],"author":[{"embeddable":true,"href":"https:\/\/www.article-marketing.eu\/comunicatistampa\/wp-json\/wp\/v2\/users\/1680"}],"replies":[{"embeddable":true,"href":"https:\/\/www.article-marketing.eu\/comunicatistampa\/wp-json\/wp\/v2\/comments?post=22478"}],"version-history":[{"count":3,"href":"https:\/\/www.article-marketing.eu\/comunicatistampa\/wp-json\/wp\/v2\/posts\/22478\/revisions"}],"predecessor-version":[{"id":22526,"href":"https:\/\/www.article-marketing.eu\/comunicatistampa\/wp-json\/wp\/v2\/posts\/22478\/revisions\/22526"}],"wp:attachment":[{"href":"https:\/\/www.article-marketing.eu\/comunicatistampa\/wp-json\/wp\/v2\/media?parent=22478"}],"wp:term":[{"taxonomy":"category","embeddable":true,"href":"https:\/\/www.article-marketing.eu\/comunicatistampa\/wp-json\/wp\/v2\/categories?post=22478"},{"taxonomy":"post_tag","embeddable":true,"href":"https:\/\/www.article-marketing.eu\/comunicatistampa\/wp-json\/wp\/v2\/tags?post=22478"}],"curies":[{"name":"wp","href":"https:\/\/api.w.org\/{rel}","templated":true}]}}