{"id":22480,"date":"2022-04-09T16:05:03","date_gmt":"2022-04-09T14:05:03","guid":{"rendered":"https:\/\/www.article-marketing.eu\/comunicatistampa\/?p=22480"},"modified":"2022-04-09T16:05:03","modified_gmt":"2022-04-09T14:05:03","slug":"emmanuele-em314-macaluso-supporta-la-campagna-di-farmacovigilanza-sui-minori-giu-le-mani-dai-bambini-onlus","status":"publish","type":"post","link":"https:\/\/www.article-marketing.eu\/comunicatistampa\/emmanuele-em314-macaluso-supporta-la-campagna-di-farmacovigilanza-sui-minori-giu-le-mani-dai-bambini-onlus\/","title":{"rendered":"Emmanuele \u201cEM314\u201d Macaluso supporta la campagna di farmacovigilanza sui minori Gi\u00f9 le Mani dai Bambini ONLUS"},"content":{"rendered":"<p><em>Continua dal 2008 il sostegno di Emmanuele \u201cEM314\u201d Macaluso nei confronti della campagna di farmacovigilanza sui minori Gi\u00f9leManidaiBambini ONLUS. Quest\u2019anno con una campagna social per destinare il 5 x 1000 a favore della Campagna.<\/em><\/p>\n<p>&nbsp;<\/p>\n<p>Una collaborazione lunga quasi 15 anni lega l\u2019<strong>atleta pi\u00f9 green e sostenibile d\u2019Italia <\/strong>e la pi\u00f9 importante <strong>campagna di farmacovigilanza<\/strong> in Italia, con focus sul contrasto all\u2019abuso di psicofarmaci in et\u00e0 pediatrica. Era infatti il 2008 quando <strong>Emmanuele Macaluso<\/strong>, allora giavellottista, decise di sostenere come <strong>testimonia<\/strong>l il <strong>Comitato Gi\u00f9leManidaiBambini<\/strong>. Un impegno che si \u00e8 protratto negli anni e che \u00e8 giunto fino ad oggi.<\/p>\n<p>Cambia lo sport (dal giavellotto alla <strong>mountain bike<\/strong> &#8211; <strong>cross country<\/strong>), qualche capello bianco in pi\u00f9 e un nickname che lo rende noto negli sport estremi (<strong>EM314<\/strong>), ma non varia il suo impegno a favore dei pi\u00f9 piccoli e del loro diritto ad esprimersi.<\/p>\n<p>&nbsp;<\/p>\n<p>Parte in queste ore una campagna social e stampa grazie alla quale <strong>Emmanuele \u201cEM314\u201d Macaluso<\/strong>, che tra l\u2019altro viene riconosciuto da decine di testate giornalistiche come \u201c<strong>l\u2019atleta pi\u00f9 green e sostenibile d\u2019Italia<\/strong>\u201d, mette a disposizione della sua platea la possibilit\u00e0 di destinare il <strong>5 x 1000 <\/strong>a Gi\u00f9 le Mani dai Bambini ONLUS.<\/p>\n<p>&nbsp;<\/p>\n<p>\u201c<em>Chiedo a tutti di fare un grande atto di generosit\u00e0 che non comporta nessun sacrificio<\/em> &#8211; dichiara Emmanuele Macaluso, che continua &#8211; <em>Proprio cos\u00ec, si pu\u00f2 fare beneficenza praticamente a costo zero<\/em>. <em>Il 5 x 1000 infatti, non rappresenta una donazione vera e propria, ma prevede di DESTINARE dei fondi che farebbero comunque parte della propria dichiarazione dei redditi in modo oculato. Per questa ragione faccio appello affinch\u00e9 si faccia una scelta consapevole, a favore di un gruppo di persone che ha dimostrato sul campo un importante apporto a favore della salute mentale dei nostri bambini. Questa, per quanto mi riguarda, non \u00e8 un\u2019attivit\u00e0 di <strong>CSR<\/strong> ma un\u2019azione concreta che dedico a uomini e donne in cui credo e per i quali garantisco personalmente\u201d.<\/em><\/p>\n<p><em>\u00a0<\/em><\/p>\n<p>\u00c8 possibile trovare tutte le informazioni utili per destinare il 5 x 1000 a <strong>Gi\u00f9 le Mani dai Bambini ONLUS<\/strong> al link <a href=\"https:\/\/www.cinquexmille.info\/\">https:\/\/www.cinquexmille.info\/<\/a>, il sito ufficiale del comitato Gi\u00f9leanidaiBambini ONLUS \u00e8 <a href=\"https:\/\/www.giulemanidaibambini.org\/\">https:\/\/www.giulemanidaibambini.org\/<\/a><\/p>\n<p>&nbsp;<\/p>\n<p>Di seguito i canali ufficiali di EM314:<\/p>\n<p>Web: <a href=\"http:\/\/www.em314official.com\">www.em314official.com<\/a><\/p>\n<p>Instagram: www.instagram.com\/emmanuelemacaluso<\/p>\n<p>Facebook: www.facebook.com\/EM314official<\/p>\n<p>Twitter: https:\/\/twitter.com\/E_Macaluso<\/p>\n<p>LinkedIn: www.linkedin.com\/company\/em314<\/p>\n<p>Blog: https:\/\/em314official.blogspot.com\/<\/p>\n<p>Youtube: www.youtube.com\/channel\/UCeWhKRU75lwI0VLkCvWuZNA<\/p>\n","protected":false},"excerpt":{"rendered":"<p>Continua dal 2008 il sostegno di Emmanuele \u201cEM314\u201d Macaluso nei confronti della campagna di farmacovigilanza sui minori Gi\u00f9leManidaiBambini ONLUS. Quest\u2019anno con una campagna social per destinare il 5 x 1000 a favore della Campagna. &nbsp; Una collaborazione lunga quasi 15 anni lega l\u2019atleta pi\u00f9 green e sostenibile d\u2019Italia e la pi\u00f9 importante campagna di farmacovigilanza in Italia, con focus sul contrasto all\u2019abuso di psicofarmaci in et\u00e0 pediatrica. Era infatti il<\/p>\n<p><a class=\"continue-reading\" href=\"https:\/\/www.article-marketing.eu\/comunicatistampa\/emmanuele-em314-macaluso-supporta-la-campagna-di-farmacovigilanza-sui-minori-giu-le-mani-dai-bambini-onlus\/\">Continue reading&#8230;<\/a><\/p>\n","protected":false},"author":966,"featured_media":0,"comment_status":"open","ping_status":"open","sticky":false,"template":"","format":"standard","meta":{"_monsterinsights_skip_tracking":false,"_monsterinsights_sitenote_active":false,"_monsterinsights_sitenote_note":"","_monsterinsights_sitenote_category":0,"footnotes":""},"categories":[78,371,418,368,390,369,362,420],"tags":[9489,8170,9486,3446,6793,3441,9488,9484,9485,2655,3900,5260,9487,1995],"class_list":["post-22480","post","type-post","status-publish","format-standard","hentry","category-comunicati-stampa","category-medicina","category-natura","category-persone","category-professionisti","category-salute-e-benessere","category-societa","category-tutela-e-denunce-2","tag-5-x-1000","tag-atleta","tag-atleta-piu-green-ditalia","tag-csr","tag-em314","tag-emmanuele-macaluso","tag-farmacovigilanza","tag-giu-le-mani-dai-bambini","tag-giulemanidaibambini","tag-mtb","tag-onlus","tag-responsabilita-sociale","tag-sostenibilie","tag-sostenibilita"],"yoast_head":"<!-- This site is optimized with the Yoast SEO plugin v27.3 - https:\/\/yoast.com\/product\/yoast-seo-wordpress\/ -->\n<title>Emmanuele \u201cEM314\u201d Macaluso supporta la campagna di farmacovigilanza sui minori Gi\u00f9 le Mani dai Bambini ONLUS<\/title>\n<meta name=\"robots\" content=\"index, follow, max-snippet:-1, max-image-preview:large, max-video-preview:-1\" \/>\n<link rel=\"canonical\" href=\"https:\/\/www.article-marketing.eu\/comunicatistampa\/emmanuele-em314-macaluso-supporta-la-campagna-di-farmacovigilanza-sui-minori-giu-le-mani-dai-bambini-onlus\/\" \/>\n<meta property=\"og:locale\" content=\"it_IT\" \/>\n<meta property=\"og:type\" content=\"article\" \/>\n<meta property=\"og:title\" content=\"Emmanuele \u201cEM314\u201d Macaluso supporta la campagna di farmacovigilanza sui minori Gi\u00f9 le Mani dai Bambini ONLUS\" \/>\n<meta property=\"og:description\" content=\"Continua dal 2008 il sostegno di Emmanuele \u201cEM314\u201d Macaluso nei confronti della campagna di farmacovigilanza sui minori Gi\u00f9leManidaiBambini ONLUS. Quest\u2019anno con una campagna social per destinare il 5 x 1000 a favore della Campagna. &nbsp; Una collaborazione lunga quasi 15 anni lega l\u2019atleta pi\u00f9 green e sostenibile d\u2019Italia e la pi\u00f9 importante campagna di farmacovigilanza in Italia, con focus sul contrasto all\u2019abuso di psicofarmaci in et\u00e0 pediatrica. Era infatti ilContinue reading...\" \/>\n<meta property=\"og:url\" content=\"https:\/\/www.article-marketing.eu\/comunicatistampa\/emmanuele-em314-macaluso-supporta-la-campagna-di-farmacovigilanza-sui-minori-giu-le-mani-dai-bambini-onlus\/\" \/>\n<meta property=\"og:site_name\" content=\"Article Marketing\" \/>\n<meta property=\"article:published_time\" content=\"2022-04-09T14:05:03+00:00\" \/>\n<meta name=\"author\" content=\"cosmosmedia\" \/>\n<meta name=\"twitter:card\" content=\"summary_large_image\" \/>\n<meta name=\"twitter:label1\" content=\"Scritto da\" \/>\n\t<meta name=\"twitter:data1\" content=\"cosmosmedia\" \/>\n\t<meta name=\"twitter:label2\" content=\"Tempo di lettura stimato\" \/>\n\t<meta name=\"twitter:data2\" content=\"2 minuti\" \/>\n<script type=\"application\/ld+json\" class=\"yoast-schema-graph\">{\"@context\":\"https:\\\/\\\/schema.org\",\"@graph\":[{\"@type\":\"Article\",\"@id\":\"https:\\\/\\\/www.article-marketing.eu\\\/comunicatistampa\\\/emmanuele-em314-macaluso-supporta-la-campagna-di-farmacovigilanza-sui-minori-giu-le-mani-dai-bambini-onlus\\\/#article\",\"isPartOf\":{\"@id\":\"https:\\\/\\\/www.article-marketing.eu\\\/comunicatistampa\\\/emmanuele-em314-macaluso-supporta-la-campagna-di-farmacovigilanza-sui-minori-giu-le-mani-dai-bambini-onlus\\\/\"},\"author\":{\"name\":\"cosmosmedia\",\"@id\":\"https:\\\/\\\/www.article-marketing.eu\\\/comunicatistampa\\\/#\\\/schema\\\/person\\\/0097d43b57e97ad86cc1ef1ade5ab3b9\"},\"headline\":\"Emmanuele \u201cEM314\u201d Macaluso supporta la campagna di farmacovigilanza sui minori Gi\u00f9 le Mani dai Bambini ONLUS\",\"datePublished\":\"2022-04-09T14:05:03+00:00\",\"mainEntityOfPage\":{\"@id\":\"https:\\\/\\\/www.article-marketing.eu\\\/comunicatistampa\\\/emmanuele-em314-macaluso-supporta-la-campagna-di-farmacovigilanza-sui-minori-giu-le-mani-dai-bambini-onlus\\\/\"},\"wordCount\":422,\"commentCount\":0,\"keywords\":[\"5 x 1000\",\"atleta\",\"atleta pi\u00f9 green d\u2019italia\",\"csr\",\"EM314\",\"emmanuele macaluso\",\"farmacovigilanza\",\"gi\u00f9 le mani dai bambini\",\"gi\u00f9lemanidaibambini\",\"mtb\",\"onlus\",\"responsabilit\u00e0 sociale\",\"sostenibilie\",\"sostenibilit\u00e0\"],\"articleSection\":[\"Comunicati stampa\",\"Medicina\",\"Natura\",\"Persone\",\"Professionisti\",\"Salute e benessere\",\"Societ\u00e0\",\"Tutela e denunce\"],\"inLanguage\":\"it-IT\",\"potentialAction\":[{\"@type\":\"CommentAction\",\"name\":\"Comment\",\"target\":[\"https:\\\/\\\/www.article-marketing.eu\\\/comunicatistampa\\\/emmanuele-em314-macaluso-supporta-la-campagna-di-farmacovigilanza-sui-minori-giu-le-mani-dai-bambini-onlus\\\/#respond\"]}]},{\"@type\":\"WebPage\",\"@id\":\"https:\\\/\\\/www.article-marketing.eu\\\/comunicatistampa\\\/emmanuele-em314-macaluso-supporta-la-campagna-di-farmacovigilanza-sui-minori-giu-le-mani-dai-bambini-onlus\\\/\",\"url\":\"https:\\\/\\\/www.article-marketing.eu\\\/comunicatistampa\\\/emmanuele-em314-macaluso-supporta-la-campagna-di-farmacovigilanza-sui-minori-giu-le-mani-dai-bambini-onlus\\\/\",\"name\":\"Emmanuele \u201cEM314\u201d Macaluso supporta la campagna di farmacovigilanza sui minori Gi\u00f9 le Mani dai Bambini ONLUS\",\"isPartOf\":{\"@id\":\"https:\\\/\\\/www.article-marketing.eu\\\/comunicatistampa\\\/#website\"},\"datePublished\":\"2022-04-09T14:05:03+00:00\",\"author\":{\"@id\":\"https:\\\/\\\/www.article-marketing.eu\\\/comunicatistampa\\\/#\\\/schema\\\/person\\\/0097d43b57e97ad86cc1ef1ade5ab3b9\"},\"breadcrumb\":{\"@id\":\"https:\\\/\\\/www.article-marketing.eu\\\/comunicatistampa\\\/emmanuele-em314-macaluso-supporta-la-campagna-di-farmacovigilanza-sui-minori-giu-le-mani-dai-bambini-onlus\\\/#breadcrumb\"},\"inLanguage\":\"it-IT\",\"potentialAction\":[{\"@type\":\"ReadAction\",\"target\":[\"https:\\\/\\\/www.article-marketing.eu\\\/comunicatistampa\\\/emmanuele-em314-macaluso-supporta-la-campagna-di-farmacovigilanza-sui-minori-giu-le-mani-dai-bambini-onlus\\\/\"]}]},{\"@type\":\"BreadcrumbList\",\"@id\":\"https:\\\/\\\/www.article-marketing.eu\\\/comunicatistampa\\\/emmanuele-em314-macaluso-supporta-la-campagna-di-farmacovigilanza-sui-minori-giu-le-mani-dai-bambini-onlus\\\/#breadcrumb\",\"itemListElement\":[{\"@type\":\"ListItem\",\"position\":1,\"name\":\"Home\",\"item\":\"https:\\\/\\\/www.article-marketing.eu\\\/comunicatistampa\\\/\"},{\"@type\":\"ListItem\",\"position\":2,\"name\":\"Emmanuele \u201cEM314\u201d Macaluso supporta la campagna di farmacovigilanza sui minori Gi\u00f9 le Mani dai Bambini ONLUS\"}]},{\"@type\":\"WebSite\",\"@id\":\"https:\\\/\\\/www.article-marketing.eu\\\/comunicatistampa\\\/#website\",\"url\":\"https:\\\/\\\/www.article-marketing.eu\\\/comunicatistampa\\\/\",\"name\":\"Article Marketing\",\"description\":\"article marketing &amp; press release\",\"potentialAction\":[{\"@type\":\"SearchAction\",\"target\":{\"@type\":\"EntryPoint\",\"urlTemplate\":\"https:\\\/\\\/www.article-marketing.eu\\\/comunicatistampa\\\/?s={search_term_string}\"},\"query-input\":{\"@type\":\"PropertyValueSpecification\",\"valueRequired\":true,\"valueName\":\"search_term_string\"}}],\"inLanguage\":\"it-IT\"},{\"@type\":\"Person\",\"@id\":\"https:\\\/\\\/www.article-marketing.eu\\\/comunicatistampa\\\/#\\\/schema\\\/person\\\/0097d43b57e97ad86cc1ef1ade5ab3b9\",\"name\":\"cosmosmedia\",\"image\":{\"@type\":\"ImageObject\",\"inLanguage\":\"it-IT\",\"@id\":\"https:\\\/\\\/secure.gravatar.com\\\/avatar\\\/dab897c95700f34c5341a7f7dafb77fb04c9ebdda4b4b86decbbe6731e56a3cc?s=96&d=mm&r=g\",\"url\":\"https:\\\/\\\/secure.gravatar.com\\\/avatar\\\/dab897c95700f34c5341a7f7dafb77fb04c9ebdda4b4b86decbbe6731e56a3cc?s=96&d=mm&r=g\",\"contentUrl\":\"https:\\\/\\\/secure.gravatar.com\\\/avatar\\\/dab897c95700f34c5341a7f7dafb77fb04c9ebdda4b4b86decbbe6731e56a3cc?s=96&d=mm&r=g\",\"caption\":\"cosmosmedia\"},\"url\":\"https:\\\/\\\/www.article-marketing.eu\\\/comunicatistampa\\\/author\\\/cosmosmedia\\\/\"}]}<\/script>\n<!-- \/ Yoast SEO plugin. -->","yoast_head_json":{"title":"Emmanuele \u201cEM314\u201d Macaluso supporta la campagna di farmacovigilanza sui minori Gi\u00f9 le Mani dai Bambini ONLUS","robots":{"index":"index","follow":"follow","max-snippet":"max-snippet:-1","max-image-preview":"max-image-preview:large","max-video-preview":"max-video-preview:-1"},"canonical":"https:\/\/www.article-marketing.eu\/comunicatistampa\/emmanuele-em314-macaluso-supporta-la-campagna-di-farmacovigilanza-sui-minori-giu-le-mani-dai-bambini-onlus\/","og_locale":"it_IT","og_type":"article","og_title":"Emmanuele \u201cEM314\u201d Macaluso supporta la campagna di farmacovigilanza sui minori Gi\u00f9 le Mani dai Bambini ONLUS","og_description":"Continua dal 2008 il sostegno di Emmanuele \u201cEM314\u201d Macaluso nei confronti della campagna di farmacovigilanza sui minori Gi\u00f9leManidaiBambini ONLUS. Quest\u2019anno con una campagna social per destinare il 5 x 1000 a favore della Campagna. &nbsp; Una collaborazione lunga quasi 15 anni lega l\u2019atleta pi\u00f9 green e sostenibile d\u2019Italia e la pi\u00f9 importante campagna di farmacovigilanza in Italia, con focus sul contrasto all\u2019abuso di psicofarmaci in et\u00e0 pediatrica. Era infatti ilContinue reading...","og_url":"https:\/\/www.article-marketing.eu\/comunicatistampa\/emmanuele-em314-macaluso-supporta-la-campagna-di-farmacovigilanza-sui-minori-giu-le-mani-dai-bambini-onlus\/","og_site_name":"Article Marketing","article_published_time":"2022-04-09T14:05:03+00:00","author":"cosmosmedia","twitter_card":"summary_large_image","twitter_misc":{"Scritto da":"cosmosmedia","Tempo di lettura stimato":"2 minuti"},"schema":{"@context":"https:\/\/schema.org","@graph":[{"@type":"Article","@id":"https:\/\/www.article-marketing.eu\/comunicatistampa\/emmanuele-em314-macaluso-supporta-la-campagna-di-farmacovigilanza-sui-minori-giu-le-mani-dai-bambini-onlus\/#article","isPartOf":{"@id":"https:\/\/www.article-marketing.eu\/comunicatistampa\/emmanuele-em314-macaluso-supporta-la-campagna-di-farmacovigilanza-sui-minori-giu-le-mani-dai-bambini-onlus\/"},"author":{"name":"cosmosmedia","@id":"https:\/\/www.article-marketing.eu\/comunicatistampa\/#\/schema\/person\/0097d43b57e97ad86cc1ef1ade5ab3b9"},"headline":"Emmanuele \u201cEM314\u201d Macaluso supporta la campagna di farmacovigilanza sui minori Gi\u00f9 le Mani dai Bambini ONLUS","datePublished":"2022-04-09T14:05:03+00:00","mainEntityOfPage":{"@id":"https:\/\/www.article-marketing.eu\/comunicatistampa\/emmanuele-em314-macaluso-supporta-la-campagna-di-farmacovigilanza-sui-minori-giu-le-mani-dai-bambini-onlus\/"},"wordCount":422,"commentCount":0,"keywords":["5 x 1000","atleta","atleta pi\u00f9 green d\u2019italia","csr","EM314","emmanuele macaluso","farmacovigilanza","gi\u00f9 le mani dai bambini","gi\u00f9lemanidaibambini","mtb","onlus","responsabilit\u00e0 sociale","sostenibilie","sostenibilit\u00e0"],"articleSection":["Comunicati stampa","Medicina","Natura","Persone","Professionisti","Salute e benessere","Societ\u00e0","Tutela e denunce"],"inLanguage":"it-IT","potentialAction":[{"@type":"CommentAction","name":"Comment","target":["https:\/\/www.article-marketing.eu\/comunicatistampa\/emmanuele-em314-macaluso-supporta-la-campagna-di-farmacovigilanza-sui-minori-giu-le-mani-dai-bambini-onlus\/#respond"]}]},{"@type":"WebPage","@id":"https:\/\/www.article-marketing.eu\/comunicatistampa\/emmanuele-em314-macaluso-supporta-la-campagna-di-farmacovigilanza-sui-minori-giu-le-mani-dai-bambini-onlus\/","url":"https:\/\/www.article-marketing.eu\/comunicatistampa\/emmanuele-em314-macaluso-supporta-la-campagna-di-farmacovigilanza-sui-minori-giu-le-mani-dai-bambini-onlus\/","name":"Emmanuele \u201cEM314\u201d Macaluso supporta la campagna di farmacovigilanza sui minori Gi\u00f9 le Mani dai Bambini ONLUS","isPartOf":{"@id":"https:\/\/www.article-marketing.eu\/comunicatistampa\/#website"},"datePublished":"2022-04-09T14:05:03+00:00","author":{"@id":"https:\/\/www.article-marketing.eu\/comunicatistampa\/#\/schema\/person\/0097d43b57e97ad86cc1ef1ade5ab3b9"},"breadcrumb":{"@id":"https:\/\/www.article-marketing.eu\/comunicatistampa\/emmanuele-em314-macaluso-supporta-la-campagna-di-farmacovigilanza-sui-minori-giu-le-mani-dai-bambini-onlus\/#breadcrumb"},"inLanguage":"it-IT","potentialAction":[{"@type":"ReadAction","target":["https:\/\/www.article-marketing.eu\/comunicatistampa\/emmanuele-em314-macaluso-supporta-la-campagna-di-farmacovigilanza-sui-minori-giu-le-mani-dai-bambini-onlus\/"]}]},{"@type":"BreadcrumbList","@id":"https:\/\/www.article-marketing.eu\/comunicatistampa\/emmanuele-em314-macaluso-supporta-la-campagna-di-farmacovigilanza-sui-minori-giu-le-mani-dai-bambini-onlus\/#breadcrumb","itemListElement":[{"@type":"ListItem","position":1,"name":"Home","item":"https:\/\/www.article-marketing.eu\/comunicatistampa\/"},{"@type":"ListItem","position":2,"name":"Emmanuele \u201cEM314\u201d Macaluso supporta la campagna di farmacovigilanza sui minori Gi\u00f9 le Mani dai Bambini ONLUS"}]},{"@type":"WebSite","@id":"https:\/\/www.article-marketing.eu\/comunicatistampa\/#website","url":"https:\/\/www.article-marketing.eu\/comunicatistampa\/","name":"Article Marketing","description":"article marketing &amp; press release","potentialAction":[{"@type":"SearchAction","target":{"@type":"EntryPoint","urlTemplate":"https:\/\/www.article-marketing.eu\/comunicatistampa\/?s={search_term_string}"},"query-input":{"@type":"PropertyValueSpecification","valueRequired":true,"valueName":"search_term_string"}}],"inLanguage":"it-IT"},{"@type":"Person","@id":"https:\/\/www.article-marketing.eu\/comunicatistampa\/#\/schema\/person\/0097d43b57e97ad86cc1ef1ade5ab3b9","name":"cosmosmedia","image":{"@type":"ImageObject","inLanguage":"it-IT","@id":"https:\/\/secure.gravatar.com\/avatar\/dab897c95700f34c5341a7f7dafb77fb04c9ebdda4b4b86decbbe6731e56a3cc?s=96&d=mm&r=g","url":"https:\/\/secure.gravatar.com\/avatar\/dab897c95700f34c5341a7f7dafb77fb04c9ebdda4b4b86decbbe6731e56a3cc?s=96&d=mm&r=g","contentUrl":"https:\/\/secure.gravatar.com\/avatar\/dab897c95700f34c5341a7f7dafb77fb04c9ebdda4b4b86decbbe6731e56a3cc?s=96&d=mm&r=g","caption":"cosmosmedia"},"url":"https:\/\/www.article-marketing.eu\/comunicatistampa\/author\/cosmosmedia\/"}]}},"_links":{"self":[{"href":"https:\/\/www.article-marketing.eu\/comunicatistampa\/wp-json\/wp\/v2\/posts\/22480","targetHints":{"allow":["GET"]}}],"collection":[{"href":"https:\/\/www.article-marketing.eu\/comunicatistampa\/wp-json\/wp\/v2\/posts"}],"about":[{"href":"https:\/\/www.article-marketing.eu\/comunicatistampa\/wp-json\/wp\/v2\/types\/post"}],"author":[{"embeddable":true,"href":"https:\/\/www.article-marketing.eu\/comunicatistampa\/wp-json\/wp\/v2\/users\/966"}],"replies":[{"embeddable":true,"href":"https:\/\/www.article-marketing.eu\/comunicatistampa\/wp-json\/wp\/v2\/comments?post=22480"}],"version-history":[{"count":3,"href":"https:\/\/www.article-marketing.eu\/comunicatistampa\/wp-json\/wp\/v2\/posts\/22480\/revisions"}],"predecessor-version":[{"id":22523,"href":"https:\/\/www.article-marketing.eu\/comunicatistampa\/wp-json\/wp\/v2\/posts\/22480\/revisions\/22523"}],"wp:attachment":[{"href":"https:\/\/www.article-marketing.eu\/comunicatistampa\/wp-json\/wp\/v2\/media?parent=22480"}],"wp:term":[{"taxonomy":"category","embeddable":true,"href":"https:\/\/www.article-marketing.eu\/comunicatistampa\/wp-json\/wp\/v2\/categories?post=22480"},{"taxonomy":"post_tag","embeddable":true,"href":"https:\/\/www.article-marketing.eu\/comunicatistampa\/wp-json\/wp\/v2\/tags?post=22480"}],"curies":[{"name":"wp","href":"https:\/\/api.w.org\/{rel}","templated":true}]}}