{"id":22495,"date":"2022-04-09T19:12:58","date_gmt":"2022-04-09T17:12:58","guid":{"rendered":"https:\/\/www.article-marketing.eu\/comunicatistampa\/?p=22495"},"modified":"2022-04-09T19:12:58","modified_gmt":"2022-04-09T17:12:58","slug":"the-bravo-il-coraggio-fa-901","status":"publish","type":"post","link":"https:\/\/www.article-marketing.eu\/comunicatistampa\/the-bravo-il-coraggio-fa-901\/","title":{"rendered":"The Bravo, Il Coraggio fa 90+1"},"content":{"rendered":"<p style=\"text-align: center;\">il nuovo singolo del duo salentino<\/p>\n<p><img loading=\"lazy\" decoding=\"async\" class=\"aligncenter\" src=\"https:\/\/www.joyfreepress.com\/wp-content\/uploads\/2022\/04\/Il-coraggio-fa-901.jpg\" width=\"330\" height=\"330\" \/><\/p>\n<p>\u201cIl coraggio fa 90+1\u201d \u00e8 il nuovo singolo del Duo Artistico salentino \u201cThe Bravo\u201d, formato dai fratelli Andrea e Simone Cassano. Cresciuti con la musica e la voglia di riscatto dopo un&#8217;infanzia difficile, Andrea e Simone si sono sempre cimentati con la scrittura, spaziando dalla musica leggera fino alle pi\u00f9 moderne forme di espressione vocale dove le incursioni nell&#8217;Elettro\/Pop internazionale si \u00e8 mescolato alla loro radice stilistica che affonda nell&#8217;R&amp;B pi\u00f9 classico.<\/p>\n<p>Con notevole determinazione e sacrifici hanno frequentato la prestigiosa Accademia leccese della Vocal Coach Elisabetta Guido, affinando tecnica e capacit\u00e0 interpretativa che hanno focalizzato nelle loro stesse canzoni, creazioni fortemente ispirate alla loro quotidianit\u00e0 e condizione giovanile. Dopo aver debuttato nel 2020 con \u201cChe me ne fotte\u201d ed il brano estivo \u201cUn tuffo in Salento\u201d a cui \u00e8 seguito \u201cA fuego lento\u201d nell&#8217;estate del 2021, i The Bravo ora ci propongono un brano dove ritornano alle loro sonorit\u00e0 pi\u00f9 autentiche, intessute di ricerca sonora nell&#8217;elettronica e nella tensione narrativa della melodia.<\/p>\n<p>Ecco quello che ci dicono gli stessi Andrea e Simone a riguardo della loro canzone: \u201cIl brano &#8220;il coraggio fa 90 + 1&#8221; \u00e8 un pezzo di cuore che custodivamo gelosamente, come un figlio che adesso per\u00f2 \u00e8 pronto a volare. Innanzitutto GRAZIE mamma per esistere perch\u00e9 senza di te non sarebbe esistita questa canzone che parla proprio di te e del tuo coraggio, ti amiamo\u201d.<\/p>\n<p>I The Bravo ci spiegano i motivi di questa dedica e delle profonde motivazioni che hanno portato alla composizione di questa loro canzone: \u201cAbbiamo avuto una crescita difficile a causa del nostro patrigno e la protezione della mamma \u00e8 stata la nostra salvezza in quegli anni; seppur di nascosto, lei non ci ha mai privati della sua tenerezza, fino a quando non abbiamo potuto portare lontano da lui le nostre vite. Vogliamo ringraziare anche il nostro Produttore Artistico\/Esec\u00ecutivo nonch\u00e9 Arrangiatore, il M\u00b0 Ermanno Corrado con tutta la sua Corrado Productions ed il Team della ns. Etichetta Sonos Music Records che hanno sempre creduto in noi\u201d.<\/p>\n<p><a href=\"http:\/\/www.instagram.com\/thebravo_official\">http:\/\/www.instagram.com\/thebravo_official<\/a><br \/>\n<a href=\"https:\/\/www.facebook.com\/thebravoduo\/\">\u2028https:\/\/www.facebook.com\/thebravoduo\/<\/a><\/p>\n<p>\u00a92022 Edizioni Musicali MAFFUCCI MUSIC \u2013 Il coraggio fa 90+1 (Andrea Cassano \/ Simone Cassano)<br \/>\n(P)2022 \u201cSONOS MUSIC RECORDS\u201d (Maffucci Music) under direct License by CORRADO PRODUCTION<\/p>\n","protected":false},"excerpt":{"rendered":"<p>il nuovo singolo del duo salentino \u201cIl coraggio fa 90+1\u201d \u00e8 il nuovo singolo del Duo Artistico salentino \u201cThe Bravo\u201d, formato dai fratelli Andrea e Simone Cassano. Cresciuti con la musica e la voglia di riscatto dopo un&#8217;infanzia difficile, Andrea e Simone si sono sempre cimentati con la scrittura, spaziando dalla musica leggera fino alle pi\u00f9 moderne forme di espressione vocale dove le incursioni nell&#8217;Elettro\/Pop internazionale si \u00e8 mescolato alla<\/p>\n<p><a class=\"continue-reading\" href=\"https:\/\/www.article-marketing.eu\/comunicatistampa\/the-bravo-il-coraggio-fa-901\/\">Continue reading&#8230;<\/a><\/p>\n","protected":false},"author":1680,"featured_media":0,"comment_status":"open","ping_status":"open","sticky":false,"template":"","format":"standard","meta":{"_monsterinsights_skip_tracking":false,"_monsterinsights_sitenote_active":false,"_monsterinsights_sitenote_note":"","_monsterinsights_sitenote_category":0,"footnotes":""},"categories":[411],"tags":[7378,2874,3522,9490],"class_list":["post-22495","post","type-post","status-publish","format-standard","hentry","category-musica","tag-nuovo","tag-radio","tag-singolo","tag-the-bravo"],"yoast_head":"<!-- This site is optimized with the Yoast SEO plugin v27.3 - https:\/\/yoast.com\/product\/yoast-seo-wordpress\/ -->\n<title>The Bravo, Il Coraggio fa 90+1 - Article Marketing<\/title>\n<meta name=\"robots\" content=\"index, follow, max-snippet:-1, max-image-preview:large, max-video-preview:-1\" \/>\n<link rel=\"canonical\" href=\"https:\/\/www.article-marketing.eu\/comunicatistampa\/the-bravo-il-coraggio-fa-901\/\" \/>\n<meta property=\"og:locale\" content=\"it_IT\" \/>\n<meta property=\"og:type\" content=\"article\" \/>\n<meta property=\"og:title\" content=\"The Bravo, Il Coraggio fa 90+1 - Article Marketing\" \/>\n<meta property=\"og:description\" content=\"il nuovo singolo del duo salentino \u201cIl coraggio fa 90+1\u201d \u00e8 il nuovo singolo del Duo Artistico salentino \u201cThe Bravo\u201d, formato dai fratelli Andrea e Simone Cassano. Cresciuti con la musica e la voglia di riscatto dopo un&#8217;infanzia difficile, Andrea e Simone si sono sempre cimentati con la scrittura, spaziando dalla musica leggera fino alle pi\u00f9 moderne forme di espressione vocale dove le incursioni nell&#8217;Elettro\/Pop internazionale si \u00e8 mescolato allaContinue reading...\" \/>\n<meta property=\"og:url\" content=\"https:\/\/www.article-marketing.eu\/comunicatistampa\/the-bravo-il-coraggio-fa-901\/\" \/>\n<meta property=\"og:site_name\" content=\"Article Marketing\" \/>\n<meta property=\"article:published_time\" content=\"2022-04-09T17:12:58+00:00\" \/>\n<meta property=\"og:image\" content=\"https:\/\/www.joyfreepress.com\/wp-content\/uploads\/2022\/04\/Il-coraggio-fa-901.jpg\" \/>\n<meta name=\"author\" content=\"Micro961\" \/>\n<meta name=\"twitter:card\" content=\"summary_large_image\" \/>\n<meta name=\"twitter:label1\" content=\"Scritto da\" \/>\n\t<meta name=\"twitter:data1\" content=\"Micro961\" \/>\n\t<meta name=\"twitter:label2\" content=\"Tempo di lettura stimato\" \/>\n\t<meta name=\"twitter:data2\" content=\"3 minuti\" \/>\n<script type=\"application\/ld+json\" class=\"yoast-schema-graph\">{\"@context\":\"https:\\\/\\\/schema.org\",\"@graph\":[{\"@type\":\"Article\",\"@id\":\"https:\\\/\\\/www.article-marketing.eu\\\/comunicatistampa\\\/the-bravo-il-coraggio-fa-901\\\/#article\",\"isPartOf\":{\"@id\":\"https:\\\/\\\/www.article-marketing.eu\\\/comunicatistampa\\\/the-bravo-il-coraggio-fa-901\\\/\"},\"author\":{\"name\":\"Micro961\",\"@id\":\"https:\\\/\\\/www.article-marketing.eu\\\/comunicatistampa\\\/#\\\/schema\\\/person\\\/9beeb909be59832a9bcbec84cb3786f5\"},\"headline\":\"The Bravo, Il Coraggio fa 90+1\",\"datePublished\":\"2022-04-09T17:12:58+00:00\",\"mainEntityOfPage\":{\"@id\":\"https:\\\/\\\/www.article-marketing.eu\\\/comunicatistampa\\\/the-bravo-il-coraggio-fa-901\\\/\"},\"wordCount\":372,\"commentCount\":0,\"image\":{\"@id\":\"https:\\\/\\\/www.article-marketing.eu\\\/comunicatistampa\\\/the-bravo-il-coraggio-fa-901\\\/#primaryimage\"},\"thumbnailUrl\":\"https:\\\/\\\/www.joyfreepress.com\\\/wp-content\\\/uploads\\\/2022\\\/04\\\/Il-coraggio-fa-901.jpg\",\"keywords\":[\"Nuovo\",\"radio\",\"Singolo\",\"The Bravo\"],\"articleSection\":[\"Musica\"],\"inLanguage\":\"it-IT\",\"potentialAction\":[{\"@type\":\"CommentAction\",\"name\":\"Comment\",\"target\":[\"https:\\\/\\\/www.article-marketing.eu\\\/comunicatistampa\\\/the-bravo-il-coraggio-fa-901\\\/#respond\"]}]},{\"@type\":\"WebPage\",\"@id\":\"https:\\\/\\\/www.article-marketing.eu\\\/comunicatistampa\\\/the-bravo-il-coraggio-fa-901\\\/\",\"url\":\"https:\\\/\\\/www.article-marketing.eu\\\/comunicatistampa\\\/the-bravo-il-coraggio-fa-901\\\/\",\"name\":\"The Bravo, Il Coraggio fa 90+1 - Article Marketing\",\"isPartOf\":{\"@id\":\"https:\\\/\\\/www.article-marketing.eu\\\/comunicatistampa\\\/#website\"},\"primaryImageOfPage\":{\"@id\":\"https:\\\/\\\/www.article-marketing.eu\\\/comunicatistampa\\\/the-bravo-il-coraggio-fa-901\\\/#primaryimage\"},\"image\":{\"@id\":\"https:\\\/\\\/www.article-marketing.eu\\\/comunicatistampa\\\/the-bravo-il-coraggio-fa-901\\\/#primaryimage\"},\"thumbnailUrl\":\"https:\\\/\\\/www.joyfreepress.com\\\/wp-content\\\/uploads\\\/2022\\\/04\\\/Il-coraggio-fa-901.jpg\",\"datePublished\":\"2022-04-09T17:12:58+00:00\",\"author\":{\"@id\":\"https:\\\/\\\/www.article-marketing.eu\\\/comunicatistampa\\\/#\\\/schema\\\/person\\\/9beeb909be59832a9bcbec84cb3786f5\"},\"breadcrumb\":{\"@id\":\"https:\\\/\\\/www.article-marketing.eu\\\/comunicatistampa\\\/the-bravo-il-coraggio-fa-901\\\/#breadcrumb\"},\"inLanguage\":\"it-IT\",\"potentialAction\":[{\"@type\":\"ReadAction\",\"target\":[\"https:\\\/\\\/www.article-marketing.eu\\\/comunicatistampa\\\/the-bravo-il-coraggio-fa-901\\\/\"]}]},{\"@type\":\"ImageObject\",\"inLanguage\":\"it-IT\",\"@id\":\"https:\\\/\\\/www.article-marketing.eu\\\/comunicatistampa\\\/the-bravo-il-coraggio-fa-901\\\/#primaryimage\",\"url\":\"https:\\\/\\\/www.joyfreepress.com\\\/wp-content\\\/uploads\\\/2022\\\/04\\\/Il-coraggio-fa-901.jpg\",\"contentUrl\":\"https:\\\/\\\/www.joyfreepress.com\\\/wp-content\\\/uploads\\\/2022\\\/04\\\/Il-coraggio-fa-901.jpg\"},{\"@type\":\"BreadcrumbList\",\"@id\":\"https:\\\/\\\/www.article-marketing.eu\\\/comunicatistampa\\\/the-bravo-il-coraggio-fa-901\\\/#breadcrumb\",\"itemListElement\":[{\"@type\":\"ListItem\",\"position\":1,\"name\":\"Home\",\"item\":\"https:\\\/\\\/www.article-marketing.eu\\\/comunicatistampa\\\/\"},{\"@type\":\"ListItem\",\"position\":2,\"name\":\"The Bravo, Il Coraggio fa 90+1\"}]},{\"@type\":\"WebSite\",\"@id\":\"https:\\\/\\\/www.article-marketing.eu\\\/comunicatistampa\\\/#website\",\"url\":\"https:\\\/\\\/www.article-marketing.eu\\\/comunicatistampa\\\/\",\"name\":\"Article Marketing\",\"description\":\"article marketing &amp; press release\",\"potentialAction\":[{\"@type\":\"SearchAction\",\"target\":{\"@type\":\"EntryPoint\",\"urlTemplate\":\"https:\\\/\\\/www.article-marketing.eu\\\/comunicatistampa\\\/?s={search_term_string}\"},\"query-input\":{\"@type\":\"PropertyValueSpecification\",\"valueRequired\":true,\"valueName\":\"search_term_string\"}}],\"inLanguage\":\"it-IT\"},{\"@type\":\"Person\",\"@id\":\"https:\\\/\\\/www.article-marketing.eu\\\/comunicatistampa\\\/#\\\/schema\\\/person\\\/9beeb909be59832a9bcbec84cb3786f5\",\"name\":\"Micro961\",\"image\":{\"@type\":\"ImageObject\",\"inLanguage\":\"it-IT\",\"@id\":\"https:\\\/\\\/secure.gravatar.com\\\/avatar\\\/cd6f5864b85cc3687c05b2965bb186afcd70a2a89789a156c92a4f1d66e87827?s=96&d=mm&r=g\",\"url\":\"https:\\\/\\\/secure.gravatar.com\\\/avatar\\\/cd6f5864b85cc3687c05b2965bb186afcd70a2a89789a156c92a4f1d66e87827?s=96&d=mm&r=g\",\"contentUrl\":\"https:\\\/\\\/secure.gravatar.com\\\/avatar\\\/cd6f5864b85cc3687c05b2965bb186afcd70a2a89789a156c92a4f1d66e87827?s=96&d=mm&r=g\",\"caption\":\"Micro961\"},\"url\":\"https:\\\/\\\/www.article-marketing.eu\\\/comunicatistampa\\\/author\\\/micro961\\\/\"}]}<\/script>\n<!-- \/ Yoast SEO plugin. -->","yoast_head_json":{"title":"The Bravo, Il Coraggio fa 90+1 - Article Marketing","robots":{"index":"index","follow":"follow","max-snippet":"max-snippet:-1","max-image-preview":"max-image-preview:large","max-video-preview":"max-video-preview:-1"},"canonical":"https:\/\/www.article-marketing.eu\/comunicatistampa\/the-bravo-il-coraggio-fa-901\/","og_locale":"it_IT","og_type":"article","og_title":"The Bravo, Il Coraggio fa 90+1 - Article Marketing","og_description":"il nuovo singolo del duo salentino \u201cIl coraggio fa 90+1\u201d \u00e8 il nuovo singolo del Duo Artistico salentino \u201cThe Bravo\u201d, formato dai fratelli Andrea e Simone Cassano. Cresciuti con la musica e la voglia di riscatto dopo un&#8217;infanzia difficile, Andrea e Simone si sono sempre cimentati con la scrittura, spaziando dalla musica leggera fino alle pi\u00f9 moderne forme di espressione vocale dove le incursioni nell&#8217;Elettro\/Pop internazionale si \u00e8 mescolato allaContinue reading...","og_url":"https:\/\/www.article-marketing.eu\/comunicatistampa\/the-bravo-il-coraggio-fa-901\/","og_site_name":"Article Marketing","article_published_time":"2022-04-09T17:12:58+00:00","og_image":[{"url":"https:\/\/www.joyfreepress.com\/wp-content\/uploads\/2022\/04\/Il-coraggio-fa-901.jpg","type":"","width":"","height":""}],"author":"Micro961","twitter_card":"summary_large_image","twitter_misc":{"Scritto da":"Micro961","Tempo di lettura stimato":"3 minuti"},"schema":{"@context":"https:\/\/schema.org","@graph":[{"@type":"Article","@id":"https:\/\/www.article-marketing.eu\/comunicatistampa\/the-bravo-il-coraggio-fa-901\/#article","isPartOf":{"@id":"https:\/\/www.article-marketing.eu\/comunicatistampa\/the-bravo-il-coraggio-fa-901\/"},"author":{"name":"Micro961","@id":"https:\/\/www.article-marketing.eu\/comunicatistampa\/#\/schema\/person\/9beeb909be59832a9bcbec84cb3786f5"},"headline":"The Bravo, Il Coraggio fa 90+1","datePublished":"2022-04-09T17:12:58+00:00","mainEntityOfPage":{"@id":"https:\/\/www.article-marketing.eu\/comunicatistampa\/the-bravo-il-coraggio-fa-901\/"},"wordCount":372,"commentCount":0,"image":{"@id":"https:\/\/www.article-marketing.eu\/comunicatistampa\/the-bravo-il-coraggio-fa-901\/#primaryimage"},"thumbnailUrl":"https:\/\/www.joyfreepress.com\/wp-content\/uploads\/2022\/04\/Il-coraggio-fa-901.jpg","keywords":["Nuovo","radio","Singolo","The Bravo"],"articleSection":["Musica"],"inLanguage":"it-IT","potentialAction":[{"@type":"CommentAction","name":"Comment","target":["https:\/\/www.article-marketing.eu\/comunicatistampa\/the-bravo-il-coraggio-fa-901\/#respond"]}]},{"@type":"WebPage","@id":"https:\/\/www.article-marketing.eu\/comunicatistampa\/the-bravo-il-coraggio-fa-901\/","url":"https:\/\/www.article-marketing.eu\/comunicatistampa\/the-bravo-il-coraggio-fa-901\/","name":"The Bravo, Il Coraggio fa 90+1 - Article Marketing","isPartOf":{"@id":"https:\/\/www.article-marketing.eu\/comunicatistampa\/#website"},"primaryImageOfPage":{"@id":"https:\/\/www.article-marketing.eu\/comunicatistampa\/the-bravo-il-coraggio-fa-901\/#primaryimage"},"image":{"@id":"https:\/\/www.article-marketing.eu\/comunicatistampa\/the-bravo-il-coraggio-fa-901\/#primaryimage"},"thumbnailUrl":"https:\/\/www.joyfreepress.com\/wp-content\/uploads\/2022\/04\/Il-coraggio-fa-901.jpg","datePublished":"2022-04-09T17:12:58+00:00","author":{"@id":"https:\/\/www.article-marketing.eu\/comunicatistampa\/#\/schema\/person\/9beeb909be59832a9bcbec84cb3786f5"},"breadcrumb":{"@id":"https:\/\/www.article-marketing.eu\/comunicatistampa\/the-bravo-il-coraggio-fa-901\/#breadcrumb"},"inLanguage":"it-IT","potentialAction":[{"@type":"ReadAction","target":["https:\/\/www.article-marketing.eu\/comunicatistampa\/the-bravo-il-coraggio-fa-901\/"]}]},{"@type":"ImageObject","inLanguage":"it-IT","@id":"https:\/\/www.article-marketing.eu\/comunicatistampa\/the-bravo-il-coraggio-fa-901\/#primaryimage","url":"https:\/\/www.joyfreepress.com\/wp-content\/uploads\/2022\/04\/Il-coraggio-fa-901.jpg","contentUrl":"https:\/\/www.joyfreepress.com\/wp-content\/uploads\/2022\/04\/Il-coraggio-fa-901.jpg"},{"@type":"BreadcrumbList","@id":"https:\/\/www.article-marketing.eu\/comunicatistampa\/the-bravo-il-coraggio-fa-901\/#breadcrumb","itemListElement":[{"@type":"ListItem","position":1,"name":"Home","item":"https:\/\/www.article-marketing.eu\/comunicatistampa\/"},{"@type":"ListItem","position":2,"name":"The Bravo, Il Coraggio fa 90+1"}]},{"@type":"WebSite","@id":"https:\/\/www.article-marketing.eu\/comunicatistampa\/#website","url":"https:\/\/www.article-marketing.eu\/comunicatistampa\/","name":"Article Marketing","description":"article marketing &amp; press release","potentialAction":[{"@type":"SearchAction","target":{"@type":"EntryPoint","urlTemplate":"https:\/\/www.article-marketing.eu\/comunicatistampa\/?s={search_term_string}"},"query-input":{"@type":"PropertyValueSpecification","valueRequired":true,"valueName":"search_term_string"}}],"inLanguage":"it-IT"},{"@type":"Person","@id":"https:\/\/www.article-marketing.eu\/comunicatistampa\/#\/schema\/person\/9beeb909be59832a9bcbec84cb3786f5","name":"Micro961","image":{"@type":"ImageObject","inLanguage":"it-IT","@id":"https:\/\/secure.gravatar.com\/avatar\/cd6f5864b85cc3687c05b2965bb186afcd70a2a89789a156c92a4f1d66e87827?s=96&d=mm&r=g","url":"https:\/\/secure.gravatar.com\/avatar\/cd6f5864b85cc3687c05b2965bb186afcd70a2a89789a156c92a4f1d66e87827?s=96&d=mm&r=g","contentUrl":"https:\/\/secure.gravatar.com\/avatar\/cd6f5864b85cc3687c05b2965bb186afcd70a2a89789a156c92a4f1d66e87827?s=96&d=mm&r=g","caption":"Micro961"},"url":"https:\/\/www.article-marketing.eu\/comunicatistampa\/author\/micro961\/"}]}},"_links":{"self":[{"href":"https:\/\/www.article-marketing.eu\/comunicatistampa\/wp-json\/wp\/v2\/posts\/22495","targetHints":{"allow":["GET"]}}],"collection":[{"href":"https:\/\/www.article-marketing.eu\/comunicatistampa\/wp-json\/wp\/v2\/posts"}],"about":[{"href":"https:\/\/www.article-marketing.eu\/comunicatistampa\/wp-json\/wp\/v2\/types\/post"}],"author":[{"embeddable":true,"href":"https:\/\/www.article-marketing.eu\/comunicatistampa\/wp-json\/wp\/v2\/users\/1680"}],"replies":[{"embeddable":true,"href":"https:\/\/www.article-marketing.eu\/comunicatistampa\/wp-json\/wp\/v2\/comments?post=22495"}],"version-history":[{"count":2,"href":"https:\/\/www.article-marketing.eu\/comunicatistampa\/wp-json\/wp\/v2\/posts\/22495\/revisions"}],"predecessor-version":[{"id":22569,"href":"https:\/\/www.article-marketing.eu\/comunicatistampa\/wp-json\/wp\/v2\/posts\/22495\/revisions\/22569"}],"wp:attachment":[{"href":"https:\/\/www.article-marketing.eu\/comunicatistampa\/wp-json\/wp\/v2\/media?parent=22495"}],"wp:term":[{"taxonomy":"category","embeddable":true,"href":"https:\/\/www.article-marketing.eu\/comunicatistampa\/wp-json\/wp\/v2\/categories?post=22495"},{"taxonomy":"post_tag","embeddable":true,"href":"https:\/\/www.article-marketing.eu\/comunicatistampa\/wp-json\/wp\/v2\/tags?post=22495"}],"curies":[{"name":"wp","href":"https:\/\/api.w.org\/{rel}","templated":true}]}}