{"id":22503,"date":"2022-04-09T19:12:40","date_gmt":"2022-04-09T17:12:40","guid":{"rendered":"https:\/\/www.article-marketing.eu\/comunicatistampa\/?p=22503"},"modified":"2022-04-09T19:12:40","modified_gmt":"2022-04-09T17:12:40","slug":"international-jazz-day-roma-elegance-cafe-jazz-club","status":"publish","type":"post","link":"https:\/\/www.article-marketing.eu\/comunicatistampa\/international-jazz-day-roma-elegance-cafe-jazz-club\/","title":{"rendered":"INTERNATIONAL JAZZ DAY ROMA ELEGANCE CAFE&#8217; JAZZ CLUB"},"content":{"rendered":"\r\n<h3>INTERNATIONAL JAZZ DAY ROMA ALL\u2019ELEGANCE CAFE\u2019 JAZZ CLUB<\/h3>\r\n<p>IL 30 aprile l\u2019Elegance Caf\u00e8 jazz club celebra l&#8217; International jazz day\u00a0 Roma con una madrina d\u2019eccezione<\/p>\r\n<p>ADA MONTELLANICO ed il suo omaggio alla grande voce del jazz Billie Holiday<\/p>\r\n<h2>30 aprile ore 21:30 &#8211; International Jazz Day Roma<\/h2>\r\n<p>\u00a0 ADA MONTELLANICO &#8211; omaggio a Billie Holiday<\/p>\r\n<p>Elegance Caf\u00e8 Jazz club | restaurant | cocktail bar<\/p>\r\n<p>Roma &#8211; Via Francesco Carletti, 5\u00a0 Zona Ostiense &#8211; Piramide<\/p>\r\n<p>tel: 06 57284 458 &#8211; +39 379 1360278<\/p>\r\n<p><a href=\"mailto:info@elegancecafe.it\">info@elegancecafe.it<\/a> <a href=\"http:\/\/www.elegancecafe.it\">www.elegancecafe.it<\/a><\/p>\r\n<p><i>INGRESSO CON CONSUMAZIONE OBBLIGATORIA \u20ac25<\/i><\/p>\r\n<p><i>O CENA E CONCERTO (con n. 2 portate scelte alla carta tra antipasti primi e secondi lo spettacolo \u00e8 incluso)<\/i><\/p>\r\n<p class=\"p2\"><span class=\"s1\"><i>No tesseramento <\/i><\/span><\/p>\r\n<ul>\r\n<li class=\"p2\">Ada Montellanico voce<\/li>\r\n<li class=\"p2\">Francesco Negro piano<\/li>\r\n<li class=\"p2\">Jacopo Ferrazza contrabbasso<\/li>\r\n<li class=\"p2\">Ermanno Baron batteria<\/li>\r\n<\/ul>\r\n<p>&nbsp;<\/p>\r\n<p class=\"p2\"><img loading=\"lazy\" decoding=\"async\" class=\"aligncenter\" src=\"https:\/\/www.elegancecafe.it\/wp-content\/uploads\/2022\/04\/international-jazz-day-roma-2022-ada-montellanico-elegance-cafe-jazz-club-212x300.jpg\" alt=\"jazz-day-rome-2022-ada-montellanico-elegance-cafe-jazz-club\" width=\"212\" height=\"300\" \/><\/p>\r\n<p>Ricordate Lezioni Americane? Se Italo Calvino fosse stato un appassionato di jazz, avrebbe di certo celebrato Ada Montellanico quale campionessa insuperabile di \u201cleggerezza\u201d.<\/p>\r\n<p>Non c\u2019\u00e8, infatti, parola pi\u00f9 pertinente per definire il suo tributo discografico a Billie Holiday, ora riproposto in concerto.<\/p>\r\n<h3>Una performance dalla duplice valenza estetica ed emotiva, per ricordare l\u2019incommensurabile genio di Lady Day.<\/h3>\r\n<p>Un omaggio condotto con empatia, introspezione e creativit\u00e0<\/p>\r\n<p>per stabilire con gli standard un rapporto intimo e confidenziale scavando a fondo dentro le radice ritmiche ed armoniche ed infondervi nuova luce.<\/p>\r\n<p>Lo informa una meditata ricerca sulla biografia della Holiday<\/p>\r\n<p>per scorgervi una cangiante cornucopia di stati d\u2019animo gioie profonde e vulnerabili, amare disillusioni, sogni perduti ed effimeri, attualizzati da un gioco di ricreazione volto alla sottile, sapiente variazione.<\/p>\r\n<p>Come valore aggiunto,<strong> la vibrante, calda espressivit\u00e0 della Montellanico<\/strong>, che nelle esibizioni concertistiche compendia la migliore essenza del jazz<\/p>\r\n<blockquote>comunicativa, swing, capacit\u00e0 di trasmettere profonde emozioni, racchiuse nell\u2019attimo irripetibile di aforistici giochi vocali.<\/blockquote>\r\n<p>Tanta sapienza vocale (densit\u00e0, modulazione) e musicale, al servizio di un cuore magnificamente palpitante.<\/p>\r\n<p>Un\u2019artista immaginifica, dalla voce calda, rilassata e colloquiale che fa apparire semplice e naturale (testi, musiche) ci\u00f2 che facile in realt\u00e0 non \u00e8<\/p>\r\n<p>per la gioia di quanti si attendono dalla musica percorsi non convenzionali.<\/p>\r\n<p>Ad accompagnarla in questo imperdibile set nell&#8217; <strong>International Jazz Day\u00a0 Roma all&#8217; Elegance Caf\u00e8 jazz club<\/strong><\/p>\r\n<p>dove saranno eseguiti brani nuovi rispetto all\u2019omaggio discografico uscito allegato a L\u2019Espresso per la serie del \u201cJazz italiano\u201d<\/p>\r\n<p>ci sar\u00e0 il suo quartetto formato dai musicisti pi\u00f9 importanti dell\u2019attuale scena italiana<\/p>\r\n<p>Francesco Negro al pianoforte, Jacopo Ferrazza al contrabbasso e Ermanno Baron alla batteria.<\/p>\r\n<p><a href=\"https:\/\/www.elegancecafe.it\/concerti-jazz-stasera-a-roma\/international-jazz-day-roma-2022-ada-montellanico\/\">Clicca, scopri di pi\u00f9 e prenota all\u2019 Elegance Caf\u00e8 jazz club per l\u2019 international jazz day<\/a><\/p>\r\n<h3>\u00a0<\/h3>\r\n<p><img loading=\"lazy\" decoding=\"async\" class=\"aligncenter\" src=\"https:\/\/www.elegancecafe.it\/wp-content\/uploads\/2022\/04\/eventi-roma-aprile-2022-elegance-cafe-400x400.jpg\" alt=\"eventi-roma-aprile-2022-elegance-cafe\" width=\"400\" height=\"400\" \/><\/p>\r\n<h3>Viaggio tra contaminazioni musicali e gastronomiche per serate di gusto e spettacolo!<\/h3>\r\n<p>Nel cuore del quartiere Ostiense, Elegance Caf\u00e8 \u00e8 l\u2019unico locale di musica dal vivo in grado di attirare sia appassionati ascoltatori che sofisticati gourmand coinvolgendoli in un percorso sensoriale tra sapori e ingredienti italiani uniti a profumi lontani, legati alle terre del jazz.<\/p>\r\n<p><strong>Daria Venuto<\/strong>, direttrice artistica, e <strong>Remo Proietto<\/strong> insieme al giovane chef romano <strong>Marco Roselli<\/strong> hanno creato il club ispirandosi ai format newyorchesi con il plus unico, e tutto italiano, del buon cibo<\/p>\r\n<h3>musica e cucina parlano direttamente al cuore di chi ascolta e assaggia<\/h3>\r\n<p>secondo una filosofia gastronomica che unisce l\u2019emozione del jazz a quella del territorio e che si contamina in un percorso che parte dal Brasile al Sud degli Stati Uniti, dal Caribe fino a New York,<\/p>\r\n<p>dando vita a sempre nuove emozioni e sensazioni!<\/p>\r\n<p>Tra cultura musicale, che caratterizza la proposta artistica del club, e quella culinaria si seguono le contaminazioni tipiche del jazz, conducendo i clienti alla scoperta di sapori legati alle terre in cui questo genere \u00e8 nato.<\/p>\r\n<p>Immaginato proprio <strong>per dare a Roma uno spazio unico e dedicato agli appassionati<\/strong>,<\/p>\r\n<p>il progetto guidato da Daria Venuto e Remo Proietto ha l\u2019obiettivo di aprirsi ai suoi visitatori come <em><strong>un luogo dove trascorrere un\u2019esperienza coinvolgente tra musica, gusto e spettacolo<\/strong><\/em><\/p>\r\n<p>seguendo le orme dei pi\u00f9 famosi locali di musica dal vivo newyorchesi come il <em>Birdland<\/em> o il <em>Blue Note<\/em>.<\/p>\r\n<p>L\u2019inclusione, l\u2019accoglienza e la volont\u00e0 di unire insieme la bellezza delle note e della cucina gourmand, insieme al sofisticato cocktail bar concepito secondo la stessa idea sono il cuore del progetto Elegance Caf\u00e8 Jazz Club dove si compie un viaggio unico tra musica, cibo e drink.<\/p>\r\n<h4>OGNI SERA DAL MARTEDI ALLA DOMENICA all&#8217;Elegance Caf\u00e8 jazz club \u00e8 sempre l&#8217; International Jazz Day<\/h4>\r\n<p>inizia lo spettacolo: cena e concerti live formano un twist irresistibile da vivere e ascoltare in sala, con palco e pianoforte in bella vista, sulla suggestiva balconata o nell\u2019area bar, sorseggiando uno dei tanti cocktail signature presenti in drink list.<\/p>\r\n<p>L&#8217; esperienza gustativa attentamente curata non solo accompagna grandi voci del calibro di <strong>Marta High<\/strong> corista del compianto <strong>James Brown<\/strong> ed il suo trombonista <strong>Fred Wesley<\/strong>\u00a0<\/p>\r\n<p><strong> Vanessa Haynes<\/strong>, voce della celebre band londinese <strong>Incognito<\/strong>,<\/p>\r\n<p><strong>Mariella Nava<\/strong>, passando per <strong>Greg<\/strong> (del duo comico Lillo e Greg), e nomi del jazz mondiale come <strong>Jeremy Pelt,\u00a0 Alex Sipiagin, Dave Liebman<\/strong><\/p>\r\n<p>La possibilit\u00e0 di scoprire accostamenti nuovi e differenti sonorit\u00e0 in cucina viene curata dallo<\/p>\r\n<h4>chef Marco Roselli<\/h4>\r\n<p><img loading=\"lazy\" decoding=\"async\" class=\"aligncenter\" src=\"https:\/\/www.elegancecafe.it\/wp-content\/uploads\/2022\/03\/ristorante-con-musica-dal-vivo-chef-marco-roselli.jpg\" alt=\"ristorante-con-musica-dal-vivo-chef-marco-roselli\" width=\"684\" height=\"1024\" \/> trentenne romano, dopo una lunga esperienza all\u2019estero, ha fatto della sua curiosit\u00e0 e della sua passione per i viaggi, la sua cifra stilistica.<\/p>\r\n<p>La sua cucina si basa sul connubio di sapori autentici e vivaci, di tradizione italiana accostata, in maniera delicata, ai profumi delle terre natie del jazz<\/p>\r\n<p>attraverso <strong><em>Stati Uniti, Caribe, Francia, cultura creola e africana,<\/em><\/strong> il suo men\u00f9 rappresenta un itinerario a tappe per aprire i propri orizzonti.<\/p>\r\n<blockquote>\r\n<p>\u201cEra giusto che ci fosse una figura che incarnasse l\u2019anima del locale e che facesse da raccordo con la sala, con l\u2019atmosfera e, soprattutto, con il pubblico che lo anima ogni giorno\u201d<\/p>\r\n<\/blockquote>\r\n<p>racconta Daria Venuto, spiegando come la scelta sia ricaduta sullo chef Marco Roselli che aveva gi\u00e0 vissuto l\u2019esperienza dell\u2019Elegance Caf\u00e8 sotto la guida dello chef Gabriele Cordaro nel 2019.<\/p>\r\n<p>\u201c<strong>Abbiamo cercato un cuoco che trovasse un\u2019identit\u00e0 di cucina inconfondibile per Elegance<\/strong> &#8211; continuano Daria e Remo.<\/p>\r\n<p>Cos\u00ec abbiamo invitato lo chef a sentirsi libero di esprimersi con libert\u00e0<\/p>\r\n<p>ed \u00e8 stato realizzato un menu realmente vicino all\u2019anima pi\u00f9 profonda del jazz, che segue il fil rouge della contaminazione<\/p>\r\n<p>proprio come succede con questo genere musicale, attingendo elementi dalla cucina creola, francese, americana e sudamericana&#8221;.<\/p>\r\n<p>La ristorazione \u00e8, inoltre, l\u2019ambito di pertinenza di Remo Proietto, che da buon patron si prende cura della sala e presta la massima attenzione a ogni dettaglio<\/p>\r\n<p>non ultima la proposta da lui appositamente studiata per il cocktail bar da <em><strong>esperto sommelier Fis<\/strong><\/em>, ha infatti messo a punto una drink list che si fonda sulla mixology e accompagna sia l\u2019ascolto che le portate del menu.<\/p>\r\n<blockquote>\r\n<h4>Infine, per rendere l\u2019esperienza pienamente soddisfacente, l\u2019acustica del club \u00e8 stata curata nei minimi dettagli da ingegneri specializzati, \u201cal pari di un auditorium\u201d<\/h4>\r\n<\/blockquote>\r\n<p>sottolineano i patron, cos\u00ec come le proposte musicali messe a punto da Daria Venuto che rivelano uno sguardo sempre rivolto alle nuove generazioni del jazz, del latin jazz e dello swing. Scopri tutto il calendario dei concerti all&#8217;Elegance Caf\u00e8 jazz club<\/p>\r\n<h3>PAROLA D\u2019ORDINE: CONTAMINAZIONE (SUL PALCO E IN CUCINA)<\/h3>\r\n<p>L\u2019anima della musica rivive anche attraverso i piatti del menu dell\u2019Elegance Caf\u00e8, dove l\u2019italianit\u00e0 \u00e8 evidente dalla qualit\u00e0 di materie prime selezionate e dalle proposte che si aprono a guizzi internazionali, per un risultato finale colorato, vivace, ricco e tutto da scoprire.<\/p>\r\n<p>\u201c<strong>L\u2019impronta della cucina \u00e8 basata sull\u2019anima di questo jazz club<\/strong> \u2013 spiega lo chef Marco Roselli \u2013 la musica e la cucina vanno di pari passo\u201d.<\/p>\r\n<p>Il mondo \u00e8 protagonista delle sue creazioni, i ricordi che custodisce dai suoi numerosi viaggi, che sin da bambino lo hanno portato ad esplorare luoghi, culture, tradizioni<\/p>\r\n<p>\u201cHo viaggiato tanto e ho ricordi culinari di ogni posto che ho visitato \u2013 spiega lo chef.<\/p>\r\n<h4>nel menu dell\u2019Elegance Caf\u00e8<\/h4>\r\n<p>ho cercato di creare piatti che, ferma la tradizione italiana, potesse realmente far avvicinare ai luoghi d\u2019origine del jazz\u201d. Un obiettivo che si \u00e8 tradotto in piatti come l\u2019 <em>Insalata esotica d\u2019astice<\/em>, che affonda le sue radici nella citt\u00e0 di New Orleans, dove l\u2019astice, sbollentato e poi glassato con burro, paprika e zenzero, \u00e8 presentato in carpaccio, insieme a un\u2019insalata esotica di mango, ananas, misticanza aromatica e gel di mango. Tra i primi, il <em>Risotto spezie e gamberi<\/em> \u00e8 una trasposizione del gumbo, piatto tipico della cucina creola, una sorta di stufato preparato con riso, carne e pesce, in cui le spezie ammorbidiscono i contrasti <img loading=\"lazy\" decoding=\"async\" class=\"aligncenter\" src=\"https:\/\/www.elegancecafe.it\/wp-content\/uploads\/2022\/03\/ristorante-con-musica-dal-vivo-roma.jpg\" alt=\"ristorante-con-musica-dal-vivo-roma\" width=\"819\" height=\"547\" \/> nella versione di Roselli, arriva in tavola un risotto all\u2019italiana che <em>incontra la tradizione creola<\/em>, con le spezie sapientemente utilizzate sotto forma di salse a base di zenzero, aglio nero, sumac e cardamomo, che accompagnano il gambero.<\/p>\r\n<p>Regna tra i secondi il <em>Tonno al cajun<\/em> in cui la parte piccante fa da padrona senza per\u00f2 stordire il palato Roselli utilizza le spezie tipiche della cucina cajun, solitamente dedicate alla carne, per sublimare un pesce nobile e strutturato, accompagnato da ananas piastrato che tira fuori una nota acidula per rinfrescare il piatto.<\/p>\r\n<h5>Le contaminazioni<\/h5>\r\n<p>proseguono anche con la P<em>ancia di maiale<\/em>, salsa creola e lattuga arrosto,<\/p>\r\n<p>che utilizza una salsa solitamente abbinata al pesce, a base di peperoni, pomodoro e funghi, leggermente speziata e agrumata, che si sposa bene con la carne di maiale completa il piatto un trancio di lattuga in osmosi e poi arrostita, che fornisce una perfetta nota vegetale.<\/p>\r\n<p>Anche i dessert sono un viaggio alla scoperta delle tradizioni,<\/p>\r\n<p>dall\u2019italianissima versione dello chef del <em>Su per gi\u00f9 tiramis\u00f9,<\/em> arricchito da note di nocciola per smorzarne la dolcezza<\/p>\r\n<p>al Banana foster, un\u2019interpretazione di un dolce tipico del carnevale di New Orleans, simile alla banana split ma con una crema al posto del gelato.<\/p>\r\n<h5><strong>Le proposte vegan e vegetraiane<\/strong><\/h5>\r\n<p>Il piatto iconico dello Chef \u00e8 una proposta vegetariana: <em>Il giardino di primavera\u00a0<\/em>dove eleganza colori e sapori danzano nel piatto che riesce ad accordare anche le proposte vegan e vegetariane della cucina.<\/p>\r\n<h5>I cicchetti gourmand<\/h5>\r\n<p>Tra le proposte dell\u2019Elegance Caf\u00e8, immancabili i cicchetti, sfizi da gustare prima di cena o per spizzicare qualcosa mentre si ascolta un live, sorseggiando un drink signature del cocktail bar<\/p>\r\n<p>dai Nachos con brandade di baccal\u00e0 e paprika, all\u2019Hummus di ceci al latte di cocco, curry madras e pane guttiao,<\/p>\r\n<p>fino a Non il classico hot dog, con una salsiccia realizzata dallo stesso chef.<\/p>\r\n<h3>Scopri tutto il men\u00f9 dell&#8217;Elegance Caf\u00e8 ideato dallo Chef Marco Roselli<\/h3>\r\n<h4><strong>IL COCKTAIL BAR <\/strong><\/h4>\r\n<p>\u00c8 un tributo agli anni \u201820 del proibizionismo americano e alla Golden Age della musica Jazz, il cocktail bar dell\u2019Elegance Caf\u00e8.<\/p>\r\n<p>Con il suo lungo bancone e gli scaffali ricchi di miscele home made, il regno di Remo Proietto \u00e8 un laboratorio in cui la mixology \u00e8 protagonista.<\/p>\r\n<p>Da <em><strong>esperto sommelier Fis<\/strong><\/em>, il patron ha studiato una drink list eclettica<\/p>\r\n<p>dal <em>Mr. Negroni<\/em> al <em>Pink Provence<\/em> &#8211; alcolico al punto giusto Dal goloso <em>Haiti<\/em> con cacha\u00e7a, sciroppo alla cannella, ananas e passion fruit alla fresca intensit\u00e0 del <em>Tiki Guana<\/em> con rum chiaro e scuro, falernum alla nocciola, orange bowl, pompelmo rosa e maracuja.<\/p>\r\n<p>Cos\u00ec come nei piatti, i differenti aromi impreziosiscono anche i signature drink creati ad hoc, seguendo sempre la ferrea regola del bere bene e di qualit\u00e0.<\/p>\r\n<p>Insieme a questi, non mancano oltre <strong>300 etichette<\/strong> minuziosamente selezionate, per sorseggiare le diverse proposte di<\/p>\r\n<p><strong>gin, whiskey e rum, ma anche tequila, vodka e mezcal, oltre agli amari, ai liquori, ai vermouth e perfino ai sak\u00e8. \u00a0<\/strong><\/p>\r\n<h2>\u00a0<\/h2>\r\n","protected":false},"excerpt":{"rendered":"<p>INTERNATIONAL JAZZ DAY ROMA ALL\u2019ELEGANCE CAFE\u2019 JAZZ CLUB IL 30 aprile l\u2019Elegance Caf\u00e8 jazz club celebra l&#8217; International jazz day\u00a0 Roma con una madrina d\u2019eccezione ADA MONTELLANICO ed il suo omaggio alla grande voce del jazz Billie Holiday 30 aprile ore 21:30 &#8211; International Jazz Day Roma \u00a0 ADA MONTELLANICO &#8211; omaggio a Billie Holiday Elegance Caf\u00e8 Jazz club | restaurant | cocktail bar Roma &#8211; Via Francesco Carletti, 5\u00a0<\/p>\n<p><a class=\"continue-reading\" href=\"https:\/\/www.article-marketing.eu\/comunicatistampa\/international-jazz-day-roma-elegance-cafe-jazz-club\/\">Continue reading&#8230;<\/a><\/p>\n","protected":false},"author":6705,"featured_media":0,"comment_status":"open","ping_status":"open","sticky":false,"template":"","format":"standard","meta":{"_monsterinsights_skip_tracking":false,"_monsterinsights_sitenote_active":false,"_monsterinsights_sitenote_note":"","_monsterinsights_sitenote_category":0,"footnotes":""},"categories":[407,78,392,353,411,351],"tags":[],"class_list":["post-22503","post","type-post","status-publish","format-standard","hentry","category-arte-e-cultura","category-comunicati-stampa","category-eventi","category-intrattenimento","category-musica","category-tempo-libero"],"yoast_head":"<!-- This site is optimized with the Yoast SEO plugin v27.3 - https:\/\/yoast.com\/product\/yoast-seo-wordpress\/ -->\n<title>INTERNATIONAL JAZZ DAY ROMA ELEGANCE CAFE&#039; JAZZ CLUB<\/title>\n<meta name=\"description\" content=\"International jazz day a Roma : il tributo a Billie Holiday all&#039; Elegance Caf\u00e8 con la grandissima ADA MONTELLANICO\" \/>\n<meta name=\"robots\" content=\"index, follow, max-snippet:-1, max-image-preview:large, max-video-preview:-1\" \/>\n<link rel=\"canonical\" href=\"https:\/\/www.article-marketing.eu\/comunicatistampa\/international-jazz-day-roma-elegance-cafe-jazz-club\/\" \/>\n<meta property=\"og:locale\" content=\"it_IT\" \/>\n<meta property=\"og:type\" content=\"article\" \/>\n<meta property=\"og:title\" content=\"INTERNATIONAL JAZZ DAY ROMA ELEGANCE CAFE&#039; JAZZ CLUB\" \/>\n<meta property=\"og:description\" content=\"International jazz day a Roma : il tributo a Billie Holiday all&#039; Elegance Caf\u00e8 con la grandissima ADA MONTELLANICO\" \/>\n<meta property=\"og:url\" content=\"https:\/\/www.article-marketing.eu\/comunicatistampa\/international-jazz-day-roma-elegance-cafe-jazz-club\/\" \/>\n<meta property=\"og:site_name\" content=\"Article Marketing\" \/>\n<meta property=\"article:published_time\" content=\"2022-04-09T17:12:40+00:00\" \/>\n<meta property=\"og:image\" content=\"https:\/\/www.elegancecafe.it\/wp-content\/uploads\/2022\/04\/international-jazz-day-roma-2022-ada-montellanico-elegance-cafe-jazz-club-212x300.jpg\" \/>\n<meta name=\"author\" content=\"Daria\" \/>\n<meta name=\"twitter:card\" content=\"summary_large_image\" \/>\n<meta name=\"twitter:label1\" content=\"Scritto da\" \/>\n\t<meta name=\"twitter:data1\" content=\"Daria\" \/>\n\t<meta name=\"twitter:label2\" content=\"Tempo di lettura stimato\" \/>\n\t<meta name=\"twitter:data2\" content=\"11 minuti\" \/>\n<script type=\"application\/ld+json\" class=\"yoast-schema-graph\">{\"@context\":\"https:\\\/\\\/schema.org\",\"@graph\":[{\"@type\":\"Article\",\"@id\":\"https:\\\/\\\/www.article-marketing.eu\\\/comunicatistampa\\\/international-jazz-day-roma-elegance-cafe-jazz-club\\\/#article\",\"isPartOf\":{\"@id\":\"https:\\\/\\\/www.article-marketing.eu\\\/comunicatistampa\\\/international-jazz-day-roma-elegance-cafe-jazz-club\\\/\"},\"author\":{\"name\":\"Daria\",\"@id\":\"https:\\\/\\\/www.article-marketing.eu\\\/comunicatistampa\\\/#\\\/schema\\\/person\\\/6b14cf0082a25e478b5c62c3d5df7094\"},\"headline\":\"INTERNATIONAL JAZZ DAY ROMA ELEGANCE CAFE&#8217; JAZZ CLUB\",\"datePublished\":\"2022-04-09T17:12:40+00:00\",\"mainEntityOfPage\":{\"@id\":\"https:\\\/\\\/www.article-marketing.eu\\\/comunicatistampa\\\/international-jazz-day-roma-elegance-cafe-jazz-club\\\/\"},\"wordCount\":1885,\"commentCount\":0,\"image\":{\"@id\":\"https:\\\/\\\/www.article-marketing.eu\\\/comunicatistampa\\\/international-jazz-day-roma-elegance-cafe-jazz-club\\\/#primaryimage\"},\"thumbnailUrl\":\"https:\\\/\\\/www.elegancecafe.it\\\/wp-content\\\/uploads\\\/2022\\\/04\\\/international-jazz-day-roma-2022-ada-montellanico-elegance-cafe-jazz-club-212x300.jpg\",\"articleSection\":[\"Arte e cultura\",\"Comunicati stampa\",\"Eventi\",\"Intrattenimento\",\"Musica\",\"Tempo libero\"],\"inLanguage\":\"it-IT\",\"potentialAction\":[{\"@type\":\"CommentAction\",\"name\":\"Comment\",\"target\":[\"https:\\\/\\\/www.article-marketing.eu\\\/comunicatistampa\\\/international-jazz-day-roma-elegance-cafe-jazz-club\\\/#respond\"]}]},{\"@type\":\"WebPage\",\"@id\":\"https:\\\/\\\/www.article-marketing.eu\\\/comunicatistampa\\\/international-jazz-day-roma-elegance-cafe-jazz-club\\\/\",\"url\":\"https:\\\/\\\/www.article-marketing.eu\\\/comunicatistampa\\\/international-jazz-day-roma-elegance-cafe-jazz-club\\\/\",\"name\":\"INTERNATIONAL JAZZ DAY ROMA ELEGANCE CAFE' JAZZ CLUB\",\"isPartOf\":{\"@id\":\"https:\\\/\\\/www.article-marketing.eu\\\/comunicatistampa\\\/#website\"},\"primaryImageOfPage\":{\"@id\":\"https:\\\/\\\/www.article-marketing.eu\\\/comunicatistampa\\\/international-jazz-day-roma-elegance-cafe-jazz-club\\\/#primaryimage\"},\"image\":{\"@id\":\"https:\\\/\\\/www.article-marketing.eu\\\/comunicatistampa\\\/international-jazz-day-roma-elegance-cafe-jazz-club\\\/#primaryimage\"},\"thumbnailUrl\":\"https:\\\/\\\/www.elegancecafe.it\\\/wp-content\\\/uploads\\\/2022\\\/04\\\/international-jazz-day-roma-2022-ada-montellanico-elegance-cafe-jazz-club-212x300.jpg\",\"datePublished\":\"2022-04-09T17:12:40+00:00\",\"author\":{\"@id\":\"https:\\\/\\\/www.article-marketing.eu\\\/comunicatistampa\\\/#\\\/schema\\\/person\\\/6b14cf0082a25e478b5c62c3d5df7094\"},\"description\":\"International jazz day a Roma : il tributo a Billie Holiday all' Elegance Caf\u00e8 con la grandissima ADA MONTELLANICO\",\"breadcrumb\":{\"@id\":\"https:\\\/\\\/www.article-marketing.eu\\\/comunicatistampa\\\/international-jazz-day-roma-elegance-cafe-jazz-club\\\/#breadcrumb\"},\"inLanguage\":\"it-IT\",\"potentialAction\":[{\"@type\":\"ReadAction\",\"target\":[\"https:\\\/\\\/www.article-marketing.eu\\\/comunicatistampa\\\/international-jazz-day-roma-elegance-cafe-jazz-club\\\/\"]}]},{\"@type\":\"ImageObject\",\"inLanguage\":\"it-IT\",\"@id\":\"https:\\\/\\\/www.article-marketing.eu\\\/comunicatistampa\\\/international-jazz-day-roma-elegance-cafe-jazz-club\\\/#primaryimage\",\"url\":\"https:\\\/\\\/www.elegancecafe.it\\\/wp-content\\\/uploads\\\/2022\\\/04\\\/international-jazz-day-roma-2022-ada-montellanico-elegance-cafe-jazz-club-212x300.jpg\",\"contentUrl\":\"https:\\\/\\\/www.elegancecafe.it\\\/wp-content\\\/uploads\\\/2022\\\/04\\\/international-jazz-day-roma-2022-ada-montellanico-elegance-cafe-jazz-club-212x300.jpg\"},{\"@type\":\"BreadcrumbList\",\"@id\":\"https:\\\/\\\/www.article-marketing.eu\\\/comunicatistampa\\\/international-jazz-day-roma-elegance-cafe-jazz-club\\\/#breadcrumb\",\"itemListElement\":[{\"@type\":\"ListItem\",\"position\":1,\"name\":\"Home\",\"item\":\"https:\\\/\\\/www.article-marketing.eu\\\/comunicatistampa\\\/\"},{\"@type\":\"ListItem\",\"position\":2,\"name\":\"INTERNATIONAL JAZZ DAY ROMA ELEGANCE CAFE&#8217; JAZZ CLUB\"}]},{\"@type\":\"WebSite\",\"@id\":\"https:\\\/\\\/www.article-marketing.eu\\\/comunicatistampa\\\/#website\",\"url\":\"https:\\\/\\\/www.article-marketing.eu\\\/comunicatistampa\\\/\",\"name\":\"Article Marketing\",\"description\":\"article marketing &amp; press release\",\"potentialAction\":[{\"@type\":\"SearchAction\",\"target\":{\"@type\":\"EntryPoint\",\"urlTemplate\":\"https:\\\/\\\/www.article-marketing.eu\\\/comunicatistampa\\\/?s={search_term_string}\"},\"query-input\":{\"@type\":\"PropertyValueSpecification\",\"valueRequired\":true,\"valueName\":\"search_term_string\"}}],\"inLanguage\":\"it-IT\"},{\"@type\":\"Person\",\"@id\":\"https:\\\/\\\/www.article-marketing.eu\\\/comunicatistampa\\\/#\\\/schema\\\/person\\\/6b14cf0082a25e478b5c62c3d5df7094\",\"name\":\"Daria\",\"image\":{\"@type\":\"ImageObject\",\"inLanguage\":\"it-IT\",\"@id\":\"https:\\\/\\\/secure.gravatar.com\\\/avatar\\\/2eccc6ed5e7175bc94779f045e17a91534d18b15317dc39572d6e2fee195c90e?s=96&d=mm&r=g\",\"url\":\"https:\\\/\\\/secure.gravatar.com\\\/avatar\\\/2eccc6ed5e7175bc94779f045e17a91534d18b15317dc39572d6e2fee195c90e?s=96&d=mm&r=g\",\"contentUrl\":\"https:\\\/\\\/secure.gravatar.com\\\/avatar\\\/2eccc6ed5e7175bc94779f045e17a91534d18b15317dc39572d6e2fee195c90e?s=96&d=mm&r=g\",\"caption\":\"Daria\"},\"url\":\"https:\\\/\\\/www.article-marketing.eu\\\/comunicatistampa\\\/author\\\/daria\\\/\"}]}<\/script>\n<!-- \/ Yoast SEO plugin. -->","yoast_head_json":{"title":"INTERNATIONAL JAZZ DAY ROMA ELEGANCE CAFE' JAZZ CLUB","description":"International jazz day a Roma : il tributo a Billie Holiday all' Elegance Caf\u00e8 con la grandissima ADA MONTELLANICO","robots":{"index":"index","follow":"follow","max-snippet":"max-snippet:-1","max-image-preview":"max-image-preview:large","max-video-preview":"max-video-preview:-1"},"canonical":"https:\/\/www.article-marketing.eu\/comunicatistampa\/international-jazz-day-roma-elegance-cafe-jazz-club\/","og_locale":"it_IT","og_type":"article","og_title":"INTERNATIONAL JAZZ DAY ROMA ELEGANCE CAFE' JAZZ CLUB","og_description":"International jazz day a Roma : il tributo a Billie Holiday all' Elegance Caf\u00e8 con la grandissima ADA MONTELLANICO","og_url":"https:\/\/www.article-marketing.eu\/comunicatistampa\/international-jazz-day-roma-elegance-cafe-jazz-club\/","og_site_name":"Article Marketing","article_published_time":"2022-04-09T17:12:40+00:00","og_image":[{"url":"https:\/\/www.elegancecafe.it\/wp-content\/uploads\/2022\/04\/international-jazz-day-roma-2022-ada-montellanico-elegance-cafe-jazz-club-212x300.jpg","type":"","width":"","height":""}],"author":"Daria","twitter_card":"summary_large_image","twitter_misc":{"Scritto da":"Daria","Tempo di lettura stimato":"11 minuti"},"schema":{"@context":"https:\/\/schema.org","@graph":[{"@type":"Article","@id":"https:\/\/www.article-marketing.eu\/comunicatistampa\/international-jazz-day-roma-elegance-cafe-jazz-club\/#article","isPartOf":{"@id":"https:\/\/www.article-marketing.eu\/comunicatistampa\/international-jazz-day-roma-elegance-cafe-jazz-club\/"},"author":{"name":"Daria","@id":"https:\/\/www.article-marketing.eu\/comunicatistampa\/#\/schema\/person\/6b14cf0082a25e478b5c62c3d5df7094"},"headline":"INTERNATIONAL JAZZ DAY ROMA ELEGANCE CAFE&#8217; JAZZ CLUB","datePublished":"2022-04-09T17:12:40+00:00","mainEntityOfPage":{"@id":"https:\/\/www.article-marketing.eu\/comunicatistampa\/international-jazz-day-roma-elegance-cafe-jazz-club\/"},"wordCount":1885,"commentCount":0,"image":{"@id":"https:\/\/www.article-marketing.eu\/comunicatistampa\/international-jazz-day-roma-elegance-cafe-jazz-club\/#primaryimage"},"thumbnailUrl":"https:\/\/www.elegancecafe.it\/wp-content\/uploads\/2022\/04\/international-jazz-day-roma-2022-ada-montellanico-elegance-cafe-jazz-club-212x300.jpg","articleSection":["Arte e cultura","Comunicati stampa","Eventi","Intrattenimento","Musica","Tempo libero"],"inLanguage":"it-IT","potentialAction":[{"@type":"CommentAction","name":"Comment","target":["https:\/\/www.article-marketing.eu\/comunicatistampa\/international-jazz-day-roma-elegance-cafe-jazz-club\/#respond"]}]},{"@type":"WebPage","@id":"https:\/\/www.article-marketing.eu\/comunicatistampa\/international-jazz-day-roma-elegance-cafe-jazz-club\/","url":"https:\/\/www.article-marketing.eu\/comunicatistampa\/international-jazz-day-roma-elegance-cafe-jazz-club\/","name":"INTERNATIONAL JAZZ DAY ROMA ELEGANCE CAFE' JAZZ CLUB","isPartOf":{"@id":"https:\/\/www.article-marketing.eu\/comunicatistampa\/#website"},"primaryImageOfPage":{"@id":"https:\/\/www.article-marketing.eu\/comunicatistampa\/international-jazz-day-roma-elegance-cafe-jazz-club\/#primaryimage"},"image":{"@id":"https:\/\/www.article-marketing.eu\/comunicatistampa\/international-jazz-day-roma-elegance-cafe-jazz-club\/#primaryimage"},"thumbnailUrl":"https:\/\/www.elegancecafe.it\/wp-content\/uploads\/2022\/04\/international-jazz-day-roma-2022-ada-montellanico-elegance-cafe-jazz-club-212x300.jpg","datePublished":"2022-04-09T17:12:40+00:00","author":{"@id":"https:\/\/www.article-marketing.eu\/comunicatistampa\/#\/schema\/person\/6b14cf0082a25e478b5c62c3d5df7094"},"description":"International jazz day a Roma : il tributo a Billie Holiday all' Elegance Caf\u00e8 con la grandissima ADA MONTELLANICO","breadcrumb":{"@id":"https:\/\/www.article-marketing.eu\/comunicatistampa\/international-jazz-day-roma-elegance-cafe-jazz-club\/#breadcrumb"},"inLanguage":"it-IT","potentialAction":[{"@type":"ReadAction","target":["https:\/\/www.article-marketing.eu\/comunicatistampa\/international-jazz-day-roma-elegance-cafe-jazz-club\/"]}]},{"@type":"ImageObject","inLanguage":"it-IT","@id":"https:\/\/www.article-marketing.eu\/comunicatistampa\/international-jazz-day-roma-elegance-cafe-jazz-club\/#primaryimage","url":"https:\/\/www.elegancecafe.it\/wp-content\/uploads\/2022\/04\/international-jazz-day-roma-2022-ada-montellanico-elegance-cafe-jazz-club-212x300.jpg","contentUrl":"https:\/\/www.elegancecafe.it\/wp-content\/uploads\/2022\/04\/international-jazz-day-roma-2022-ada-montellanico-elegance-cafe-jazz-club-212x300.jpg"},{"@type":"BreadcrumbList","@id":"https:\/\/www.article-marketing.eu\/comunicatistampa\/international-jazz-day-roma-elegance-cafe-jazz-club\/#breadcrumb","itemListElement":[{"@type":"ListItem","position":1,"name":"Home","item":"https:\/\/www.article-marketing.eu\/comunicatistampa\/"},{"@type":"ListItem","position":2,"name":"INTERNATIONAL JAZZ DAY ROMA ELEGANCE CAFE&#8217; JAZZ CLUB"}]},{"@type":"WebSite","@id":"https:\/\/www.article-marketing.eu\/comunicatistampa\/#website","url":"https:\/\/www.article-marketing.eu\/comunicatistampa\/","name":"Article Marketing","description":"article marketing &amp; press release","potentialAction":[{"@type":"SearchAction","target":{"@type":"EntryPoint","urlTemplate":"https:\/\/www.article-marketing.eu\/comunicatistampa\/?s={search_term_string}"},"query-input":{"@type":"PropertyValueSpecification","valueRequired":true,"valueName":"search_term_string"}}],"inLanguage":"it-IT"},{"@type":"Person","@id":"https:\/\/www.article-marketing.eu\/comunicatistampa\/#\/schema\/person\/6b14cf0082a25e478b5c62c3d5df7094","name":"Daria","image":{"@type":"ImageObject","inLanguage":"it-IT","@id":"https:\/\/secure.gravatar.com\/avatar\/2eccc6ed5e7175bc94779f045e17a91534d18b15317dc39572d6e2fee195c90e?s=96&d=mm&r=g","url":"https:\/\/secure.gravatar.com\/avatar\/2eccc6ed5e7175bc94779f045e17a91534d18b15317dc39572d6e2fee195c90e?s=96&d=mm&r=g","contentUrl":"https:\/\/secure.gravatar.com\/avatar\/2eccc6ed5e7175bc94779f045e17a91534d18b15317dc39572d6e2fee195c90e?s=96&d=mm&r=g","caption":"Daria"},"url":"https:\/\/www.article-marketing.eu\/comunicatistampa\/author\/daria\/"}]}},"_links":{"self":[{"href":"https:\/\/www.article-marketing.eu\/comunicatistampa\/wp-json\/wp\/v2\/posts\/22503","targetHints":{"allow":["GET"]}}],"collection":[{"href":"https:\/\/www.article-marketing.eu\/comunicatistampa\/wp-json\/wp\/v2\/posts"}],"about":[{"href":"https:\/\/www.article-marketing.eu\/comunicatistampa\/wp-json\/wp\/v2\/types\/post"}],"author":[{"embeddable":true,"href":"https:\/\/www.article-marketing.eu\/comunicatistampa\/wp-json\/wp\/v2\/users\/6705"}],"replies":[{"embeddable":true,"href":"https:\/\/www.article-marketing.eu\/comunicatistampa\/wp-json\/wp\/v2\/comments?post=22503"}],"version-history":[{"count":4,"href":"https:\/\/www.article-marketing.eu\/comunicatistampa\/wp-json\/wp\/v2\/posts\/22503\/revisions"}],"predecessor-version":[{"id":22568,"href":"https:\/\/www.article-marketing.eu\/comunicatistampa\/wp-json\/wp\/v2\/posts\/22503\/revisions\/22568"}],"wp:attachment":[{"href":"https:\/\/www.article-marketing.eu\/comunicatistampa\/wp-json\/wp\/v2\/media?parent=22503"}],"wp:term":[{"taxonomy":"category","embeddable":true,"href":"https:\/\/www.article-marketing.eu\/comunicatistampa\/wp-json\/wp\/v2\/categories?post=22503"},{"taxonomy":"post_tag","embeddable":true,"href":"https:\/\/www.article-marketing.eu\/comunicatistampa\/wp-json\/wp\/v2\/tags?post=22503"}],"curies":[{"name":"wp","href":"https:\/\/api.w.org\/{rel}","templated":true}]}}