{"id":22590,"date":"2022-04-13T14:17:59","date_gmt":"2022-04-13T12:17:59","guid":{"rendered":"https:\/\/www.article-marketing.eu\/comunicatistampa\/?p=22590"},"modified":"2022-04-13T14:17:59","modified_gmt":"2022-04-13T12:17:59","slug":"laura-castronuovo-dove-laria-profuma-di-te","status":"publish","type":"post","link":"https:\/\/www.article-marketing.eu\/comunicatistampa\/laura-castronuovo-dove-laria-profuma-di-te\/","title":{"rendered":"Laura Castronuovo, Dove\u00a0l&#8217;aria profuma di te"},"content":{"rendered":"<p style=\"text-align: center;\">\u00e8 in radio il nuovo singolo dell\u2019artista<\/p>\n<p><img loading=\"lazy\" decoding=\"async\" class=\"\" src=\"https:\/\/www.joyfreepress.com\/wp-content\/uploads\/2022\/04\/Cover-Castronuovo-.jpeg\" width=\"391\" height=\"391\" \/><\/p>\n<p>Come uno fiorire primaverile sboccia l\u2019argomento dell\u2019Amore, sentimento tanto complicato quanto vitale nella vita di ognuno di noi e celebrato in tutte le forme d\u2019arte. Ogni artista lo descrive a modo suo e lo fa anche la cantautrice Laura Castronuovo che presenta il nuovo singolo \u201cDove l\u2019aria profuma di te\u201d in rotazione radiofonica da venerd\u00ec\u00a08\u00a0Aprile.<\/p>\n<p>Tormentato o romantico, ribelle o placato l\u2019Amore si presenta con mille sfaccettature; pu\u00f2 arricchire, ma anche distruggere, \u00e8 gioia e paura, \u00e8 traguardi e ostacoli. E\u2019 l\u2019artista stessa che spiega meglio &lt;&lt; \u201cL&#8217; Amore \u00e8 dove senti di essere a casa, quella casa che spesso si costruisce fra le nuvole, quel posto in cui senti di dover abitare, dove l&#8217;aria profuma di chi si ama. Ora so dove abiter\u00f2&#8230;..esattamente \u201cDove l\u2019aria profuma di te\u201d!&gt;&gt; L\u2019Amore resta e rester\u00e0 sempre il motore che d\u00e0 un senso alla vita ed \u00e8 proprio questo che emerge dall\u2019Essere pi\u00f9 profondo come cantautrice di Laura. Gli autori del brano sono Remo Elia e Luca Sala mentre la produzione \u00e8 sotto etichetta\u00a0 \u201cLa Mia Song\u201d.<\/p>\n<p>Classe \u201983, Laura trascorre i primi anni di vita in Germania e quando ritorna con i genitori in Italia, nel piccolo paese d\u2019origine sulle colline lucane, manifesta con decisione il sogno e la passione per la musica ereditati dalla nonna. Laura sente forte l\u2019esigenza di cantare, e la sua bravura comincia ad essere notata in primis dalla famiglia che le fa da pubblico. Ben presto inizia a partecipare ad importanti concorsi come quello di \u201cCastrocaro\u201d e \u201cSanremo Giovani\u201d. Partecipa al \u201cCantagiro del Sud\u201d ed entra a far parte di alcuni gruppi musicali. A causa di un incidente in moto l\u2019artista \u00e8 costretta per un periodo a fermare i suoi progetti musicali. Consegue il diploma e si trasferisce in Lombardia dove inizia a lavorare nel Corpo di Polizia Locale. La musica sembrava essere passata in secondo piano nella sua vita ma, come una fiamma mai spenta del tutto, torna a riaccendersi e cos\u00ec Laura prende in mano una penna e lascia scorrere sulle pagine bianche un fiume di parole che si trasformano ben presto in una canzone, il suo primo inedito dal titolo \u201cAli in Prestito\u201d. A distanza di qualche mese pubblica un secondo brano \u201cDillo alla luna\u201d, un omaggio al meraviglioso mondo magico di questo satellite naturale. A Dicembre 2021 esce \u201cMeritiamo il sole\u201d, brano che affronta un argomento molto sentito dall\u2019artista, quello del conflitto interiore con se stessi e con i genitori durante l\u2019adolescenza dove, in ogni caso, trionfa sempre l\u2019amore. E non poteva essere altrimenti, perch\u00e9 per lei oltre la musica l\u2019Amore \u00e8 tutto.<\/p>\n","protected":false},"excerpt":{"rendered":"<p>\u00e8 in radio il nuovo singolo dell\u2019artista Come uno fiorire primaverile sboccia l\u2019argomento dell\u2019Amore, sentimento tanto complicato quanto vitale nella vita di ognuno di noi e celebrato in tutte le forme d\u2019arte. Ogni artista lo descrive a modo suo e lo fa anche la cantautrice Laura Castronuovo che presenta il nuovo singolo \u201cDove l\u2019aria profuma di te\u201d in rotazione radiofonica da venerd\u00ec\u00a08\u00a0Aprile. Tormentato o romantico, ribelle o placato l\u2019Amore si<\/p>\n<p><a class=\"continue-reading\" href=\"https:\/\/www.article-marketing.eu\/comunicatistampa\/laura-castronuovo-dove-laria-profuma-di-te\/\">Continue reading&#8230;<\/a><\/p>\n","protected":false},"author":1680,"featured_media":0,"comment_status":"open","ping_status":"open","sticky":false,"template":"","format":"standard","meta":{"_monsterinsights_skip_tracking":false,"_monsterinsights_sitenote_active":false,"_monsterinsights_sitenote_note":"","_monsterinsights_sitenote_category":0,"footnotes":""},"categories":[411],"tags":[9527,7378,3522],"class_list":["post-22590","post","type-post","status-publish","format-standard","hentry","category-musica","tag-lauracastronuovo","tag-nuovo","tag-singolo"],"yoast_head":"<!-- This site is optimized with the Yoast SEO plugin v27.3 - https:\/\/yoast.com\/product\/yoast-seo-wordpress\/ -->\n<title>Laura Castronuovo, Dove\u00a0l&#039;aria profuma di te - Article Marketing<\/title>\n<meta name=\"robots\" content=\"index, follow, max-snippet:-1, max-image-preview:large, max-video-preview:-1\" \/>\n<link rel=\"canonical\" href=\"https:\/\/www.article-marketing.eu\/comunicatistampa\/laura-castronuovo-dove-laria-profuma-di-te\/\" \/>\n<meta property=\"og:locale\" content=\"it_IT\" \/>\n<meta property=\"og:type\" content=\"article\" \/>\n<meta property=\"og:title\" content=\"Laura Castronuovo, Dove\u00a0l&#039;aria profuma di te - Article Marketing\" \/>\n<meta property=\"og:description\" content=\"\u00e8 in radio il nuovo singolo dell\u2019artista Come uno fiorire primaverile sboccia l\u2019argomento dell\u2019Amore, sentimento tanto complicato quanto vitale nella vita di ognuno di noi e celebrato in tutte le forme d\u2019arte. Ogni artista lo descrive a modo suo e lo fa anche la cantautrice Laura Castronuovo che presenta il nuovo singolo \u201cDove l\u2019aria profuma di te\u201d in rotazione radiofonica da venerd\u00ec\u00a08\u00a0Aprile. Tormentato o romantico, ribelle o placato l\u2019Amore siContinue reading...\" \/>\n<meta property=\"og:url\" content=\"https:\/\/www.article-marketing.eu\/comunicatistampa\/laura-castronuovo-dove-laria-profuma-di-te\/\" \/>\n<meta property=\"og:site_name\" content=\"Article Marketing\" \/>\n<meta property=\"article:published_time\" content=\"2022-04-13T12:17:59+00:00\" \/>\n<meta property=\"og:image\" content=\"https:\/\/www.joyfreepress.com\/wp-content\/uploads\/2022\/04\/Cover-Castronuovo-.jpeg\" \/>\n<meta name=\"author\" content=\"Micro961\" \/>\n<meta name=\"twitter:card\" content=\"summary_large_image\" \/>\n<meta name=\"twitter:label1\" content=\"Scritto da\" \/>\n\t<meta name=\"twitter:data1\" content=\"Micro961\" \/>\n\t<meta name=\"twitter:label2\" content=\"Tempo di lettura stimato\" \/>\n\t<meta name=\"twitter:data2\" content=\"2 minuti\" \/>\n<script type=\"application\/ld+json\" class=\"yoast-schema-graph\">{\"@context\":\"https:\\\/\\\/schema.org\",\"@graph\":[{\"@type\":\"Article\",\"@id\":\"https:\\\/\\\/www.article-marketing.eu\\\/comunicatistampa\\\/laura-castronuovo-dove-laria-profuma-di-te\\\/#article\",\"isPartOf\":{\"@id\":\"https:\\\/\\\/www.article-marketing.eu\\\/comunicatistampa\\\/laura-castronuovo-dove-laria-profuma-di-te\\\/\"},\"author\":{\"name\":\"Micro961\",\"@id\":\"https:\\\/\\\/www.article-marketing.eu\\\/comunicatistampa\\\/#\\\/schema\\\/person\\\/9beeb909be59832a9bcbec84cb3786f5\"},\"headline\":\"Laura Castronuovo, Dove\u00a0l&#8217;aria profuma di te\",\"datePublished\":\"2022-04-13T12:17:59+00:00\",\"mainEntityOfPage\":{\"@id\":\"https:\\\/\\\/www.article-marketing.eu\\\/comunicatistampa\\\/laura-castronuovo-dove-laria-profuma-di-te\\\/\"},\"wordCount\":456,\"commentCount\":0,\"image\":{\"@id\":\"https:\\\/\\\/www.article-marketing.eu\\\/comunicatistampa\\\/laura-castronuovo-dove-laria-profuma-di-te\\\/#primaryimage\"},\"thumbnailUrl\":\"https:\\\/\\\/www.joyfreepress.com\\\/wp-content\\\/uploads\\\/2022\\\/04\\\/Cover-Castronuovo-.jpeg\",\"keywords\":[\"LauraCastronuovo\",\"Nuovo\",\"Singolo\"],\"articleSection\":[\"Musica\"],\"inLanguage\":\"it-IT\",\"potentialAction\":[{\"@type\":\"CommentAction\",\"name\":\"Comment\",\"target\":[\"https:\\\/\\\/www.article-marketing.eu\\\/comunicatistampa\\\/laura-castronuovo-dove-laria-profuma-di-te\\\/#respond\"]}]},{\"@type\":\"WebPage\",\"@id\":\"https:\\\/\\\/www.article-marketing.eu\\\/comunicatistampa\\\/laura-castronuovo-dove-laria-profuma-di-te\\\/\",\"url\":\"https:\\\/\\\/www.article-marketing.eu\\\/comunicatistampa\\\/laura-castronuovo-dove-laria-profuma-di-te\\\/\",\"name\":\"Laura Castronuovo, Dove\u00a0l'aria profuma di te - Article Marketing\",\"isPartOf\":{\"@id\":\"https:\\\/\\\/www.article-marketing.eu\\\/comunicatistampa\\\/#website\"},\"primaryImageOfPage\":{\"@id\":\"https:\\\/\\\/www.article-marketing.eu\\\/comunicatistampa\\\/laura-castronuovo-dove-laria-profuma-di-te\\\/#primaryimage\"},\"image\":{\"@id\":\"https:\\\/\\\/www.article-marketing.eu\\\/comunicatistampa\\\/laura-castronuovo-dove-laria-profuma-di-te\\\/#primaryimage\"},\"thumbnailUrl\":\"https:\\\/\\\/www.joyfreepress.com\\\/wp-content\\\/uploads\\\/2022\\\/04\\\/Cover-Castronuovo-.jpeg\",\"datePublished\":\"2022-04-13T12:17:59+00:00\",\"author\":{\"@id\":\"https:\\\/\\\/www.article-marketing.eu\\\/comunicatistampa\\\/#\\\/schema\\\/person\\\/9beeb909be59832a9bcbec84cb3786f5\"},\"breadcrumb\":{\"@id\":\"https:\\\/\\\/www.article-marketing.eu\\\/comunicatistampa\\\/laura-castronuovo-dove-laria-profuma-di-te\\\/#breadcrumb\"},\"inLanguage\":\"it-IT\",\"potentialAction\":[{\"@type\":\"ReadAction\",\"target\":[\"https:\\\/\\\/www.article-marketing.eu\\\/comunicatistampa\\\/laura-castronuovo-dove-laria-profuma-di-te\\\/\"]}]},{\"@type\":\"ImageObject\",\"inLanguage\":\"it-IT\",\"@id\":\"https:\\\/\\\/www.article-marketing.eu\\\/comunicatistampa\\\/laura-castronuovo-dove-laria-profuma-di-te\\\/#primaryimage\",\"url\":\"https:\\\/\\\/www.joyfreepress.com\\\/wp-content\\\/uploads\\\/2022\\\/04\\\/Cover-Castronuovo-.jpeg\",\"contentUrl\":\"https:\\\/\\\/www.joyfreepress.com\\\/wp-content\\\/uploads\\\/2022\\\/04\\\/Cover-Castronuovo-.jpeg\"},{\"@type\":\"BreadcrumbList\",\"@id\":\"https:\\\/\\\/www.article-marketing.eu\\\/comunicatistampa\\\/laura-castronuovo-dove-laria-profuma-di-te\\\/#breadcrumb\",\"itemListElement\":[{\"@type\":\"ListItem\",\"position\":1,\"name\":\"Home\",\"item\":\"https:\\\/\\\/www.article-marketing.eu\\\/comunicatistampa\\\/\"},{\"@type\":\"ListItem\",\"position\":2,\"name\":\"Laura Castronuovo, Dove\u00a0l&#8217;aria profuma di te\"}]},{\"@type\":\"WebSite\",\"@id\":\"https:\\\/\\\/www.article-marketing.eu\\\/comunicatistampa\\\/#website\",\"url\":\"https:\\\/\\\/www.article-marketing.eu\\\/comunicatistampa\\\/\",\"name\":\"Article Marketing\",\"description\":\"article marketing &amp; press release\",\"potentialAction\":[{\"@type\":\"SearchAction\",\"target\":{\"@type\":\"EntryPoint\",\"urlTemplate\":\"https:\\\/\\\/www.article-marketing.eu\\\/comunicatistampa\\\/?s={search_term_string}\"},\"query-input\":{\"@type\":\"PropertyValueSpecification\",\"valueRequired\":true,\"valueName\":\"search_term_string\"}}],\"inLanguage\":\"it-IT\"},{\"@type\":\"Person\",\"@id\":\"https:\\\/\\\/www.article-marketing.eu\\\/comunicatistampa\\\/#\\\/schema\\\/person\\\/9beeb909be59832a9bcbec84cb3786f5\",\"name\":\"Micro961\",\"image\":{\"@type\":\"ImageObject\",\"inLanguage\":\"it-IT\",\"@id\":\"https:\\\/\\\/secure.gravatar.com\\\/avatar\\\/cd6f5864b85cc3687c05b2965bb186afcd70a2a89789a156c92a4f1d66e87827?s=96&d=mm&r=g\",\"url\":\"https:\\\/\\\/secure.gravatar.com\\\/avatar\\\/cd6f5864b85cc3687c05b2965bb186afcd70a2a89789a156c92a4f1d66e87827?s=96&d=mm&r=g\",\"contentUrl\":\"https:\\\/\\\/secure.gravatar.com\\\/avatar\\\/cd6f5864b85cc3687c05b2965bb186afcd70a2a89789a156c92a4f1d66e87827?s=96&d=mm&r=g\",\"caption\":\"Micro961\"},\"url\":\"https:\\\/\\\/www.article-marketing.eu\\\/comunicatistampa\\\/author\\\/micro961\\\/\"}]}<\/script>\n<!-- \/ Yoast SEO plugin. -->","yoast_head_json":{"title":"Laura Castronuovo, Dove\u00a0l'aria profuma di te - Article Marketing","robots":{"index":"index","follow":"follow","max-snippet":"max-snippet:-1","max-image-preview":"max-image-preview:large","max-video-preview":"max-video-preview:-1"},"canonical":"https:\/\/www.article-marketing.eu\/comunicatistampa\/laura-castronuovo-dove-laria-profuma-di-te\/","og_locale":"it_IT","og_type":"article","og_title":"Laura Castronuovo, Dove\u00a0l'aria profuma di te - Article Marketing","og_description":"\u00e8 in radio il nuovo singolo dell\u2019artista Come uno fiorire primaverile sboccia l\u2019argomento dell\u2019Amore, sentimento tanto complicato quanto vitale nella vita di ognuno di noi e celebrato in tutte le forme d\u2019arte. Ogni artista lo descrive a modo suo e lo fa anche la cantautrice Laura Castronuovo che presenta il nuovo singolo \u201cDove l\u2019aria profuma di te\u201d in rotazione radiofonica da venerd\u00ec\u00a08\u00a0Aprile. Tormentato o romantico, ribelle o placato l\u2019Amore siContinue reading...","og_url":"https:\/\/www.article-marketing.eu\/comunicatistampa\/laura-castronuovo-dove-laria-profuma-di-te\/","og_site_name":"Article Marketing","article_published_time":"2022-04-13T12:17:59+00:00","og_image":[{"url":"https:\/\/www.joyfreepress.com\/wp-content\/uploads\/2022\/04\/Cover-Castronuovo-.jpeg","type":"","width":"","height":""}],"author":"Micro961","twitter_card":"summary_large_image","twitter_misc":{"Scritto da":"Micro961","Tempo di lettura stimato":"2 minuti"},"schema":{"@context":"https:\/\/schema.org","@graph":[{"@type":"Article","@id":"https:\/\/www.article-marketing.eu\/comunicatistampa\/laura-castronuovo-dove-laria-profuma-di-te\/#article","isPartOf":{"@id":"https:\/\/www.article-marketing.eu\/comunicatistampa\/laura-castronuovo-dove-laria-profuma-di-te\/"},"author":{"name":"Micro961","@id":"https:\/\/www.article-marketing.eu\/comunicatistampa\/#\/schema\/person\/9beeb909be59832a9bcbec84cb3786f5"},"headline":"Laura Castronuovo, Dove\u00a0l&#8217;aria profuma di te","datePublished":"2022-04-13T12:17:59+00:00","mainEntityOfPage":{"@id":"https:\/\/www.article-marketing.eu\/comunicatistampa\/laura-castronuovo-dove-laria-profuma-di-te\/"},"wordCount":456,"commentCount":0,"image":{"@id":"https:\/\/www.article-marketing.eu\/comunicatistampa\/laura-castronuovo-dove-laria-profuma-di-te\/#primaryimage"},"thumbnailUrl":"https:\/\/www.joyfreepress.com\/wp-content\/uploads\/2022\/04\/Cover-Castronuovo-.jpeg","keywords":["LauraCastronuovo","Nuovo","Singolo"],"articleSection":["Musica"],"inLanguage":"it-IT","potentialAction":[{"@type":"CommentAction","name":"Comment","target":["https:\/\/www.article-marketing.eu\/comunicatistampa\/laura-castronuovo-dove-laria-profuma-di-te\/#respond"]}]},{"@type":"WebPage","@id":"https:\/\/www.article-marketing.eu\/comunicatistampa\/laura-castronuovo-dove-laria-profuma-di-te\/","url":"https:\/\/www.article-marketing.eu\/comunicatistampa\/laura-castronuovo-dove-laria-profuma-di-te\/","name":"Laura Castronuovo, Dove\u00a0l'aria profuma di te - Article Marketing","isPartOf":{"@id":"https:\/\/www.article-marketing.eu\/comunicatistampa\/#website"},"primaryImageOfPage":{"@id":"https:\/\/www.article-marketing.eu\/comunicatistampa\/laura-castronuovo-dove-laria-profuma-di-te\/#primaryimage"},"image":{"@id":"https:\/\/www.article-marketing.eu\/comunicatistampa\/laura-castronuovo-dove-laria-profuma-di-te\/#primaryimage"},"thumbnailUrl":"https:\/\/www.joyfreepress.com\/wp-content\/uploads\/2022\/04\/Cover-Castronuovo-.jpeg","datePublished":"2022-04-13T12:17:59+00:00","author":{"@id":"https:\/\/www.article-marketing.eu\/comunicatistampa\/#\/schema\/person\/9beeb909be59832a9bcbec84cb3786f5"},"breadcrumb":{"@id":"https:\/\/www.article-marketing.eu\/comunicatistampa\/laura-castronuovo-dove-laria-profuma-di-te\/#breadcrumb"},"inLanguage":"it-IT","potentialAction":[{"@type":"ReadAction","target":["https:\/\/www.article-marketing.eu\/comunicatistampa\/laura-castronuovo-dove-laria-profuma-di-te\/"]}]},{"@type":"ImageObject","inLanguage":"it-IT","@id":"https:\/\/www.article-marketing.eu\/comunicatistampa\/laura-castronuovo-dove-laria-profuma-di-te\/#primaryimage","url":"https:\/\/www.joyfreepress.com\/wp-content\/uploads\/2022\/04\/Cover-Castronuovo-.jpeg","contentUrl":"https:\/\/www.joyfreepress.com\/wp-content\/uploads\/2022\/04\/Cover-Castronuovo-.jpeg"},{"@type":"BreadcrumbList","@id":"https:\/\/www.article-marketing.eu\/comunicatistampa\/laura-castronuovo-dove-laria-profuma-di-te\/#breadcrumb","itemListElement":[{"@type":"ListItem","position":1,"name":"Home","item":"https:\/\/www.article-marketing.eu\/comunicatistampa\/"},{"@type":"ListItem","position":2,"name":"Laura Castronuovo, Dove\u00a0l&#8217;aria profuma di te"}]},{"@type":"WebSite","@id":"https:\/\/www.article-marketing.eu\/comunicatistampa\/#website","url":"https:\/\/www.article-marketing.eu\/comunicatistampa\/","name":"Article Marketing","description":"article marketing &amp; press release","potentialAction":[{"@type":"SearchAction","target":{"@type":"EntryPoint","urlTemplate":"https:\/\/www.article-marketing.eu\/comunicatistampa\/?s={search_term_string}"},"query-input":{"@type":"PropertyValueSpecification","valueRequired":true,"valueName":"search_term_string"}}],"inLanguage":"it-IT"},{"@type":"Person","@id":"https:\/\/www.article-marketing.eu\/comunicatistampa\/#\/schema\/person\/9beeb909be59832a9bcbec84cb3786f5","name":"Micro961","image":{"@type":"ImageObject","inLanguage":"it-IT","@id":"https:\/\/secure.gravatar.com\/avatar\/cd6f5864b85cc3687c05b2965bb186afcd70a2a89789a156c92a4f1d66e87827?s=96&d=mm&r=g","url":"https:\/\/secure.gravatar.com\/avatar\/cd6f5864b85cc3687c05b2965bb186afcd70a2a89789a156c92a4f1d66e87827?s=96&d=mm&r=g","contentUrl":"https:\/\/secure.gravatar.com\/avatar\/cd6f5864b85cc3687c05b2965bb186afcd70a2a89789a156c92a4f1d66e87827?s=96&d=mm&r=g","caption":"Micro961"},"url":"https:\/\/www.article-marketing.eu\/comunicatistampa\/author\/micro961\/"}]}},"_links":{"self":[{"href":"https:\/\/www.article-marketing.eu\/comunicatistampa\/wp-json\/wp\/v2\/posts\/22590","targetHints":{"allow":["GET"]}}],"collection":[{"href":"https:\/\/www.article-marketing.eu\/comunicatistampa\/wp-json\/wp\/v2\/posts"}],"about":[{"href":"https:\/\/www.article-marketing.eu\/comunicatistampa\/wp-json\/wp\/v2\/types\/post"}],"author":[{"embeddable":true,"href":"https:\/\/www.article-marketing.eu\/comunicatistampa\/wp-json\/wp\/v2\/users\/1680"}],"replies":[{"embeddable":true,"href":"https:\/\/www.article-marketing.eu\/comunicatistampa\/wp-json\/wp\/v2\/comments?post=22590"}],"version-history":[{"count":2,"href":"https:\/\/www.article-marketing.eu\/comunicatistampa\/wp-json\/wp\/v2\/posts\/22590\/revisions"}],"predecessor-version":[{"id":22655,"href":"https:\/\/www.article-marketing.eu\/comunicatistampa\/wp-json\/wp\/v2\/posts\/22590\/revisions\/22655"}],"wp:attachment":[{"href":"https:\/\/www.article-marketing.eu\/comunicatistampa\/wp-json\/wp\/v2\/media?parent=22590"}],"wp:term":[{"taxonomy":"category","embeddable":true,"href":"https:\/\/www.article-marketing.eu\/comunicatistampa\/wp-json\/wp\/v2\/categories?post=22590"},{"taxonomy":"post_tag","embeddable":true,"href":"https:\/\/www.article-marketing.eu\/comunicatistampa\/wp-json\/wp\/v2\/tags?post=22590"}],"curies":[{"name":"wp","href":"https:\/\/api.w.org\/{rel}","templated":true}]}}