{"id":22661,"date":"2022-04-13T16:26:48","date_gmt":"2022-04-13T14:26:48","guid":{"rendered":"https:\/\/www.article-marketing.eu\/comunicatistampa\/?p=22661"},"modified":"2022-04-13T16:26:48","modified_gmt":"2022-04-13T14:26:48","slug":"esposizione-itinerante-la-fantasia-della-carita-opere-di-fabio-agliardi","status":"publish","type":"post","link":"https:\/\/www.article-marketing.eu\/comunicatistampa\/esposizione-itinerante-la-fantasia-della-carita-opere-di-fabio-agliardi\/","title":{"rendered":"Esposizione itinerante \u201cLa Fantasia della Carit\u00e0 \u2013 Opere di Fabio Agliardi\u201d"},"content":{"rendered":"<p>In occasione del secondo anniversario della scomparsa dell\u2019artista Fabio Agliardi (13 aprile 2020), Fondazione Creberg dona i quindici monumentali pannelli che compongono la raccolta \u201cLa Fantasia della Carit\u00e0\u201d a formazioni sociali del territorio per la collocazione in luoghi simbolici.<\/p>\n<p>Nel corso dell\u2019anno 2019, in collaborazione con Fondazione Creberg, l\u2019artista bergamasco Fabio Agliardi realizz\u00f2 quindici pannelli di grandi dimensioni che illustrano le sette opere di misericordia corporale e le sette opere di misericordia spirituale, con un ultimo dipinto che raffigura la sorprendente novit\u00e0, la quindicesima opera di misericordia (\u201cLa Cura della Casa Comune\u201d), indicata da Papa Francesco nel suo messaggio del 1\u00b0 settembre 2016 per la giornata mondiale di preghiera per la cura del Creato.<\/p>\n<p>In ogni tela, accanto alla simbologia astratta di singoli gesti rappresentativi delle opere di misericordia, Fabio Agliardi raffigur\u00f2 \u2013 su input dei Curatori, Angelo Piazzoli e Tarcisio Tironi &#8211; un dettaglio relativo a luoghi o monumenti del territorio bergamasco, cari all\u2019artista, espressivi per la miglior comprensione del dipinto stesso e della relativa opera.<\/p>\n<p>Come noto, terminata la realizzazione dell\u2019imponente ciclo pittorico e alla vigilia della partenza del percorso espositivo itinerante in luoghi iconici della nostra provincia, Fabio Agliardi ci lasci\u00f2 la sera del 13 aprile 2020, Luned\u00ec dell&#8217;Angelo, non superando gravi complicazioni derivanti da infezione da virus Covid 19; egli rappresenta dunque una delle vittime della terribile epidemia che cos\u00ec duramente ha colpito Bergamo e i nostri territori.<\/p>\n<p>\u201cVedendo l\u2019armonia e la grande significativit\u00e0 delle opere che l\u2019artista ci ha lasciato\u2013 spiega Angelo Piazzoli, Presidente della Fondazione Credito Bergamasco \u2013 penso che in questo suo grande cimento finale Fabio Agliardi sia riuscito a realizzare compiutamente la funzione che Papa Giovanni Paolo II assegna all\u2019arte e agli artisti, il rendere percepibile all\u2019uomo il mondo dello spirito, trasferendo in formule significative ci\u00f2 che \u00e8 ineffabile.\u201d<\/p>\n<p>E\u2019 terminato l\u2019itinerario espositivo che ha consentito al pubblico di visitare in presenza, nel corso degli anni 2020 e 2021, la mostra \u201cLa fantasia della Carit\u00e0\u201d nelle tre sedi di Romano di Lombardia (presso la Basilica di San Defendente, in collaborazione con MACS), a Grumello del Monte (con il sostegno di Grumello Arte) e in Bergamo Alta, presso la Chiesa di Sant\u2019Andrea (grazie al fattivo apporto di don Giovanni Gusmini). Grande il successo di pubblico e rilevante l\u2019apprezzamento, sia per la esposizione in presenza (oltre novemila visitatori), sia per la mostra virtuale (realizzata dalla Fondazione con un video caricato su YouTube e sempre visibile) che ha sfiorato le seimila visualizzazioni.<\/p>\n<p>Le 15 quindici monumentali opere, costituenti la raccolta, sono state acquisite da Fondazione Creberg, grazie alla sensibilit\u00e0 della famiglia dell\u2019artista che ha dato seguito ad una intesa verbale intercorsa a suo tempo tra Fabio Agliardi e Angelo Piazzoli.<\/p>\n<p>In occasione del secondo anniversario della scomparsa dell\u2019artista, Fondazione Creberg dona le opere ad enti e associazioni del territorio che, a giudizio della Fondazione stessa, siano particolarmente meritevoli o per esercizio di una particolare opera di misericordia (raffigurata nel dipinto donato) o per rilevanza del ruolo sociale e civile svolto nella comunit\u00e0.<\/p>\n<p>\u201cAl termine delle tappe di mostra \u2013 aggiunge Angelo Piazzoli \u2013 doniamo i quindici dipinti realizzati da Fabio Agliardi sul tema della misericordia e acquisiti dalla Fondazione a qualificati enti operanti nel campo della solidariet\u00e0, della sussidiariet\u00e0 e della cultura, con i quali abbiamo collaborato sostenendo nel tempo le loro meritorie attivit\u00e0 sociali e solidali.\u201d<\/p>\n<p>\u201cCito in primo luogo l&#8217;Associazione Cure Palliative (per l&#8217; Hospice di Borgo Palazzo), l&#8217;Associazione Paolo Belli (per la Casa del Sole di Bergamo e per il Servizio di Accoglienza nel Reparto Ematologico dell&#8217; Ospedale Papa Giovanni di Bergamo), i Frati Cappuccini di Bergamo (per la Mensa dei Poveri), il Patronato San Vincenzo e la Caritas Diocesana di Bergamo, l&#8217; AIDO Provinciale di Bergamo, la Comunit\u00e0 don Milani di Sorisole (in ricordo di don Fausto Resmini), l&#8217;Istituto Palazzolo di Grumello del Monte, il Comune di Albino.\u201d<\/p>\n<p>\u201cIn campo culturale \u2013 prosegue il Presidente della Fondazione &#8211; abbiamo individuato soggetti quali il M.A.C.S. di Romano di Lombardia (partner decennale di nostre iniziative espositive), il Museo della Basilica di Clusone, la Parrocchia Sant\u2019Andrea Apostolo in Bergamo Citt\u00e0 Alta (sede della Cappellania della nostra Universit\u00e0). Un dipinto &#8211; con il particolare dedicato alle chiese di Brusaporto, luogo di residenza dell&#8217;artista &#8211; non poteva che essere assegnato alla locale Parrocchia che ha assicurato alla famiglia la pubblica esposizione dello stesso. Infine, il quindicesimo dipinto (&#8220;La cura della casa comune&#8221;) viene da noi donato a &#8220;L&#8217;Eco di Bergamo&#8221;, nel ricordo del nostro comune Fondatore Niccol\u00f2 Rezzara, per l&#8217;ultracentenario ruolo di informazione &#8211; svolto in favore della comunit\u00e0 e del territorio bergamasco &#8211; accentuato, in senso sociale e civile, durante le fasi della pandemia in corso\u201d.<\/p>\n<p>Le opere sono in corso di consegna alle varie Associazioni e Istituzioni con le prescritte formalizzazioni.\u00a0 \u00a0 \u00a0 \u00a0 \u00a0 \u00a0 \u00a0 \u00a0 \u00a0 \u00a0 \u00a0 \u00a0 \u00a0 \u201cLa mostra \u201cLa fantasia della Carit\u00e0\u201d \u2013 conclude Angelo Piazzoli \u2013 richiama alla nostra memoria la persona e l&#8217;attivit\u00e0 di Fabio Agliardi attraverso opere monumentali, che mai avremmo pensato avrebbero costituito un mirabile testamento spirituale e artistico; la loro donazione a formazioni sociali e la loro collocazione in luoghi pubblici lascer\u00e0 un segno diffuso della mostra e dei suoi intenti culturali in localit\u00e0 del territorio ove le opere di carit\u00e0 vengono quotidianamente declinate nella vita reale. Il messaggio che ci trasmettono \u00e8 ancora pi\u00f9 forte e di grande attualit\u00e0, per le angosciose e difficili evenienze di questo periodo, richiamandoci alla pratica quotidiana delle opere di misericordia come strumento di attenzione, di condivisione, di aiuto e di solidariet\u00e0.\u201d<\/p>\n","protected":false},"excerpt":{"rendered":"<p>In occasione del secondo anniversario della scomparsa dell\u2019artista Fabio Agliardi (13 aprile 2020), Fondazione Creberg dona i quindici monumentali pannelli che compongono la raccolta \u201cLa Fantasia della Carit\u00e0\u201d a formazioni sociali del territorio per la collocazione in luoghi simbolici. Nel corso dell\u2019anno 2019, in collaborazione con Fondazione Creberg, l\u2019artista bergamasco Fabio Agliardi realizz\u00f2 quindici pannelli di grandi dimensioni che illustrano le sette opere di misericordia corporale e le sette opere<\/p>\n<p><a class=\"continue-reading\" href=\"https:\/\/www.article-marketing.eu\/comunicatistampa\/esposizione-itinerante-la-fantasia-della-carita-opere-di-fabio-agliardi\/\">Continue reading&#8230;<\/a><\/p>\n","protected":false},"author":1855,"featured_media":0,"comment_status":"open","ping_status":"open","sticky":false,"template":"","format":"standard","meta":{"_monsterinsights_skip_tracking":false,"_monsterinsights_sitenote_active":false,"_monsterinsights_sitenote_note":"","_monsterinsights_sitenote_category":0,"footnotes":""},"categories":[407],"tags":[],"class_list":["post-22661","post","type-post","status-publish","format-standard","hentry","category-arte-e-cultura"],"yoast_head":"<!-- This site is optimized with the Yoast SEO plugin v27.3 - https:\/\/yoast.com\/product\/yoast-seo-wordpress\/ -->\n<title>Esposizione itinerante \u201cLa Fantasia della Carit\u00e0 \u2013 Opere di Fabio Agliardi\u201d<\/title>\n<meta name=\"robots\" content=\"index, follow, max-snippet:-1, max-image-preview:large, max-video-preview:-1\" \/>\n<link rel=\"canonical\" href=\"https:\/\/www.article-marketing.eu\/comunicatistampa\/esposizione-itinerante-la-fantasia-della-carita-opere-di-fabio-agliardi\/\" \/>\n<meta property=\"og:locale\" content=\"it_IT\" \/>\n<meta property=\"og:type\" content=\"article\" \/>\n<meta property=\"og:title\" content=\"Esposizione itinerante \u201cLa Fantasia della Carit\u00e0 \u2013 Opere di Fabio Agliardi\u201d\" \/>\n<meta property=\"og:description\" content=\"In occasione del secondo anniversario della scomparsa dell\u2019artista Fabio Agliardi (13 aprile 2020), Fondazione Creberg dona i quindici monumentali pannelli che compongono la raccolta \u201cLa Fantasia della Carit\u00e0\u201d a formazioni sociali del territorio per la collocazione in luoghi simbolici. Nel corso dell\u2019anno 2019, in collaborazione con Fondazione Creberg, l\u2019artista bergamasco Fabio Agliardi realizz\u00f2 quindici pannelli di grandi dimensioni che illustrano le sette opere di misericordia corporale e le sette opereContinue reading...\" \/>\n<meta property=\"og:url\" content=\"https:\/\/www.article-marketing.eu\/comunicatistampa\/esposizione-itinerante-la-fantasia-della-carita-opere-di-fabio-agliardi\/\" \/>\n<meta property=\"og:site_name\" content=\"Article Marketing\" \/>\n<meta property=\"article:published_time\" content=\"2022-04-13T14:26:48+00:00\" \/>\n<meta name=\"author\" content=\"Redaclem\" \/>\n<meta name=\"twitter:card\" content=\"summary_large_image\" \/>\n<meta name=\"twitter:label1\" content=\"Scritto da\" \/>\n\t<meta name=\"twitter:data1\" content=\"Redaclem\" \/>\n\t<meta name=\"twitter:label2\" content=\"Tempo di lettura stimato\" \/>\n\t<meta name=\"twitter:data2\" content=\"5 minuti\" \/>\n<script type=\"application\/ld+json\" class=\"yoast-schema-graph\">{\"@context\":\"https:\\\/\\\/schema.org\",\"@graph\":[{\"@type\":\"Article\",\"@id\":\"https:\\\/\\\/www.article-marketing.eu\\\/comunicatistampa\\\/esposizione-itinerante-la-fantasia-della-carita-opere-di-fabio-agliardi\\\/#article\",\"isPartOf\":{\"@id\":\"https:\\\/\\\/www.article-marketing.eu\\\/comunicatistampa\\\/esposizione-itinerante-la-fantasia-della-carita-opere-di-fabio-agliardi\\\/\"},\"author\":{\"name\":\"Redaclem\",\"@id\":\"https:\\\/\\\/www.article-marketing.eu\\\/comunicatistampa\\\/#\\\/schema\\\/person\\\/c0aa725eee5df8460e0adf901fde0c88\"},\"headline\":\"Esposizione itinerante \u201cLa Fantasia della Carit\u00e0 \u2013 Opere di Fabio Agliardi\u201d\",\"datePublished\":\"2022-04-13T14:26:48+00:00\",\"mainEntityOfPage\":{\"@id\":\"https:\\\/\\\/www.article-marketing.eu\\\/comunicatistampa\\\/esposizione-itinerante-la-fantasia-della-carita-opere-di-fabio-agliardi\\\/\"},\"wordCount\":912,\"commentCount\":0,\"articleSection\":[\"Arte e cultura\"],\"inLanguage\":\"it-IT\",\"potentialAction\":[{\"@type\":\"CommentAction\",\"name\":\"Comment\",\"target\":[\"https:\\\/\\\/www.article-marketing.eu\\\/comunicatistampa\\\/esposizione-itinerante-la-fantasia-della-carita-opere-di-fabio-agliardi\\\/#respond\"]}]},{\"@type\":\"WebPage\",\"@id\":\"https:\\\/\\\/www.article-marketing.eu\\\/comunicatistampa\\\/esposizione-itinerante-la-fantasia-della-carita-opere-di-fabio-agliardi\\\/\",\"url\":\"https:\\\/\\\/www.article-marketing.eu\\\/comunicatistampa\\\/esposizione-itinerante-la-fantasia-della-carita-opere-di-fabio-agliardi\\\/\",\"name\":\"Esposizione itinerante \u201cLa Fantasia della Carit\u00e0 \u2013 Opere di Fabio Agliardi\u201d\",\"isPartOf\":{\"@id\":\"https:\\\/\\\/www.article-marketing.eu\\\/comunicatistampa\\\/#website\"},\"datePublished\":\"2022-04-13T14:26:48+00:00\",\"author\":{\"@id\":\"https:\\\/\\\/www.article-marketing.eu\\\/comunicatistampa\\\/#\\\/schema\\\/person\\\/c0aa725eee5df8460e0adf901fde0c88\"},\"breadcrumb\":{\"@id\":\"https:\\\/\\\/www.article-marketing.eu\\\/comunicatistampa\\\/esposizione-itinerante-la-fantasia-della-carita-opere-di-fabio-agliardi\\\/#breadcrumb\"},\"inLanguage\":\"it-IT\",\"potentialAction\":[{\"@type\":\"ReadAction\",\"target\":[\"https:\\\/\\\/www.article-marketing.eu\\\/comunicatistampa\\\/esposizione-itinerante-la-fantasia-della-carita-opere-di-fabio-agliardi\\\/\"]}]},{\"@type\":\"BreadcrumbList\",\"@id\":\"https:\\\/\\\/www.article-marketing.eu\\\/comunicatistampa\\\/esposizione-itinerante-la-fantasia-della-carita-opere-di-fabio-agliardi\\\/#breadcrumb\",\"itemListElement\":[{\"@type\":\"ListItem\",\"position\":1,\"name\":\"Home\",\"item\":\"https:\\\/\\\/www.article-marketing.eu\\\/comunicatistampa\\\/\"},{\"@type\":\"ListItem\",\"position\":2,\"name\":\"Esposizione itinerante \u201cLa Fantasia della Carit\u00e0 \u2013 Opere di Fabio Agliardi\u201d\"}]},{\"@type\":\"WebSite\",\"@id\":\"https:\\\/\\\/www.article-marketing.eu\\\/comunicatistampa\\\/#website\",\"url\":\"https:\\\/\\\/www.article-marketing.eu\\\/comunicatistampa\\\/\",\"name\":\"Article Marketing\",\"description\":\"article marketing &amp; press release\",\"potentialAction\":[{\"@type\":\"SearchAction\",\"target\":{\"@type\":\"EntryPoint\",\"urlTemplate\":\"https:\\\/\\\/www.article-marketing.eu\\\/comunicatistampa\\\/?s={search_term_string}\"},\"query-input\":{\"@type\":\"PropertyValueSpecification\",\"valueRequired\":true,\"valueName\":\"search_term_string\"}}],\"inLanguage\":\"it-IT\"},{\"@type\":\"Person\",\"@id\":\"https:\\\/\\\/www.article-marketing.eu\\\/comunicatistampa\\\/#\\\/schema\\\/person\\\/c0aa725eee5df8460e0adf901fde0c88\",\"name\":\"Redaclem\",\"image\":{\"@type\":\"ImageObject\",\"inLanguage\":\"it-IT\",\"@id\":\"https:\\\/\\\/secure.gravatar.com\\\/avatar\\\/4c7e41f332a0583344a91d7d39723533da9b2d0df7737c2d8c69553168c2191e?s=96&d=mm&r=g\",\"url\":\"https:\\\/\\\/secure.gravatar.com\\\/avatar\\\/4c7e41f332a0583344a91d7d39723533da9b2d0df7737c2d8c69553168c2191e?s=96&d=mm&r=g\",\"contentUrl\":\"https:\\\/\\\/secure.gravatar.com\\\/avatar\\\/4c7e41f332a0583344a91d7d39723533da9b2d0df7737c2d8c69553168c2191e?s=96&d=mm&r=g\",\"caption\":\"Redaclem\"},\"url\":\"https:\\\/\\\/www.article-marketing.eu\\\/comunicatistampa\\\/author\\\/redaclem\\\/\"}]}<\/script>\n<!-- \/ Yoast SEO plugin. -->","yoast_head_json":{"title":"Esposizione itinerante \u201cLa Fantasia della Carit\u00e0 \u2013 Opere di Fabio Agliardi\u201d","robots":{"index":"index","follow":"follow","max-snippet":"max-snippet:-1","max-image-preview":"max-image-preview:large","max-video-preview":"max-video-preview:-1"},"canonical":"https:\/\/www.article-marketing.eu\/comunicatistampa\/esposizione-itinerante-la-fantasia-della-carita-opere-di-fabio-agliardi\/","og_locale":"it_IT","og_type":"article","og_title":"Esposizione itinerante \u201cLa Fantasia della Carit\u00e0 \u2013 Opere di Fabio Agliardi\u201d","og_description":"In occasione del secondo anniversario della scomparsa dell\u2019artista Fabio Agliardi (13 aprile 2020), Fondazione Creberg dona i quindici monumentali pannelli che compongono la raccolta \u201cLa Fantasia della Carit\u00e0\u201d a formazioni sociali del territorio per la collocazione in luoghi simbolici. Nel corso dell\u2019anno 2019, in collaborazione con Fondazione Creberg, l\u2019artista bergamasco Fabio Agliardi realizz\u00f2 quindici pannelli di grandi dimensioni che illustrano le sette opere di misericordia corporale e le sette opereContinue reading...","og_url":"https:\/\/www.article-marketing.eu\/comunicatistampa\/esposizione-itinerante-la-fantasia-della-carita-opere-di-fabio-agliardi\/","og_site_name":"Article Marketing","article_published_time":"2022-04-13T14:26:48+00:00","author":"Redaclem","twitter_card":"summary_large_image","twitter_misc":{"Scritto da":"Redaclem","Tempo di lettura stimato":"5 minuti"},"schema":{"@context":"https:\/\/schema.org","@graph":[{"@type":"Article","@id":"https:\/\/www.article-marketing.eu\/comunicatistampa\/esposizione-itinerante-la-fantasia-della-carita-opere-di-fabio-agliardi\/#article","isPartOf":{"@id":"https:\/\/www.article-marketing.eu\/comunicatistampa\/esposizione-itinerante-la-fantasia-della-carita-opere-di-fabio-agliardi\/"},"author":{"name":"Redaclem","@id":"https:\/\/www.article-marketing.eu\/comunicatistampa\/#\/schema\/person\/c0aa725eee5df8460e0adf901fde0c88"},"headline":"Esposizione itinerante \u201cLa Fantasia della Carit\u00e0 \u2013 Opere di Fabio Agliardi\u201d","datePublished":"2022-04-13T14:26:48+00:00","mainEntityOfPage":{"@id":"https:\/\/www.article-marketing.eu\/comunicatistampa\/esposizione-itinerante-la-fantasia-della-carita-opere-di-fabio-agliardi\/"},"wordCount":912,"commentCount":0,"articleSection":["Arte e cultura"],"inLanguage":"it-IT","potentialAction":[{"@type":"CommentAction","name":"Comment","target":["https:\/\/www.article-marketing.eu\/comunicatistampa\/esposizione-itinerante-la-fantasia-della-carita-opere-di-fabio-agliardi\/#respond"]}]},{"@type":"WebPage","@id":"https:\/\/www.article-marketing.eu\/comunicatistampa\/esposizione-itinerante-la-fantasia-della-carita-opere-di-fabio-agliardi\/","url":"https:\/\/www.article-marketing.eu\/comunicatistampa\/esposizione-itinerante-la-fantasia-della-carita-opere-di-fabio-agliardi\/","name":"Esposizione itinerante \u201cLa Fantasia della Carit\u00e0 \u2013 Opere di Fabio Agliardi\u201d","isPartOf":{"@id":"https:\/\/www.article-marketing.eu\/comunicatistampa\/#website"},"datePublished":"2022-04-13T14:26:48+00:00","author":{"@id":"https:\/\/www.article-marketing.eu\/comunicatistampa\/#\/schema\/person\/c0aa725eee5df8460e0adf901fde0c88"},"breadcrumb":{"@id":"https:\/\/www.article-marketing.eu\/comunicatistampa\/esposizione-itinerante-la-fantasia-della-carita-opere-di-fabio-agliardi\/#breadcrumb"},"inLanguage":"it-IT","potentialAction":[{"@type":"ReadAction","target":["https:\/\/www.article-marketing.eu\/comunicatistampa\/esposizione-itinerante-la-fantasia-della-carita-opere-di-fabio-agliardi\/"]}]},{"@type":"BreadcrumbList","@id":"https:\/\/www.article-marketing.eu\/comunicatistampa\/esposizione-itinerante-la-fantasia-della-carita-opere-di-fabio-agliardi\/#breadcrumb","itemListElement":[{"@type":"ListItem","position":1,"name":"Home","item":"https:\/\/www.article-marketing.eu\/comunicatistampa\/"},{"@type":"ListItem","position":2,"name":"Esposizione itinerante \u201cLa Fantasia della Carit\u00e0 \u2013 Opere di Fabio Agliardi\u201d"}]},{"@type":"WebSite","@id":"https:\/\/www.article-marketing.eu\/comunicatistampa\/#website","url":"https:\/\/www.article-marketing.eu\/comunicatistampa\/","name":"Article Marketing","description":"article marketing &amp; press release","potentialAction":[{"@type":"SearchAction","target":{"@type":"EntryPoint","urlTemplate":"https:\/\/www.article-marketing.eu\/comunicatistampa\/?s={search_term_string}"},"query-input":{"@type":"PropertyValueSpecification","valueRequired":true,"valueName":"search_term_string"}}],"inLanguage":"it-IT"},{"@type":"Person","@id":"https:\/\/www.article-marketing.eu\/comunicatistampa\/#\/schema\/person\/c0aa725eee5df8460e0adf901fde0c88","name":"Redaclem","image":{"@type":"ImageObject","inLanguage":"it-IT","@id":"https:\/\/secure.gravatar.com\/avatar\/4c7e41f332a0583344a91d7d39723533da9b2d0df7737c2d8c69553168c2191e?s=96&d=mm&r=g","url":"https:\/\/secure.gravatar.com\/avatar\/4c7e41f332a0583344a91d7d39723533da9b2d0df7737c2d8c69553168c2191e?s=96&d=mm&r=g","contentUrl":"https:\/\/secure.gravatar.com\/avatar\/4c7e41f332a0583344a91d7d39723533da9b2d0df7737c2d8c69553168c2191e?s=96&d=mm&r=g","caption":"Redaclem"},"url":"https:\/\/www.article-marketing.eu\/comunicatistampa\/author\/redaclem\/"}]}},"_links":{"self":[{"href":"https:\/\/www.article-marketing.eu\/comunicatistampa\/wp-json\/wp\/v2\/posts\/22661","targetHints":{"allow":["GET"]}}],"collection":[{"href":"https:\/\/www.article-marketing.eu\/comunicatistampa\/wp-json\/wp\/v2\/posts"}],"about":[{"href":"https:\/\/www.article-marketing.eu\/comunicatistampa\/wp-json\/wp\/v2\/types\/post"}],"author":[{"embeddable":true,"href":"https:\/\/www.article-marketing.eu\/comunicatistampa\/wp-json\/wp\/v2\/users\/1855"}],"replies":[{"embeddable":true,"href":"https:\/\/www.article-marketing.eu\/comunicatistampa\/wp-json\/wp\/v2\/comments?post=22661"}],"version-history":[{"count":3,"href":"https:\/\/www.article-marketing.eu\/comunicatistampa\/wp-json\/wp\/v2\/posts\/22661\/revisions"}],"predecessor-version":[{"id":22672,"href":"https:\/\/www.article-marketing.eu\/comunicatistampa\/wp-json\/wp\/v2\/posts\/22661\/revisions\/22672"}],"wp:attachment":[{"href":"https:\/\/www.article-marketing.eu\/comunicatistampa\/wp-json\/wp\/v2\/media?parent=22661"}],"wp:term":[{"taxonomy":"category","embeddable":true,"href":"https:\/\/www.article-marketing.eu\/comunicatistampa\/wp-json\/wp\/v2\/categories?post=22661"},{"taxonomy":"post_tag","embeddable":true,"href":"https:\/\/www.article-marketing.eu\/comunicatistampa\/wp-json\/wp\/v2\/tags?post=22661"}],"curies":[{"name":"wp","href":"https:\/\/api.w.org\/{rel}","templated":true}]}}