{"id":22678,"date":"2022-04-13T20:32:17","date_gmt":"2022-04-13T18:32:17","guid":{"rendered":"https:\/\/www.article-marketing.eu\/comunicatistampa\/?p=22678"},"modified":"2022-04-13T20:32:17","modified_gmt":"2022-04-13T18:32:17","slug":"con-viva-sustainable-cielo-e-terra-disegna-un-futuro-sempre-piu-green","status":"publish","type":"post","link":"https:\/\/www.article-marketing.eu\/comunicatistampa\/con-viva-sustainable-cielo-e-terra-disegna-un-futuro-sempre-piu-green\/","title":{"rendered":"Con VIVA Sustainable  Cielo e Terra disegna un futuro sempre pi\u00f9 green"},"content":{"rendered":"<p><em>Dopo l\u2019ottenimento della certificazione Bcorp prosegue l\u2019impegno della casa vicentina per la sostenibilit\u00e0 attraverso l\u2019applicazione del disciplinare del Ministero della Transizione Ecologica sviluppato per misurare le prestazioni della filiera vite \u2013 vino <\/em><\/p>\n<p>&nbsp;<\/p>\n<p>Conciliare le esigenze commerciali di produzione con lo sviluppo di un modello di business sostenibile. \u00c8 <strong>un impegno reale per Cielo e Terra<\/strong>, azienda vicentina nata nel 1908 e che oggi \u00e8 composto dall\u2019unione della famiglia Cielo e dei viticoltori delle Cantine dei Colli Berici. <strong>L\u2019azienda vicentina<\/strong> <strong>ha avviato da diversi anni un percorso orientato al rispetto dell\u2019ambiente<\/strong> e dei consumatori finali.<\/p>\n<p>Dopo aver ottenuto la certificazione B Corp che ne ha attestato l\u2019operativit\u00e0 secondo i pi\u00f9 alti standard di performance sociale e ambientale, <strong>Cielo e Terra<\/strong><\/p>\n<p><strong>ha anche aderito con il marchio premium Bericanto a 1% for the Planet<\/strong>, creata nel 2002 da Craig Mathews e Yvon Chouinard (fondatore di Patagonia), per favorire l\u2019incontro e la cooperazione tra le organizzazioni attive nella difesa del pianeta. Un impegno, quello dell\u2019azienda vicentina, verso la natura e la collettivit\u00e0 che non si \u00e8 arrestato ma che anzi prosegue con responsabilit\u00e0 attraverso l\u2019adesione a Viva Sustainable, il disciplinare del Ministero della Transizione Ecologica sviluppato per misurare le prestazioni di sostenibilit\u00e0 della filiera vitivinicola mediante il calcolo di indicatori specifici del settore. <strong>Nello specifico il disciplinare permette di sviluppare un\u2019analisi a partire da 4 fattori<\/strong> \u2013 Aria, Acqua, Territorio e Vigneto \u2013 <strong>per poi definire le azioni da compiere per migliorare la sostenibilit\u00e0 dell\u2019azienda<\/strong>.<\/p>\n<p>Cielo e Terra ha concluso la raccolta e analisi dei dati su 3 fattori &#8211; Aria, Acqua, Territorio &#8211; ottenendo, a marzo 2022, la certificazion di organizzazione che consentir\u00e0 all&#8217;azienda di definire le azioni da compiere per migliorare la propria sostenibilit\u00e0.<\/p>\n<p>\u201c<em>La nostra azienda<\/em> \u2013 <strong>spiega Giampietro Povolo,<\/strong> responsabile Finance e Operation \u2013 <em>non gestendo direttamente le fasi di campagna, ha sviluppato solamente i primi tre indicatori ottenendo feedback interessanti che ci saranno molto utili nella pianificazione delle nostre strategie in termini di sostenibilit\u00e0<\/em>\u201d. <strong>Il riscontro pi\u00f9 positivo \u00e8 stato registrato a livello di carbon footprint<\/strong> che ha confermato l\u2019efficacia dell\u2019acquisto di energia elettrica da fonti rinnovabili certificate e l\u2019efficienza degli impianti di imbottigliamento. <strong>Le fasi pi\u00f9 critiche<\/strong> invece sono risultate essere quelle <strong>legate alla distribuzione<\/strong> dovuta alla capillare presenza sul mercato estero <strong>e alla filiera degli acquisti<\/strong> con particolare riferimento al packaging. <strong>Aspetti su cui l\u2019azienda \u00e8 gi\u00e0 al lavoro per ridurre l\u2019impatto degli imballaggi dei prodotti di Cielo e Terra<\/strong> attraverso la selezione di carta, tappi in sughero FSC e altri materiali riciclabili.<\/p>\n<p><em>\u201cLa collaborazione con 1% for the planet<\/em> &#8211; sottolinea Pierpaolo Cielo, responsabile commerciale marketing &#8211; <em>nasce dalla volont\u00e0 di legare i nostri marchi pi\u00f9 rinomati a progetti solidali che valorizzino oltre ai nostri vini il nostro impegno verso le tematiche sociali pi\u00f9 importanti dei nostri tempi; l\u2019ambiente, l\u2019acqua e la formazione delle nuove generazioni. Facilitare l\u2019accesso all\u2019acqua salva la vita e libera donne e bambini soprattutto da un gravame quotidiano\u201d.<\/em><\/p>\n<p>Con queste strategie e questo approccio, <strong>Cielo e Terra<\/strong>, che ha sfiorato i 60 milioni di fatturato nel 2021 con oltre 37 milioni di bottiglie vendute, si afferma sempre di pi\u00f9 come<strong> un player di mercato socialmente responsabile, consapevole del proprio ruolo strategico poich\u00e9 da questo momento fino ai prossimi decenni, la prosperit\u00e0 della vita sul pianeta e la salute degli ecosistemi dipenderanno sempre di pi\u00f9 dalla capacit\u00e0 delle aziende di operare un cambiamento profondo<\/strong>. Un percorso e un processo di cui l\u2019azienda vicentina \u00e8 da anni protagonista con i propri brand attraverso lo sviluppo e il sostegno di progetti solidali: <strong>Amref Health Africa <\/strong>(Defr\u00e0), <strong>Onepercentfortheplanet.org<\/strong> (Bericanto), <strong>Murialdo world onlus<\/strong> (Bellastoria), <strong>Winetowater.org<\/strong> (Cielo). Un progetto quest\u2019ultimo attraverso cui l\u2019azienda ha da poco donato 11.500 euro in Ucraina, sostenendo la popolazione colpita dalla guerra attraverso la fornitura di dispositivi di purificazione dell\u2019acqua, indispensabili per evitare malattie ed epidemie.<\/p>\n<p>&nbsp;<\/p>\n<p>&nbsp;<\/p>\n<p><a href=\"https:\/\/www.cieloeterravini.com\/\"><strong>Cielo e Terra<\/strong> <\/a>nasce nel 1908, \u00a0nelle campagne di Vicenza, vicino ai Castelli di Romeo e Giulietta, dove il<strong>\u00a0<\/strong>bisnonno<strong>\u00a0<\/strong>aveva acquistato un piccolo podere con vigneto, Casa Defr\u00e0.\u00a0Il\u00a0nonno Pietro<strong>\u00a0<\/strong>ha proseguito la guida dell\u2019azienda con grande passione impegno sociale. Oggi<strong>\u00a0<\/strong>alla guida dell&#8217;azienda\u00a0ci sono\u00a0Luca e Pierpaolo Cielo, assieme ai soci delle Cantine dei Colli Berici unitisi all\u2019azienda della famiglia Cielo nel 1999. Oggi l\u2019azienda che conta 3000 ettari di vigneto tra Vincenza e Verona, \u00e8 conosciuta in tutto il mondo con i marchi Cielo, Casa Defr\u00e0 e Bericanto. Il gruppo che nel 2021 ha sfiorato i 60 milioni si caratterizza per un approccio socialmente responsabile, orientato alla trasparenza e alla sostenibilit\u00e0. Dopo aver ottenuto la certificazione B Corp, l\u2019azienda ha aderito anche VIVA Sustainable, con l\u2019obiettivo di ottimizzare l\u2019impatto ambientale della filiera vite \u2013 vino. Prima realt\u00e0 vinicola italiana a introdurre in azienda il modello della Lean Organization, Cielo e Terra integra numerosi progetti con un piano di economia circolare, affermandosi come realt\u00e0 in grado di fronteggiare le sfide dei mercati mondiali ed attestare la sua presenza in oltre 60 Paesi.<\/p>\n","protected":false},"excerpt":{"rendered":"<p>Dopo l\u2019ottenimento della certificazione Bcorp prosegue l\u2019impegno della casa vicentina per la sostenibilit\u00e0 attraverso l\u2019applicazione del disciplinare del Ministero della Transizione Ecologica sviluppato per misurare le prestazioni della filiera vite \u2013 vino &nbsp; Conciliare le esigenze commerciali di produzione con lo sviluppo di un modello di business sostenibile. \u00c8 un impegno reale per Cielo e Terra, azienda vicentina nata nel 1908 e che oggi \u00e8 composto dall\u2019unione della famiglia Cielo<\/p>\n<p><a class=\"continue-reading\" href=\"https:\/\/www.article-marketing.eu\/comunicatistampa\/con-viva-sustainable-cielo-e-terra-disegna-un-futuro-sempre-piu-green\/\">Continue reading&#8230;<\/a><\/p>\n","protected":false},"author":397,"featured_media":0,"comment_status":"open","ping_status":"open","sticky":false,"template":"","format":"standard","meta":{"_monsterinsights_skip_tracking":false,"_monsterinsights_sitenote_active":false,"_monsterinsights_sitenote_note":"","_monsterinsights_sitenote_category":0,"footnotes":""},"categories":[388,78,393],"tags":[9555,9382,9385,9368,9556,9554,1868,9370,69,9553],"class_list":["post-22678","post","type-post","status-publish","format-standard","hentry","category-aziende","category-comunicati-stampa","category-prodotti","tag-1-for-the-planet","tag-aziende-vitivinicole","tag-cantine-dei-colli-berici","tag-cielo-e-terra-spa","tag-transizione-ecologica","tag-tutela-ambiente","tag-vicenza","tag-vini-italiani","tag-vino","tag-viva-sustainable"],"yoast_head":"<!-- This site is optimized with the Yoast SEO plugin v27.3 - https:\/\/yoast.com\/product\/yoast-seo-wordpress\/ -->\n<title>Con VIVA Sustainable Cielo e Terra disegna un futuro sempre pi\u00f9 green<\/title>\n<meta name=\"robots\" content=\"index, follow, max-snippet:-1, max-image-preview:large, max-video-preview:-1\" \/>\n<link rel=\"canonical\" href=\"https:\/\/www.article-marketing.eu\/comunicatistampa\/con-viva-sustainable-cielo-e-terra-disegna-un-futuro-sempre-piu-green\/\" \/>\n<meta property=\"og:locale\" content=\"it_IT\" \/>\n<meta property=\"og:type\" content=\"article\" \/>\n<meta property=\"og:title\" content=\"Con VIVA Sustainable Cielo e Terra disegna un futuro sempre pi\u00f9 green\" \/>\n<meta property=\"og:description\" content=\"Dopo l\u2019ottenimento della certificazione Bcorp prosegue l\u2019impegno della casa vicentina per la sostenibilit\u00e0 attraverso l\u2019applicazione del disciplinare del Ministero della Transizione Ecologica sviluppato per misurare le prestazioni della filiera vite \u2013 vino &nbsp; Conciliare le esigenze commerciali di produzione con lo sviluppo di un modello di business sostenibile. \u00c8 un impegno reale per Cielo e Terra, azienda vicentina nata nel 1908 e che oggi \u00e8 composto dall\u2019unione della famiglia CieloContinue reading...\" \/>\n<meta property=\"og:url\" content=\"https:\/\/www.article-marketing.eu\/comunicatistampa\/con-viva-sustainable-cielo-e-terra-disegna-un-futuro-sempre-piu-green\/\" \/>\n<meta property=\"og:site_name\" content=\"Article Marketing\" \/>\n<meta property=\"article:published_time\" content=\"2022-04-13T18:32:17+00:00\" \/>\n<meta name=\"author\" content=\"Borderline Agency\" \/>\n<meta name=\"twitter:card\" content=\"summary_large_image\" \/>\n<meta name=\"twitter:label1\" content=\"Scritto da\" \/>\n\t<meta name=\"twitter:data1\" content=\"Borderline Agency\" \/>\n\t<meta name=\"twitter:label2\" content=\"Tempo di lettura stimato\" \/>\n\t<meta name=\"twitter:data2\" content=\"4 minuti\" \/>\n<script type=\"application\/ld+json\" class=\"yoast-schema-graph\">{\"@context\":\"https:\\\/\\\/schema.org\",\"@graph\":[{\"@type\":\"Article\",\"@id\":\"https:\\\/\\\/www.article-marketing.eu\\\/comunicatistampa\\\/con-viva-sustainable-cielo-e-terra-disegna-un-futuro-sempre-piu-green\\\/#article\",\"isPartOf\":{\"@id\":\"https:\\\/\\\/www.article-marketing.eu\\\/comunicatistampa\\\/con-viva-sustainable-cielo-e-terra-disegna-un-futuro-sempre-piu-green\\\/\"},\"author\":{\"name\":\"Borderline Agency\",\"@id\":\"https:\\\/\\\/www.article-marketing.eu\\\/comunicatistampa\\\/#\\\/schema\\\/person\\\/1c4ab1c7aad84347e26e78235da6ff1b\"},\"headline\":\"Con VIVA Sustainable Cielo e Terra disegna un futuro sempre pi\u00f9 green\",\"datePublished\":\"2022-04-13T18:32:17+00:00\",\"mainEntityOfPage\":{\"@id\":\"https:\\\/\\\/www.article-marketing.eu\\\/comunicatistampa\\\/con-viva-sustainable-cielo-e-terra-disegna-un-futuro-sempre-piu-green\\\/\"},\"wordCount\":838,\"commentCount\":0,\"keywords\":[\"1% for the planet\",\"aziende vitivinicole\",\"Cantine dei Colli Berici\",\"Cielo e Terra Spa\",\"transizione ecologica\",\"tutela ambiente\",\"vicenza\",\"vini italiani\",\"vino\",\"VIVA Sustainable\"],\"articleSection\":[\"Aziende\",\"Comunicati stampa\",\"Prodotti\"],\"inLanguage\":\"it-IT\",\"potentialAction\":[{\"@type\":\"CommentAction\",\"name\":\"Comment\",\"target\":[\"https:\\\/\\\/www.article-marketing.eu\\\/comunicatistampa\\\/con-viva-sustainable-cielo-e-terra-disegna-un-futuro-sempre-piu-green\\\/#respond\"]}]},{\"@type\":\"WebPage\",\"@id\":\"https:\\\/\\\/www.article-marketing.eu\\\/comunicatistampa\\\/con-viva-sustainable-cielo-e-terra-disegna-un-futuro-sempre-piu-green\\\/\",\"url\":\"https:\\\/\\\/www.article-marketing.eu\\\/comunicatistampa\\\/con-viva-sustainable-cielo-e-terra-disegna-un-futuro-sempre-piu-green\\\/\",\"name\":\"Con VIVA Sustainable Cielo e Terra disegna un futuro sempre pi\u00f9 green\",\"isPartOf\":{\"@id\":\"https:\\\/\\\/www.article-marketing.eu\\\/comunicatistampa\\\/#website\"},\"datePublished\":\"2022-04-13T18:32:17+00:00\",\"author\":{\"@id\":\"https:\\\/\\\/www.article-marketing.eu\\\/comunicatistampa\\\/#\\\/schema\\\/person\\\/1c4ab1c7aad84347e26e78235da6ff1b\"},\"breadcrumb\":{\"@id\":\"https:\\\/\\\/www.article-marketing.eu\\\/comunicatistampa\\\/con-viva-sustainable-cielo-e-terra-disegna-un-futuro-sempre-piu-green\\\/#breadcrumb\"},\"inLanguage\":\"it-IT\",\"potentialAction\":[{\"@type\":\"ReadAction\",\"target\":[\"https:\\\/\\\/www.article-marketing.eu\\\/comunicatistampa\\\/con-viva-sustainable-cielo-e-terra-disegna-un-futuro-sempre-piu-green\\\/\"]}]},{\"@type\":\"BreadcrumbList\",\"@id\":\"https:\\\/\\\/www.article-marketing.eu\\\/comunicatistampa\\\/con-viva-sustainable-cielo-e-terra-disegna-un-futuro-sempre-piu-green\\\/#breadcrumb\",\"itemListElement\":[{\"@type\":\"ListItem\",\"position\":1,\"name\":\"Home\",\"item\":\"https:\\\/\\\/www.article-marketing.eu\\\/comunicatistampa\\\/\"},{\"@type\":\"ListItem\",\"position\":2,\"name\":\"Con VIVA Sustainable Cielo e Terra disegna un futuro sempre pi\u00f9 green\"}]},{\"@type\":\"WebSite\",\"@id\":\"https:\\\/\\\/www.article-marketing.eu\\\/comunicatistampa\\\/#website\",\"url\":\"https:\\\/\\\/www.article-marketing.eu\\\/comunicatistampa\\\/\",\"name\":\"Article Marketing\",\"description\":\"article marketing &amp; press release\",\"potentialAction\":[{\"@type\":\"SearchAction\",\"target\":{\"@type\":\"EntryPoint\",\"urlTemplate\":\"https:\\\/\\\/www.article-marketing.eu\\\/comunicatistampa\\\/?s={search_term_string}\"},\"query-input\":{\"@type\":\"PropertyValueSpecification\",\"valueRequired\":true,\"valueName\":\"search_term_string\"}}],\"inLanguage\":\"it-IT\"},{\"@type\":\"Person\",\"@id\":\"https:\\\/\\\/www.article-marketing.eu\\\/comunicatistampa\\\/#\\\/schema\\\/person\\\/1c4ab1c7aad84347e26e78235da6ff1b\",\"name\":\"Borderline Agency\",\"image\":{\"@type\":\"ImageObject\",\"inLanguage\":\"it-IT\",\"@id\":\"https:\\\/\\\/secure.gravatar.com\\\/avatar\\\/741fa053101610cb0be7dc835c116926549ae4ae2142ff35eac04d78fda61461?s=96&d=mm&r=g\",\"url\":\"https:\\\/\\\/secure.gravatar.com\\\/avatar\\\/741fa053101610cb0be7dc835c116926549ae4ae2142ff35eac04d78fda61461?s=96&d=mm&r=g\",\"contentUrl\":\"https:\\\/\\\/secure.gravatar.com\\\/avatar\\\/741fa053101610cb0be7dc835c116926549ae4ae2142ff35eac04d78fda61461?s=96&d=mm&r=g\",\"caption\":\"Borderline Agency\"},\"url\":\"https:\\\/\\\/www.article-marketing.eu\\\/comunicatistampa\\\/author\\\/borderline-agency\\\/\"}]}<\/script>\n<!-- \/ Yoast SEO plugin. -->","yoast_head_json":{"title":"Con VIVA Sustainable Cielo e Terra disegna un futuro sempre pi\u00f9 green","robots":{"index":"index","follow":"follow","max-snippet":"max-snippet:-1","max-image-preview":"max-image-preview:large","max-video-preview":"max-video-preview:-1"},"canonical":"https:\/\/www.article-marketing.eu\/comunicatistampa\/con-viva-sustainable-cielo-e-terra-disegna-un-futuro-sempre-piu-green\/","og_locale":"it_IT","og_type":"article","og_title":"Con VIVA Sustainable Cielo e Terra disegna un futuro sempre pi\u00f9 green","og_description":"Dopo l\u2019ottenimento della certificazione Bcorp prosegue l\u2019impegno della casa vicentina per la sostenibilit\u00e0 attraverso l\u2019applicazione del disciplinare del Ministero della Transizione Ecologica sviluppato per misurare le prestazioni della filiera vite \u2013 vino &nbsp; Conciliare le esigenze commerciali di produzione con lo sviluppo di un modello di business sostenibile. \u00c8 un impegno reale per Cielo e Terra, azienda vicentina nata nel 1908 e che oggi \u00e8 composto dall\u2019unione della famiglia CieloContinue reading...","og_url":"https:\/\/www.article-marketing.eu\/comunicatistampa\/con-viva-sustainable-cielo-e-terra-disegna-un-futuro-sempre-piu-green\/","og_site_name":"Article Marketing","article_published_time":"2022-04-13T18:32:17+00:00","author":"Borderline Agency","twitter_card":"summary_large_image","twitter_misc":{"Scritto da":"Borderline Agency","Tempo di lettura stimato":"4 minuti"},"schema":{"@context":"https:\/\/schema.org","@graph":[{"@type":"Article","@id":"https:\/\/www.article-marketing.eu\/comunicatistampa\/con-viva-sustainable-cielo-e-terra-disegna-un-futuro-sempre-piu-green\/#article","isPartOf":{"@id":"https:\/\/www.article-marketing.eu\/comunicatistampa\/con-viva-sustainable-cielo-e-terra-disegna-un-futuro-sempre-piu-green\/"},"author":{"name":"Borderline Agency","@id":"https:\/\/www.article-marketing.eu\/comunicatistampa\/#\/schema\/person\/1c4ab1c7aad84347e26e78235da6ff1b"},"headline":"Con VIVA Sustainable Cielo e Terra disegna un futuro sempre pi\u00f9 green","datePublished":"2022-04-13T18:32:17+00:00","mainEntityOfPage":{"@id":"https:\/\/www.article-marketing.eu\/comunicatistampa\/con-viva-sustainable-cielo-e-terra-disegna-un-futuro-sempre-piu-green\/"},"wordCount":838,"commentCount":0,"keywords":["1% for the planet","aziende vitivinicole","Cantine dei Colli Berici","Cielo e Terra Spa","transizione ecologica","tutela ambiente","vicenza","vini italiani","vino","VIVA Sustainable"],"articleSection":["Aziende","Comunicati stampa","Prodotti"],"inLanguage":"it-IT","potentialAction":[{"@type":"CommentAction","name":"Comment","target":["https:\/\/www.article-marketing.eu\/comunicatistampa\/con-viva-sustainable-cielo-e-terra-disegna-un-futuro-sempre-piu-green\/#respond"]}]},{"@type":"WebPage","@id":"https:\/\/www.article-marketing.eu\/comunicatistampa\/con-viva-sustainable-cielo-e-terra-disegna-un-futuro-sempre-piu-green\/","url":"https:\/\/www.article-marketing.eu\/comunicatistampa\/con-viva-sustainable-cielo-e-terra-disegna-un-futuro-sempre-piu-green\/","name":"Con VIVA Sustainable Cielo e Terra disegna un futuro sempre pi\u00f9 green","isPartOf":{"@id":"https:\/\/www.article-marketing.eu\/comunicatistampa\/#website"},"datePublished":"2022-04-13T18:32:17+00:00","author":{"@id":"https:\/\/www.article-marketing.eu\/comunicatistampa\/#\/schema\/person\/1c4ab1c7aad84347e26e78235da6ff1b"},"breadcrumb":{"@id":"https:\/\/www.article-marketing.eu\/comunicatistampa\/con-viva-sustainable-cielo-e-terra-disegna-un-futuro-sempre-piu-green\/#breadcrumb"},"inLanguage":"it-IT","potentialAction":[{"@type":"ReadAction","target":["https:\/\/www.article-marketing.eu\/comunicatistampa\/con-viva-sustainable-cielo-e-terra-disegna-un-futuro-sempre-piu-green\/"]}]},{"@type":"BreadcrumbList","@id":"https:\/\/www.article-marketing.eu\/comunicatistampa\/con-viva-sustainable-cielo-e-terra-disegna-un-futuro-sempre-piu-green\/#breadcrumb","itemListElement":[{"@type":"ListItem","position":1,"name":"Home","item":"https:\/\/www.article-marketing.eu\/comunicatistampa\/"},{"@type":"ListItem","position":2,"name":"Con VIVA Sustainable Cielo e Terra disegna un futuro sempre pi\u00f9 green"}]},{"@type":"WebSite","@id":"https:\/\/www.article-marketing.eu\/comunicatistampa\/#website","url":"https:\/\/www.article-marketing.eu\/comunicatistampa\/","name":"Article Marketing","description":"article marketing &amp; press release","potentialAction":[{"@type":"SearchAction","target":{"@type":"EntryPoint","urlTemplate":"https:\/\/www.article-marketing.eu\/comunicatistampa\/?s={search_term_string}"},"query-input":{"@type":"PropertyValueSpecification","valueRequired":true,"valueName":"search_term_string"}}],"inLanguage":"it-IT"},{"@type":"Person","@id":"https:\/\/www.article-marketing.eu\/comunicatistampa\/#\/schema\/person\/1c4ab1c7aad84347e26e78235da6ff1b","name":"Borderline Agency","image":{"@type":"ImageObject","inLanguage":"it-IT","@id":"https:\/\/secure.gravatar.com\/avatar\/741fa053101610cb0be7dc835c116926549ae4ae2142ff35eac04d78fda61461?s=96&d=mm&r=g","url":"https:\/\/secure.gravatar.com\/avatar\/741fa053101610cb0be7dc835c116926549ae4ae2142ff35eac04d78fda61461?s=96&d=mm&r=g","contentUrl":"https:\/\/secure.gravatar.com\/avatar\/741fa053101610cb0be7dc835c116926549ae4ae2142ff35eac04d78fda61461?s=96&d=mm&r=g","caption":"Borderline Agency"},"url":"https:\/\/www.article-marketing.eu\/comunicatistampa\/author\/borderline-agency\/"}]}},"_links":{"self":[{"href":"https:\/\/www.article-marketing.eu\/comunicatistampa\/wp-json\/wp\/v2\/posts\/22678","targetHints":{"allow":["GET"]}}],"collection":[{"href":"https:\/\/www.article-marketing.eu\/comunicatistampa\/wp-json\/wp\/v2\/posts"}],"about":[{"href":"https:\/\/www.article-marketing.eu\/comunicatistampa\/wp-json\/wp\/v2\/types\/post"}],"author":[{"embeddable":true,"href":"https:\/\/www.article-marketing.eu\/comunicatistampa\/wp-json\/wp\/v2\/users\/397"}],"replies":[{"embeddable":true,"href":"https:\/\/www.article-marketing.eu\/comunicatistampa\/wp-json\/wp\/v2\/comments?post=22678"}],"version-history":[{"count":2,"href":"https:\/\/www.article-marketing.eu\/comunicatistampa\/wp-json\/wp\/v2\/posts\/22678\/revisions"}],"predecessor-version":[{"id":22684,"href":"https:\/\/www.article-marketing.eu\/comunicatistampa\/wp-json\/wp\/v2\/posts\/22678\/revisions\/22684"}],"wp:attachment":[{"href":"https:\/\/www.article-marketing.eu\/comunicatistampa\/wp-json\/wp\/v2\/media?parent=22678"}],"wp:term":[{"taxonomy":"category","embeddable":true,"href":"https:\/\/www.article-marketing.eu\/comunicatistampa\/wp-json\/wp\/v2\/categories?post=22678"},{"taxonomy":"post_tag","embeddable":true,"href":"https:\/\/www.article-marketing.eu\/comunicatistampa\/wp-json\/wp\/v2\/tags?post=22678"}],"curies":[{"name":"wp","href":"https:\/\/api.w.org\/{rel}","templated":true}]}}