{"id":22690,"date":"2022-04-14T12:45:34","date_gmt":"2022-04-14T10:45:34","guid":{"rendered":"https:\/\/www.article-marketing.eu\/comunicatistampa\/?p=22690"},"modified":"2022-04-14T12:45:34","modified_gmt":"2022-04-14T10:45:34","slug":"terna-lad-e-dg-stefano-donnarumma-necessario-storage-energetico-per-integrare-le-rinnovabili","status":"publish","type":"post","link":"https:\/\/www.article-marketing.eu\/comunicatistampa\/terna-lad-e-dg-stefano-donnarumma-necessario-storage-energetico-per-integrare-le-rinnovabili\/","title":{"rendered":"Terna, l\u2019AD e DG Stefano Donnarumma: \u201cNecessario storage energetico per integrare le rinnovabili\u201d"},"content":{"rendered":"<p><em><strong>L&#8217;elettrico \u00e8 il vettore della transizione energetica, ha dichiarato a &#8220;Il Sole 24 Ore&#8221; l&#8217;AD e DG di Terna <\/strong><\/em><a title=\"Stefano Donnarumma: l'intervista - Riparte l'Italia\" href=\"https:\/\/www.ripartelitalia.it\/stefano-donnarumma-ad-terna-cosi-ci-difendiamo-dallinflazione-e-dalla-guerra\/?utm_source=mailpoet&amp;utm_medium=email&amp;utm_campaign=gli-ultimi-newsletter-total-articoli-da-riparte-l-italia_4\"><em><strong>Stefano Donnarumma<\/strong><\/em><\/a><em><strong>, e il Gruppo intende accompagnare il Paese nel processo.<\/strong><\/em><\/p>\n<p><a title=\"Stefano Donnarumma: le dichiarazioni - Riparte l'Italia\" href=\"https:\/\/www.ripartelitalia.it\/stefano-donnarumma-ad-terna-cosi-ci-difendiamo-dallinflazione-e-dalla-guerra\/?utm_source=mailpoet&amp;utm_medium=email&amp;utm_campaign=gli-ultimi-newsletter-total-articoli-da-riparte-l-italia_4\"><img decoding=\"async\" src=\"https:\/\/www.topmanagers.it\/SharingFolder\/TopManager\/it\/ManagerProfilePhoto\/Photo\/stefano-donnarumma-terna-topmanagers.jpg\" alt=\"Stefano Donnarumma\" width=\"120\" \/><\/a><\/p>\n<h2>Stefano Donnarumma: sul nostro tavolo pi\u00f9 di 150 GW di richieste di connessione per nuovi impianti<\/h2>\n<p>Sulla sostenibilit\u00e0 <strong>Terna<\/strong> non si fa cogliere impreparata. Nell&#8217;ultimo decennio il Gruppo ha messo in atto una strategia che ha consentito una forte accelerazione dell&#8217;infrastruttura elettrica del Paese. Ora l&#8217;obiettivo principale \u00e8 guidare il Paese verso la transizione puntando sulle rinnovabili. Lo ha spiegato <strong>Stefano Donnarumma<\/strong> in una recente intervista a cura de &#8220;Il Sole 24 Ore&#8221;. Al momento sul tavolo di <strong>Terna<\/strong> oltre 150 GW di richieste di connessione per nuovi impianti: <em>&#8220;L&#8217;Italia<\/em> &#8211; ha dichiarato l&#8217;Amministratore Delegato e Direttore Generale del Gruppo &#8211; <em>ha sia le progettualit\u00e0 sia gli investitori pronti per realizzarle&#8221;<\/em>. Uno degli ostacoli principali allo sviluppo delle fonti alternative rimane la lentezza del processo autorizzativo, ma secondo l&#8217;AD e DG il Governo si sta muovendo verso la direzione giusta: <em>&#8220;I primi segnali in tal senso gi\u00e0 si vedono. Quanto a <strong>Terna<\/strong><\/em> &#8211; ha aggiunto <strong>Stefano Donnarumma<\/strong> &#8211; <em>stiamo studiando potenziali acquisizioni nel settore della componentistica di impianti rinnovabili per favorire la produzione italiana&#8221;<\/em>. In questo modo, pur non possedendo n\u00e9 gestendo direttamente impianti, il Gruppo potr\u00e0 contribuire <em>&#8220;in un&#8217;ottica di responsabilit\u00e0 istituzionale&#8221;<\/em>.<\/p>\n<h2>Stefano Donnarumma: senza storage energetico impossibile garantire equilibrio del sistema<\/h2>\n<p>Con oltre 75mila chilometri di infrastruttura elettrica gestita, <strong>Terna<\/strong> avr\u00e0 un ruolo fondamentale nel cambio di paradigma energetico: <em>&#8220;L&#8217;elettrico \u00e8 il vettore del futuro, della transizione energetica e deve accompagnarla<\/em> &#8211; ha ricordato <a title=\"Stefano Donnarumma: il commento - Riparte l'Italia\" href=\"https:\/\/www.ripartelitalia.it\/stefano-donnarumma-ad-terna-cosi-ci-difendiamo-dallinflazione-e-dalla-guerra\/?utm_source=mailpoet&amp;utm_medium=email&amp;utm_campaign=gli-ultimi-newsletter-total-articoli-da-riparte-l-italia_4\">Stefano Donnarumma<\/a> &#8211; <em>Lo sappiamo da anni e quindi ora siamo perfettamente in linea con le nuove esigenze&#8221;<\/em>. L&#8217;aggiornamento del Piano Industriale 2021-2025, approvato lo scorso 24 marzo, va appunto in quella direzione. Con la crisi energetica in corso si profila tuttavia una nuova necessit\u00e0. Per l&#8217;AD e DG bisogner\u00e0 infatti incrementare gli stoccaggi di energia elettrica, ma al momento <strong>Terna<\/strong> non pu\u00f2 intervenire in tal senso se non in condizioni di fallimento di mercato: <em>&#8220;Abbiamo chiesto alle istituzioni, con spirito di servizio, di essere coinvolti direttamente, anche con una piccola percentuale. Riteniamo che, senza storage energetico, sia impossibile garantire l&#8217;equilibrio di un sistema che abbia prevalenza di rinnovabili&#8221;<\/em>. Per un futuro equilibrio sar\u00e0 fondamentale anche sviluppare ulteriori interconnessioni con l&#8217;estero, sottolinea <strong>Stefano Donnarumma<\/strong>. Al momento il Paese ne possiede 26, con ulteriori quattro (Francia, Austria, Grecia e Tunisia) che si aggiungeranno nel breve periodo. Per quanto riguarda le attivit\u00e0 estere, <strong>Terna<\/strong> prevede infine diverse partnership negli Stati Uniti, dove <em>&#8220;punta a costruire delle alleanze con importanti sviluppatori americani e con uno o pi\u00f9 partner finanziari e industriali per portare avanti dei progetti che riguardino connessioni, anche offshore o interconnessioni tra gli Stati&#8221;<\/em>.<\/p>\n","protected":false},"excerpt":{"rendered":"<p>L&#8217;elettrico \u00e8 il vettore della transizione energetica, ha dichiarato a &#8220;Il Sole 24 Ore&#8221; l&#8217;AD e DG di Terna Stefano Donnarumma, e il Gruppo intende accompagnare il Paese nel processo. Stefano Donnarumma: sul nostro tavolo pi\u00f9 di 150 GW di richieste di connessione per nuovi impianti Sulla sostenibilit\u00e0 Terna non si fa cogliere impreparata. Nell&#8217;ultimo decennio il Gruppo ha messo in atto una strategia che ha consentito una forte accelerazione<\/p>\n<p><a class=\"continue-reading\" href=\"https:\/\/www.article-marketing.eu\/comunicatistampa\/terna-lad-e-dg-stefano-donnarumma-necessario-storage-energetico-per-integrare-le-rinnovabili\/\">Continue reading&#8230;<\/a><\/p>\n","protected":false},"author":7206,"featured_media":0,"comment_status":"open","ping_status":"open","sticky":false,"template":"","format":"standard","meta":{"_monsterinsights_skip_tracking":false,"_monsterinsights_sitenote_active":false,"_monsterinsights_sitenote_note":"","_monsterinsights_sitenote_category":0,"footnotes":""},"categories":[78],"tags":[9564,9563],"class_list":["post-22690","post","type-post","status-publish","format-standard","hentry","category-comunicati-stampa","tag-stefano-donnarumma","tag-terna"],"yoast_head":"<!-- This site is optimized with the Yoast SEO plugin v27.3 - https:\/\/yoast.com\/product\/yoast-seo-wordpress\/ -->\n<title>Terna, l\u2019AD e DG Stefano Donnarumma: \u201cNecessario storage energetico per integrare le rinnovabili\u201d<\/title>\n<meta name=\"robots\" content=\"index, follow, max-snippet:-1, max-image-preview:large, max-video-preview:-1\" \/>\n<link rel=\"canonical\" href=\"https:\/\/www.article-marketing.eu\/comunicatistampa\/terna-lad-e-dg-stefano-donnarumma-necessario-storage-energetico-per-integrare-le-rinnovabili\/\" \/>\n<meta property=\"og:locale\" content=\"it_IT\" \/>\n<meta property=\"og:type\" content=\"article\" \/>\n<meta property=\"og:title\" content=\"Terna, l\u2019AD e DG Stefano Donnarumma: \u201cNecessario storage energetico per integrare le rinnovabili\u201d\" \/>\n<meta property=\"og:description\" content=\"L&#8217;elettrico \u00e8 il vettore della transizione energetica, ha dichiarato a &#8220;Il Sole 24 Ore&#8221; l&#8217;AD e DG di Terna Stefano Donnarumma, e il Gruppo intende accompagnare il Paese nel processo. Stefano Donnarumma: sul nostro tavolo pi\u00f9 di 150 GW di richieste di connessione per nuovi impianti Sulla sostenibilit\u00e0 Terna non si fa cogliere impreparata. Nell&#8217;ultimo decennio il Gruppo ha messo in atto una strategia che ha consentito una forte accelerazioneContinue reading...\" \/>\n<meta property=\"og:url\" content=\"https:\/\/www.article-marketing.eu\/comunicatistampa\/terna-lad-e-dg-stefano-donnarumma-necessario-storage-energetico-per-integrare-le-rinnovabili\/\" \/>\n<meta property=\"og:site_name\" content=\"Article Marketing\" \/>\n<meta property=\"article:published_time\" content=\"2022-04-14T10:45:34+00:00\" \/>\n<meta property=\"og:image\" content=\"https:\/\/www.topmanagers.it\/SharingFolder\/TopManager\/it\/ManagerProfilePhoto\/Photo\/stefano-donnarumma-terna-topmanagers.jpg\" \/>\n<meta name=\"author\" content=\"pressreleaself\" \/>\n<meta name=\"twitter:card\" content=\"summary_large_image\" \/>\n<meta name=\"twitter:label1\" content=\"Scritto da\" \/>\n\t<meta name=\"twitter:data1\" content=\"pressreleaself\" \/>\n\t<meta name=\"twitter:label2\" content=\"Tempo di lettura stimato\" \/>\n\t<meta name=\"twitter:data2\" content=\"2 minuti\" \/>\n<script type=\"application\/ld+json\" class=\"yoast-schema-graph\">{\"@context\":\"https:\\\/\\\/schema.org\",\"@graph\":[{\"@type\":\"Article\",\"@id\":\"https:\\\/\\\/www.article-marketing.eu\\\/comunicatistampa\\\/terna-lad-e-dg-stefano-donnarumma-necessario-storage-energetico-per-integrare-le-rinnovabili\\\/#article\",\"isPartOf\":{\"@id\":\"https:\\\/\\\/www.article-marketing.eu\\\/comunicatistampa\\\/terna-lad-e-dg-stefano-donnarumma-necessario-storage-energetico-per-integrare-le-rinnovabili\\\/\"},\"author\":{\"name\":\"pressreleaself\",\"@id\":\"https:\\\/\\\/www.article-marketing.eu\\\/comunicatistampa\\\/#\\\/schema\\\/person\\\/e12b1bc04ee2394a2e51cf979ebbbbb6\"},\"headline\":\"Terna, l\u2019AD e DG Stefano Donnarumma: \u201cNecessario storage energetico per integrare le rinnovabili\u201d\",\"datePublished\":\"2022-04-14T10:45:34+00:00\",\"mainEntityOfPage\":{\"@id\":\"https:\\\/\\\/www.article-marketing.eu\\\/comunicatistampa\\\/terna-lad-e-dg-stefano-donnarumma-necessario-storage-energetico-per-integrare-le-rinnovabili\\\/\"},\"wordCount\":464,\"commentCount\":0,\"image\":{\"@id\":\"https:\\\/\\\/www.article-marketing.eu\\\/comunicatistampa\\\/terna-lad-e-dg-stefano-donnarumma-necessario-storage-energetico-per-integrare-le-rinnovabili\\\/#primaryimage\"},\"thumbnailUrl\":\"https:\\\/\\\/www.topmanagers.it\\\/SharingFolder\\\/TopManager\\\/it\\\/ManagerProfilePhoto\\\/Photo\\\/stefano-donnarumma-terna-topmanagers.jpg\",\"keywords\":[\"Stefano Donnarumma\",\"Terna\"],\"articleSection\":[\"Comunicati stampa\"],\"inLanguage\":\"it-IT\",\"potentialAction\":[{\"@type\":\"CommentAction\",\"name\":\"Comment\",\"target\":[\"https:\\\/\\\/www.article-marketing.eu\\\/comunicatistampa\\\/terna-lad-e-dg-stefano-donnarumma-necessario-storage-energetico-per-integrare-le-rinnovabili\\\/#respond\"]}]},{\"@type\":\"WebPage\",\"@id\":\"https:\\\/\\\/www.article-marketing.eu\\\/comunicatistampa\\\/terna-lad-e-dg-stefano-donnarumma-necessario-storage-energetico-per-integrare-le-rinnovabili\\\/\",\"url\":\"https:\\\/\\\/www.article-marketing.eu\\\/comunicatistampa\\\/terna-lad-e-dg-stefano-donnarumma-necessario-storage-energetico-per-integrare-le-rinnovabili\\\/\",\"name\":\"Terna, l\u2019AD e DG Stefano Donnarumma: \u201cNecessario storage energetico per integrare le rinnovabili\u201d\",\"isPartOf\":{\"@id\":\"https:\\\/\\\/www.article-marketing.eu\\\/comunicatistampa\\\/#website\"},\"primaryImageOfPage\":{\"@id\":\"https:\\\/\\\/www.article-marketing.eu\\\/comunicatistampa\\\/terna-lad-e-dg-stefano-donnarumma-necessario-storage-energetico-per-integrare-le-rinnovabili\\\/#primaryimage\"},\"image\":{\"@id\":\"https:\\\/\\\/www.article-marketing.eu\\\/comunicatistampa\\\/terna-lad-e-dg-stefano-donnarumma-necessario-storage-energetico-per-integrare-le-rinnovabili\\\/#primaryimage\"},\"thumbnailUrl\":\"https:\\\/\\\/www.topmanagers.it\\\/SharingFolder\\\/TopManager\\\/it\\\/ManagerProfilePhoto\\\/Photo\\\/stefano-donnarumma-terna-topmanagers.jpg\",\"datePublished\":\"2022-04-14T10:45:34+00:00\",\"author\":{\"@id\":\"https:\\\/\\\/www.article-marketing.eu\\\/comunicatistampa\\\/#\\\/schema\\\/person\\\/e12b1bc04ee2394a2e51cf979ebbbbb6\"},\"breadcrumb\":{\"@id\":\"https:\\\/\\\/www.article-marketing.eu\\\/comunicatistampa\\\/terna-lad-e-dg-stefano-donnarumma-necessario-storage-energetico-per-integrare-le-rinnovabili\\\/#breadcrumb\"},\"inLanguage\":\"it-IT\",\"potentialAction\":[{\"@type\":\"ReadAction\",\"target\":[\"https:\\\/\\\/www.article-marketing.eu\\\/comunicatistampa\\\/terna-lad-e-dg-stefano-donnarumma-necessario-storage-energetico-per-integrare-le-rinnovabili\\\/\"]}]},{\"@type\":\"ImageObject\",\"inLanguage\":\"it-IT\",\"@id\":\"https:\\\/\\\/www.article-marketing.eu\\\/comunicatistampa\\\/terna-lad-e-dg-stefano-donnarumma-necessario-storage-energetico-per-integrare-le-rinnovabili\\\/#primaryimage\",\"url\":\"https:\\\/\\\/www.topmanagers.it\\\/SharingFolder\\\/TopManager\\\/it\\\/ManagerProfilePhoto\\\/Photo\\\/stefano-donnarumma-terna-topmanagers.jpg\",\"contentUrl\":\"https:\\\/\\\/www.topmanagers.it\\\/SharingFolder\\\/TopManager\\\/it\\\/ManagerProfilePhoto\\\/Photo\\\/stefano-donnarumma-terna-topmanagers.jpg\"},{\"@type\":\"BreadcrumbList\",\"@id\":\"https:\\\/\\\/www.article-marketing.eu\\\/comunicatistampa\\\/terna-lad-e-dg-stefano-donnarumma-necessario-storage-energetico-per-integrare-le-rinnovabili\\\/#breadcrumb\",\"itemListElement\":[{\"@type\":\"ListItem\",\"position\":1,\"name\":\"Home\",\"item\":\"https:\\\/\\\/www.article-marketing.eu\\\/comunicatistampa\\\/\"},{\"@type\":\"ListItem\",\"position\":2,\"name\":\"Terna, l\u2019AD e DG Stefano Donnarumma: \u201cNecessario storage energetico per integrare le rinnovabili\u201d\"}]},{\"@type\":\"WebSite\",\"@id\":\"https:\\\/\\\/www.article-marketing.eu\\\/comunicatistampa\\\/#website\",\"url\":\"https:\\\/\\\/www.article-marketing.eu\\\/comunicatistampa\\\/\",\"name\":\"Article Marketing\",\"description\":\"article marketing &amp; press release\",\"potentialAction\":[{\"@type\":\"SearchAction\",\"target\":{\"@type\":\"EntryPoint\",\"urlTemplate\":\"https:\\\/\\\/www.article-marketing.eu\\\/comunicatistampa\\\/?s={search_term_string}\"},\"query-input\":{\"@type\":\"PropertyValueSpecification\",\"valueRequired\":true,\"valueName\":\"search_term_string\"}}],\"inLanguage\":\"it-IT\"},{\"@type\":\"Person\",\"@id\":\"https:\\\/\\\/www.article-marketing.eu\\\/comunicatistampa\\\/#\\\/schema\\\/person\\\/e12b1bc04ee2394a2e51cf979ebbbbb6\",\"name\":\"pressreleaself\",\"image\":{\"@type\":\"ImageObject\",\"inLanguage\":\"it-IT\",\"@id\":\"https:\\\/\\\/secure.gravatar.com\\\/avatar\\\/58b2e897ca1b290b3c87ba2112be22b2d12e7af8fea0975d839430be1249d1a3?s=96&d=mm&r=g\",\"url\":\"https:\\\/\\\/secure.gravatar.com\\\/avatar\\\/58b2e897ca1b290b3c87ba2112be22b2d12e7af8fea0975d839430be1249d1a3?s=96&d=mm&r=g\",\"contentUrl\":\"https:\\\/\\\/secure.gravatar.com\\\/avatar\\\/58b2e897ca1b290b3c87ba2112be22b2d12e7af8fea0975d839430be1249d1a3?s=96&d=mm&r=g\",\"caption\":\"pressreleaself\"},\"url\":\"https:\\\/\\\/www.article-marketing.eu\\\/comunicatistampa\\\/author\\\/pressreleaself\\\/\"}]}<\/script>\n<!-- \/ Yoast SEO plugin. -->","yoast_head_json":{"title":"Terna, l\u2019AD e DG Stefano Donnarumma: \u201cNecessario storage energetico per integrare le rinnovabili\u201d","robots":{"index":"index","follow":"follow","max-snippet":"max-snippet:-1","max-image-preview":"max-image-preview:large","max-video-preview":"max-video-preview:-1"},"canonical":"https:\/\/www.article-marketing.eu\/comunicatistampa\/terna-lad-e-dg-stefano-donnarumma-necessario-storage-energetico-per-integrare-le-rinnovabili\/","og_locale":"it_IT","og_type":"article","og_title":"Terna, l\u2019AD e DG Stefano Donnarumma: \u201cNecessario storage energetico per integrare le rinnovabili\u201d","og_description":"L&#8217;elettrico \u00e8 il vettore della transizione energetica, ha dichiarato a &#8220;Il Sole 24 Ore&#8221; l&#8217;AD e DG di Terna Stefano Donnarumma, e il Gruppo intende accompagnare il Paese nel processo. Stefano Donnarumma: sul nostro tavolo pi\u00f9 di 150 GW di richieste di connessione per nuovi impianti Sulla sostenibilit\u00e0 Terna non si fa cogliere impreparata. Nell&#8217;ultimo decennio il Gruppo ha messo in atto una strategia che ha consentito una forte accelerazioneContinue reading...","og_url":"https:\/\/www.article-marketing.eu\/comunicatistampa\/terna-lad-e-dg-stefano-donnarumma-necessario-storage-energetico-per-integrare-le-rinnovabili\/","og_site_name":"Article Marketing","article_published_time":"2022-04-14T10:45:34+00:00","og_image":[{"url":"https:\/\/www.topmanagers.it\/SharingFolder\/TopManager\/it\/ManagerProfilePhoto\/Photo\/stefano-donnarumma-terna-topmanagers.jpg","type":"","width":"","height":""}],"author":"pressreleaself","twitter_card":"summary_large_image","twitter_misc":{"Scritto da":"pressreleaself","Tempo di lettura stimato":"2 minuti"},"schema":{"@context":"https:\/\/schema.org","@graph":[{"@type":"Article","@id":"https:\/\/www.article-marketing.eu\/comunicatistampa\/terna-lad-e-dg-stefano-donnarumma-necessario-storage-energetico-per-integrare-le-rinnovabili\/#article","isPartOf":{"@id":"https:\/\/www.article-marketing.eu\/comunicatistampa\/terna-lad-e-dg-stefano-donnarumma-necessario-storage-energetico-per-integrare-le-rinnovabili\/"},"author":{"name":"pressreleaself","@id":"https:\/\/www.article-marketing.eu\/comunicatistampa\/#\/schema\/person\/e12b1bc04ee2394a2e51cf979ebbbbb6"},"headline":"Terna, l\u2019AD e DG Stefano Donnarumma: \u201cNecessario storage energetico per integrare le rinnovabili\u201d","datePublished":"2022-04-14T10:45:34+00:00","mainEntityOfPage":{"@id":"https:\/\/www.article-marketing.eu\/comunicatistampa\/terna-lad-e-dg-stefano-donnarumma-necessario-storage-energetico-per-integrare-le-rinnovabili\/"},"wordCount":464,"commentCount":0,"image":{"@id":"https:\/\/www.article-marketing.eu\/comunicatistampa\/terna-lad-e-dg-stefano-donnarumma-necessario-storage-energetico-per-integrare-le-rinnovabili\/#primaryimage"},"thumbnailUrl":"https:\/\/www.topmanagers.it\/SharingFolder\/TopManager\/it\/ManagerProfilePhoto\/Photo\/stefano-donnarumma-terna-topmanagers.jpg","keywords":["Stefano Donnarumma","Terna"],"articleSection":["Comunicati stampa"],"inLanguage":"it-IT","potentialAction":[{"@type":"CommentAction","name":"Comment","target":["https:\/\/www.article-marketing.eu\/comunicatistampa\/terna-lad-e-dg-stefano-donnarumma-necessario-storage-energetico-per-integrare-le-rinnovabili\/#respond"]}]},{"@type":"WebPage","@id":"https:\/\/www.article-marketing.eu\/comunicatistampa\/terna-lad-e-dg-stefano-donnarumma-necessario-storage-energetico-per-integrare-le-rinnovabili\/","url":"https:\/\/www.article-marketing.eu\/comunicatistampa\/terna-lad-e-dg-stefano-donnarumma-necessario-storage-energetico-per-integrare-le-rinnovabili\/","name":"Terna, l\u2019AD e DG Stefano Donnarumma: \u201cNecessario storage energetico per integrare le rinnovabili\u201d","isPartOf":{"@id":"https:\/\/www.article-marketing.eu\/comunicatistampa\/#website"},"primaryImageOfPage":{"@id":"https:\/\/www.article-marketing.eu\/comunicatistampa\/terna-lad-e-dg-stefano-donnarumma-necessario-storage-energetico-per-integrare-le-rinnovabili\/#primaryimage"},"image":{"@id":"https:\/\/www.article-marketing.eu\/comunicatistampa\/terna-lad-e-dg-stefano-donnarumma-necessario-storage-energetico-per-integrare-le-rinnovabili\/#primaryimage"},"thumbnailUrl":"https:\/\/www.topmanagers.it\/SharingFolder\/TopManager\/it\/ManagerProfilePhoto\/Photo\/stefano-donnarumma-terna-topmanagers.jpg","datePublished":"2022-04-14T10:45:34+00:00","author":{"@id":"https:\/\/www.article-marketing.eu\/comunicatistampa\/#\/schema\/person\/e12b1bc04ee2394a2e51cf979ebbbbb6"},"breadcrumb":{"@id":"https:\/\/www.article-marketing.eu\/comunicatistampa\/terna-lad-e-dg-stefano-donnarumma-necessario-storage-energetico-per-integrare-le-rinnovabili\/#breadcrumb"},"inLanguage":"it-IT","potentialAction":[{"@type":"ReadAction","target":["https:\/\/www.article-marketing.eu\/comunicatistampa\/terna-lad-e-dg-stefano-donnarumma-necessario-storage-energetico-per-integrare-le-rinnovabili\/"]}]},{"@type":"ImageObject","inLanguage":"it-IT","@id":"https:\/\/www.article-marketing.eu\/comunicatistampa\/terna-lad-e-dg-stefano-donnarumma-necessario-storage-energetico-per-integrare-le-rinnovabili\/#primaryimage","url":"https:\/\/www.topmanagers.it\/SharingFolder\/TopManager\/it\/ManagerProfilePhoto\/Photo\/stefano-donnarumma-terna-topmanagers.jpg","contentUrl":"https:\/\/www.topmanagers.it\/SharingFolder\/TopManager\/it\/ManagerProfilePhoto\/Photo\/stefano-donnarumma-terna-topmanagers.jpg"},{"@type":"BreadcrumbList","@id":"https:\/\/www.article-marketing.eu\/comunicatistampa\/terna-lad-e-dg-stefano-donnarumma-necessario-storage-energetico-per-integrare-le-rinnovabili\/#breadcrumb","itemListElement":[{"@type":"ListItem","position":1,"name":"Home","item":"https:\/\/www.article-marketing.eu\/comunicatistampa\/"},{"@type":"ListItem","position":2,"name":"Terna, l\u2019AD e DG Stefano Donnarumma: \u201cNecessario storage energetico per integrare le rinnovabili\u201d"}]},{"@type":"WebSite","@id":"https:\/\/www.article-marketing.eu\/comunicatistampa\/#website","url":"https:\/\/www.article-marketing.eu\/comunicatistampa\/","name":"Article Marketing","description":"article marketing &amp; press release","potentialAction":[{"@type":"SearchAction","target":{"@type":"EntryPoint","urlTemplate":"https:\/\/www.article-marketing.eu\/comunicatistampa\/?s={search_term_string}"},"query-input":{"@type":"PropertyValueSpecification","valueRequired":true,"valueName":"search_term_string"}}],"inLanguage":"it-IT"},{"@type":"Person","@id":"https:\/\/www.article-marketing.eu\/comunicatistampa\/#\/schema\/person\/e12b1bc04ee2394a2e51cf979ebbbbb6","name":"pressreleaself","image":{"@type":"ImageObject","inLanguage":"it-IT","@id":"https:\/\/secure.gravatar.com\/avatar\/58b2e897ca1b290b3c87ba2112be22b2d12e7af8fea0975d839430be1249d1a3?s=96&d=mm&r=g","url":"https:\/\/secure.gravatar.com\/avatar\/58b2e897ca1b290b3c87ba2112be22b2d12e7af8fea0975d839430be1249d1a3?s=96&d=mm&r=g","contentUrl":"https:\/\/secure.gravatar.com\/avatar\/58b2e897ca1b290b3c87ba2112be22b2d12e7af8fea0975d839430be1249d1a3?s=96&d=mm&r=g","caption":"pressreleaself"},"url":"https:\/\/www.article-marketing.eu\/comunicatistampa\/author\/pressreleaself\/"}]}},"_links":{"self":[{"href":"https:\/\/www.article-marketing.eu\/comunicatistampa\/wp-json\/wp\/v2\/posts\/22690","targetHints":{"allow":["GET"]}}],"collection":[{"href":"https:\/\/www.article-marketing.eu\/comunicatistampa\/wp-json\/wp\/v2\/posts"}],"about":[{"href":"https:\/\/www.article-marketing.eu\/comunicatistampa\/wp-json\/wp\/v2\/types\/post"}],"author":[{"embeddable":true,"href":"https:\/\/www.article-marketing.eu\/comunicatistampa\/wp-json\/wp\/v2\/users\/7206"}],"replies":[{"embeddable":true,"href":"https:\/\/www.article-marketing.eu\/comunicatistampa\/wp-json\/wp\/v2\/comments?post=22690"}],"version-history":[{"count":2,"href":"https:\/\/www.article-marketing.eu\/comunicatistampa\/wp-json\/wp\/v2\/posts\/22690\/revisions"}],"predecessor-version":[{"id":22711,"href":"https:\/\/www.article-marketing.eu\/comunicatistampa\/wp-json\/wp\/v2\/posts\/22690\/revisions\/22711"}],"wp:attachment":[{"href":"https:\/\/www.article-marketing.eu\/comunicatistampa\/wp-json\/wp\/v2\/media?parent=22690"}],"wp:term":[{"taxonomy":"category","embeddable":true,"href":"https:\/\/www.article-marketing.eu\/comunicatistampa\/wp-json\/wp\/v2\/categories?post=22690"},{"taxonomy":"post_tag","embeddable":true,"href":"https:\/\/www.article-marketing.eu\/comunicatistampa\/wp-json\/wp\/v2\/tags?post=22690"}],"curies":[{"name":"wp","href":"https:\/\/api.w.org\/{rel}","templated":true}]}}