{"id":22700,"date":"2022-04-14T12:44:41","date_gmt":"2022-04-14T10:44:41","guid":{"rendered":"https:\/\/www.article-marketing.eu\/comunicatistampa\/?p=22700"},"modified":"2022-04-14T12:44:41","modified_gmt":"2022-04-14T10:44:41","slug":"francesco-milleri-eyes-on-inclusion-limpegno-di-essilorluxottica","status":"publish","type":"post","link":"https:\/\/www.article-marketing.eu\/comunicatistampa\/francesco-milleri-eyes-on-inclusion-limpegno-di-essilorluxottica\/","title":{"rendered":"Francesco Milleri: Eyes on Inclusion, l\u2019impegno di EssilorLuxottica"},"content":{"rendered":"<p><em><strong><a title=\"Francesco Milleri: il profilo professionale\" href=\"https:\/\/www.professionistieaziende.it\/francesco_milleri\/francesco_milleri.php\">Francesco Milleri<\/a>: EssilorLuxottica promuove l&#8217;inclusione impegnandosi con determinazione ad offrire pari opportunit\u00e0 a tutti i propri collaboratori, ad ogni livello.<\/strong><\/em><\/p>\n<p><a title=\"Francesco Milleri: la storia professionale\" href=\"https:\/\/www.professionistieaziende.it\/francesco_milleri\/francesco_milleri.php\"><img decoding=\"async\" src=\"https:\/\/www.professionistieaziende.it\/francesco_milleri\/francesco_milleri.jpg\" alt=\"Francesco Milleri\" width=\"120\" \/><\/a><\/p>\n<h2>Francesco Milleri: EssilorLuxottica, le persone la nostra risorsa pi\u00f9 preziosa<\/h2>\n<p><em>&#8220;Il nostro primo pensiero va a tutte le persone colpite dall&#8217;attuale tragedia in Ucraina&#8221;<\/em>: anche in occasione della presentazione dei risultati 2021 di EssilorLuxottica, l&#8217;AD <strong>Francesco Milleri<\/strong> ha voluto ricordare <em>&#8220;i nostri circa 1.700 colleghi in Ucraina, le loro famiglie e tutti coloro che hanno conoscenti e affetti nel Paese&#8221;<\/em>. Nelle parole dell&#8217;AD ma anche nelle iniziative intraprese per sostenerli in questo momento di difficolt\u00e0 si scorge l&#8217;impronta di una realt\u00e0 che da sempre crede e investe <em>&#8220;nel potere delle nostre persone, la nostra risorsa pi\u00f9 preziosa&#8221;<\/em>, come si legge sul sito. EssilorLuxottica si impegna concretamente nel costruire una cultura del lavoro che sia inclusiva al 100% e che alimenti la diversit\u00e0, una cultura che incoraggi attivamente l&#8217;espressione di punti di vista individuali e che permetta alle idee nuove di prosperare. Nel 2020, il Gruppo guidato da <strong>Francesco Milleri<\/strong> \u00e8 entrato nella classifica dei &#8220;Diversity Leaders&#8221; del &#8220;Financial Times&#8221;, prestigioso riconoscimento dell&#8217;impegno profuso negli ultimi anni per promuovere diversit\u00e0 e inclusione.<\/p>\n<h2>Francesco Milleri: il valore dell&#8217;inclusione per EssilorLuxottica<\/h2>\n<p>Per promuovere il valore dell&#8217;inclusione, supportato fortemente dall&#8217;AD <a title=\"Francesco Milleri: il percorso formativo e professionale\" href=\"https:\/\/www.professionistieaziende.it\/francesco_milleri\/francesco_milleri.php\">Francesco Milleri<\/a>, il Gruppo ha sostenuto diversi progetti nei Paesi in cui \u00e8 presente in modo da stimolare un dialogo aperto tra i colleghi e fornire un ambiente di lavoro inclusivo. Basti pensare all&#8217;iniziativa lanciata su scala globale a marzo 2021 per sensibilizzare sui pregiudizi inconsci e su altri aspetti riguardanti i temi della diversit\u00e0, dell&#8217;inclusione e dell&#8217;uguaglianza. Ma inclusione \u00e8 anche riconoscere che il talento non conosce genere, etnia, religione e abilit\u00e0: lo conferma anche il posizionamento di diverse professioniste di Essilor e Luxottica nella prestigiosa classifica delle &#8220;Most Influential Women in Optical&#8221; di Vision Monday, importante riconoscimento dell&#8217;ampio e variegato background del settore ottico in Nord America. E l&#8217;impegno per un ambiente di lavoro inclusivo in cui tutti possano prosperare abbraccia naturalmente anche le disabilit\u00e0, sia visibili che invisibili. La disabilit\u00e0 non preclude la competenza: questo il messaggio che il Gruppo punta a trasmettere anche attraverso l&#8217;avvio di collaborazioni con partner come l&#8217;ESAT (\u00c9tablissement et service d&#8217;aide par le travail, ex CAT) e l&#8217;EA (Entreprises Adapt\u00e9es) che supportano l&#8217;inserimento professionale delle persone affette da disabilit\u00e0, non in grado di lavorare in un ambiente di lavoro tradizionale. L&#8217;AD <strong>Francesco Milleri<\/strong> ha ricordato in diverse occasioni l&#8217;impegno di EssilorLuxottica nel creare un futuro migliore e pi\u00f9 sostenibile per tutti contribuendo al raggiungimento degli Obiettivi di Sviluppo Sostenibile delle Nazioni Unite (SDGs) tra cui uguaglianza di genere (Goal 5), lavoro dignitoso e crescita economica (Goal 8), salute e benessere (Goal 3) e partnership per gli obiettivi (Goal 17).<\/p>\n","protected":false},"excerpt":{"rendered":"<p>Francesco Milleri: EssilorLuxottica promuove l&#8217;inclusione impegnandosi con determinazione ad offrire pari opportunit\u00e0 a tutti i propri collaboratori, ad ogni livello. Francesco Milleri: EssilorLuxottica, le persone la nostra risorsa pi\u00f9 preziosa &#8220;Il nostro primo pensiero va a tutte le persone colpite dall&#8217;attuale tragedia in Ucraina&#8221;: anche in occasione della presentazione dei risultati 2021 di EssilorLuxottica, l&#8217;AD Francesco Milleri ha voluto ricordare &#8220;i nostri circa 1.700 colleghi in Ucraina, le loro famiglie<\/p>\n<p><a class=\"continue-reading\" href=\"https:\/\/www.article-marketing.eu\/comunicatistampa\/francesco-milleri-eyes-on-inclusion-limpegno-di-essilorluxottica\/\">Continue reading&#8230;<\/a><\/p>\n","protected":false},"author":7201,"featured_media":0,"comment_status":"open","ping_status":"open","sticky":false,"template":"","format":"standard","meta":{"_monsterinsights_skip_tracking":false,"_monsterinsights_sitenote_active":false,"_monsterinsights_sitenote_note":"","_monsterinsights_sitenote_category":0,"footnotes":""},"categories":[388],"tags":[9537],"class_list":["post-22700","post","type-post","status-publish","format-standard","hentry","category-aziende","tag-francesco-milleri"],"yoast_head":"<!-- This site is optimized with the Yoast SEO plugin v27.3 - https:\/\/yoast.com\/product\/yoast-seo-wordpress\/ -->\n<title>Francesco Milleri: Eyes on Inclusion, l\u2019impegno di EssilorLuxottica<\/title>\n<meta name=\"robots\" content=\"index, follow, max-snippet:-1, max-image-preview:large, max-video-preview:-1\" \/>\n<link rel=\"canonical\" href=\"https:\/\/www.article-marketing.eu\/comunicatistampa\/francesco-milleri-eyes-on-inclusion-limpegno-di-essilorluxottica\/\" \/>\n<meta property=\"og:locale\" content=\"it_IT\" \/>\n<meta property=\"og:type\" content=\"article\" \/>\n<meta property=\"og:title\" content=\"Francesco Milleri: Eyes on Inclusion, l\u2019impegno di EssilorLuxottica\" \/>\n<meta property=\"og:description\" content=\"Francesco Milleri: EssilorLuxottica promuove l&#8217;inclusione impegnandosi con determinazione ad offrire pari opportunit\u00e0 a tutti i propri collaboratori, ad ogni livello. Francesco Milleri: EssilorLuxottica, le persone la nostra risorsa pi\u00f9 preziosa &#8220;Il nostro primo pensiero va a tutte le persone colpite dall&#8217;attuale tragedia in Ucraina&#8221;: anche in occasione della presentazione dei risultati 2021 di EssilorLuxottica, l&#8217;AD Francesco Milleri ha voluto ricordare &#8220;i nostri circa 1.700 colleghi in Ucraina, le loro famiglieContinue reading...\" \/>\n<meta property=\"og:url\" content=\"https:\/\/www.article-marketing.eu\/comunicatistampa\/francesco-milleri-eyes-on-inclusion-limpegno-di-essilorluxottica\/\" \/>\n<meta property=\"og:site_name\" content=\"Article Marketing\" \/>\n<meta property=\"article:published_time\" content=\"2022-04-14T10:44:41+00:00\" \/>\n<meta property=\"og:image\" content=\"https:\/\/www.professionistieaziende.it\/francesco_milleri\/francesco_milleri.jpg\" \/>\n<meta name=\"author\" content=\"agencyfmnews\" \/>\n<meta name=\"twitter:card\" content=\"summary_large_image\" \/>\n<meta name=\"twitter:label1\" content=\"Scritto da\" \/>\n\t<meta name=\"twitter:data1\" content=\"agencyfmnews\" \/>\n\t<meta name=\"twitter:label2\" content=\"Tempo di lettura stimato\" \/>\n\t<meta name=\"twitter:data2\" content=\"3 minuti\" \/>\n<script type=\"application\/ld+json\" class=\"yoast-schema-graph\">{\"@context\":\"https:\\\/\\\/schema.org\",\"@graph\":[{\"@type\":\"Article\",\"@id\":\"https:\\\/\\\/www.article-marketing.eu\\\/comunicatistampa\\\/francesco-milleri-eyes-on-inclusion-limpegno-di-essilorluxottica\\\/#article\",\"isPartOf\":{\"@id\":\"https:\\\/\\\/www.article-marketing.eu\\\/comunicatistampa\\\/francesco-milleri-eyes-on-inclusion-limpegno-di-essilorluxottica\\\/\"},\"author\":{\"name\":\"agencyfmnews\",\"@id\":\"https:\\\/\\\/www.article-marketing.eu\\\/comunicatistampa\\\/#\\\/schema\\\/person\\\/66af7693bfb8cff6cc30b41435a1aec3\"},\"headline\":\"Francesco Milleri: Eyes on Inclusion, l\u2019impegno di EssilorLuxottica\",\"datePublished\":\"2022-04-14T10:44:41+00:00\",\"mainEntityOfPage\":{\"@id\":\"https:\\\/\\\/www.article-marketing.eu\\\/comunicatistampa\\\/francesco-milleri-eyes-on-inclusion-limpegno-di-essilorluxottica\\\/\"},\"wordCount\":451,\"commentCount\":0,\"image\":{\"@id\":\"https:\\\/\\\/www.article-marketing.eu\\\/comunicatistampa\\\/francesco-milleri-eyes-on-inclusion-limpegno-di-essilorluxottica\\\/#primaryimage\"},\"thumbnailUrl\":\"https:\\\/\\\/www.professionistieaziende.it\\\/francesco_milleri\\\/francesco_milleri.jpg\",\"keywords\":[\"Francesco Milleri\"],\"articleSection\":[\"Aziende\"],\"inLanguage\":\"it-IT\",\"potentialAction\":[{\"@type\":\"CommentAction\",\"name\":\"Comment\",\"target\":[\"https:\\\/\\\/www.article-marketing.eu\\\/comunicatistampa\\\/francesco-milleri-eyes-on-inclusion-limpegno-di-essilorluxottica\\\/#respond\"]}]},{\"@type\":\"WebPage\",\"@id\":\"https:\\\/\\\/www.article-marketing.eu\\\/comunicatistampa\\\/francesco-milleri-eyes-on-inclusion-limpegno-di-essilorluxottica\\\/\",\"url\":\"https:\\\/\\\/www.article-marketing.eu\\\/comunicatistampa\\\/francesco-milleri-eyes-on-inclusion-limpegno-di-essilorluxottica\\\/\",\"name\":\"Francesco Milleri: Eyes on Inclusion, l\u2019impegno di EssilorLuxottica\",\"isPartOf\":{\"@id\":\"https:\\\/\\\/www.article-marketing.eu\\\/comunicatistampa\\\/#website\"},\"primaryImageOfPage\":{\"@id\":\"https:\\\/\\\/www.article-marketing.eu\\\/comunicatistampa\\\/francesco-milleri-eyes-on-inclusion-limpegno-di-essilorluxottica\\\/#primaryimage\"},\"image\":{\"@id\":\"https:\\\/\\\/www.article-marketing.eu\\\/comunicatistampa\\\/francesco-milleri-eyes-on-inclusion-limpegno-di-essilorluxottica\\\/#primaryimage\"},\"thumbnailUrl\":\"https:\\\/\\\/www.professionistieaziende.it\\\/francesco_milleri\\\/francesco_milleri.jpg\",\"datePublished\":\"2022-04-14T10:44:41+00:00\",\"author\":{\"@id\":\"https:\\\/\\\/www.article-marketing.eu\\\/comunicatistampa\\\/#\\\/schema\\\/person\\\/66af7693bfb8cff6cc30b41435a1aec3\"},\"breadcrumb\":{\"@id\":\"https:\\\/\\\/www.article-marketing.eu\\\/comunicatistampa\\\/francesco-milleri-eyes-on-inclusion-limpegno-di-essilorluxottica\\\/#breadcrumb\"},\"inLanguage\":\"it-IT\",\"potentialAction\":[{\"@type\":\"ReadAction\",\"target\":[\"https:\\\/\\\/www.article-marketing.eu\\\/comunicatistampa\\\/francesco-milleri-eyes-on-inclusion-limpegno-di-essilorluxottica\\\/\"]}]},{\"@type\":\"ImageObject\",\"inLanguage\":\"it-IT\",\"@id\":\"https:\\\/\\\/www.article-marketing.eu\\\/comunicatistampa\\\/francesco-milleri-eyes-on-inclusion-limpegno-di-essilorluxottica\\\/#primaryimage\",\"url\":\"https:\\\/\\\/www.professionistieaziende.it\\\/francesco_milleri\\\/francesco_milleri.jpg\",\"contentUrl\":\"https:\\\/\\\/www.professionistieaziende.it\\\/francesco_milleri\\\/francesco_milleri.jpg\"},{\"@type\":\"BreadcrumbList\",\"@id\":\"https:\\\/\\\/www.article-marketing.eu\\\/comunicatistampa\\\/francesco-milleri-eyes-on-inclusion-limpegno-di-essilorluxottica\\\/#breadcrumb\",\"itemListElement\":[{\"@type\":\"ListItem\",\"position\":1,\"name\":\"Home\",\"item\":\"https:\\\/\\\/www.article-marketing.eu\\\/comunicatistampa\\\/\"},{\"@type\":\"ListItem\",\"position\":2,\"name\":\"Francesco Milleri: Eyes on Inclusion, l\u2019impegno di EssilorLuxottica\"}]},{\"@type\":\"WebSite\",\"@id\":\"https:\\\/\\\/www.article-marketing.eu\\\/comunicatistampa\\\/#website\",\"url\":\"https:\\\/\\\/www.article-marketing.eu\\\/comunicatistampa\\\/\",\"name\":\"Article Marketing\",\"description\":\"article marketing &amp; press release\",\"potentialAction\":[{\"@type\":\"SearchAction\",\"target\":{\"@type\":\"EntryPoint\",\"urlTemplate\":\"https:\\\/\\\/www.article-marketing.eu\\\/comunicatistampa\\\/?s={search_term_string}\"},\"query-input\":{\"@type\":\"PropertyValueSpecification\",\"valueRequired\":true,\"valueName\":\"search_term_string\"}}],\"inLanguage\":\"it-IT\"},{\"@type\":\"Person\",\"@id\":\"https:\\\/\\\/www.article-marketing.eu\\\/comunicatistampa\\\/#\\\/schema\\\/person\\\/66af7693bfb8cff6cc30b41435a1aec3\",\"name\":\"agencyfmnews\",\"image\":{\"@type\":\"ImageObject\",\"inLanguage\":\"it-IT\",\"@id\":\"https:\\\/\\\/secure.gravatar.com\\\/avatar\\\/8e5548a62f8b6ff81a9ac11775d9d70f3acc1c790a2c05679bbfba17ff579efc?s=96&d=mm&r=g\",\"url\":\"https:\\\/\\\/secure.gravatar.com\\\/avatar\\\/8e5548a62f8b6ff81a9ac11775d9d70f3acc1c790a2c05679bbfba17ff579efc?s=96&d=mm&r=g\",\"contentUrl\":\"https:\\\/\\\/secure.gravatar.com\\\/avatar\\\/8e5548a62f8b6ff81a9ac11775d9d70f3acc1c790a2c05679bbfba17ff579efc?s=96&d=mm&r=g\",\"caption\":\"agencyfmnews\"},\"url\":\"https:\\\/\\\/www.article-marketing.eu\\\/comunicatistampa\\\/author\\\/agencyfmnews\\\/\"}]}<\/script>\n<!-- \/ Yoast SEO plugin. -->","yoast_head_json":{"title":"Francesco Milleri: Eyes on Inclusion, l\u2019impegno di EssilorLuxottica","robots":{"index":"index","follow":"follow","max-snippet":"max-snippet:-1","max-image-preview":"max-image-preview:large","max-video-preview":"max-video-preview:-1"},"canonical":"https:\/\/www.article-marketing.eu\/comunicatistampa\/francesco-milleri-eyes-on-inclusion-limpegno-di-essilorluxottica\/","og_locale":"it_IT","og_type":"article","og_title":"Francesco Milleri: Eyes on Inclusion, l\u2019impegno di EssilorLuxottica","og_description":"Francesco Milleri: EssilorLuxottica promuove l&#8217;inclusione impegnandosi con determinazione ad offrire pari opportunit\u00e0 a tutti i propri collaboratori, ad ogni livello. Francesco Milleri: EssilorLuxottica, le persone la nostra risorsa pi\u00f9 preziosa &#8220;Il nostro primo pensiero va a tutte le persone colpite dall&#8217;attuale tragedia in Ucraina&#8221;: anche in occasione della presentazione dei risultati 2021 di EssilorLuxottica, l&#8217;AD Francesco Milleri ha voluto ricordare &#8220;i nostri circa 1.700 colleghi in Ucraina, le loro famiglieContinue reading...","og_url":"https:\/\/www.article-marketing.eu\/comunicatistampa\/francesco-milleri-eyes-on-inclusion-limpegno-di-essilorluxottica\/","og_site_name":"Article Marketing","article_published_time":"2022-04-14T10:44:41+00:00","og_image":[{"url":"https:\/\/www.professionistieaziende.it\/francesco_milleri\/francesco_milleri.jpg","type":"","width":"","height":""}],"author":"agencyfmnews","twitter_card":"summary_large_image","twitter_misc":{"Scritto da":"agencyfmnews","Tempo di lettura stimato":"3 minuti"},"schema":{"@context":"https:\/\/schema.org","@graph":[{"@type":"Article","@id":"https:\/\/www.article-marketing.eu\/comunicatistampa\/francesco-milleri-eyes-on-inclusion-limpegno-di-essilorluxottica\/#article","isPartOf":{"@id":"https:\/\/www.article-marketing.eu\/comunicatistampa\/francesco-milleri-eyes-on-inclusion-limpegno-di-essilorluxottica\/"},"author":{"name":"agencyfmnews","@id":"https:\/\/www.article-marketing.eu\/comunicatistampa\/#\/schema\/person\/66af7693bfb8cff6cc30b41435a1aec3"},"headline":"Francesco Milleri: Eyes on Inclusion, l\u2019impegno di EssilorLuxottica","datePublished":"2022-04-14T10:44:41+00:00","mainEntityOfPage":{"@id":"https:\/\/www.article-marketing.eu\/comunicatistampa\/francesco-milleri-eyes-on-inclusion-limpegno-di-essilorluxottica\/"},"wordCount":451,"commentCount":0,"image":{"@id":"https:\/\/www.article-marketing.eu\/comunicatistampa\/francesco-milleri-eyes-on-inclusion-limpegno-di-essilorluxottica\/#primaryimage"},"thumbnailUrl":"https:\/\/www.professionistieaziende.it\/francesco_milleri\/francesco_milleri.jpg","keywords":["Francesco Milleri"],"articleSection":["Aziende"],"inLanguage":"it-IT","potentialAction":[{"@type":"CommentAction","name":"Comment","target":["https:\/\/www.article-marketing.eu\/comunicatistampa\/francesco-milleri-eyes-on-inclusion-limpegno-di-essilorluxottica\/#respond"]}]},{"@type":"WebPage","@id":"https:\/\/www.article-marketing.eu\/comunicatistampa\/francesco-milleri-eyes-on-inclusion-limpegno-di-essilorluxottica\/","url":"https:\/\/www.article-marketing.eu\/comunicatistampa\/francesco-milleri-eyes-on-inclusion-limpegno-di-essilorluxottica\/","name":"Francesco Milleri: Eyes on Inclusion, l\u2019impegno di EssilorLuxottica","isPartOf":{"@id":"https:\/\/www.article-marketing.eu\/comunicatistampa\/#website"},"primaryImageOfPage":{"@id":"https:\/\/www.article-marketing.eu\/comunicatistampa\/francesco-milleri-eyes-on-inclusion-limpegno-di-essilorluxottica\/#primaryimage"},"image":{"@id":"https:\/\/www.article-marketing.eu\/comunicatistampa\/francesco-milleri-eyes-on-inclusion-limpegno-di-essilorluxottica\/#primaryimage"},"thumbnailUrl":"https:\/\/www.professionistieaziende.it\/francesco_milleri\/francesco_milleri.jpg","datePublished":"2022-04-14T10:44:41+00:00","author":{"@id":"https:\/\/www.article-marketing.eu\/comunicatistampa\/#\/schema\/person\/66af7693bfb8cff6cc30b41435a1aec3"},"breadcrumb":{"@id":"https:\/\/www.article-marketing.eu\/comunicatistampa\/francesco-milleri-eyes-on-inclusion-limpegno-di-essilorluxottica\/#breadcrumb"},"inLanguage":"it-IT","potentialAction":[{"@type":"ReadAction","target":["https:\/\/www.article-marketing.eu\/comunicatistampa\/francesco-milleri-eyes-on-inclusion-limpegno-di-essilorluxottica\/"]}]},{"@type":"ImageObject","inLanguage":"it-IT","@id":"https:\/\/www.article-marketing.eu\/comunicatistampa\/francesco-milleri-eyes-on-inclusion-limpegno-di-essilorluxottica\/#primaryimage","url":"https:\/\/www.professionistieaziende.it\/francesco_milleri\/francesco_milleri.jpg","contentUrl":"https:\/\/www.professionistieaziende.it\/francesco_milleri\/francesco_milleri.jpg"},{"@type":"BreadcrumbList","@id":"https:\/\/www.article-marketing.eu\/comunicatistampa\/francesco-milleri-eyes-on-inclusion-limpegno-di-essilorluxottica\/#breadcrumb","itemListElement":[{"@type":"ListItem","position":1,"name":"Home","item":"https:\/\/www.article-marketing.eu\/comunicatistampa\/"},{"@type":"ListItem","position":2,"name":"Francesco Milleri: Eyes on Inclusion, l\u2019impegno di EssilorLuxottica"}]},{"@type":"WebSite","@id":"https:\/\/www.article-marketing.eu\/comunicatistampa\/#website","url":"https:\/\/www.article-marketing.eu\/comunicatistampa\/","name":"Article Marketing","description":"article marketing &amp; press release","potentialAction":[{"@type":"SearchAction","target":{"@type":"EntryPoint","urlTemplate":"https:\/\/www.article-marketing.eu\/comunicatistampa\/?s={search_term_string}"},"query-input":{"@type":"PropertyValueSpecification","valueRequired":true,"valueName":"search_term_string"}}],"inLanguage":"it-IT"},{"@type":"Person","@id":"https:\/\/www.article-marketing.eu\/comunicatistampa\/#\/schema\/person\/66af7693bfb8cff6cc30b41435a1aec3","name":"agencyfmnews","image":{"@type":"ImageObject","inLanguage":"it-IT","@id":"https:\/\/secure.gravatar.com\/avatar\/8e5548a62f8b6ff81a9ac11775d9d70f3acc1c790a2c05679bbfba17ff579efc?s=96&d=mm&r=g","url":"https:\/\/secure.gravatar.com\/avatar\/8e5548a62f8b6ff81a9ac11775d9d70f3acc1c790a2c05679bbfba17ff579efc?s=96&d=mm&r=g","contentUrl":"https:\/\/secure.gravatar.com\/avatar\/8e5548a62f8b6ff81a9ac11775d9d70f3acc1c790a2c05679bbfba17ff579efc?s=96&d=mm&r=g","caption":"agencyfmnews"},"url":"https:\/\/www.article-marketing.eu\/comunicatistampa\/author\/agencyfmnews\/"}]}},"_links":{"self":[{"href":"https:\/\/www.article-marketing.eu\/comunicatistampa\/wp-json\/wp\/v2\/posts\/22700","targetHints":{"allow":["GET"]}}],"collection":[{"href":"https:\/\/www.article-marketing.eu\/comunicatistampa\/wp-json\/wp\/v2\/posts"}],"about":[{"href":"https:\/\/www.article-marketing.eu\/comunicatistampa\/wp-json\/wp\/v2\/types\/post"}],"author":[{"embeddable":true,"href":"https:\/\/www.article-marketing.eu\/comunicatistampa\/wp-json\/wp\/v2\/users\/7201"}],"replies":[{"embeddable":true,"href":"https:\/\/www.article-marketing.eu\/comunicatistampa\/wp-json\/wp\/v2\/comments?post=22700"}],"version-history":[{"count":2,"href":"https:\/\/www.article-marketing.eu\/comunicatistampa\/wp-json\/wp\/v2\/posts\/22700\/revisions"}],"predecessor-version":[{"id":22707,"href":"https:\/\/www.article-marketing.eu\/comunicatistampa\/wp-json\/wp\/v2\/posts\/22700\/revisions\/22707"}],"wp:attachment":[{"href":"https:\/\/www.article-marketing.eu\/comunicatistampa\/wp-json\/wp\/v2\/media?parent=22700"}],"wp:term":[{"taxonomy":"category","embeddable":true,"href":"https:\/\/www.article-marketing.eu\/comunicatistampa\/wp-json\/wp\/v2\/categories?post=22700"},{"taxonomy":"post_tag","embeddable":true,"href":"https:\/\/www.article-marketing.eu\/comunicatistampa\/wp-json\/wp\/v2\/tags?post=22700"}],"curies":[{"name":"wp","href":"https:\/\/api.w.org\/{rel}","templated":true}]}}