{"id":22778,"date":"2022-04-21T18:39:37","date_gmt":"2022-04-21T16:39:37","guid":{"rendered":"https:\/\/www.article-marketing.eu\/comunicatistampa\/?p=22778"},"modified":"2022-04-21T18:39:37","modified_gmt":"2022-04-21T16:39:37","slug":"emmanuele-em314-macaluso-latleta-piu-green-e-sostenibile-ditalia-supporta-learth-day-2022","status":"publish","type":"post","link":"https:\/\/www.article-marketing.eu\/comunicatistampa\/emmanuele-em314-macaluso-latleta-piu-green-e-sostenibile-ditalia-supporta-learth-day-2022\/","title":{"rendered":"Emmanuele \u201cEM314\u201d Macaluso, l\u2019Atleta pi\u00f9 Green e Sostenibile d\u2019Italia supporta l\u2019Earth Day 2022"},"content":{"rendered":"<p><em>Emmanuele \u201cEM314\u201d Macaluso, l\u2019atleta pi\u00f9 green e sostenibile d\u2019Italia supporta con una campagna di comunicazione la Giornata Mondiale della Terra istituita dalle Nazioni Unite.<\/em><\/p>\n<p>&nbsp;<\/p>\n<p>Non poteva mancare, anche il 22 aprile, il contributo che <strong>Emmanuele Macaluso<\/strong>, noto nel mondo degli <strong>sport estremi<\/strong> e della <strong>MTB<\/strong> con il nickname \u201c<strong>EM314<\/strong>\u201d, nella divulgazione e sensibilizzazione della <strong>sostenibilit\u00e0 ambientale <\/strong>e<strong> sociale<\/strong>.<\/p>\n<p>&nbsp;<\/p>\n<p>Macaluso infatti, riconosciuto da decine di testate giornalistiche come \u201cl\u2019<strong>Atleta pi\u00f9 green e sostenibile d\u2019Italia<\/strong>\u201d, per essere stato il primo singolo atleta nella storia dello sport italiano a pubblicare il <strong>bilancio sociale<\/strong> (e soprattutto per il contenuto di quel documento), \u00e8 da sempre attento all\u2019<strong>ambiente<\/strong> e alla sensibilizzazione delle tematiche ambientaliste.<\/p>\n<p>Oltre a essere global ambassador di \u201c<strong><em>Mission Dark Sky<\/em><\/strong>\u201d, la campagna globale di sensibilizzazione sulle ricadute sulla natura e la salute umana dell\u2019<strong>inquinamento luminoso<\/strong>, segue un rigido protocollo <strong>ambientale<\/strong>, cos\u00ec come descritto sul suo sito ufficiale.<\/p>\n<p>&nbsp;<\/p>\n<p>La dichiarazione dell\u2019atleta:\u00ab<em>Per me \u00e8 l\u2019<strong>Earth Day <\/strong>365 giorni all\u2019anno<\/em> &#8211; dichiara Macaluso, che continua &#8211; <em>La Giornata Mondiale della Terra indetta dalle <strong>Nazioni Unite<\/strong> \u00e8 per noi un momento molto importante per sensibilizzare l\u2019opinione pubblica sulle problematiche ambientali e sociali del pianeta. Al di l\u00e0 di mirabolanti volont\u00e0 di colonizzazione di altri pianeti, al momento la <strong>Terra<\/strong> \u00e8 l\u2019unica \u201ccasa\u201d che abbiamo e dobbiamo ridurre la nostra <strong>impronta ambientale<\/strong>. In queste ore, insieme al mio staff, stiamo attuando una poderosa azione di comunicazione digitale che coinvolge pi\u00f9 di 30.000 stakeholders. \u00c8 il mio contributo alla <strong>divulgazione <\/strong>e alla sensibilizzazione sui temi della <strong>sostenibilit\u00e0<\/strong><\/em>. <em>Purtroppo negli ultimi mesi abbiamo visto anche molte azioni di <strong>greenwashing<\/strong> da parte di altri soggetti, ma noi andiamo avanti per la nostra strada, cercando di fare la differenza ogni giorno. In questo lo sport non \u00e8 molto differente dall\u2019<strong>ambientalismo<\/strong> e noi atleti veri lo sappiamo<\/em>\u00bb.<\/p>\n<p>&nbsp;<\/p>\n<p>L\u2019azione di comunicazione prevede il coinvolgimento degli oltre 28.000 contatti diretti di EM314 e la platea di altre migliaia di persone messa a disposizione dagli sponsor e i partner che Emmanuele Macaluso ha coinvolto attivamente nella campagna.<\/p>\n<p>Il claim della campagna \u00e8 in linea con lo sport dell\u2019atleta e recita<em>:\u00abPrendiamoci cura della nostra Terra, \u00e8 l\u2019unico trail che abbiamo\u00bb<\/em> e sar\u00e0 tradotto anche in inglese su Instagram e per la stampa estera.<\/p>\n<p>&nbsp;<\/p>\n<p>E\u2019 possibile seguire la campagna attraverso i canali social indicati di seguito e avere maggiori informazioni sulle attivit\u00e0 green di Macaluso sul sito ufficiale all\u2019indirizzo <a href=\"http:\/\/www.em314official.com\">www.em314official.com<\/a><\/p>\n","protected":false},"excerpt":{"rendered":"<p>Emmanuele \u201cEM314\u201d Macaluso, l\u2019atleta pi\u00f9 green e sostenibile d\u2019Italia supporta con una campagna di comunicazione la Giornata Mondiale della Terra istituita dalle Nazioni Unite. &nbsp; Non poteva mancare, anche il 22 aprile, il contributo che Emmanuele Macaluso, noto nel mondo degli sport estremi e della MTB con il nickname \u201cEM314\u201d, nella divulgazione e sensibilizzazione della sostenibilit\u00e0 ambientale e sociale. &nbsp; Macaluso infatti, riconosciuto da decine di testate giornalistiche come \u201cl\u2019Atleta<\/p>\n<p><a class=\"continue-reading\" href=\"https:\/\/www.article-marketing.eu\/comunicatistampa\/emmanuele-em314-macaluso-latleta-piu-green-e-sostenibile-ditalia-supporta-learth-day-2022\/\">Continue reading&#8230;<\/a><\/p>\n","protected":false},"author":966,"featured_media":0,"comment_status":"open","ping_status":"open","sticky":false,"template":"","format":"standard","meta":{"_monsterinsights_skip_tracking":false,"_monsterinsights_sitenote_active":false,"_monsterinsights_sitenote_note":"","_monsterinsights_sitenote_category":0,"footnotes":""},"categories":[392,417,418,367,368,373],"tags":[8170,9486,3446,7809,6793,3441,9604,9603,2655,9605,5260,9487,1995],"class_list":["post-22778","post","type-post","status-publish","format-standard","hentry","category-eventi","category-fonti-rinnovabili","category-natura","category-news-e-attualita","category-persone","category-sport","tag-atleta","tag-atleta-piu-green-ditalia","tag-csr","tag-earth-day","tag-em314","tag-emmanuele-macaluso","tag-giornata-della-terra","tag-giornata-mondiale-della-terra","tag-mtb","tag-nazioni-unite","tag-responsabilita-sociale","tag-sostenibilie","tag-sostenibilita"],"yoast_head":"<!-- This site is optimized with the Yoast SEO plugin v27.3 - https:\/\/yoast.com\/product\/yoast-seo-wordpress\/ -->\n<title>Emmanuele \u201cEM314\u201d Macaluso, l\u2019Atleta pi\u00f9 Green e Sostenibile d\u2019Italia supporta l\u2019Earth Day 2022<\/title>\n<meta name=\"description\" content=\"Emmanuele \u201cEM314\u201d Macaluso, l\u2019Atleta pi\u00f9 Green e Sostenibile d\u2019Italia supporta l\u2019Earth Day 2022\" \/>\n<meta name=\"robots\" content=\"index, follow, max-snippet:-1, max-image-preview:large, max-video-preview:-1\" \/>\n<link rel=\"canonical\" href=\"https:\/\/www.article-marketing.eu\/comunicatistampa\/emmanuele-em314-macaluso-latleta-piu-green-e-sostenibile-ditalia-supporta-learth-day-2022\/\" \/>\n<meta property=\"og:locale\" content=\"it_IT\" \/>\n<meta property=\"og:type\" content=\"article\" \/>\n<meta property=\"og:title\" content=\"Emmanuele \u201cEM314\u201d Macaluso, l\u2019Atleta pi\u00f9 Green e Sostenibile d\u2019Italia supporta l\u2019Earth Day 2022\" \/>\n<meta property=\"og:description\" content=\"Emmanuele \u201cEM314\u201d Macaluso, l\u2019Atleta pi\u00f9 Green e Sostenibile d\u2019Italia supporta l\u2019Earth Day 2022\" \/>\n<meta property=\"og:url\" content=\"https:\/\/www.article-marketing.eu\/comunicatistampa\/emmanuele-em314-macaluso-latleta-piu-green-e-sostenibile-ditalia-supporta-learth-day-2022\/\" \/>\n<meta property=\"og:site_name\" content=\"Article Marketing\" \/>\n<meta property=\"article:published_time\" content=\"2022-04-21T16:39:37+00:00\" \/>\n<meta name=\"author\" content=\"cosmosmedia\" \/>\n<meta name=\"twitter:card\" content=\"summary_large_image\" \/>\n<meta name=\"twitter:label1\" content=\"Scritto da\" \/>\n\t<meta name=\"twitter:data1\" content=\"cosmosmedia\" \/>\n\t<meta name=\"twitter:label2\" content=\"Tempo di lettura stimato\" \/>\n\t<meta name=\"twitter:data2\" content=\"3 minuti\" \/>\n<script type=\"application\/ld+json\" class=\"yoast-schema-graph\">{\"@context\":\"https:\\\/\\\/schema.org\",\"@graph\":[{\"@type\":\"Article\",\"@id\":\"https:\\\/\\\/www.article-marketing.eu\\\/comunicatistampa\\\/emmanuele-em314-macaluso-latleta-piu-green-e-sostenibile-ditalia-supporta-learth-day-2022\\\/#article\",\"isPartOf\":{\"@id\":\"https:\\\/\\\/www.article-marketing.eu\\\/comunicatistampa\\\/emmanuele-em314-macaluso-latleta-piu-green-e-sostenibile-ditalia-supporta-learth-day-2022\\\/\"},\"author\":{\"name\":\"cosmosmedia\",\"@id\":\"https:\\\/\\\/www.article-marketing.eu\\\/comunicatistampa\\\/#\\\/schema\\\/person\\\/0097d43b57e97ad86cc1ef1ade5ab3b9\"},\"headline\":\"Emmanuele \u201cEM314\u201d Macaluso, l\u2019Atleta pi\u00f9 Green e Sostenibile d\u2019Italia supporta l\u2019Earth Day 2022\",\"datePublished\":\"2022-04-21T16:39:37+00:00\",\"mainEntityOfPage\":{\"@id\":\"https:\\\/\\\/www.article-marketing.eu\\\/comunicatistampa\\\/emmanuele-em314-macaluso-latleta-piu-green-e-sostenibile-ditalia-supporta-learth-day-2022\\\/\"},\"wordCount\":422,\"commentCount\":0,\"keywords\":[\"atleta\",\"atleta pi\u00f9 green d\u2019italia\",\"csr\",\"earth day\",\"EM314\",\"emmanuele macaluso\",\"giornata della terra\",\"giornata mondiale della terra\",\"mtb\",\"nazioni unite\",\"responsabilit\u00e0 sociale\",\"sostenibilie\",\"sostenibilit\u00e0\"],\"articleSection\":[\"Eventi\",\"Fonti rinnovabili\",\"Natura\",\"News e Attualit\u00e0\",\"Persone\",\"Sport\"],\"inLanguage\":\"it-IT\",\"potentialAction\":[{\"@type\":\"CommentAction\",\"name\":\"Comment\",\"target\":[\"https:\\\/\\\/www.article-marketing.eu\\\/comunicatistampa\\\/emmanuele-em314-macaluso-latleta-piu-green-e-sostenibile-ditalia-supporta-learth-day-2022\\\/#respond\"]}]},{\"@type\":\"WebPage\",\"@id\":\"https:\\\/\\\/www.article-marketing.eu\\\/comunicatistampa\\\/emmanuele-em314-macaluso-latleta-piu-green-e-sostenibile-ditalia-supporta-learth-day-2022\\\/\",\"url\":\"https:\\\/\\\/www.article-marketing.eu\\\/comunicatistampa\\\/emmanuele-em314-macaluso-latleta-piu-green-e-sostenibile-ditalia-supporta-learth-day-2022\\\/\",\"name\":\"Emmanuele \u201cEM314\u201d Macaluso, l\u2019Atleta pi\u00f9 Green e Sostenibile d\u2019Italia supporta l\u2019Earth Day 2022\",\"isPartOf\":{\"@id\":\"https:\\\/\\\/www.article-marketing.eu\\\/comunicatistampa\\\/#website\"},\"datePublished\":\"2022-04-21T16:39:37+00:00\",\"author\":{\"@id\":\"https:\\\/\\\/www.article-marketing.eu\\\/comunicatistampa\\\/#\\\/schema\\\/person\\\/0097d43b57e97ad86cc1ef1ade5ab3b9\"},\"description\":\"Emmanuele \u201cEM314\u201d Macaluso, l\u2019Atleta pi\u00f9 Green e Sostenibile d\u2019Italia supporta l\u2019Earth Day 2022\",\"breadcrumb\":{\"@id\":\"https:\\\/\\\/www.article-marketing.eu\\\/comunicatistampa\\\/emmanuele-em314-macaluso-latleta-piu-green-e-sostenibile-ditalia-supporta-learth-day-2022\\\/#breadcrumb\"},\"inLanguage\":\"it-IT\",\"potentialAction\":[{\"@type\":\"ReadAction\",\"target\":[\"https:\\\/\\\/www.article-marketing.eu\\\/comunicatistampa\\\/emmanuele-em314-macaluso-latleta-piu-green-e-sostenibile-ditalia-supporta-learth-day-2022\\\/\"]}]},{\"@type\":\"BreadcrumbList\",\"@id\":\"https:\\\/\\\/www.article-marketing.eu\\\/comunicatistampa\\\/emmanuele-em314-macaluso-latleta-piu-green-e-sostenibile-ditalia-supporta-learth-day-2022\\\/#breadcrumb\",\"itemListElement\":[{\"@type\":\"ListItem\",\"position\":1,\"name\":\"Home\",\"item\":\"https:\\\/\\\/www.article-marketing.eu\\\/comunicatistampa\\\/\"},{\"@type\":\"ListItem\",\"position\":2,\"name\":\"Emmanuele \u201cEM314\u201d Macaluso, l\u2019Atleta pi\u00f9 Green e Sostenibile d\u2019Italia supporta l\u2019Earth Day 2022\"}]},{\"@type\":\"WebSite\",\"@id\":\"https:\\\/\\\/www.article-marketing.eu\\\/comunicatistampa\\\/#website\",\"url\":\"https:\\\/\\\/www.article-marketing.eu\\\/comunicatistampa\\\/\",\"name\":\"Article Marketing\",\"description\":\"article marketing &amp; press release\",\"potentialAction\":[{\"@type\":\"SearchAction\",\"target\":{\"@type\":\"EntryPoint\",\"urlTemplate\":\"https:\\\/\\\/www.article-marketing.eu\\\/comunicatistampa\\\/?s={search_term_string}\"},\"query-input\":{\"@type\":\"PropertyValueSpecification\",\"valueRequired\":true,\"valueName\":\"search_term_string\"}}],\"inLanguage\":\"it-IT\"},{\"@type\":\"Person\",\"@id\":\"https:\\\/\\\/www.article-marketing.eu\\\/comunicatistampa\\\/#\\\/schema\\\/person\\\/0097d43b57e97ad86cc1ef1ade5ab3b9\",\"name\":\"cosmosmedia\",\"image\":{\"@type\":\"ImageObject\",\"inLanguage\":\"it-IT\",\"@id\":\"https:\\\/\\\/secure.gravatar.com\\\/avatar\\\/dab897c95700f34c5341a7f7dafb77fb04c9ebdda4b4b86decbbe6731e56a3cc?s=96&d=mm&r=g\",\"url\":\"https:\\\/\\\/secure.gravatar.com\\\/avatar\\\/dab897c95700f34c5341a7f7dafb77fb04c9ebdda4b4b86decbbe6731e56a3cc?s=96&d=mm&r=g\",\"contentUrl\":\"https:\\\/\\\/secure.gravatar.com\\\/avatar\\\/dab897c95700f34c5341a7f7dafb77fb04c9ebdda4b4b86decbbe6731e56a3cc?s=96&d=mm&r=g\",\"caption\":\"cosmosmedia\"},\"url\":\"https:\\\/\\\/www.article-marketing.eu\\\/comunicatistampa\\\/author\\\/cosmosmedia\\\/\"}]}<\/script>\n<!-- \/ Yoast SEO plugin. -->","yoast_head_json":{"title":"Emmanuele \u201cEM314\u201d Macaluso, l\u2019Atleta pi\u00f9 Green e Sostenibile d\u2019Italia supporta l\u2019Earth Day 2022","description":"Emmanuele \u201cEM314\u201d Macaluso, l\u2019Atleta pi\u00f9 Green e Sostenibile d\u2019Italia supporta l\u2019Earth Day 2022","robots":{"index":"index","follow":"follow","max-snippet":"max-snippet:-1","max-image-preview":"max-image-preview:large","max-video-preview":"max-video-preview:-1"},"canonical":"https:\/\/www.article-marketing.eu\/comunicatistampa\/emmanuele-em314-macaluso-latleta-piu-green-e-sostenibile-ditalia-supporta-learth-day-2022\/","og_locale":"it_IT","og_type":"article","og_title":"Emmanuele \u201cEM314\u201d Macaluso, l\u2019Atleta pi\u00f9 Green e Sostenibile d\u2019Italia supporta l\u2019Earth Day 2022","og_description":"Emmanuele \u201cEM314\u201d Macaluso, l\u2019Atleta pi\u00f9 Green e Sostenibile d\u2019Italia supporta l\u2019Earth Day 2022","og_url":"https:\/\/www.article-marketing.eu\/comunicatistampa\/emmanuele-em314-macaluso-latleta-piu-green-e-sostenibile-ditalia-supporta-learth-day-2022\/","og_site_name":"Article Marketing","article_published_time":"2022-04-21T16:39:37+00:00","author":"cosmosmedia","twitter_card":"summary_large_image","twitter_misc":{"Scritto da":"cosmosmedia","Tempo di lettura stimato":"3 minuti"},"schema":{"@context":"https:\/\/schema.org","@graph":[{"@type":"Article","@id":"https:\/\/www.article-marketing.eu\/comunicatistampa\/emmanuele-em314-macaluso-latleta-piu-green-e-sostenibile-ditalia-supporta-learth-day-2022\/#article","isPartOf":{"@id":"https:\/\/www.article-marketing.eu\/comunicatistampa\/emmanuele-em314-macaluso-latleta-piu-green-e-sostenibile-ditalia-supporta-learth-day-2022\/"},"author":{"name":"cosmosmedia","@id":"https:\/\/www.article-marketing.eu\/comunicatistampa\/#\/schema\/person\/0097d43b57e97ad86cc1ef1ade5ab3b9"},"headline":"Emmanuele \u201cEM314\u201d Macaluso, l\u2019Atleta pi\u00f9 Green e Sostenibile d\u2019Italia supporta l\u2019Earth Day 2022","datePublished":"2022-04-21T16:39:37+00:00","mainEntityOfPage":{"@id":"https:\/\/www.article-marketing.eu\/comunicatistampa\/emmanuele-em314-macaluso-latleta-piu-green-e-sostenibile-ditalia-supporta-learth-day-2022\/"},"wordCount":422,"commentCount":0,"keywords":["atleta","atleta pi\u00f9 green d\u2019italia","csr","earth day","EM314","emmanuele macaluso","giornata della terra","giornata mondiale della terra","mtb","nazioni unite","responsabilit\u00e0 sociale","sostenibilie","sostenibilit\u00e0"],"articleSection":["Eventi","Fonti rinnovabili","Natura","News e Attualit\u00e0","Persone","Sport"],"inLanguage":"it-IT","potentialAction":[{"@type":"CommentAction","name":"Comment","target":["https:\/\/www.article-marketing.eu\/comunicatistampa\/emmanuele-em314-macaluso-latleta-piu-green-e-sostenibile-ditalia-supporta-learth-day-2022\/#respond"]}]},{"@type":"WebPage","@id":"https:\/\/www.article-marketing.eu\/comunicatistampa\/emmanuele-em314-macaluso-latleta-piu-green-e-sostenibile-ditalia-supporta-learth-day-2022\/","url":"https:\/\/www.article-marketing.eu\/comunicatistampa\/emmanuele-em314-macaluso-latleta-piu-green-e-sostenibile-ditalia-supporta-learth-day-2022\/","name":"Emmanuele \u201cEM314\u201d Macaluso, l\u2019Atleta pi\u00f9 Green e Sostenibile d\u2019Italia supporta l\u2019Earth Day 2022","isPartOf":{"@id":"https:\/\/www.article-marketing.eu\/comunicatistampa\/#website"},"datePublished":"2022-04-21T16:39:37+00:00","author":{"@id":"https:\/\/www.article-marketing.eu\/comunicatistampa\/#\/schema\/person\/0097d43b57e97ad86cc1ef1ade5ab3b9"},"description":"Emmanuele \u201cEM314\u201d Macaluso, l\u2019Atleta pi\u00f9 Green e Sostenibile d\u2019Italia supporta l\u2019Earth Day 2022","breadcrumb":{"@id":"https:\/\/www.article-marketing.eu\/comunicatistampa\/emmanuele-em314-macaluso-latleta-piu-green-e-sostenibile-ditalia-supporta-learth-day-2022\/#breadcrumb"},"inLanguage":"it-IT","potentialAction":[{"@type":"ReadAction","target":["https:\/\/www.article-marketing.eu\/comunicatistampa\/emmanuele-em314-macaluso-latleta-piu-green-e-sostenibile-ditalia-supporta-learth-day-2022\/"]}]},{"@type":"BreadcrumbList","@id":"https:\/\/www.article-marketing.eu\/comunicatistampa\/emmanuele-em314-macaluso-latleta-piu-green-e-sostenibile-ditalia-supporta-learth-day-2022\/#breadcrumb","itemListElement":[{"@type":"ListItem","position":1,"name":"Home","item":"https:\/\/www.article-marketing.eu\/comunicatistampa\/"},{"@type":"ListItem","position":2,"name":"Emmanuele \u201cEM314\u201d Macaluso, l\u2019Atleta pi\u00f9 Green e Sostenibile d\u2019Italia supporta l\u2019Earth Day 2022"}]},{"@type":"WebSite","@id":"https:\/\/www.article-marketing.eu\/comunicatistampa\/#website","url":"https:\/\/www.article-marketing.eu\/comunicatistampa\/","name":"Article Marketing","description":"article marketing &amp; press release","potentialAction":[{"@type":"SearchAction","target":{"@type":"EntryPoint","urlTemplate":"https:\/\/www.article-marketing.eu\/comunicatistampa\/?s={search_term_string}"},"query-input":{"@type":"PropertyValueSpecification","valueRequired":true,"valueName":"search_term_string"}}],"inLanguage":"it-IT"},{"@type":"Person","@id":"https:\/\/www.article-marketing.eu\/comunicatistampa\/#\/schema\/person\/0097d43b57e97ad86cc1ef1ade5ab3b9","name":"cosmosmedia","image":{"@type":"ImageObject","inLanguage":"it-IT","@id":"https:\/\/secure.gravatar.com\/avatar\/dab897c95700f34c5341a7f7dafb77fb04c9ebdda4b4b86decbbe6731e56a3cc?s=96&d=mm&r=g","url":"https:\/\/secure.gravatar.com\/avatar\/dab897c95700f34c5341a7f7dafb77fb04c9ebdda4b4b86decbbe6731e56a3cc?s=96&d=mm&r=g","contentUrl":"https:\/\/secure.gravatar.com\/avatar\/dab897c95700f34c5341a7f7dafb77fb04c9ebdda4b4b86decbbe6731e56a3cc?s=96&d=mm&r=g","caption":"cosmosmedia"},"url":"https:\/\/www.article-marketing.eu\/comunicatistampa\/author\/cosmosmedia\/"}]}},"_links":{"self":[{"href":"https:\/\/www.article-marketing.eu\/comunicatistampa\/wp-json\/wp\/v2\/posts\/22778","targetHints":{"allow":["GET"]}}],"collection":[{"href":"https:\/\/www.article-marketing.eu\/comunicatistampa\/wp-json\/wp\/v2\/posts"}],"about":[{"href":"https:\/\/www.article-marketing.eu\/comunicatistampa\/wp-json\/wp\/v2\/types\/post"}],"author":[{"embeddable":true,"href":"https:\/\/www.article-marketing.eu\/comunicatistampa\/wp-json\/wp\/v2\/users\/966"}],"replies":[{"embeddable":true,"href":"https:\/\/www.article-marketing.eu\/comunicatistampa\/wp-json\/wp\/v2\/comments?post=22778"}],"version-history":[{"count":2,"href":"https:\/\/www.article-marketing.eu\/comunicatistampa\/wp-json\/wp\/v2\/posts\/22778\/revisions"}],"predecessor-version":[{"id":22793,"href":"https:\/\/www.article-marketing.eu\/comunicatistampa\/wp-json\/wp\/v2\/posts\/22778\/revisions\/22793"}],"wp:attachment":[{"href":"https:\/\/www.article-marketing.eu\/comunicatistampa\/wp-json\/wp\/v2\/media?parent=22778"}],"wp:term":[{"taxonomy":"category","embeddable":true,"href":"https:\/\/www.article-marketing.eu\/comunicatistampa\/wp-json\/wp\/v2\/categories?post=22778"},{"taxonomy":"post_tag","embeddable":true,"href":"https:\/\/www.article-marketing.eu\/comunicatistampa\/wp-json\/wp\/v2\/tags?post=22778"}],"curies":[{"name":"wp","href":"https:\/\/api.w.org\/{rel}","templated":true}]}}