{"id":22809,"date":"2022-04-23T18:22:04","date_gmt":"2022-04-23T16:22:04","guid":{"rendered":"https:\/\/www.article-marketing.eu\/comunicatistampa\/?p=22809"},"modified":"2022-04-23T18:22:04","modified_gmt":"2022-04-23T16:22:04","slug":"atitech-punta-al-ramo-manutenzioni-alitalia-lintervista-del-tg2-al-patron-gianni-lettieri","status":"publish","type":"post","link":"https:\/\/www.article-marketing.eu\/comunicatistampa\/atitech-punta-al-ramo-manutenzioni-alitalia-lintervista-del-tg2-al-patron-gianni-lettieri\/","title":{"rendered":"Atitech punta al ramo manutenzioni Alitalia: l\u2019intervista del Tg2 al Patron Gianni Lettieri"},"content":{"rendered":"<p><em><strong>Dopo aver firmato un contratto preliminare con ITA Airways, Atitech fa un ulteriore passo verso la realizzazione di un nuovo polo industriale. I dettagli in un&#8217;intervista al Presidente <a title=\"Gianni Lettieri: l'intervista - YouTube\" href=\"https:\/\/www.youtube.com\/watch?v=fiumZ0jvl8Q\">Gianni Lettieri<\/a> realizzata dal Tg2.<\/strong><\/em><\/p>\n<p><a title=\"Gianni Lettieri: il commento - YouTube\" href=\"https:\/\/www.youtube.com\/watch?v=fiumZ0jvl8Q\"><img loading=\"lazy\" decoding=\"async\" src=\"https:\/\/www.giannilettieri.it\/wp-content\/uploads\/2020\/08\/gianni-lettieri6.jpg\" alt=\"Gianni Lettieri\" width=\"119\" height=\"86\" \/><\/a><\/p>\n<h2>Gianni Lettieri: &#8220;Atitech unica realt\u00e0 europea attiva nella riconversione cargo&#8221;<\/h2>\n<p>La sede Atitech di Capodichino conta oggi cinque hangar, una baia di verniciatura ed \u00e8 in grado, grazie ai suoi 20 ettari, di ospitare fino a 35 aerei. In pochi anni la realt\u00e0, guidata da <strong>Gianni Lettieri<\/strong>, \u00e8 riuscita a conquistare il mercato EMEAA e a imporsi come la pi\u00f9 grande azienda indipendente di manutenzione europea per aeromobili di corto, medio e lungo raggio. Nelle scorse settimane, Atitech ha presentato offerta vincolante per l&#8217;acquisizione del ramo maintenance Alitalia ed \u00e8 in attesa della decisione di ITA Airways, con la quale ha, nel frattempo, sottoscritto un contratto preliminare di manutenzione finalizzato a identificare servizi e tariffe legati alle attivit\u00e0 acquisite. <em>&#8220;Lavoriamo in tutto il mondo<\/em> &#8211; ha detto il Presidente <strong>Gianni Lettieri<\/strong> in un&#8217;intervista al Tg2 &#8211; <em>abbiamo clienti americani, africani, europei. Collaboriamo con le migliori compagnie, come Air France, Lufthansa, Ryanair. E siamo l&#8217;unica azienda a fare la conversione di aerei da passeggeri a cargo. Nell&#8217;ultimo periodo, specie per la pandemia, il trasporto aereo delle merci \u00e8 cresciuto enormemente. Stiamo creando attivit\u00e0 gi\u00e0 per i prossimi 20 anni&#8221;<\/em>.<\/p>\n<h2>Gianni Lettieri: &#8220;Polo unico infrastruttura fondamentale per il Paese&#8221;<\/h2>\n<p>Nonostante il settore abbia risentito degli effetti del Covid-19, Atitech ha continuato a investire e a puntare sulle assunzioni, in particolare dei giovani del territorio. Va in questa direzione il pre-accordo firmato da <a title=\"Gianni Lettieri: l'intervista del Tg2\" href=\"https:\/\/www.youtube.com\/watch?v=fiumZ0jvl8Q\">Gianni Lettieri<\/a> con i sindacati di categoria in merito all&#8217;operazione tra l&#8217;azienda e ITA Airways. Tra i punti cardine c&#8217;\u00e8 la salvaguardia dei livelli occupazionali. Se l&#8217;acquisizione del ramo Alitalia dovesse andare a buon fine, grazie alle competenze aggiunte la MRO di Capodichino, potr\u00e0 finalmente porre le basi per realizzare uno dei principali obiettivi perseguiti negli ultimi anni: <em>&#8220;Vogliamo ricreare in Italia quel polo delle manutenzioni a 360\u00b0 che esisteva fino a 14 anni fa e che \u00e8 stato esternalizzato durante una delle crisi di Alitalia. Atitech \u00e8 l&#8217;unica azienda attiva nel settore<\/em> &#8211; conclude <strong>Gianni Lettieri<\/strong> &#8211; <em>ma ritengo che questa sia un&#8217;infrastruttura importante per tutto il Paese&#8221;<\/em>.<\/p>\n","protected":false},"excerpt":{"rendered":"<p>Dopo aver firmato un contratto preliminare con ITA Airways, Atitech fa un ulteriore passo verso la realizzazione di un nuovo polo industriale. I dettagli in un&#8217;intervista al Presidente Gianni Lettieri realizzata dal Tg2. Gianni Lettieri: &#8220;Atitech unica realt\u00e0 europea attiva nella riconversione cargo&#8221; La sede Atitech di Capodichino conta oggi cinque hangar, una baia di verniciatura ed \u00e8 in grado, grazie ai suoi 20 ettari, di ospitare fino a 35<\/p>\n<p><a class=\"continue-reading\" href=\"https:\/\/www.article-marketing.eu\/comunicatistampa\/atitech-punta-al-ramo-manutenzioni-alitalia-lintervista-del-tg2-al-patron-gianni-lettieri\/\">Continue reading&#8230;<\/a><\/p>\n","protected":false},"author":7190,"featured_media":0,"comment_status":"open","ping_status":"open","sticky":false,"template":"","format":"standard","meta":{"_monsterinsights_skip_tracking":false,"_monsterinsights_sitenote_active":false,"_monsterinsights_sitenote_note":"","_monsterinsights_sitenote_category":0,"footnotes":""},"categories":[388],"tags":[9494],"class_list":["post-22809","post","type-post","status-publish","format-standard","hentry","category-aziende","tag-gianni-lettieri"],"yoast_head":"<!-- This site is optimized with the Yoast SEO plugin v27.3 - https:\/\/yoast.com\/product\/yoast-seo-wordpress\/ -->\n<title>Atitech punta al ramo manutenzioni Alitalia: l\u2019intervista del Tg2 al Patron Gianni Lettieri<\/title>\n<meta name=\"robots\" content=\"index, follow, max-snippet:-1, max-image-preview:large, max-video-preview:-1\" \/>\n<link rel=\"canonical\" href=\"https:\/\/www.article-marketing.eu\/comunicatistampa\/atitech-punta-al-ramo-manutenzioni-alitalia-lintervista-del-tg2-al-patron-gianni-lettieri\/\" \/>\n<meta property=\"og:locale\" content=\"it_IT\" \/>\n<meta property=\"og:type\" content=\"article\" \/>\n<meta property=\"og:title\" content=\"Atitech punta al ramo manutenzioni Alitalia: l\u2019intervista del Tg2 al Patron Gianni Lettieri\" \/>\n<meta property=\"og:description\" content=\"Dopo aver firmato un contratto preliminare con ITA Airways, Atitech fa un ulteriore passo verso la realizzazione di un nuovo polo industriale. I dettagli in un&#8217;intervista al Presidente Gianni Lettieri realizzata dal Tg2. Gianni Lettieri: &#8220;Atitech unica realt\u00e0 europea attiva nella riconversione cargo&#8221; La sede Atitech di Capodichino conta oggi cinque hangar, una baia di verniciatura ed \u00e8 in grado, grazie ai suoi 20 ettari, di ospitare fino a 35Continue reading...\" \/>\n<meta property=\"og:url\" content=\"https:\/\/www.article-marketing.eu\/comunicatistampa\/atitech-punta-al-ramo-manutenzioni-alitalia-lintervista-del-tg2-al-patron-gianni-lettieri\/\" \/>\n<meta property=\"og:site_name\" content=\"Article Marketing\" \/>\n<meta property=\"article:published_time\" content=\"2022-04-23T16:22:04+00:00\" \/>\n<meta property=\"og:image\" content=\"https:\/\/www.giannilettieri.it\/wp-content\/uploads\/2020\/08\/gianni-lettieri6.jpg\" \/>\n<meta name=\"author\" content=\"glofficeprnews\" \/>\n<meta name=\"twitter:card\" content=\"summary_large_image\" \/>\n<meta name=\"twitter:label1\" content=\"Scritto da\" \/>\n\t<meta name=\"twitter:data1\" content=\"glofficeprnews\" \/>\n\t<meta name=\"twitter:label2\" content=\"Tempo di lettura stimato\" \/>\n\t<meta name=\"twitter:data2\" content=\"3 minuti\" \/>\n<script type=\"application\/ld+json\" class=\"yoast-schema-graph\">{\"@context\":\"https:\\\/\\\/schema.org\",\"@graph\":[{\"@type\":\"Article\",\"@id\":\"https:\\\/\\\/www.article-marketing.eu\\\/comunicatistampa\\\/atitech-punta-al-ramo-manutenzioni-alitalia-lintervista-del-tg2-al-patron-gianni-lettieri\\\/#article\",\"isPartOf\":{\"@id\":\"https:\\\/\\\/www.article-marketing.eu\\\/comunicatistampa\\\/atitech-punta-al-ramo-manutenzioni-alitalia-lintervista-del-tg2-al-patron-gianni-lettieri\\\/\"},\"author\":{\"name\":\"glofficeprnews\",\"@id\":\"https:\\\/\\\/www.article-marketing.eu\\\/comunicatistampa\\\/#\\\/schema\\\/person\\\/e671b60aab591381d585023cd318a080\"},\"headline\":\"Atitech punta al ramo manutenzioni Alitalia: l\u2019intervista del Tg2 al Patron Gianni Lettieri\",\"datePublished\":\"2022-04-23T16:22:04+00:00\",\"mainEntityOfPage\":{\"@id\":\"https:\\\/\\\/www.article-marketing.eu\\\/comunicatistampa\\\/atitech-punta-al-ramo-manutenzioni-alitalia-lintervista-del-tg2-al-patron-gianni-lettieri\\\/\"},\"wordCount\":375,\"commentCount\":0,\"image\":{\"@id\":\"https:\\\/\\\/www.article-marketing.eu\\\/comunicatistampa\\\/atitech-punta-al-ramo-manutenzioni-alitalia-lintervista-del-tg2-al-patron-gianni-lettieri\\\/#primaryimage\"},\"thumbnailUrl\":\"https:\\\/\\\/www.giannilettieri.it\\\/wp-content\\\/uploads\\\/2020\\\/08\\\/gianni-lettieri6.jpg\",\"keywords\":[\"Gianni Lettieri\"],\"articleSection\":[\"Aziende\"],\"inLanguage\":\"it-IT\",\"potentialAction\":[{\"@type\":\"CommentAction\",\"name\":\"Comment\",\"target\":[\"https:\\\/\\\/www.article-marketing.eu\\\/comunicatistampa\\\/atitech-punta-al-ramo-manutenzioni-alitalia-lintervista-del-tg2-al-patron-gianni-lettieri\\\/#respond\"]}]},{\"@type\":\"WebPage\",\"@id\":\"https:\\\/\\\/www.article-marketing.eu\\\/comunicatistampa\\\/atitech-punta-al-ramo-manutenzioni-alitalia-lintervista-del-tg2-al-patron-gianni-lettieri\\\/\",\"url\":\"https:\\\/\\\/www.article-marketing.eu\\\/comunicatistampa\\\/atitech-punta-al-ramo-manutenzioni-alitalia-lintervista-del-tg2-al-patron-gianni-lettieri\\\/\",\"name\":\"Atitech punta al ramo manutenzioni Alitalia: l\u2019intervista del Tg2 al Patron Gianni Lettieri\",\"isPartOf\":{\"@id\":\"https:\\\/\\\/www.article-marketing.eu\\\/comunicatistampa\\\/#website\"},\"primaryImageOfPage\":{\"@id\":\"https:\\\/\\\/www.article-marketing.eu\\\/comunicatistampa\\\/atitech-punta-al-ramo-manutenzioni-alitalia-lintervista-del-tg2-al-patron-gianni-lettieri\\\/#primaryimage\"},\"image\":{\"@id\":\"https:\\\/\\\/www.article-marketing.eu\\\/comunicatistampa\\\/atitech-punta-al-ramo-manutenzioni-alitalia-lintervista-del-tg2-al-patron-gianni-lettieri\\\/#primaryimage\"},\"thumbnailUrl\":\"https:\\\/\\\/www.giannilettieri.it\\\/wp-content\\\/uploads\\\/2020\\\/08\\\/gianni-lettieri6.jpg\",\"datePublished\":\"2022-04-23T16:22:04+00:00\",\"author\":{\"@id\":\"https:\\\/\\\/www.article-marketing.eu\\\/comunicatistampa\\\/#\\\/schema\\\/person\\\/e671b60aab591381d585023cd318a080\"},\"breadcrumb\":{\"@id\":\"https:\\\/\\\/www.article-marketing.eu\\\/comunicatistampa\\\/atitech-punta-al-ramo-manutenzioni-alitalia-lintervista-del-tg2-al-patron-gianni-lettieri\\\/#breadcrumb\"},\"inLanguage\":\"it-IT\",\"potentialAction\":[{\"@type\":\"ReadAction\",\"target\":[\"https:\\\/\\\/www.article-marketing.eu\\\/comunicatistampa\\\/atitech-punta-al-ramo-manutenzioni-alitalia-lintervista-del-tg2-al-patron-gianni-lettieri\\\/\"]}]},{\"@type\":\"ImageObject\",\"inLanguage\":\"it-IT\",\"@id\":\"https:\\\/\\\/www.article-marketing.eu\\\/comunicatistampa\\\/atitech-punta-al-ramo-manutenzioni-alitalia-lintervista-del-tg2-al-patron-gianni-lettieri\\\/#primaryimage\",\"url\":\"https:\\\/\\\/www.giannilettieri.it\\\/wp-content\\\/uploads\\\/2020\\\/08\\\/gianni-lettieri6.jpg\",\"contentUrl\":\"https:\\\/\\\/www.giannilettieri.it\\\/wp-content\\\/uploads\\\/2020\\\/08\\\/gianni-lettieri6.jpg\"},{\"@type\":\"BreadcrumbList\",\"@id\":\"https:\\\/\\\/www.article-marketing.eu\\\/comunicatistampa\\\/atitech-punta-al-ramo-manutenzioni-alitalia-lintervista-del-tg2-al-patron-gianni-lettieri\\\/#breadcrumb\",\"itemListElement\":[{\"@type\":\"ListItem\",\"position\":1,\"name\":\"Home\",\"item\":\"https:\\\/\\\/www.article-marketing.eu\\\/comunicatistampa\\\/\"},{\"@type\":\"ListItem\",\"position\":2,\"name\":\"Atitech punta al ramo manutenzioni Alitalia: l\u2019intervista del Tg2 al Patron Gianni Lettieri\"}]},{\"@type\":\"WebSite\",\"@id\":\"https:\\\/\\\/www.article-marketing.eu\\\/comunicatistampa\\\/#website\",\"url\":\"https:\\\/\\\/www.article-marketing.eu\\\/comunicatistampa\\\/\",\"name\":\"Article Marketing\",\"description\":\"article marketing &amp; press release\",\"potentialAction\":[{\"@type\":\"SearchAction\",\"target\":{\"@type\":\"EntryPoint\",\"urlTemplate\":\"https:\\\/\\\/www.article-marketing.eu\\\/comunicatistampa\\\/?s={search_term_string}\"},\"query-input\":{\"@type\":\"PropertyValueSpecification\",\"valueRequired\":true,\"valueName\":\"search_term_string\"}}],\"inLanguage\":\"it-IT\"},{\"@type\":\"Person\",\"@id\":\"https:\\\/\\\/www.article-marketing.eu\\\/comunicatistampa\\\/#\\\/schema\\\/person\\\/e671b60aab591381d585023cd318a080\",\"name\":\"glofficeprnews\",\"image\":{\"@type\":\"ImageObject\",\"inLanguage\":\"it-IT\",\"@id\":\"https:\\\/\\\/secure.gravatar.com\\\/avatar\\\/8c63f677859ecaebf1cc4c53ba163fd5a5836461425fd7fc8231273fff4dfb68?s=96&d=mm&r=g\",\"url\":\"https:\\\/\\\/secure.gravatar.com\\\/avatar\\\/8c63f677859ecaebf1cc4c53ba163fd5a5836461425fd7fc8231273fff4dfb68?s=96&d=mm&r=g\",\"contentUrl\":\"https:\\\/\\\/secure.gravatar.com\\\/avatar\\\/8c63f677859ecaebf1cc4c53ba163fd5a5836461425fd7fc8231273fff4dfb68?s=96&d=mm&r=g\",\"caption\":\"glofficeprnews\"},\"url\":\"https:\\\/\\\/www.article-marketing.eu\\\/comunicatistampa\\\/author\\\/glofficeprnews\\\/\"}]}<\/script>\n<!-- \/ Yoast SEO plugin. -->","yoast_head_json":{"title":"Atitech punta al ramo manutenzioni Alitalia: l\u2019intervista del Tg2 al Patron Gianni Lettieri","robots":{"index":"index","follow":"follow","max-snippet":"max-snippet:-1","max-image-preview":"max-image-preview:large","max-video-preview":"max-video-preview:-1"},"canonical":"https:\/\/www.article-marketing.eu\/comunicatistampa\/atitech-punta-al-ramo-manutenzioni-alitalia-lintervista-del-tg2-al-patron-gianni-lettieri\/","og_locale":"it_IT","og_type":"article","og_title":"Atitech punta al ramo manutenzioni Alitalia: l\u2019intervista del Tg2 al Patron Gianni Lettieri","og_description":"Dopo aver firmato un contratto preliminare con ITA Airways, Atitech fa un ulteriore passo verso la realizzazione di un nuovo polo industriale. I dettagli in un&#8217;intervista al Presidente Gianni Lettieri realizzata dal Tg2. Gianni Lettieri: &#8220;Atitech unica realt\u00e0 europea attiva nella riconversione cargo&#8221; La sede Atitech di Capodichino conta oggi cinque hangar, una baia di verniciatura ed \u00e8 in grado, grazie ai suoi 20 ettari, di ospitare fino a 35Continue reading...","og_url":"https:\/\/www.article-marketing.eu\/comunicatistampa\/atitech-punta-al-ramo-manutenzioni-alitalia-lintervista-del-tg2-al-patron-gianni-lettieri\/","og_site_name":"Article Marketing","article_published_time":"2022-04-23T16:22:04+00:00","og_image":[{"url":"https:\/\/www.giannilettieri.it\/wp-content\/uploads\/2020\/08\/gianni-lettieri6.jpg","type":"","width":"","height":""}],"author":"glofficeprnews","twitter_card":"summary_large_image","twitter_misc":{"Scritto da":"glofficeprnews","Tempo di lettura stimato":"3 minuti"},"schema":{"@context":"https:\/\/schema.org","@graph":[{"@type":"Article","@id":"https:\/\/www.article-marketing.eu\/comunicatistampa\/atitech-punta-al-ramo-manutenzioni-alitalia-lintervista-del-tg2-al-patron-gianni-lettieri\/#article","isPartOf":{"@id":"https:\/\/www.article-marketing.eu\/comunicatistampa\/atitech-punta-al-ramo-manutenzioni-alitalia-lintervista-del-tg2-al-patron-gianni-lettieri\/"},"author":{"name":"glofficeprnews","@id":"https:\/\/www.article-marketing.eu\/comunicatistampa\/#\/schema\/person\/e671b60aab591381d585023cd318a080"},"headline":"Atitech punta al ramo manutenzioni Alitalia: l\u2019intervista del Tg2 al Patron Gianni Lettieri","datePublished":"2022-04-23T16:22:04+00:00","mainEntityOfPage":{"@id":"https:\/\/www.article-marketing.eu\/comunicatistampa\/atitech-punta-al-ramo-manutenzioni-alitalia-lintervista-del-tg2-al-patron-gianni-lettieri\/"},"wordCount":375,"commentCount":0,"image":{"@id":"https:\/\/www.article-marketing.eu\/comunicatistampa\/atitech-punta-al-ramo-manutenzioni-alitalia-lintervista-del-tg2-al-patron-gianni-lettieri\/#primaryimage"},"thumbnailUrl":"https:\/\/www.giannilettieri.it\/wp-content\/uploads\/2020\/08\/gianni-lettieri6.jpg","keywords":["Gianni Lettieri"],"articleSection":["Aziende"],"inLanguage":"it-IT","potentialAction":[{"@type":"CommentAction","name":"Comment","target":["https:\/\/www.article-marketing.eu\/comunicatistampa\/atitech-punta-al-ramo-manutenzioni-alitalia-lintervista-del-tg2-al-patron-gianni-lettieri\/#respond"]}]},{"@type":"WebPage","@id":"https:\/\/www.article-marketing.eu\/comunicatistampa\/atitech-punta-al-ramo-manutenzioni-alitalia-lintervista-del-tg2-al-patron-gianni-lettieri\/","url":"https:\/\/www.article-marketing.eu\/comunicatistampa\/atitech-punta-al-ramo-manutenzioni-alitalia-lintervista-del-tg2-al-patron-gianni-lettieri\/","name":"Atitech punta al ramo manutenzioni Alitalia: l\u2019intervista del Tg2 al Patron Gianni Lettieri","isPartOf":{"@id":"https:\/\/www.article-marketing.eu\/comunicatistampa\/#website"},"primaryImageOfPage":{"@id":"https:\/\/www.article-marketing.eu\/comunicatistampa\/atitech-punta-al-ramo-manutenzioni-alitalia-lintervista-del-tg2-al-patron-gianni-lettieri\/#primaryimage"},"image":{"@id":"https:\/\/www.article-marketing.eu\/comunicatistampa\/atitech-punta-al-ramo-manutenzioni-alitalia-lintervista-del-tg2-al-patron-gianni-lettieri\/#primaryimage"},"thumbnailUrl":"https:\/\/www.giannilettieri.it\/wp-content\/uploads\/2020\/08\/gianni-lettieri6.jpg","datePublished":"2022-04-23T16:22:04+00:00","author":{"@id":"https:\/\/www.article-marketing.eu\/comunicatistampa\/#\/schema\/person\/e671b60aab591381d585023cd318a080"},"breadcrumb":{"@id":"https:\/\/www.article-marketing.eu\/comunicatistampa\/atitech-punta-al-ramo-manutenzioni-alitalia-lintervista-del-tg2-al-patron-gianni-lettieri\/#breadcrumb"},"inLanguage":"it-IT","potentialAction":[{"@type":"ReadAction","target":["https:\/\/www.article-marketing.eu\/comunicatistampa\/atitech-punta-al-ramo-manutenzioni-alitalia-lintervista-del-tg2-al-patron-gianni-lettieri\/"]}]},{"@type":"ImageObject","inLanguage":"it-IT","@id":"https:\/\/www.article-marketing.eu\/comunicatistampa\/atitech-punta-al-ramo-manutenzioni-alitalia-lintervista-del-tg2-al-patron-gianni-lettieri\/#primaryimage","url":"https:\/\/www.giannilettieri.it\/wp-content\/uploads\/2020\/08\/gianni-lettieri6.jpg","contentUrl":"https:\/\/www.giannilettieri.it\/wp-content\/uploads\/2020\/08\/gianni-lettieri6.jpg"},{"@type":"BreadcrumbList","@id":"https:\/\/www.article-marketing.eu\/comunicatistampa\/atitech-punta-al-ramo-manutenzioni-alitalia-lintervista-del-tg2-al-patron-gianni-lettieri\/#breadcrumb","itemListElement":[{"@type":"ListItem","position":1,"name":"Home","item":"https:\/\/www.article-marketing.eu\/comunicatistampa\/"},{"@type":"ListItem","position":2,"name":"Atitech punta al ramo manutenzioni Alitalia: l\u2019intervista del Tg2 al Patron Gianni Lettieri"}]},{"@type":"WebSite","@id":"https:\/\/www.article-marketing.eu\/comunicatistampa\/#website","url":"https:\/\/www.article-marketing.eu\/comunicatistampa\/","name":"Article Marketing","description":"article marketing &amp; press release","potentialAction":[{"@type":"SearchAction","target":{"@type":"EntryPoint","urlTemplate":"https:\/\/www.article-marketing.eu\/comunicatistampa\/?s={search_term_string}"},"query-input":{"@type":"PropertyValueSpecification","valueRequired":true,"valueName":"search_term_string"}}],"inLanguage":"it-IT"},{"@type":"Person","@id":"https:\/\/www.article-marketing.eu\/comunicatistampa\/#\/schema\/person\/e671b60aab591381d585023cd318a080","name":"glofficeprnews","image":{"@type":"ImageObject","inLanguage":"it-IT","@id":"https:\/\/secure.gravatar.com\/avatar\/8c63f677859ecaebf1cc4c53ba163fd5a5836461425fd7fc8231273fff4dfb68?s=96&d=mm&r=g","url":"https:\/\/secure.gravatar.com\/avatar\/8c63f677859ecaebf1cc4c53ba163fd5a5836461425fd7fc8231273fff4dfb68?s=96&d=mm&r=g","contentUrl":"https:\/\/secure.gravatar.com\/avatar\/8c63f677859ecaebf1cc4c53ba163fd5a5836461425fd7fc8231273fff4dfb68?s=96&d=mm&r=g","caption":"glofficeprnews"},"url":"https:\/\/www.article-marketing.eu\/comunicatistampa\/author\/glofficeprnews\/"}]}},"_links":{"self":[{"href":"https:\/\/www.article-marketing.eu\/comunicatistampa\/wp-json\/wp\/v2\/posts\/22809","targetHints":{"allow":["GET"]}}],"collection":[{"href":"https:\/\/www.article-marketing.eu\/comunicatistampa\/wp-json\/wp\/v2\/posts"}],"about":[{"href":"https:\/\/www.article-marketing.eu\/comunicatistampa\/wp-json\/wp\/v2\/types\/post"}],"author":[{"embeddable":true,"href":"https:\/\/www.article-marketing.eu\/comunicatistampa\/wp-json\/wp\/v2\/users\/7190"}],"replies":[{"embeddable":true,"href":"https:\/\/www.article-marketing.eu\/comunicatistampa\/wp-json\/wp\/v2\/comments?post=22809"}],"version-history":[{"count":2,"href":"https:\/\/www.article-marketing.eu\/comunicatistampa\/wp-json\/wp\/v2\/posts\/22809\/revisions"}],"predecessor-version":[{"id":22832,"href":"https:\/\/www.article-marketing.eu\/comunicatistampa\/wp-json\/wp\/v2\/posts\/22809\/revisions\/22832"}],"wp:attachment":[{"href":"https:\/\/www.article-marketing.eu\/comunicatistampa\/wp-json\/wp\/v2\/media?parent=22809"}],"wp:term":[{"taxonomy":"category","embeddable":true,"href":"https:\/\/www.article-marketing.eu\/comunicatistampa\/wp-json\/wp\/v2\/categories?post=22809"},{"taxonomy":"post_tag","embeddable":true,"href":"https:\/\/www.article-marketing.eu\/comunicatistampa\/wp-json\/wp\/v2\/tags?post=22809"}],"curies":[{"name":"wp","href":"https:\/\/api.w.org\/{rel}","templated":true}]}}