{"id":22815,"date":"2022-04-23T18:25:33","date_gmt":"2022-04-23T16:25:33","guid":{"rendered":"https:\/\/www.article-marketing.eu\/comunicatistampa\/?p=22815"},"modified":"2022-04-23T18:25:33","modified_gmt":"2022-04-23T16:25:33","slug":"il-centro-islamico-culturale-ditalia-2-chiara-cavalieri","status":"publish","type":"post","link":"https:\/\/www.article-marketing.eu\/comunicatistampa\/il-centro-islamico-culturale-ditalia-2-chiara-cavalieri\/","title":{"rendered":"Il Centro Islamico Culturale d\u2019Italia 2 (Chiara Cavalieri)"},"content":{"rendered":"<p>In riferimento all&#8217; articolo precedentemente pubblicato al link<\/p>\n<p><a href=\"https:\/\/osservatorequotidiano.it\/mondo\/2021\/07\/15\/il-centro-islamico-culturale-ditalia\/\">https:\/\/osservatorequotidiano.it\/mondo\/2021\/07\/15\/il-centro-islamico-culturale-ditalia\/<\/a>, come da richiesta riportiamo diverse precisazioni e alcune note aggiuntive:<\/p>\n<ol>\n<li>a) La collocazione urbanistica dei tre ettari dati in donazione presso villa Ada \u00e8 stata dovuta al fatto che in quel periodo l\u2019appezzamento di terreno era di basso valore economico ma che si trovava per\u00f2 nelle vicinanze delle residenze diplomatiche dei paesi musulmani accreditati in Italia. All\u2019epoca nel nostro Paese, come tutta l&#8217;Europa del Sud, ancora non c&#8217;erano le numerose comunit\u00e0 musulmane che si sono formate in seguito alle immigrazioni cominciate negli anni ottanta.<\/li>\n<\/ol>\n<p>&nbsp;<\/p>\n<ol>\n<li>b) In tempi recenti l\u2019ATAC, l&#8217;azienda dei trasporti pubblici, ha ovviato alla lontananza della Grande Moschea dai quartieri a pi\u00f9 alta densit\u00e0 di popolazione islamica, con la linea di autobus 230, attiva solo di venerd\u00ec, che partendo da piazza Euclide arriva fino alla Moschea passando per i quartieri pi\u00f9 popolari.<\/li>\n<\/ol>\n<p>&nbsp;<\/p>\n<ol>\n<li>c) Molte sale di preghiera, piccole Moschee di quartiere, sono situate in locali non adeguati al culto perch\u00e9 non a norma con le misure igienico-sanitarie e di sicurezza previsti dalla legge. Inoltre, nella quasi totalit\u00e0 di questi luoghi gli spazi sono limitati e a farne le spese sono sempre le donne che, di fatto, sono escluse dalla vita religiosa attiva. Indubbiamente c&#8217;\u00e8 ancora molto da fare per abbattere questi retaggi patriarcali che non sono dell&#8217;Islam autentico. Lo scopo di queste piccole Moschee di quartiere \u00e8 di fornire servizi di culto ai musulmani che vivono nelle vicinanze e si autofinanziano con raccolte fondi grazie alla prossimit\u00e0 dalle attivit\u00e0 economiche e commerciali dei fedeli.<\/li>\n<\/ol>\n<p>&nbsp;<\/p>\n<ol start=\"10\">\n<li>d) Prima della pandemia la Grande Moschea aveva quasi 10.000 visitatori ogni anno che arrivavano sia dall\u2019Europa che da paesi Extraeuropei, questo \u00e8 il motivo per cui, in merito al velo femminile, \u00e8 stato adottato un doppio standard. Per le credenti che assolvono il rito della preghiera del venerd\u00ec indossare il velo \u00e8 richiesto, mentre per le donne in visita si raccomanda, specialmente nell&#8217;estate, di osservare un abbigliamento consono a un luogo di culto.<\/li>\n<\/ol>\n<p>&nbsp;<\/p>\n<ol start=\"19\">\n<li>e) Per le trattative sull\u2019intesa la Grande Moschea di Roma \u00e8 l&#8217;unico ente del culto islamico riconosciuto dallo Stato italiano, questo \u00e8 il presupposto e la speranza che essa guidi il processo di dialogo fra le istituzioni del nostro Paese con la comunit\u00e0 musulmana in Italia al fine di ottenere un accordo come previsto dalla Costituzione agli articoli 8 e 19. L\u2019intesa con la Grande moschea di Roma, quando finalmente si riuscir\u00e0 a raggiungerla, porter\u00e0 un enorme beneficio alla comunit\u00e0 musulmana in Italia nei rapporti con lo stato Italiano garantendo il culto di un Islam moderato improntato al rispetto delle norme e dei valori della cittadinanza con diritti e doveri come previsti dalla nostra Costituzione italiana.<\/li>\n<\/ol>\n","protected":false},"excerpt":{"rendered":"<p>In riferimento all&#8217; articolo precedentemente pubblicato al link https:\/\/osservatorequotidiano.it\/mondo\/2021\/07\/15\/il-centro-islamico-culturale-ditalia\/, come da richiesta riportiamo diverse precisazioni e alcune note aggiuntive: a) La collocazione urbanistica dei tre ettari dati in donazione presso villa Ada \u00e8 stata dovuta al fatto che in quel periodo l\u2019appezzamento di terreno era di basso valore economico ma che si trovava per\u00f2 nelle vicinanze delle residenze diplomatiche dei paesi musulmani accreditati in Italia. All\u2019epoca nel nostro Paese, come<\/p>\n<p><a class=\"continue-reading\" href=\"https:\/\/www.article-marketing.eu\/comunicatistampa\/il-centro-islamico-culturale-ditalia-2-chiara-cavalieri\/\">Continue reading&#8230;<\/a><\/p>\n","protected":false},"author":913,"featured_media":0,"comment_status":"open","ping_status":"open","sticky":false,"template":"","format":"standard","meta":{"_monsterinsights_skip_tracking":false,"_monsterinsights_sitenote_active":false,"_monsterinsights_sitenote_note":"","_monsterinsights_sitenote_category":0,"footnotes":""},"categories":[78],"tags":[],"class_list":["post-22815","post","type-post","status-publish","format-standard","hentry","category-comunicati-stampa"],"yoast_head":"<!-- This site is optimized with the Yoast SEO plugin v27.3 - https:\/\/yoast.com\/product\/yoast-seo-wordpress\/ -->\n<title>Il Centro Islamico Culturale d\u2019Italia 2 (Chiara Cavalieri) - Article Marketing<\/title>\n<meta name=\"robots\" content=\"index, follow, max-snippet:-1, max-image-preview:large, max-video-preview:-1\" \/>\n<link rel=\"canonical\" href=\"https:\/\/www.article-marketing.eu\/comunicatistampa\/il-centro-islamico-culturale-ditalia-2-chiara-cavalieri\/\" \/>\n<meta property=\"og:locale\" content=\"it_IT\" \/>\n<meta property=\"og:type\" content=\"article\" \/>\n<meta property=\"og:title\" content=\"Il Centro Islamico Culturale d\u2019Italia 2 (Chiara Cavalieri) - Article Marketing\" \/>\n<meta property=\"og:description\" content=\"In riferimento all&#8217; articolo precedentemente pubblicato al link https:\/\/osservatorequotidiano.it\/mondo\/2021\/07\/15\/il-centro-islamico-culturale-ditalia\/, come da richiesta riportiamo diverse precisazioni e alcune note aggiuntive: a) La collocazione urbanistica dei tre ettari dati in donazione presso villa Ada \u00e8 stata dovuta al fatto che in quel periodo l\u2019appezzamento di terreno era di basso valore economico ma che si trovava per\u00f2 nelle vicinanze delle residenze diplomatiche dei paesi musulmani accreditati in Italia. All\u2019epoca nel nostro Paese, comeContinue reading...\" \/>\n<meta property=\"og:url\" content=\"https:\/\/www.article-marketing.eu\/comunicatistampa\/il-centro-islamico-culturale-ditalia-2-chiara-cavalieri\/\" \/>\n<meta property=\"og:site_name\" content=\"Article Marketing\" \/>\n<meta property=\"article:published_time\" content=\"2022-04-23T16:25:33+00:00\" \/>\n<meta name=\"author\" content=\"bookonline99\" \/>\n<meta name=\"twitter:card\" content=\"summary_large_image\" \/>\n<meta name=\"twitter:label1\" content=\"Scritto da\" \/>\n\t<meta name=\"twitter:data1\" content=\"bookonline99\" \/>\n\t<meta name=\"twitter:label2\" content=\"Tempo di lettura stimato\" \/>\n\t<meta name=\"twitter:data2\" content=\"3 minuti\" \/>\n<script type=\"application\/ld+json\" class=\"yoast-schema-graph\">{\"@context\":\"https:\\\/\\\/schema.org\",\"@graph\":[{\"@type\":\"Article\",\"@id\":\"https:\\\/\\\/www.article-marketing.eu\\\/comunicatistampa\\\/il-centro-islamico-culturale-ditalia-2-chiara-cavalieri\\\/#article\",\"isPartOf\":{\"@id\":\"https:\\\/\\\/www.article-marketing.eu\\\/comunicatistampa\\\/il-centro-islamico-culturale-ditalia-2-chiara-cavalieri\\\/\"},\"author\":{\"name\":\"bookonline99\",\"@id\":\"https:\\\/\\\/www.article-marketing.eu\\\/comunicatistampa\\\/#\\\/schema\\\/person\\\/007cfb748bcfc0db20997d3866447e6d\"},\"headline\":\"Il Centro Islamico Culturale d\u2019Italia 2 (Chiara Cavalieri)\",\"datePublished\":\"2022-04-23T16:25:33+00:00\",\"mainEntityOfPage\":{\"@id\":\"https:\\\/\\\/www.article-marketing.eu\\\/comunicatistampa\\\/il-centro-islamico-culturale-ditalia-2-chiara-cavalieri\\\/\"},\"wordCount\":456,\"commentCount\":0,\"articleSection\":[\"Comunicati stampa\"],\"inLanguage\":\"it-IT\",\"potentialAction\":[{\"@type\":\"CommentAction\",\"name\":\"Comment\",\"target\":[\"https:\\\/\\\/www.article-marketing.eu\\\/comunicatistampa\\\/il-centro-islamico-culturale-ditalia-2-chiara-cavalieri\\\/#respond\"]}]},{\"@type\":\"WebPage\",\"@id\":\"https:\\\/\\\/www.article-marketing.eu\\\/comunicatistampa\\\/il-centro-islamico-culturale-ditalia-2-chiara-cavalieri\\\/\",\"url\":\"https:\\\/\\\/www.article-marketing.eu\\\/comunicatistampa\\\/il-centro-islamico-culturale-ditalia-2-chiara-cavalieri\\\/\",\"name\":\"Il Centro Islamico Culturale d\u2019Italia 2 (Chiara Cavalieri) - Article Marketing\",\"isPartOf\":{\"@id\":\"https:\\\/\\\/www.article-marketing.eu\\\/comunicatistampa\\\/#website\"},\"datePublished\":\"2022-04-23T16:25:33+00:00\",\"author\":{\"@id\":\"https:\\\/\\\/www.article-marketing.eu\\\/comunicatistampa\\\/#\\\/schema\\\/person\\\/007cfb748bcfc0db20997d3866447e6d\"},\"breadcrumb\":{\"@id\":\"https:\\\/\\\/www.article-marketing.eu\\\/comunicatistampa\\\/il-centro-islamico-culturale-ditalia-2-chiara-cavalieri\\\/#breadcrumb\"},\"inLanguage\":\"it-IT\",\"potentialAction\":[{\"@type\":\"ReadAction\",\"target\":[\"https:\\\/\\\/www.article-marketing.eu\\\/comunicatistampa\\\/il-centro-islamico-culturale-ditalia-2-chiara-cavalieri\\\/\"]}]},{\"@type\":\"BreadcrumbList\",\"@id\":\"https:\\\/\\\/www.article-marketing.eu\\\/comunicatistampa\\\/il-centro-islamico-culturale-ditalia-2-chiara-cavalieri\\\/#breadcrumb\",\"itemListElement\":[{\"@type\":\"ListItem\",\"position\":1,\"name\":\"Home\",\"item\":\"https:\\\/\\\/www.article-marketing.eu\\\/comunicatistampa\\\/\"},{\"@type\":\"ListItem\",\"position\":2,\"name\":\"Il Centro Islamico Culturale d\u2019Italia 2 (Chiara Cavalieri)\"}]},{\"@type\":\"WebSite\",\"@id\":\"https:\\\/\\\/www.article-marketing.eu\\\/comunicatistampa\\\/#website\",\"url\":\"https:\\\/\\\/www.article-marketing.eu\\\/comunicatistampa\\\/\",\"name\":\"Article Marketing\",\"description\":\"article marketing &amp; press release\",\"potentialAction\":[{\"@type\":\"SearchAction\",\"target\":{\"@type\":\"EntryPoint\",\"urlTemplate\":\"https:\\\/\\\/www.article-marketing.eu\\\/comunicatistampa\\\/?s={search_term_string}\"},\"query-input\":{\"@type\":\"PropertyValueSpecification\",\"valueRequired\":true,\"valueName\":\"search_term_string\"}}],\"inLanguage\":\"it-IT\"},{\"@type\":\"Person\",\"@id\":\"https:\\\/\\\/www.article-marketing.eu\\\/comunicatistampa\\\/#\\\/schema\\\/person\\\/007cfb748bcfc0db20997d3866447e6d\",\"name\":\"bookonline99\",\"image\":{\"@type\":\"ImageObject\",\"inLanguage\":\"it-IT\",\"@id\":\"https:\\\/\\\/secure.gravatar.com\\\/avatar\\\/aba6bce0175376184c8ed84fd24a7bc2b8f03e17e9600fba648415511dab6352?s=96&d=mm&r=g\",\"url\":\"https:\\\/\\\/secure.gravatar.com\\\/avatar\\\/aba6bce0175376184c8ed84fd24a7bc2b8f03e17e9600fba648415511dab6352?s=96&d=mm&r=g\",\"contentUrl\":\"https:\\\/\\\/secure.gravatar.com\\\/avatar\\\/aba6bce0175376184c8ed84fd24a7bc2b8f03e17e9600fba648415511dab6352?s=96&d=mm&r=g\",\"caption\":\"bookonline99\"},\"url\":\"https:\\\/\\\/www.article-marketing.eu\\\/comunicatistampa\\\/author\\\/bookonline99\\\/\"}]}<\/script>\n<!-- \/ Yoast SEO plugin. -->","yoast_head_json":{"title":"Il Centro Islamico Culturale d\u2019Italia 2 (Chiara Cavalieri) - Article Marketing","robots":{"index":"index","follow":"follow","max-snippet":"max-snippet:-1","max-image-preview":"max-image-preview:large","max-video-preview":"max-video-preview:-1"},"canonical":"https:\/\/www.article-marketing.eu\/comunicatistampa\/il-centro-islamico-culturale-ditalia-2-chiara-cavalieri\/","og_locale":"it_IT","og_type":"article","og_title":"Il Centro Islamico Culturale d\u2019Italia 2 (Chiara Cavalieri) - Article Marketing","og_description":"In riferimento all&#8217; articolo precedentemente pubblicato al link https:\/\/osservatorequotidiano.it\/mondo\/2021\/07\/15\/il-centro-islamico-culturale-ditalia\/, come da richiesta riportiamo diverse precisazioni e alcune note aggiuntive: a) La collocazione urbanistica dei tre ettari dati in donazione presso villa Ada \u00e8 stata dovuta al fatto che in quel periodo l\u2019appezzamento di terreno era di basso valore economico ma che si trovava per\u00f2 nelle vicinanze delle residenze diplomatiche dei paesi musulmani accreditati in Italia. All\u2019epoca nel nostro Paese, comeContinue reading...","og_url":"https:\/\/www.article-marketing.eu\/comunicatistampa\/il-centro-islamico-culturale-ditalia-2-chiara-cavalieri\/","og_site_name":"Article Marketing","article_published_time":"2022-04-23T16:25:33+00:00","author":"bookonline99","twitter_card":"summary_large_image","twitter_misc":{"Scritto da":"bookonline99","Tempo di lettura stimato":"3 minuti"},"schema":{"@context":"https:\/\/schema.org","@graph":[{"@type":"Article","@id":"https:\/\/www.article-marketing.eu\/comunicatistampa\/il-centro-islamico-culturale-ditalia-2-chiara-cavalieri\/#article","isPartOf":{"@id":"https:\/\/www.article-marketing.eu\/comunicatistampa\/il-centro-islamico-culturale-ditalia-2-chiara-cavalieri\/"},"author":{"name":"bookonline99","@id":"https:\/\/www.article-marketing.eu\/comunicatistampa\/#\/schema\/person\/007cfb748bcfc0db20997d3866447e6d"},"headline":"Il Centro Islamico Culturale d\u2019Italia 2 (Chiara Cavalieri)","datePublished":"2022-04-23T16:25:33+00:00","mainEntityOfPage":{"@id":"https:\/\/www.article-marketing.eu\/comunicatistampa\/il-centro-islamico-culturale-ditalia-2-chiara-cavalieri\/"},"wordCount":456,"commentCount":0,"articleSection":["Comunicati stampa"],"inLanguage":"it-IT","potentialAction":[{"@type":"CommentAction","name":"Comment","target":["https:\/\/www.article-marketing.eu\/comunicatistampa\/il-centro-islamico-culturale-ditalia-2-chiara-cavalieri\/#respond"]}]},{"@type":"WebPage","@id":"https:\/\/www.article-marketing.eu\/comunicatistampa\/il-centro-islamico-culturale-ditalia-2-chiara-cavalieri\/","url":"https:\/\/www.article-marketing.eu\/comunicatistampa\/il-centro-islamico-culturale-ditalia-2-chiara-cavalieri\/","name":"Il Centro Islamico Culturale d\u2019Italia 2 (Chiara Cavalieri) - Article Marketing","isPartOf":{"@id":"https:\/\/www.article-marketing.eu\/comunicatistampa\/#website"},"datePublished":"2022-04-23T16:25:33+00:00","author":{"@id":"https:\/\/www.article-marketing.eu\/comunicatistampa\/#\/schema\/person\/007cfb748bcfc0db20997d3866447e6d"},"breadcrumb":{"@id":"https:\/\/www.article-marketing.eu\/comunicatistampa\/il-centro-islamico-culturale-ditalia-2-chiara-cavalieri\/#breadcrumb"},"inLanguage":"it-IT","potentialAction":[{"@type":"ReadAction","target":["https:\/\/www.article-marketing.eu\/comunicatistampa\/il-centro-islamico-culturale-ditalia-2-chiara-cavalieri\/"]}]},{"@type":"BreadcrumbList","@id":"https:\/\/www.article-marketing.eu\/comunicatistampa\/il-centro-islamico-culturale-ditalia-2-chiara-cavalieri\/#breadcrumb","itemListElement":[{"@type":"ListItem","position":1,"name":"Home","item":"https:\/\/www.article-marketing.eu\/comunicatistampa\/"},{"@type":"ListItem","position":2,"name":"Il Centro Islamico Culturale d\u2019Italia 2 (Chiara Cavalieri)"}]},{"@type":"WebSite","@id":"https:\/\/www.article-marketing.eu\/comunicatistampa\/#website","url":"https:\/\/www.article-marketing.eu\/comunicatistampa\/","name":"Article Marketing","description":"article marketing &amp; press release","potentialAction":[{"@type":"SearchAction","target":{"@type":"EntryPoint","urlTemplate":"https:\/\/www.article-marketing.eu\/comunicatistampa\/?s={search_term_string}"},"query-input":{"@type":"PropertyValueSpecification","valueRequired":true,"valueName":"search_term_string"}}],"inLanguage":"it-IT"},{"@type":"Person","@id":"https:\/\/www.article-marketing.eu\/comunicatistampa\/#\/schema\/person\/007cfb748bcfc0db20997d3866447e6d","name":"bookonline99","image":{"@type":"ImageObject","inLanguage":"it-IT","@id":"https:\/\/secure.gravatar.com\/avatar\/aba6bce0175376184c8ed84fd24a7bc2b8f03e17e9600fba648415511dab6352?s=96&d=mm&r=g","url":"https:\/\/secure.gravatar.com\/avatar\/aba6bce0175376184c8ed84fd24a7bc2b8f03e17e9600fba648415511dab6352?s=96&d=mm&r=g","contentUrl":"https:\/\/secure.gravatar.com\/avatar\/aba6bce0175376184c8ed84fd24a7bc2b8f03e17e9600fba648415511dab6352?s=96&d=mm&r=g","caption":"bookonline99"},"url":"https:\/\/www.article-marketing.eu\/comunicatistampa\/author\/bookonline99\/"}]}},"_links":{"self":[{"href":"https:\/\/www.article-marketing.eu\/comunicatistampa\/wp-json\/wp\/v2\/posts\/22815","targetHints":{"allow":["GET"]}}],"collection":[{"href":"https:\/\/www.article-marketing.eu\/comunicatistampa\/wp-json\/wp\/v2\/posts"}],"about":[{"href":"https:\/\/www.article-marketing.eu\/comunicatistampa\/wp-json\/wp\/v2\/types\/post"}],"author":[{"embeddable":true,"href":"https:\/\/www.article-marketing.eu\/comunicatistampa\/wp-json\/wp\/v2\/users\/913"}],"replies":[{"embeddable":true,"href":"https:\/\/www.article-marketing.eu\/comunicatistampa\/wp-json\/wp\/v2\/comments?post=22815"}],"version-history":[{"count":2,"href":"https:\/\/www.article-marketing.eu\/comunicatistampa\/wp-json\/wp\/v2\/posts\/22815\/revisions"}],"predecessor-version":[{"id":22833,"href":"https:\/\/www.article-marketing.eu\/comunicatistampa\/wp-json\/wp\/v2\/posts\/22815\/revisions\/22833"}],"wp:attachment":[{"href":"https:\/\/www.article-marketing.eu\/comunicatistampa\/wp-json\/wp\/v2\/media?parent=22815"}],"wp:term":[{"taxonomy":"category","embeddable":true,"href":"https:\/\/www.article-marketing.eu\/comunicatistampa\/wp-json\/wp\/v2\/categories?post=22815"},{"taxonomy":"post_tag","embeddable":true,"href":"https:\/\/www.article-marketing.eu\/comunicatistampa\/wp-json\/wp\/v2\/tags?post=22815"}],"curies":[{"name":"wp","href":"https:\/\/api.w.org\/{rel}","templated":true}]}}