{"id":22820,"date":"2022-04-23T18:33:50","date_gmt":"2022-04-23T16:33:50","guid":{"rendered":"https:\/\/www.article-marketing.eu\/comunicatistampa\/?p=22820"},"modified":"2022-04-23T18:33:50","modified_gmt":"2022-04-23T16:33:50","slug":"gesuiti-euclidei-vestiti-come-dei-bonzi-alla-corte-degli-imperatori-della-dinastia-dei-ming","status":"publish","type":"post","link":"https:\/\/www.article-marketing.eu\/comunicatistampa\/gesuiti-euclidei-vestiti-come-dei-bonzi-alla-corte-degli-imperatori-della-dinastia-dei-ming\/","title":{"rendered":"\u2018Gesuiti, euclidei, vestiti come dei bonzi alla corte degli imperatori della dinastia dei Ming.\u2019"},"content":{"rendered":"<p><span style=\"font-size: 14pt;\">Abbiamo pi\u00f9 volte sentito questa strofa della canzone \u2018Centro di gravit\u00e0 permanente\u2019 scritta da Franco Battiato e Giusto Pio, le cui parole sono dedicate a Matteo Ricci, nato a Macerata ed entrato nell&#8217; Ordine dei Gesuiti nel 1571.<\/span><\/p>\n<p><span style=\"font-size: 14pt;\">\u00a0Anno in cui fu anche testimone della cruenta battaglia di Lepanto.<\/span><\/p>\n<p><span style=\"font-size: 14pt;\">Matteo Ricci si dedic\u00f2 a studi scientifici, in particolare ad astronomia, matematica, geografia e cosmologia, realizz\u00f2 inoltre il primo Planisfero (carta geografica) con la Cina, parola che significa <em>Regno di mezzo<\/em>, al centro.<\/span><\/p>\n<p><span style=\"font-size: 14pt;\">Vissuto al tempo della dinastia Ming, oltre ad aver impresso un forte impulso all&#8217;azione evangelizzatrice, padre Matteo Ricci \u00e8 riconosciuto come uno dei pi\u00f9 grandi missionari in Cina.<\/span><\/p>\n<p><span style=\"font-size: 14pt;\">Prima di lui ci furono i gesuiti Alessandro Saverio, Francesco Valignano e, ovviamente, Marco Polo, il quale ha anche un ponte intitolato a suo nome e che fu all\u2019origine dell&#8217;incidente che provoc\u00f2 la seconda guerra sino-giapponese.<\/span><\/p>\n<p><span style=\"font-size: 14pt;\">Il vero sinologo per\u00f2 \u00e8 considerato il gesuita Ricci che fu anche l\u2019unico occidentale ad avere l\u2019onore di entrare nella Citt\u00e0 Proibita.<\/span><\/p>\n<p><span style=\"font-size: 14pt;\">Egli cap\u00ec che per conquistare il cuore della Cina doveva immedesimarsi nella cultura e nella societ\u00e0 e a questo fine inizialmente impose a se stesso l\u2019attento studio della lingua cinese e, a seguire, si convinse che l\u2019idea di evangelizzazione intesa come il raggiungimento del pi\u00f9 alto numero di convertiti non fosse la via giusta da seguire.<\/span><\/p>\n<p><span style=\"font-size: 14pt;\">Questa riflessione lo condusse nella ricerca della cultura cinese in tutti i suoi aspetti attraverso la quale avrebbe poi potuto portare il messaggio cristiano.<\/span><\/p>\n<p><span style=\"font-size: 14pt;\">Nell\u2019accettare molti riti locali, come ad esempio quello degli antenati, si ritrov\u00f2 in una situazione di profondo imbarazzo che arrivarono a forti disaccordi con la Chiesa di Roma, dissidi che addirittura provocarono la soppressione temporanea dell&#8217;Ordine dei Gesuiti.<\/span><\/p>\n<p><span style=\"font-size: 14pt;\">Cosa che, d\u2019altro canto, ebbe il suo lato positivo nel far crescere e rafforzare il legame di stima reciproca con la classe colta e con le schiere governative cinesi al punto che, proprio grazie al rispetto che si era guadagnato, venne raccomandato per l\u2019ingresso a Pechino, capitale del \u2018Regno di Mezzo\u2019.<\/span><\/p>\n<p><span style=\"font-size: 14pt;\">Assunse il nome di L\u00ec M\u01ced\u00f2u, dalla traslitterazione delle proprie iniziali nei suoni cinesi in lingua Mandarina, e all&#8217;inizio si vest\u00ec come un bonzo buddista per assumere in seguito gli abiti dello studioso confuciano, cosa che gli permise di ricevere dalla cerchia dei mandarini il titolo onorifico di T\u00e0ix\u012b R\u00fash\u00ec: studioso confuciano del grande Occidente.<\/span><\/p>\n<p><span style=\"font-size: 14pt;\">Matteo Ricci tradusse Confucio in latino, ed \u00e8 proprio grazie a lui se noi oggi conosciamo questo filoso cinese il cui vero nome \u00e8 K\u01d2ng F\u016bz\u01d0.<\/span><\/p>\n<p><span style=\"font-size: 14pt;\">Il gesuita di Macerata cerc\u00f2 anche di tradurre in cinese alcuni testi fondamentali della cultura occidentale, come la geometria euclidea e naturalmente i testi di natura religiosa.<\/span><\/p>\n<p><span style=\"font-size: 14pt;\">Ma certamente la traduzione in latino dei testi classici del confucianesimo, costituisce la vera impresa culturale per l\u2019epoca.<\/span><\/p>\n<p><span style=\"font-size: 14pt;\">Mentre Galileo Galilei annunciava al mondo le sue teorie, Ricci si presentava alla cultura cinese portando in una mano il mappamondo e la Geometria di Euclide, e nell\u2019altra l\u2019amicizia per trasformare il dialogo tra popoli diversi nella forza comune di costruire un futuro migliore.<\/span><\/p>\n<p><span style=\"font-size: 14pt;\">Un breve discorso merita la Cina, societ\u00e0 antichissima, complessa e che nulla aveva da invidiare alla societ\u00e0 occidentale, il suo livello di produzione era superiore a quello americano, inglese ed europeo in genere, ma la resistenza mentale verso il mondo esterno, era fortemente penalizzante.<\/span><\/p>\n<p><span style=\"font-size: 14pt;\">La dinastia Ming, con l\u2019imperatore Yongle, cerc\u00f2 di aprire la Cina al mondo, soprattutto dopo la sua degradazione durante la dinastia Yuan e il regno di Hongwu, e fece riparare e riaprire il Grand Canale della Cina al fine di rifornire la nuova capitale di merci e prodotti alimentari con un flusso costante.<\/span><\/p>\n<p><span style=\"font-size: 14pt;\">Commission\u00f2 ben 7 viaggi esplorativi a Zheng He, un eunuco musulmano cinese (nome arabo) Hajji Mahmud, navigatore e diplomatico che si potrebbe tranquillamente paragonare a Colombo e a Magellano.<\/span><\/p>\n<p><span style=\"font-size: 14pt;\">Tuttavia il forte attaccamento alle proprie tradizioni e la mentalit\u00e0 definita \u2018confuciana\u2019 non permisero alla Cina di espandersi ulteriormente nonostante l\u2019immenso potenziale.<\/span><\/p>\n<p><span style=\"font-size: 14pt;\">Se il Papa da una parte e l\u2019Imperatore Yongle dall&#8217; altra non si fossero chiusi nelle loro posizioni, il musulmano Zheng He e il cattolico Matteo Ricci avrebbero potuto cambiare la storia, con una Cina superpotenza e Cristiana.<\/span><\/p>\n<p><span style=\"font-size: 14pt;\">L\u2019insegnamento, assolutamente attuale anche ai giorni nostri, che deriva da questo capitolo di storia purtroppo largamente ignorato, \u00e8 che il dialogo reciproco tra uomini e culture sono basilari per la costruzione di civilt\u00e0 dell\u2019umanit\u00e0 intera.<\/span><\/p>\n<p><em><strong><span style=\"font-size: 14pt;\">Chiara Cavalieri<\/span><\/strong><\/em><\/p>\n","protected":false},"excerpt":{"rendered":"<p>Abbiamo pi\u00f9 volte sentito questa strofa della canzone \u2018Centro di gravit\u00e0 permanente\u2019 scritta da Franco Battiato e Giusto Pio, le cui parole sono dedicate a Matteo Ricci, nato a Macerata ed entrato nell&#8217; Ordine dei Gesuiti nel 1571. \u00a0Anno in cui fu anche testimone della cruenta battaglia di Lepanto. Matteo Ricci si dedic\u00f2 a studi scientifici, in particolare ad astronomia, matematica, geografia e cosmologia, realizz\u00f2 inoltre il primo Planisfero (carta<\/p>\n<p><a class=\"continue-reading\" href=\"https:\/\/www.article-marketing.eu\/comunicatistampa\/gesuiti-euclidei-vestiti-come-dei-bonzi-alla-corte-degli-imperatori-della-dinastia-dei-ming\/\">Continue reading&#8230;<\/a><\/p>\n","protected":false},"author":913,"featured_media":0,"comment_status":"open","ping_status":"open","sticky":false,"template":"","format":"standard","meta":{"_monsterinsights_skip_tracking":false,"_monsterinsights_sitenote_active":false,"_monsterinsights_sitenote_note":"","_monsterinsights_sitenote_category":0,"footnotes":""},"categories":[78],"tags":[],"class_list":["post-22820","post","type-post","status-publish","format-standard","hentry","category-comunicati-stampa"],"yoast_head":"<!-- This site is optimized with the Yoast SEO plugin v27.3 - https:\/\/yoast.com\/product\/yoast-seo-wordpress\/ -->\n<title>\u2018Gesuiti, euclidei, vestiti come dei bonzi alla corte degli imperatori della dinastia dei Ming.\u2019<\/title>\n<meta name=\"robots\" content=\"index, follow, max-snippet:-1, max-image-preview:large, max-video-preview:-1\" \/>\n<link rel=\"canonical\" href=\"https:\/\/www.article-marketing.eu\/comunicatistampa\/gesuiti-euclidei-vestiti-come-dei-bonzi-alla-corte-degli-imperatori-della-dinastia-dei-ming\/\" \/>\n<meta property=\"og:locale\" content=\"it_IT\" \/>\n<meta property=\"og:type\" content=\"article\" \/>\n<meta property=\"og:title\" content=\"\u2018Gesuiti, euclidei, vestiti come dei bonzi alla corte degli imperatori della dinastia dei Ming.\u2019\" \/>\n<meta property=\"og:description\" content=\"Abbiamo pi\u00f9 volte sentito questa strofa della canzone \u2018Centro di gravit\u00e0 permanente\u2019 scritta da Franco Battiato e Giusto Pio, le cui parole sono dedicate a Matteo Ricci, nato a Macerata ed entrato nell&#8217; Ordine dei Gesuiti nel 1571. \u00a0Anno in cui fu anche testimone della cruenta battaglia di Lepanto. Matteo Ricci si dedic\u00f2 a studi scientifici, in particolare ad astronomia, matematica, geografia e cosmologia, realizz\u00f2 inoltre il primo Planisfero (cartaContinue reading...\" \/>\n<meta property=\"og:url\" content=\"https:\/\/www.article-marketing.eu\/comunicatistampa\/gesuiti-euclidei-vestiti-come-dei-bonzi-alla-corte-degli-imperatori-della-dinastia-dei-ming\/\" \/>\n<meta property=\"og:site_name\" content=\"Article Marketing\" \/>\n<meta property=\"article:published_time\" content=\"2022-04-23T16:33:50+00:00\" \/>\n<meta name=\"author\" content=\"bookonline99\" \/>\n<meta name=\"twitter:card\" content=\"summary_large_image\" \/>\n<meta name=\"twitter:label1\" content=\"Scritto da\" \/>\n\t<meta name=\"twitter:data1\" content=\"bookonline99\" \/>\n\t<meta name=\"twitter:label2\" content=\"Tempo di lettura stimato\" \/>\n\t<meta name=\"twitter:data2\" content=\"4 minuti\" \/>\n<script type=\"application\/ld+json\" class=\"yoast-schema-graph\">{\"@context\":\"https:\\\/\\\/schema.org\",\"@graph\":[{\"@type\":\"Article\",\"@id\":\"https:\\\/\\\/www.article-marketing.eu\\\/comunicatistampa\\\/gesuiti-euclidei-vestiti-come-dei-bonzi-alla-corte-degli-imperatori-della-dinastia-dei-ming\\\/#article\",\"isPartOf\":{\"@id\":\"https:\\\/\\\/www.article-marketing.eu\\\/comunicatistampa\\\/gesuiti-euclidei-vestiti-come-dei-bonzi-alla-corte-degli-imperatori-della-dinastia-dei-ming\\\/\"},\"author\":{\"name\":\"bookonline99\",\"@id\":\"https:\\\/\\\/www.article-marketing.eu\\\/comunicatistampa\\\/#\\\/schema\\\/person\\\/007cfb748bcfc0db20997d3866447e6d\"},\"headline\":\"\u2018Gesuiti, euclidei, vestiti come dei bonzi alla corte degli imperatori della dinastia dei Ming.\u2019\",\"datePublished\":\"2022-04-23T16:33:50+00:00\",\"mainEntityOfPage\":{\"@id\":\"https:\\\/\\\/www.article-marketing.eu\\\/comunicatistampa\\\/gesuiti-euclidei-vestiti-come-dei-bonzi-alla-corte-degli-imperatori-della-dinastia-dei-ming\\\/\"},\"wordCount\":759,\"commentCount\":0,\"articleSection\":[\"Comunicati stampa\"],\"inLanguage\":\"it-IT\",\"potentialAction\":[{\"@type\":\"CommentAction\",\"name\":\"Comment\",\"target\":[\"https:\\\/\\\/www.article-marketing.eu\\\/comunicatistampa\\\/gesuiti-euclidei-vestiti-come-dei-bonzi-alla-corte-degli-imperatori-della-dinastia-dei-ming\\\/#respond\"]}]},{\"@type\":\"WebPage\",\"@id\":\"https:\\\/\\\/www.article-marketing.eu\\\/comunicatistampa\\\/gesuiti-euclidei-vestiti-come-dei-bonzi-alla-corte-degli-imperatori-della-dinastia-dei-ming\\\/\",\"url\":\"https:\\\/\\\/www.article-marketing.eu\\\/comunicatistampa\\\/gesuiti-euclidei-vestiti-come-dei-bonzi-alla-corte-degli-imperatori-della-dinastia-dei-ming\\\/\",\"name\":\"\u2018Gesuiti, euclidei, vestiti come dei bonzi alla corte degli imperatori della dinastia dei Ming.\u2019\",\"isPartOf\":{\"@id\":\"https:\\\/\\\/www.article-marketing.eu\\\/comunicatistampa\\\/#website\"},\"datePublished\":\"2022-04-23T16:33:50+00:00\",\"author\":{\"@id\":\"https:\\\/\\\/www.article-marketing.eu\\\/comunicatistampa\\\/#\\\/schema\\\/person\\\/007cfb748bcfc0db20997d3866447e6d\"},\"breadcrumb\":{\"@id\":\"https:\\\/\\\/www.article-marketing.eu\\\/comunicatistampa\\\/gesuiti-euclidei-vestiti-come-dei-bonzi-alla-corte-degli-imperatori-della-dinastia-dei-ming\\\/#breadcrumb\"},\"inLanguage\":\"it-IT\",\"potentialAction\":[{\"@type\":\"ReadAction\",\"target\":[\"https:\\\/\\\/www.article-marketing.eu\\\/comunicatistampa\\\/gesuiti-euclidei-vestiti-come-dei-bonzi-alla-corte-degli-imperatori-della-dinastia-dei-ming\\\/\"]}]},{\"@type\":\"BreadcrumbList\",\"@id\":\"https:\\\/\\\/www.article-marketing.eu\\\/comunicatistampa\\\/gesuiti-euclidei-vestiti-come-dei-bonzi-alla-corte-degli-imperatori-della-dinastia-dei-ming\\\/#breadcrumb\",\"itemListElement\":[{\"@type\":\"ListItem\",\"position\":1,\"name\":\"Home\",\"item\":\"https:\\\/\\\/www.article-marketing.eu\\\/comunicatistampa\\\/\"},{\"@type\":\"ListItem\",\"position\":2,\"name\":\"\u2018Gesuiti, euclidei, vestiti come dei bonzi alla corte degli imperatori della dinastia dei Ming.\u2019\"}]},{\"@type\":\"WebSite\",\"@id\":\"https:\\\/\\\/www.article-marketing.eu\\\/comunicatistampa\\\/#website\",\"url\":\"https:\\\/\\\/www.article-marketing.eu\\\/comunicatistampa\\\/\",\"name\":\"Article Marketing\",\"description\":\"article marketing &amp; press release\",\"potentialAction\":[{\"@type\":\"SearchAction\",\"target\":{\"@type\":\"EntryPoint\",\"urlTemplate\":\"https:\\\/\\\/www.article-marketing.eu\\\/comunicatistampa\\\/?s={search_term_string}\"},\"query-input\":{\"@type\":\"PropertyValueSpecification\",\"valueRequired\":true,\"valueName\":\"search_term_string\"}}],\"inLanguage\":\"it-IT\"},{\"@type\":\"Person\",\"@id\":\"https:\\\/\\\/www.article-marketing.eu\\\/comunicatistampa\\\/#\\\/schema\\\/person\\\/007cfb748bcfc0db20997d3866447e6d\",\"name\":\"bookonline99\",\"image\":{\"@type\":\"ImageObject\",\"inLanguage\":\"it-IT\",\"@id\":\"https:\\\/\\\/secure.gravatar.com\\\/avatar\\\/aba6bce0175376184c8ed84fd24a7bc2b8f03e17e9600fba648415511dab6352?s=96&d=mm&r=g\",\"url\":\"https:\\\/\\\/secure.gravatar.com\\\/avatar\\\/aba6bce0175376184c8ed84fd24a7bc2b8f03e17e9600fba648415511dab6352?s=96&d=mm&r=g\",\"contentUrl\":\"https:\\\/\\\/secure.gravatar.com\\\/avatar\\\/aba6bce0175376184c8ed84fd24a7bc2b8f03e17e9600fba648415511dab6352?s=96&d=mm&r=g\",\"caption\":\"bookonline99\"},\"url\":\"https:\\\/\\\/www.article-marketing.eu\\\/comunicatistampa\\\/author\\\/bookonline99\\\/\"}]}<\/script>\n<!-- \/ Yoast SEO plugin. -->","yoast_head_json":{"title":"\u2018Gesuiti, euclidei, vestiti come dei bonzi alla corte degli imperatori della dinastia dei Ming.\u2019","robots":{"index":"index","follow":"follow","max-snippet":"max-snippet:-1","max-image-preview":"max-image-preview:large","max-video-preview":"max-video-preview:-1"},"canonical":"https:\/\/www.article-marketing.eu\/comunicatistampa\/gesuiti-euclidei-vestiti-come-dei-bonzi-alla-corte-degli-imperatori-della-dinastia-dei-ming\/","og_locale":"it_IT","og_type":"article","og_title":"\u2018Gesuiti, euclidei, vestiti come dei bonzi alla corte degli imperatori della dinastia dei Ming.\u2019","og_description":"Abbiamo pi\u00f9 volte sentito questa strofa della canzone \u2018Centro di gravit\u00e0 permanente\u2019 scritta da Franco Battiato e Giusto Pio, le cui parole sono dedicate a Matteo Ricci, nato a Macerata ed entrato nell&#8217; Ordine dei Gesuiti nel 1571. \u00a0Anno in cui fu anche testimone della cruenta battaglia di Lepanto. Matteo Ricci si dedic\u00f2 a studi scientifici, in particolare ad astronomia, matematica, geografia e cosmologia, realizz\u00f2 inoltre il primo Planisfero (cartaContinue reading...","og_url":"https:\/\/www.article-marketing.eu\/comunicatistampa\/gesuiti-euclidei-vestiti-come-dei-bonzi-alla-corte-degli-imperatori-della-dinastia-dei-ming\/","og_site_name":"Article Marketing","article_published_time":"2022-04-23T16:33:50+00:00","author":"bookonline99","twitter_card":"summary_large_image","twitter_misc":{"Scritto da":"bookonline99","Tempo di lettura stimato":"4 minuti"},"schema":{"@context":"https:\/\/schema.org","@graph":[{"@type":"Article","@id":"https:\/\/www.article-marketing.eu\/comunicatistampa\/gesuiti-euclidei-vestiti-come-dei-bonzi-alla-corte-degli-imperatori-della-dinastia-dei-ming\/#article","isPartOf":{"@id":"https:\/\/www.article-marketing.eu\/comunicatistampa\/gesuiti-euclidei-vestiti-come-dei-bonzi-alla-corte-degli-imperatori-della-dinastia-dei-ming\/"},"author":{"name":"bookonline99","@id":"https:\/\/www.article-marketing.eu\/comunicatistampa\/#\/schema\/person\/007cfb748bcfc0db20997d3866447e6d"},"headline":"\u2018Gesuiti, euclidei, vestiti come dei bonzi alla corte degli imperatori della dinastia dei Ming.\u2019","datePublished":"2022-04-23T16:33:50+00:00","mainEntityOfPage":{"@id":"https:\/\/www.article-marketing.eu\/comunicatistampa\/gesuiti-euclidei-vestiti-come-dei-bonzi-alla-corte-degli-imperatori-della-dinastia-dei-ming\/"},"wordCount":759,"commentCount":0,"articleSection":["Comunicati stampa"],"inLanguage":"it-IT","potentialAction":[{"@type":"CommentAction","name":"Comment","target":["https:\/\/www.article-marketing.eu\/comunicatistampa\/gesuiti-euclidei-vestiti-come-dei-bonzi-alla-corte-degli-imperatori-della-dinastia-dei-ming\/#respond"]}]},{"@type":"WebPage","@id":"https:\/\/www.article-marketing.eu\/comunicatistampa\/gesuiti-euclidei-vestiti-come-dei-bonzi-alla-corte-degli-imperatori-della-dinastia-dei-ming\/","url":"https:\/\/www.article-marketing.eu\/comunicatistampa\/gesuiti-euclidei-vestiti-come-dei-bonzi-alla-corte-degli-imperatori-della-dinastia-dei-ming\/","name":"\u2018Gesuiti, euclidei, vestiti come dei bonzi alla corte degli imperatori della dinastia dei Ming.\u2019","isPartOf":{"@id":"https:\/\/www.article-marketing.eu\/comunicatistampa\/#website"},"datePublished":"2022-04-23T16:33:50+00:00","author":{"@id":"https:\/\/www.article-marketing.eu\/comunicatistampa\/#\/schema\/person\/007cfb748bcfc0db20997d3866447e6d"},"breadcrumb":{"@id":"https:\/\/www.article-marketing.eu\/comunicatistampa\/gesuiti-euclidei-vestiti-come-dei-bonzi-alla-corte-degli-imperatori-della-dinastia-dei-ming\/#breadcrumb"},"inLanguage":"it-IT","potentialAction":[{"@type":"ReadAction","target":["https:\/\/www.article-marketing.eu\/comunicatistampa\/gesuiti-euclidei-vestiti-come-dei-bonzi-alla-corte-degli-imperatori-della-dinastia-dei-ming\/"]}]},{"@type":"BreadcrumbList","@id":"https:\/\/www.article-marketing.eu\/comunicatistampa\/gesuiti-euclidei-vestiti-come-dei-bonzi-alla-corte-degli-imperatori-della-dinastia-dei-ming\/#breadcrumb","itemListElement":[{"@type":"ListItem","position":1,"name":"Home","item":"https:\/\/www.article-marketing.eu\/comunicatistampa\/"},{"@type":"ListItem","position":2,"name":"\u2018Gesuiti, euclidei, vestiti come dei bonzi alla corte degli imperatori della dinastia dei Ming.\u2019"}]},{"@type":"WebSite","@id":"https:\/\/www.article-marketing.eu\/comunicatistampa\/#website","url":"https:\/\/www.article-marketing.eu\/comunicatistampa\/","name":"Article Marketing","description":"article marketing &amp; press release","potentialAction":[{"@type":"SearchAction","target":{"@type":"EntryPoint","urlTemplate":"https:\/\/www.article-marketing.eu\/comunicatistampa\/?s={search_term_string}"},"query-input":{"@type":"PropertyValueSpecification","valueRequired":true,"valueName":"search_term_string"}}],"inLanguage":"it-IT"},{"@type":"Person","@id":"https:\/\/www.article-marketing.eu\/comunicatistampa\/#\/schema\/person\/007cfb748bcfc0db20997d3866447e6d","name":"bookonline99","image":{"@type":"ImageObject","inLanguage":"it-IT","@id":"https:\/\/secure.gravatar.com\/avatar\/aba6bce0175376184c8ed84fd24a7bc2b8f03e17e9600fba648415511dab6352?s=96&d=mm&r=g","url":"https:\/\/secure.gravatar.com\/avatar\/aba6bce0175376184c8ed84fd24a7bc2b8f03e17e9600fba648415511dab6352?s=96&d=mm&r=g","contentUrl":"https:\/\/secure.gravatar.com\/avatar\/aba6bce0175376184c8ed84fd24a7bc2b8f03e17e9600fba648415511dab6352?s=96&d=mm&r=g","caption":"bookonline99"},"url":"https:\/\/www.article-marketing.eu\/comunicatistampa\/author\/bookonline99\/"}]}},"_links":{"self":[{"href":"https:\/\/www.article-marketing.eu\/comunicatistampa\/wp-json\/wp\/v2\/posts\/22820","targetHints":{"allow":["GET"]}}],"collection":[{"href":"https:\/\/www.article-marketing.eu\/comunicatistampa\/wp-json\/wp\/v2\/posts"}],"about":[{"href":"https:\/\/www.article-marketing.eu\/comunicatistampa\/wp-json\/wp\/v2\/types\/post"}],"author":[{"embeddable":true,"href":"https:\/\/www.article-marketing.eu\/comunicatistampa\/wp-json\/wp\/v2\/users\/913"}],"replies":[{"embeddable":true,"href":"https:\/\/www.article-marketing.eu\/comunicatistampa\/wp-json\/wp\/v2\/comments?post=22820"}],"version-history":[{"count":2,"href":"https:\/\/www.article-marketing.eu\/comunicatistampa\/wp-json\/wp\/v2\/posts\/22820\/revisions"}],"predecessor-version":[{"id":22836,"href":"https:\/\/www.article-marketing.eu\/comunicatistampa\/wp-json\/wp\/v2\/posts\/22820\/revisions\/22836"}],"wp:attachment":[{"href":"https:\/\/www.article-marketing.eu\/comunicatistampa\/wp-json\/wp\/v2\/media?parent=22820"}],"wp:term":[{"taxonomy":"category","embeddable":true,"href":"https:\/\/www.article-marketing.eu\/comunicatistampa\/wp-json\/wp\/v2\/categories?post=22820"},{"taxonomy":"post_tag","embeddable":true,"href":"https:\/\/www.article-marketing.eu\/comunicatistampa\/wp-json\/wp\/v2\/tags?post=22820"}],"curies":[{"name":"wp","href":"https:\/\/api.w.org\/{rel}","templated":true}]}}