{"id":22822,"date":"2022-04-23T19:00:58","date_gmt":"2022-04-23T17:00:58","guid":{"rendered":"https:\/\/www.article-marketing.eu\/comunicatistampa\/?p=22822"},"modified":"2022-04-23T19:00:58","modified_gmt":"2022-04-23T17:00:58","slug":"le-battaglie-acritiche-del-femminismo-occidentale","status":"publish","type":"post","link":"https:\/\/www.article-marketing.eu\/comunicatistampa\/le-battaglie-acritiche-del-femminismo-occidentale\/","title":{"rendered":"Le battaglie acritiche del femminismo occidentale"},"content":{"rendered":"<p>Le immagini di questi giorni, che oltre\u00a0 all&#8217; orrore delle azioni dei Talebani ci mostrano la penosa e umiliante condizione in cui sono ridotte le donne che vivono in certe situazioni, sommate all\u2019ascolto di una delle tante conferenze di Maryan Ismail, docente di antropologia, attivista per i diritti delle donne e dei minori stranieri nonch\u00e9 Presidente del Forum Musulmani Laici e Progressisti, mi inducono a una serie di riflessioni tra l\u2019interconnessione del femminismo liberista occidentale e le battaglie che in maniera del tutto acritica sposa ormai da diversi anni.<\/p>\n<p>A questo proposito vorrei ricordare che esiste una memoria storica, ben documentata con foto e video, di come le donne nei paesi musulmani fossero emancipate e godessero, prima dell\u2019instaurarsi dei regimi fondamentalisti islamici, di diritti civili e umani.<\/p>\n<p>Per esempio nel 1958, durante il Congresso del suo Partito, il Presidente egiziano Gamal Abd al-Nasser, rise alla proposta dei Fratelli Musulmani (organizzazione terroristica fondata da Hasan Al Banna nel 1928) di velare le donne.<\/p>\n<p>\u201cSe non riesce a convincere sua figlia, che studia medicina e non indossa il velo, come pensa di convincere le ragazze egiziane?&#8221; Questa fu la sprezzante risposta che diede al capo di quell\u2019organizzazione che, \u00e8 sempre utile ricordarlo, oggi in Egitto \u00e8 considerata terroristica.<\/p>\n<p>Negli anni \u201860 al Cairo le donne potevano tranquillamente uscire in strada vestite con braccia scoperte e gonne al ginocchio prima che gli Islamisti facessero del velo un vessillo di moralit\u00e0.<\/p>\n<p>In quegli anni raramente qualche donna veniva molestata, mentre ora, che la maggioranza delle donne egiziane \u00e8 velata dalla testa ai piedi, pi\u00f9 del 90 per cento di loro subisce molestie fisiche e verbali.<\/p>\n<p>La protesta di alcune donne egiziane che nel 2017 si fecero fotografare vestite con gonna e camicia, fu rivoluzionaria tanto quanto il gesto dell&#8217;attivista egiziana Hoda Shaarawi, che nel 1923 si tolse il velo dopo aver partecipato ad un convegno femminista a Roma.<\/p>\n<p>Senza dimenticare che nel 1899 Qasim Amin, il primo &#8220;femminista&#8221; arabo che fu anche un importante giurista, pubblic\u00f2 il libro &#8220;La liberazione della donna&#8221; in cui invitava le donne arabe a liberarsi del velo.<\/p>\n<p>Libro attuale ancora oggi perch\u00e9 le sue posizioni sull\u2019emancipazione femminile, criticate anche all&#8217;epoca, si basavano proprio sui dettami della religione islamica che lui stesso rispettava.<\/p>\n<p>C\u2019\u00e8 anche da considerare che la mostra parigina, organizzata in questi giorni dall\u2019Istituto del Mondo Arabo, si chiama &#8220;Diva&#8221; ed \u00e8 incentrata sulle donne.<\/p>\n<p>Attrici, ballerine, cantanti e produttrici che hanno segnato l&#8217;immaginario cinematografico egiziano, per estensione quello arabo, dagli anni 20 agli anni 70.<\/p>\n<p>Donne bellissime, emancipate, idolatrate dalle masse e temute dal potere politico, degne eredi della rivoluzione femminista degli anni Venti a cui si accenna proprio a inizio mostra. Nella Kermesse \u00e8 stato dato ampio spazio a Um Kalthum, soprannominata \u2018la Callas del Medioriente\u2019, con immagini che la rappresentano con indosso i suoi sfavillanti diamanti e il suo inseparabile fazzoletto.<\/p>\n<p>Parte della mostra \u00e8 dedicata anche alla &#8220;nostra&#8221; indimenticabile Dalida.<\/p>\n<p>L\u2019esposizione si chiude con un paragrafo che riassume tutto il dramma del Medio Oriente, dalle pesanti conseguenze della guerra dei sei giorni del 1967, alle crisi petrolifere del 1973 e del 1979.<\/p>\n<p>Con l\u2019ascesa del movimento religioso conservatore che prende il via dalla guerra del Libano, che fa arretrare la preminenza culturale dell&#8217;Egitto e del Libano a favore delle ricche, di petrolio, monarchie del Golfo.<\/p>\n<p>Le foto delle ragazze vestite all\u2019occidentale prima della rivoluzione Khomeinista in Iran, o il tripudio di colori delle stoffe somale e afghane prima che il \u1e25ij\u0101b, tradotto letteralmente &#8220;tenda o cappa&#8221; ne avvilisse la vivacit\u00e0, la femminilit\u00e0 e la bellezza, dovrebbero far risvegliare molte coscienze\u2026 soprattutto quelle di coloro che difendono, ormai solo a parole e mai con atti incisivi, i diritti di un mondo femminile che sotto il tallone di certe dittature ha perso tutto il bello che c\u2019\u00e8 nell\u2019essere donna.<\/p>\n<p>Tutto ci\u00f2 dovrebbe far riflettere, anche e soprattutto, sulla simpatia di molte femministe occidentali che da una parte si proclamano &#8220;sovversive&#8221;, mentre dall\u2019altra dimostrano strane simpatie per certe derive fondamentaliste.<\/p>\n<p>L&#8217;esempio pi\u00f9 eclatante lo ha fornito proprio Maryan Ismail che nel 2005, partecipando a ben due audizioni nella Commissione al ministero degli Interni e in quella delle Politiche Sociali, si \u00e8 occupata della Legge nazionale contro le mutilazioni genitali femminili di cui l\u2019Italia si \u00e8 dotata nel 2006.<\/p>\n<p>Durante questi incontri, con donne deputate e rappresentanti delle pari opportunit\u00e0, si \u00e8 notata una profonda spaccatura nelle posizioni, cos\u00ec profonda da arrivare al paradosso che le esponenti del Femminismo Liberale, soprattutto di sinistra, hanno additato come non consone alle proprie tradizioni e cultura le donne africane, eritree, somale ed etiopi, che hanno preso parte alle trattative.<\/p>\n<p>Premesso che l\u2019Infibulazione non \u00e8 prevista in nessuna parte del Corano, il libro sacro dell\u2019Islam, ogni donna pu\u00f2 pretendere nel contratto matrimoniale (il matrimonio Islamico non \u00e8 un sacramento) che, nel caso nascano figlie femmine, le stesse non verranno sottoposte a questo rito barbaro.<\/p>\n<p>Lo stesso discorso vale anche per il velo, anche questa usanza patriarcale non prevista dal Libro Sacro.<\/p>\n<p>Il termine arabo \u1e25ij\u0101b che significa celare o rendere invisibile allo sguardo, nascondere o coprire, indica qualsiasi barriera di separazione posta davanti a un essere umano o a un oggetto per sottrarlo alla vista.<\/p>\n<p>L&#8217;imposizione di rivolgersi alle mogli del Profeta da dietro un \u1e25ij\u0101b aveva quasi certamente in origine motivazioni di protocollo, e solo pi\u00f9 tardi venne preso a pretesto per giustificare forme generalizzate di segregazione sessuale, del tutto sconosciute all&#8217;Islam dell&#8217;epoca di Maometto.<\/p>\n<p>Questo velo ha coperto i tradizionali abiti colorati o altri tipi di veli, che indossavano le donne somale o afghane fino all\u2019arrivo al potere del fanatismo.<\/p>\n<p>A quel punto il \u1e25ij\u0101b non solo \u00e8 diventato un simbolo di appartenenza e pudore, ma anche, e soprattutto, di sopravvivenza.<\/p>\n<p>La stessa Maryan sostiene che anche in questo caso si \u00e8 arrivati al paradosso che se si viene invitate nelle trasmissioni televisive o a partecipare a liste elettorali e non si indossano certi capi che identificano il credo, non si viene considerate abbastanza musulmane.<\/p>\n<p>Il lavoro delle donne coraggiose come Maryan Ismail ha come obiettivo il ribaltare questo andamento che ha preso piede in occidente negli ultimi anni e farsi considerare orgogliosamente musulmane anche senza avere addosso certi simboli che altro non sono che il frutto della propaganda generalizzata e ben cavalcata dai gruppi integralisti.<\/p>\n<p>Gli investimenti e i rapporti con la finanza occidentale, le ingerenze nei paesi del medio oriente per sovvertire le politiche interne, ad esempio il duo Obama Clinton in Egitto con Morsi, e la rivoluzione in Libia fino all\u2019uccisione di Gheddafi, hanno fatto s\u00ec che i paesi pi\u00f9 ricchi del Golfo espandessero la predicazione integralista dei Fratelli Musulmani nei paesi non islamici.<\/p>\n<p>Non attraverso la guerra, bens\u00ec attraverso una \u2018cultura\u2019 che controlla il corpo della donna rendendola sottomessa al patriarcato maschile.<\/p>\n<p>Particolare questo che \u00e8 anche in contrasto col Sacro Corano in quanto gli esseri umani possono essere sottomessi solo ad Allah.<\/p>\n<p>A questo proposito Maryan ha sostenuto, durante una delle sue ultime conferenze, che parti del Corano sono state \u2018sospese\u2019 per far s\u00ec che a seconda del momento progredisse la matematica, la scienza e la filosofia, portando ad esempio la Mauritania a sospendere, nel 1982, la schiavit\u00f9 perch\u00e9 in forte contrasto con il rispetto e la dignit\u00e0 dell&#8217;essere umano.<\/p>\n<p>La Mauritania \u00e8 stato ultimo paese a prendere questa decisione e il 1982 non \u00e8 un tempo troppo lontano da noi.<\/p>\n<p>Tornando all\u2019affermazione della libert\u00e0: Maryan si \u00e8 chiesta come potessero le donne che vivono certe realt\u00e0 sostenere le proprie battaglie se, ad esempio, l&#8217;ex Alto Rappresentante per gli Affari esteri dell\u2019Unione europea, Federica Mogherini, si \u00e8 sempre presentata velata sia in Iran che in altre nazioni arabe.<\/p>\n<p>Oppure, caso altrettanto grave, quando si \u00e8 ritenuto necessario velare le statue di nudi dei Musei capitolini per il passaggio dell\u2019ex presidente iraniano Rouhani in Campidoglio o peggio ancora il quadro che d\u00e0 la finanza occidentale nei suoi business con i rappresentanti dei ricchi paesi pi\u00f9 comandati da regimi islamisti.<\/p>\n<p>Sono le solite <em>geometrie variabili<\/em> dell\u2019Occidente, che da un lato fa finta di scandalizzarsi sulla carenza dei diritti umani in alcuni paesi, ma poi tace e fa affari con chi gli conviene, mostrando che ideali e cause sono solo strumentali agli interessi.<\/p>\n<p>Il silenzio sui crimini dei Talebani o addirittura la proposta di diventare loro interlocutori \u00e8 l\u2019ennesima conferma di questa ipocrisia, come, inutile girarci intorno, la simpatia verso i gruppi come Hamas, Fratellanza Musulmana ed Hezbollah.<\/p>\n<p>Situazioni queste che non possono essere in alcun modo tollerate in quanto certi gruppi non hanno mai operato per il bene dei paesi dove si sono radicati, ma hanno portato solo morte e corruzione.<\/p>\n<p>Dello stesso cosmo fa parte anche il gruppo terroristico Al Shabab che si \u00e8 reso responsabile dell\u2019assassinio di Yusuf Mohamed Ismail Bari Bari, ambasciatore somalo presso l\u2019Onu e fratello di Maryan, che fu ucciso a Mogadiscio nell\u2019attentato all\u2019hotel Maka al Mukrama.<\/p>\n<p>Quest\u2019articolo \u00e8 dedicato a Maryan Ismail, alle sue idee, alle sue lotte e a tutte quelle donne, in Afghanistan come in Iran, in Sudan o in Arabia Saudita o in tutti quei paesi dove da anni i loro diritti vengono calpestati ogni giorno e che lottano coraggiosamente per la loro libert\u00e0 sperando che in Occidente si cessi di dare la voce all\u2019Islam politico.<\/p>\n<p><em><strong>Di Chiara Cavalieri<\/strong><\/em><\/p>\n<p><em><strong>Studiosa di Islam e geopolitica<\/strong><\/em><\/p>\n","protected":false},"excerpt":{"rendered":"<p>Le immagini di questi giorni, che oltre\u00a0 all&#8217; orrore delle azioni dei Talebani ci mostrano la penosa e umiliante condizione in cui sono ridotte le donne che vivono in certe situazioni, sommate all\u2019ascolto di una delle tante conferenze di Maryan Ismail, docente di antropologia, attivista per i diritti delle donne e dei minori stranieri nonch\u00e9 Presidente del Forum Musulmani Laici e Progressisti, mi inducono a una serie di riflessioni tra<\/p>\n<p><a class=\"continue-reading\" href=\"https:\/\/www.article-marketing.eu\/comunicatistampa\/le-battaglie-acritiche-del-femminismo-occidentale\/\">Continue reading&#8230;<\/a><\/p>\n","protected":false},"author":913,"featured_media":0,"comment_status":"open","ping_status":"open","sticky":false,"template":"","format":"standard","meta":{"_monsterinsights_skip_tracking":false,"_monsterinsights_sitenote_active":false,"_monsterinsights_sitenote_note":"","_monsterinsights_sitenote_category":0,"footnotes":""},"categories":[78],"tags":[],"class_list":["post-22822","post","type-post","status-publish","format-standard","hentry","category-comunicati-stampa"],"yoast_head":"<!-- This site is optimized with the Yoast SEO plugin v27.3 - https:\/\/yoast.com\/product\/yoast-seo-wordpress\/ -->\n<title>Le battaglie acritiche del femminismo occidentale - Article Marketing<\/title>\n<meta name=\"robots\" content=\"index, follow, max-snippet:-1, max-image-preview:large, max-video-preview:-1\" \/>\n<link rel=\"canonical\" href=\"https:\/\/www.article-marketing.eu\/comunicatistampa\/le-battaglie-acritiche-del-femminismo-occidentale\/\" \/>\n<meta property=\"og:locale\" content=\"it_IT\" \/>\n<meta property=\"og:type\" content=\"article\" \/>\n<meta property=\"og:title\" content=\"Le battaglie acritiche del femminismo occidentale - Article Marketing\" \/>\n<meta property=\"og:description\" content=\"Le immagini di questi giorni, che oltre\u00a0 all&#8217; orrore delle azioni dei Talebani ci mostrano la penosa e umiliante condizione in cui sono ridotte le donne che vivono in certe situazioni, sommate all\u2019ascolto di una delle tante conferenze di Maryan Ismail, docente di antropologia, attivista per i diritti delle donne e dei minori stranieri nonch\u00e9 Presidente del Forum Musulmani Laici e Progressisti, mi inducono a una serie di riflessioni traContinue reading...\" \/>\n<meta property=\"og:url\" content=\"https:\/\/www.article-marketing.eu\/comunicatistampa\/le-battaglie-acritiche-del-femminismo-occidentale\/\" \/>\n<meta property=\"og:site_name\" content=\"Article Marketing\" \/>\n<meta property=\"article:published_time\" content=\"2022-04-23T17:00:58+00:00\" \/>\n<meta name=\"author\" content=\"bookonline99\" \/>\n<meta name=\"twitter:card\" content=\"summary_large_image\" \/>\n<meta name=\"twitter:label1\" content=\"Scritto da\" \/>\n\t<meta name=\"twitter:data1\" content=\"bookonline99\" \/>\n\t<meta name=\"twitter:label2\" content=\"Tempo di lettura stimato\" \/>\n\t<meta name=\"twitter:data2\" content=\"9 minuti\" \/>\n<script type=\"application\/ld+json\" class=\"yoast-schema-graph\">{\"@context\":\"https:\\\/\\\/schema.org\",\"@graph\":[{\"@type\":\"Article\",\"@id\":\"https:\\\/\\\/www.article-marketing.eu\\\/comunicatistampa\\\/le-battaglie-acritiche-del-femminismo-occidentale\\\/#article\",\"isPartOf\":{\"@id\":\"https:\\\/\\\/www.article-marketing.eu\\\/comunicatistampa\\\/le-battaglie-acritiche-del-femminismo-occidentale\\\/\"},\"author\":{\"name\":\"bookonline99\",\"@id\":\"https:\\\/\\\/www.article-marketing.eu\\\/comunicatistampa\\\/#\\\/schema\\\/person\\\/007cfb748bcfc0db20997d3866447e6d\"},\"headline\":\"Le battaglie acritiche del femminismo occidentale\",\"datePublished\":\"2022-04-23T17:00:58+00:00\",\"mainEntityOfPage\":{\"@id\":\"https:\\\/\\\/www.article-marketing.eu\\\/comunicatistampa\\\/le-battaglie-acritiche-del-femminismo-occidentale\\\/\"},\"wordCount\":1545,\"commentCount\":0,\"articleSection\":[\"Comunicati stampa\"],\"inLanguage\":\"it-IT\",\"potentialAction\":[{\"@type\":\"CommentAction\",\"name\":\"Comment\",\"target\":[\"https:\\\/\\\/www.article-marketing.eu\\\/comunicatistampa\\\/le-battaglie-acritiche-del-femminismo-occidentale\\\/#respond\"]}]},{\"@type\":\"WebPage\",\"@id\":\"https:\\\/\\\/www.article-marketing.eu\\\/comunicatistampa\\\/le-battaglie-acritiche-del-femminismo-occidentale\\\/\",\"url\":\"https:\\\/\\\/www.article-marketing.eu\\\/comunicatistampa\\\/le-battaglie-acritiche-del-femminismo-occidentale\\\/\",\"name\":\"Le battaglie acritiche del femminismo occidentale - Article Marketing\",\"isPartOf\":{\"@id\":\"https:\\\/\\\/www.article-marketing.eu\\\/comunicatistampa\\\/#website\"},\"datePublished\":\"2022-04-23T17:00:58+00:00\",\"author\":{\"@id\":\"https:\\\/\\\/www.article-marketing.eu\\\/comunicatistampa\\\/#\\\/schema\\\/person\\\/007cfb748bcfc0db20997d3866447e6d\"},\"breadcrumb\":{\"@id\":\"https:\\\/\\\/www.article-marketing.eu\\\/comunicatistampa\\\/le-battaglie-acritiche-del-femminismo-occidentale\\\/#breadcrumb\"},\"inLanguage\":\"it-IT\",\"potentialAction\":[{\"@type\":\"ReadAction\",\"target\":[\"https:\\\/\\\/www.article-marketing.eu\\\/comunicatistampa\\\/le-battaglie-acritiche-del-femminismo-occidentale\\\/\"]}]},{\"@type\":\"BreadcrumbList\",\"@id\":\"https:\\\/\\\/www.article-marketing.eu\\\/comunicatistampa\\\/le-battaglie-acritiche-del-femminismo-occidentale\\\/#breadcrumb\",\"itemListElement\":[{\"@type\":\"ListItem\",\"position\":1,\"name\":\"Home\",\"item\":\"https:\\\/\\\/www.article-marketing.eu\\\/comunicatistampa\\\/\"},{\"@type\":\"ListItem\",\"position\":2,\"name\":\"Le battaglie acritiche del femminismo occidentale\"}]},{\"@type\":\"WebSite\",\"@id\":\"https:\\\/\\\/www.article-marketing.eu\\\/comunicatistampa\\\/#website\",\"url\":\"https:\\\/\\\/www.article-marketing.eu\\\/comunicatistampa\\\/\",\"name\":\"Article Marketing\",\"description\":\"article marketing &amp; press release\",\"potentialAction\":[{\"@type\":\"SearchAction\",\"target\":{\"@type\":\"EntryPoint\",\"urlTemplate\":\"https:\\\/\\\/www.article-marketing.eu\\\/comunicatistampa\\\/?s={search_term_string}\"},\"query-input\":{\"@type\":\"PropertyValueSpecification\",\"valueRequired\":true,\"valueName\":\"search_term_string\"}}],\"inLanguage\":\"it-IT\"},{\"@type\":\"Person\",\"@id\":\"https:\\\/\\\/www.article-marketing.eu\\\/comunicatistampa\\\/#\\\/schema\\\/person\\\/007cfb748bcfc0db20997d3866447e6d\",\"name\":\"bookonline99\",\"image\":{\"@type\":\"ImageObject\",\"inLanguage\":\"it-IT\",\"@id\":\"https:\\\/\\\/secure.gravatar.com\\\/avatar\\\/aba6bce0175376184c8ed84fd24a7bc2b8f03e17e9600fba648415511dab6352?s=96&d=mm&r=g\",\"url\":\"https:\\\/\\\/secure.gravatar.com\\\/avatar\\\/aba6bce0175376184c8ed84fd24a7bc2b8f03e17e9600fba648415511dab6352?s=96&d=mm&r=g\",\"contentUrl\":\"https:\\\/\\\/secure.gravatar.com\\\/avatar\\\/aba6bce0175376184c8ed84fd24a7bc2b8f03e17e9600fba648415511dab6352?s=96&d=mm&r=g\",\"caption\":\"bookonline99\"},\"url\":\"https:\\\/\\\/www.article-marketing.eu\\\/comunicatistampa\\\/author\\\/bookonline99\\\/\"}]}<\/script>\n<!-- \/ Yoast SEO plugin. -->","yoast_head_json":{"title":"Le battaglie acritiche del femminismo occidentale - Article Marketing","robots":{"index":"index","follow":"follow","max-snippet":"max-snippet:-1","max-image-preview":"max-image-preview:large","max-video-preview":"max-video-preview:-1"},"canonical":"https:\/\/www.article-marketing.eu\/comunicatistampa\/le-battaglie-acritiche-del-femminismo-occidentale\/","og_locale":"it_IT","og_type":"article","og_title":"Le battaglie acritiche del femminismo occidentale - Article Marketing","og_description":"Le immagini di questi giorni, che oltre\u00a0 all&#8217; orrore delle azioni dei Talebani ci mostrano la penosa e umiliante condizione in cui sono ridotte le donne che vivono in certe situazioni, sommate all\u2019ascolto di una delle tante conferenze di Maryan Ismail, docente di antropologia, attivista per i diritti delle donne e dei minori stranieri nonch\u00e9 Presidente del Forum Musulmani Laici e Progressisti, mi inducono a una serie di riflessioni traContinue reading...","og_url":"https:\/\/www.article-marketing.eu\/comunicatistampa\/le-battaglie-acritiche-del-femminismo-occidentale\/","og_site_name":"Article Marketing","article_published_time":"2022-04-23T17:00:58+00:00","author":"bookonline99","twitter_card":"summary_large_image","twitter_misc":{"Scritto da":"bookonline99","Tempo di lettura stimato":"9 minuti"},"schema":{"@context":"https:\/\/schema.org","@graph":[{"@type":"Article","@id":"https:\/\/www.article-marketing.eu\/comunicatistampa\/le-battaglie-acritiche-del-femminismo-occidentale\/#article","isPartOf":{"@id":"https:\/\/www.article-marketing.eu\/comunicatistampa\/le-battaglie-acritiche-del-femminismo-occidentale\/"},"author":{"name":"bookonline99","@id":"https:\/\/www.article-marketing.eu\/comunicatistampa\/#\/schema\/person\/007cfb748bcfc0db20997d3866447e6d"},"headline":"Le battaglie acritiche del femminismo occidentale","datePublished":"2022-04-23T17:00:58+00:00","mainEntityOfPage":{"@id":"https:\/\/www.article-marketing.eu\/comunicatistampa\/le-battaglie-acritiche-del-femminismo-occidentale\/"},"wordCount":1545,"commentCount":0,"articleSection":["Comunicati stampa"],"inLanguage":"it-IT","potentialAction":[{"@type":"CommentAction","name":"Comment","target":["https:\/\/www.article-marketing.eu\/comunicatistampa\/le-battaglie-acritiche-del-femminismo-occidentale\/#respond"]}]},{"@type":"WebPage","@id":"https:\/\/www.article-marketing.eu\/comunicatistampa\/le-battaglie-acritiche-del-femminismo-occidentale\/","url":"https:\/\/www.article-marketing.eu\/comunicatistampa\/le-battaglie-acritiche-del-femminismo-occidentale\/","name":"Le battaglie acritiche del femminismo occidentale - Article Marketing","isPartOf":{"@id":"https:\/\/www.article-marketing.eu\/comunicatistampa\/#website"},"datePublished":"2022-04-23T17:00:58+00:00","author":{"@id":"https:\/\/www.article-marketing.eu\/comunicatistampa\/#\/schema\/person\/007cfb748bcfc0db20997d3866447e6d"},"breadcrumb":{"@id":"https:\/\/www.article-marketing.eu\/comunicatistampa\/le-battaglie-acritiche-del-femminismo-occidentale\/#breadcrumb"},"inLanguage":"it-IT","potentialAction":[{"@type":"ReadAction","target":["https:\/\/www.article-marketing.eu\/comunicatistampa\/le-battaglie-acritiche-del-femminismo-occidentale\/"]}]},{"@type":"BreadcrumbList","@id":"https:\/\/www.article-marketing.eu\/comunicatistampa\/le-battaglie-acritiche-del-femminismo-occidentale\/#breadcrumb","itemListElement":[{"@type":"ListItem","position":1,"name":"Home","item":"https:\/\/www.article-marketing.eu\/comunicatistampa\/"},{"@type":"ListItem","position":2,"name":"Le battaglie acritiche del femminismo occidentale"}]},{"@type":"WebSite","@id":"https:\/\/www.article-marketing.eu\/comunicatistampa\/#website","url":"https:\/\/www.article-marketing.eu\/comunicatistampa\/","name":"Article Marketing","description":"article marketing &amp; press release","potentialAction":[{"@type":"SearchAction","target":{"@type":"EntryPoint","urlTemplate":"https:\/\/www.article-marketing.eu\/comunicatistampa\/?s={search_term_string}"},"query-input":{"@type":"PropertyValueSpecification","valueRequired":true,"valueName":"search_term_string"}}],"inLanguage":"it-IT"},{"@type":"Person","@id":"https:\/\/www.article-marketing.eu\/comunicatistampa\/#\/schema\/person\/007cfb748bcfc0db20997d3866447e6d","name":"bookonline99","image":{"@type":"ImageObject","inLanguage":"it-IT","@id":"https:\/\/secure.gravatar.com\/avatar\/aba6bce0175376184c8ed84fd24a7bc2b8f03e17e9600fba648415511dab6352?s=96&d=mm&r=g","url":"https:\/\/secure.gravatar.com\/avatar\/aba6bce0175376184c8ed84fd24a7bc2b8f03e17e9600fba648415511dab6352?s=96&d=mm&r=g","contentUrl":"https:\/\/secure.gravatar.com\/avatar\/aba6bce0175376184c8ed84fd24a7bc2b8f03e17e9600fba648415511dab6352?s=96&d=mm&r=g","caption":"bookonline99"},"url":"https:\/\/www.article-marketing.eu\/comunicatistampa\/author\/bookonline99\/"}]}},"_links":{"self":[{"href":"https:\/\/www.article-marketing.eu\/comunicatistampa\/wp-json\/wp\/v2\/posts\/22822","targetHints":{"allow":["GET"]}}],"collection":[{"href":"https:\/\/www.article-marketing.eu\/comunicatistampa\/wp-json\/wp\/v2\/posts"}],"about":[{"href":"https:\/\/www.article-marketing.eu\/comunicatistampa\/wp-json\/wp\/v2\/types\/post"}],"author":[{"embeddable":true,"href":"https:\/\/www.article-marketing.eu\/comunicatistampa\/wp-json\/wp\/v2\/users\/913"}],"replies":[{"embeddable":true,"href":"https:\/\/www.article-marketing.eu\/comunicatistampa\/wp-json\/wp\/v2\/comments?post=22822"}],"version-history":[{"count":2,"href":"https:\/\/www.article-marketing.eu\/comunicatistampa\/wp-json\/wp\/v2\/posts\/22822\/revisions"}],"predecessor-version":[{"id":22837,"href":"https:\/\/www.article-marketing.eu\/comunicatistampa\/wp-json\/wp\/v2\/posts\/22822\/revisions\/22837"}],"wp:attachment":[{"href":"https:\/\/www.article-marketing.eu\/comunicatistampa\/wp-json\/wp\/v2\/media?parent=22822"}],"wp:term":[{"taxonomy":"category","embeddable":true,"href":"https:\/\/www.article-marketing.eu\/comunicatistampa\/wp-json\/wp\/v2\/categories?post=22822"},{"taxonomy":"post_tag","embeddable":true,"href":"https:\/\/www.article-marketing.eu\/comunicatistampa\/wp-json\/wp\/v2\/tags?post=22822"}],"curies":[{"name":"wp","href":"https:\/\/api.w.org\/{rel}","templated":true}]}}