{"id":22843,"date":"2022-04-30T23:25:36","date_gmt":"2022-04-30T21:25:36","guid":{"rendered":"https:\/\/www.article-marketing.eu\/comunicatistampa\/?p=22843"},"modified":"2022-04-30T23:25:36","modified_gmt":"2022-04-30T21:25:36","slug":"addio-a-fitoussi-la-riflessione-di-giovanni-lo-storto-in-memoria-delleconomista-francese","status":"publish","type":"post","link":"https:\/\/www.article-marketing.eu\/comunicatistampa\/addio-a-fitoussi-la-riflessione-di-giovanni-lo-storto-in-memoria-delleconomista-francese\/","title":{"rendered":"Addio a Fitoussi: la riflessione di Giovanni Lo Storto in memoria dell\u2019economista francese"},"content":{"rendered":"<p><em><strong>Addio a Jean-Paul Fitoussi, <a title=\"Giovanni Lo Storto: la riflessione - Il Sole 24 Ore\" href=\"https:\/\/www.ilsole24ore.com\/art\/la-scuola-e-l-universita-palestre-dove-formare-l-altruismo-AEkTtNSB\">Giovanni Lo Storto<\/a>: &#8220;\u00c8 la fiducia nelle parole che ci hai lasciato, \u00e8 la tua lezione che oggi ci fa sentire grati di averti letto, ascoltato e conosciuto&#8221;.<\/strong><\/em><\/p>\n<p><a title=\"Giovanni Lo Storto: la riflessione in memoria di Fitoussi\" href=\"https:\/\/www.ilsole24ore.com\/art\/la-scuola-e-l-universita-palestre-dove-formare-l-altruismo-AEkTtNSB\"><img loading=\"lazy\" decoding=\"async\" src=\"https:\/\/h2biz.net\/images\/Plats\/crop_min_20200729095343.jpg\" alt=\"Giovanni Lo Storto\" width=\"120\" height=\"120\" \/><\/a><\/p>\n<h2>Giovanni Lo Storto ricorda l&#8217;economista francese Jean-Paul Fitoussi<\/h2>\n<p>Attraverso una riflessione focalizzata su una visione moderna dell&#8217;economia di Jean-Paul Fitoussi, il Direttore Generale dell&#8217;Universit\u00e0 Luiss Guido Carli, <strong>Giovanni Lo Storto<\/strong>, ricorda il contributo dell&#8217;economista francese, scomparso lo scorso 15 aprile. L&#8217;illustre studioso e analista ha collaborato con la Luiss per oltre un decennio in qualit\u00e0 di docente, Presidente dell&#8217;Advisory Board e Senior Fellow: ricordato dal Direttore Generale come un <em>&#8220;docente generoso, pronto a dare la stessa attenzione ai colleghi pi\u00f9 noti e agli studenti alle prime armi, ma soprattutto amico mite e gentile, dai modi sempre pacati&#8221;<\/em>, \u00e8 stato <em>&#8220;cittadino del mondo&#8221;<\/em>. Nel 2017 il libro pubblicato da <strong>Giovanni Lo Storto<\/strong>, &#8220;EroStudente. Il desiderio di prendere il largo&#8221;, \u00e8 stato arricchito da un testo scritto dallo studioso francese che ha definito una buona vita come <em>&#8220;una vita umanamente e professionalmente interessante, una vita desiderabile e, quindi, che vale la pena vivere. La sua dimensione etica la rende preferibile a tutte le altre poich\u00e9 essa \u00e8 molto pi\u00f9 di una vita di successo. Essa rappresenta la realizzazione personale nella considerazione degli altri&#8221;<\/em>.<\/p>\n<h2>Giovanni Lo Storto: l&#8217;importanza di formare all&#8217;altruismo<\/h2>\n<p>Come sottolineato da <a title=\"Giovanni Lo Storto: il ricordo - Il sole 24 Ore\" href=\"https:\/\/www.ilsole24ore.com\/art\/la-scuola-e-l-universita-palestre-dove-formare-l-altruismo-AEkTtNSB\">Giovanni Lo Storto<\/a>, Fitoussi analizzava con senso critico quell'&#8221;insicurezza economica&#8221; in cui oggi viviamo e ai cui effetti siamo sottoposti: <em>&#8220;il professore aveva elaborato una visione moderna dell&#8217;economia, imperniata &#8211; in questi ultimi anni &#8211; attorno a una keyword, \u00abil benessere\u00bb, fine ultimo di ogni riflessione&#8221;<\/em>. La possibilit\u00e0 di limitare le disuguaglianze e i divari, creando una societ\u00e0 equa e sostenibile e sviluppando di conseguenza ulteriori opportunit\u00e0 per le nuove generazioni e per i pi\u00f9 penalizzati, risiede nella capacit\u00e0 di misurare nuovi indicatori dei sistemi economici, unendo teoria e pratica. La fiducia, ricorda <strong>Giovanni Lo Storto<\/strong>, rappresenta per l&#8217;economista francese <em>&#8220;un facilitatore dell&#8217;apprendimento della Buona vita, aperta agli altri, antidoto contro il ripiegamento su s\u00e9 stessi&#8221;<\/em>. Costituisce <em>&#8220;un elemento chiave del capitale sociale, del benessere degli individui e delle societ\u00e0, in cui la scuola e l&#8217;universit\u00e0 hanno il compito di formare all&#8217;altruismo, non lasciando spazio all&#8217;indifferenza&#8221;<\/em>.<\/p>\n","protected":false},"excerpt":{"rendered":"<p>Addio a Jean-Paul Fitoussi, Giovanni Lo Storto: &#8220;\u00c8 la fiducia nelle parole che ci hai lasciato, \u00e8 la tua lezione che oggi ci fa sentire grati di averti letto, ascoltato e conosciuto&#8221;. Giovanni Lo Storto ricorda l&#8217;economista francese Jean-Paul Fitoussi Attraverso una riflessione focalizzata su una visione moderna dell&#8217;economia di Jean-Paul Fitoussi, il Direttore Generale dell&#8217;Universit\u00e0 Luiss Guido Carli, Giovanni Lo Storto, ricorda il contributo dell&#8217;economista francese, scomparso lo scorso<\/p>\n<p><a class=\"continue-reading\" href=\"https:\/\/www.article-marketing.eu\/comunicatistampa\/addio-a-fitoussi-la-riflessione-di-giovanni-lo-storto-in-memoria-delleconomista-francese\/\">Continue reading&#8230;<\/a><\/p>\n","protected":false},"author":7213,"featured_media":0,"comment_status":"open","ping_status":"open","sticky":false,"template":"","format":"standard","meta":{"_monsterinsights_skip_tracking":false,"_monsterinsights_sitenote_active":false,"_monsterinsights_sitenote_note":"","_monsterinsights_sitenote_category":0,"footnotes":""},"categories":[386],"tags":[9606],"class_list":["post-22843","post","type-post","status-publish","format-standard","hentry","category-economia-e-lavoro","tag-giovanni-lo-storto"],"yoast_head":"<!-- This site is optimized with the Yoast SEO plugin v27.3 - https:\/\/yoast.com\/product\/yoast-seo-wordpress\/ -->\n<title>Addio a Fitoussi: la riflessione di Giovanni Lo Storto in memoria dell\u2019economista francese<\/title>\n<meta name=\"robots\" content=\"index, follow, max-snippet:-1, max-image-preview:large, max-video-preview:-1\" \/>\n<link rel=\"canonical\" href=\"https:\/\/www.article-marketing.eu\/comunicatistampa\/addio-a-fitoussi-la-riflessione-di-giovanni-lo-storto-in-memoria-delleconomista-francese\/\" \/>\n<meta property=\"og:locale\" content=\"it_IT\" \/>\n<meta property=\"og:type\" content=\"article\" \/>\n<meta property=\"og:title\" content=\"Addio a Fitoussi: la riflessione di Giovanni Lo Storto in memoria dell\u2019economista francese\" \/>\n<meta property=\"og:description\" content=\"Addio a Jean-Paul Fitoussi, Giovanni Lo Storto: &#8220;\u00c8 la fiducia nelle parole che ci hai lasciato, \u00e8 la tua lezione che oggi ci fa sentire grati di averti letto, ascoltato e conosciuto&#8221;. Giovanni Lo Storto ricorda l&#8217;economista francese Jean-Paul Fitoussi Attraverso una riflessione focalizzata su una visione moderna dell&#8217;economia di Jean-Paul Fitoussi, il Direttore Generale dell&#8217;Universit\u00e0 Luiss Guido Carli, Giovanni Lo Storto, ricorda il contributo dell&#8217;economista francese, scomparso lo scorsoContinue reading...\" \/>\n<meta property=\"og:url\" content=\"https:\/\/www.article-marketing.eu\/comunicatistampa\/addio-a-fitoussi-la-riflessione-di-giovanni-lo-storto-in-memoria-delleconomista-francese\/\" \/>\n<meta property=\"og:site_name\" content=\"Article Marketing\" \/>\n<meta property=\"article:published_time\" content=\"2022-04-30T21:25:36+00:00\" \/>\n<meta property=\"og:image\" content=\"https:\/\/h2biz.net\/images\/Plats\/crop_min_20200729095343.jpg\" \/>\n<meta name=\"author\" content=\"glprnewsonline\" \/>\n<meta name=\"twitter:card\" content=\"summary_large_image\" \/>\n<meta name=\"twitter:label1\" content=\"Scritto da\" \/>\n\t<meta name=\"twitter:data1\" content=\"glprnewsonline\" \/>\n\t<meta name=\"twitter:label2\" content=\"Tempo di lettura stimato\" \/>\n\t<meta name=\"twitter:data2\" content=\"3 minuti\" \/>\n<script type=\"application\/ld+json\" class=\"yoast-schema-graph\">{\"@context\":\"https:\\\/\\\/schema.org\",\"@graph\":[{\"@type\":\"Article\",\"@id\":\"https:\\\/\\\/www.article-marketing.eu\\\/comunicatistampa\\\/addio-a-fitoussi-la-riflessione-di-giovanni-lo-storto-in-memoria-delleconomista-francese\\\/#article\",\"isPartOf\":{\"@id\":\"https:\\\/\\\/www.article-marketing.eu\\\/comunicatistampa\\\/addio-a-fitoussi-la-riflessione-di-giovanni-lo-storto-in-memoria-delleconomista-francese\\\/\"},\"author\":{\"name\":\"glprnewsonline\",\"@id\":\"https:\\\/\\\/www.article-marketing.eu\\\/comunicatistampa\\\/#\\\/schema\\\/person\\\/ad4ef4d8d60257e1a9a53b05a0e5b569\"},\"headline\":\"Addio a Fitoussi: la riflessione di Giovanni Lo Storto in memoria dell\u2019economista francese\",\"datePublished\":\"2022-04-30T21:25:36+00:00\",\"mainEntityOfPage\":{\"@id\":\"https:\\\/\\\/www.article-marketing.eu\\\/comunicatistampa\\\/addio-a-fitoussi-la-riflessione-di-giovanni-lo-storto-in-memoria-delleconomista-francese\\\/\"},\"wordCount\":377,\"commentCount\":0,\"image\":{\"@id\":\"https:\\\/\\\/www.article-marketing.eu\\\/comunicatistampa\\\/addio-a-fitoussi-la-riflessione-di-giovanni-lo-storto-in-memoria-delleconomista-francese\\\/#primaryimage\"},\"thumbnailUrl\":\"https:\\\/\\\/h2biz.net\\\/images\\\/Plats\\\/crop_min_20200729095343.jpg\",\"keywords\":[\"Giovanni Lo Storto\"],\"articleSection\":[\"Economia e lavoro\"],\"inLanguage\":\"it-IT\",\"potentialAction\":[{\"@type\":\"CommentAction\",\"name\":\"Comment\",\"target\":[\"https:\\\/\\\/www.article-marketing.eu\\\/comunicatistampa\\\/addio-a-fitoussi-la-riflessione-di-giovanni-lo-storto-in-memoria-delleconomista-francese\\\/#respond\"]}]},{\"@type\":\"WebPage\",\"@id\":\"https:\\\/\\\/www.article-marketing.eu\\\/comunicatistampa\\\/addio-a-fitoussi-la-riflessione-di-giovanni-lo-storto-in-memoria-delleconomista-francese\\\/\",\"url\":\"https:\\\/\\\/www.article-marketing.eu\\\/comunicatistampa\\\/addio-a-fitoussi-la-riflessione-di-giovanni-lo-storto-in-memoria-delleconomista-francese\\\/\",\"name\":\"Addio a Fitoussi: la riflessione di Giovanni Lo Storto in memoria dell\u2019economista francese\",\"isPartOf\":{\"@id\":\"https:\\\/\\\/www.article-marketing.eu\\\/comunicatistampa\\\/#website\"},\"primaryImageOfPage\":{\"@id\":\"https:\\\/\\\/www.article-marketing.eu\\\/comunicatistampa\\\/addio-a-fitoussi-la-riflessione-di-giovanni-lo-storto-in-memoria-delleconomista-francese\\\/#primaryimage\"},\"image\":{\"@id\":\"https:\\\/\\\/www.article-marketing.eu\\\/comunicatistampa\\\/addio-a-fitoussi-la-riflessione-di-giovanni-lo-storto-in-memoria-delleconomista-francese\\\/#primaryimage\"},\"thumbnailUrl\":\"https:\\\/\\\/h2biz.net\\\/images\\\/Plats\\\/crop_min_20200729095343.jpg\",\"datePublished\":\"2022-04-30T21:25:36+00:00\",\"author\":{\"@id\":\"https:\\\/\\\/www.article-marketing.eu\\\/comunicatistampa\\\/#\\\/schema\\\/person\\\/ad4ef4d8d60257e1a9a53b05a0e5b569\"},\"breadcrumb\":{\"@id\":\"https:\\\/\\\/www.article-marketing.eu\\\/comunicatistampa\\\/addio-a-fitoussi-la-riflessione-di-giovanni-lo-storto-in-memoria-delleconomista-francese\\\/#breadcrumb\"},\"inLanguage\":\"it-IT\",\"potentialAction\":[{\"@type\":\"ReadAction\",\"target\":[\"https:\\\/\\\/www.article-marketing.eu\\\/comunicatistampa\\\/addio-a-fitoussi-la-riflessione-di-giovanni-lo-storto-in-memoria-delleconomista-francese\\\/\"]}]},{\"@type\":\"ImageObject\",\"inLanguage\":\"it-IT\",\"@id\":\"https:\\\/\\\/www.article-marketing.eu\\\/comunicatistampa\\\/addio-a-fitoussi-la-riflessione-di-giovanni-lo-storto-in-memoria-delleconomista-francese\\\/#primaryimage\",\"url\":\"https:\\\/\\\/h2biz.net\\\/images\\\/Plats\\\/crop_min_20200729095343.jpg\",\"contentUrl\":\"https:\\\/\\\/h2biz.net\\\/images\\\/Plats\\\/crop_min_20200729095343.jpg\"},{\"@type\":\"BreadcrumbList\",\"@id\":\"https:\\\/\\\/www.article-marketing.eu\\\/comunicatistampa\\\/addio-a-fitoussi-la-riflessione-di-giovanni-lo-storto-in-memoria-delleconomista-francese\\\/#breadcrumb\",\"itemListElement\":[{\"@type\":\"ListItem\",\"position\":1,\"name\":\"Home\",\"item\":\"https:\\\/\\\/www.article-marketing.eu\\\/comunicatistampa\\\/\"},{\"@type\":\"ListItem\",\"position\":2,\"name\":\"Addio a Fitoussi: la riflessione di Giovanni Lo Storto in memoria dell\u2019economista francese\"}]},{\"@type\":\"WebSite\",\"@id\":\"https:\\\/\\\/www.article-marketing.eu\\\/comunicatistampa\\\/#website\",\"url\":\"https:\\\/\\\/www.article-marketing.eu\\\/comunicatistampa\\\/\",\"name\":\"Article Marketing\",\"description\":\"article marketing &amp; press release\",\"potentialAction\":[{\"@type\":\"SearchAction\",\"target\":{\"@type\":\"EntryPoint\",\"urlTemplate\":\"https:\\\/\\\/www.article-marketing.eu\\\/comunicatistampa\\\/?s={search_term_string}\"},\"query-input\":{\"@type\":\"PropertyValueSpecification\",\"valueRequired\":true,\"valueName\":\"search_term_string\"}}],\"inLanguage\":\"it-IT\"},{\"@type\":\"Person\",\"@id\":\"https:\\\/\\\/www.article-marketing.eu\\\/comunicatistampa\\\/#\\\/schema\\\/person\\\/ad4ef4d8d60257e1a9a53b05a0e5b569\",\"name\":\"glprnewsonline\",\"image\":{\"@type\":\"ImageObject\",\"inLanguage\":\"it-IT\",\"@id\":\"https:\\\/\\\/secure.gravatar.com\\\/avatar\\\/0f70c6cf1c45423bf998180ffd14d407210a44fbb1d8db9991efc9d4a7d4945d?s=96&d=mm&r=g\",\"url\":\"https:\\\/\\\/secure.gravatar.com\\\/avatar\\\/0f70c6cf1c45423bf998180ffd14d407210a44fbb1d8db9991efc9d4a7d4945d?s=96&d=mm&r=g\",\"contentUrl\":\"https:\\\/\\\/secure.gravatar.com\\\/avatar\\\/0f70c6cf1c45423bf998180ffd14d407210a44fbb1d8db9991efc9d4a7d4945d?s=96&d=mm&r=g\",\"caption\":\"glprnewsonline\"},\"url\":\"https:\\\/\\\/www.article-marketing.eu\\\/comunicatistampa\\\/author\\\/glprnewsonline\\\/\"}]}<\/script>\n<!-- \/ Yoast SEO plugin. -->","yoast_head_json":{"title":"Addio a Fitoussi: la riflessione di Giovanni Lo Storto in memoria dell\u2019economista francese","robots":{"index":"index","follow":"follow","max-snippet":"max-snippet:-1","max-image-preview":"max-image-preview:large","max-video-preview":"max-video-preview:-1"},"canonical":"https:\/\/www.article-marketing.eu\/comunicatistampa\/addio-a-fitoussi-la-riflessione-di-giovanni-lo-storto-in-memoria-delleconomista-francese\/","og_locale":"it_IT","og_type":"article","og_title":"Addio a Fitoussi: la riflessione di Giovanni Lo Storto in memoria dell\u2019economista francese","og_description":"Addio a Jean-Paul Fitoussi, Giovanni Lo Storto: &#8220;\u00c8 la fiducia nelle parole che ci hai lasciato, \u00e8 la tua lezione che oggi ci fa sentire grati di averti letto, ascoltato e conosciuto&#8221;. Giovanni Lo Storto ricorda l&#8217;economista francese Jean-Paul Fitoussi Attraverso una riflessione focalizzata su una visione moderna dell&#8217;economia di Jean-Paul Fitoussi, il Direttore Generale dell&#8217;Universit\u00e0 Luiss Guido Carli, Giovanni Lo Storto, ricorda il contributo dell&#8217;economista francese, scomparso lo scorsoContinue reading...","og_url":"https:\/\/www.article-marketing.eu\/comunicatistampa\/addio-a-fitoussi-la-riflessione-di-giovanni-lo-storto-in-memoria-delleconomista-francese\/","og_site_name":"Article Marketing","article_published_time":"2022-04-30T21:25:36+00:00","og_image":[{"url":"https:\/\/h2biz.net\/images\/Plats\/crop_min_20200729095343.jpg","type":"","width":"","height":""}],"author":"glprnewsonline","twitter_card":"summary_large_image","twitter_misc":{"Scritto da":"glprnewsonline","Tempo di lettura stimato":"3 minuti"},"schema":{"@context":"https:\/\/schema.org","@graph":[{"@type":"Article","@id":"https:\/\/www.article-marketing.eu\/comunicatistampa\/addio-a-fitoussi-la-riflessione-di-giovanni-lo-storto-in-memoria-delleconomista-francese\/#article","isPartOf":{"@id":"https:\/\/www.article-marketing.eu\/comunicatistampa\/addio-a-fitoussi-la-riflessione-di-giovanni-lo-storto-in-memoria-delleconomista-francese\/"},"author":{"name":"glprnewsonline","@id":"https:\/\/www.article-marketing.eu\/comunicatistampa\/#\/schema\/person\/ad4ef4d8d60257e1a9a53b05a0e5b569"},"headline":"Addio a Fitoussi: la riflessione di Giovanni Lo Storto in memoria dell\u2019economista francese","datePublished":"2022-04-30T21:25:36+00:00","mainEntityOfPage":{"@id":"https:\/\/www.article-marketing.eu\/comunicatistampa\/addio-a-fitoussi-la-riflessione-di-giovanni-lo-storto-in-memoria-delleconomista-francese\/"},"wordCount":377,"commentCount":0,"image":{"@id":"https:\/\/www.article-marketing.eu\/comunicatistampa\/addio-a-fitoussi-la-riflessione-di-giovanni-lo-storto-in-memoria-delleconomista-francese\/#primaryimage"},"thumbnailUrl":"https:\/\/h2biz.net\/images\/Plats\/crop_min_20200729095343.jpg","keywords":["Giovanni Lo Storto"],"articleSection":["Economia e lavoro"],"inLanguage":"it-IT","potentialAction":[{"@type":"CommentAction","name":"Comment","target":["https:\/\/www.article-marketing.eu\/comunicatistampa\/addio-a-fitoussi-la-riflessione-di-giovanni-lo-storto-in-memoria-delleconomista-francese\/#respond"]}]},{"@type":"WebPage","@id":"https:\/\/www.article-marketing.eu\/comunicatistampa\/addio-a-fitoussi-la-riflessione-di-giovanni-lo-storto-in-memoria-delleconomista-francese\/","url":"https:\/\/www.article-marketing.eu\/comunicatistampa\/addio-a-fitoussi-la-riflessione-di-giovanni-lo-storto-in-memoria-delleconomista-francese\/","name":"Addio a Fitoussi: la riflessione di Giovanni Lo Storto in memoria dell\u2019economista francese","isPartOf":{"@id":"https:\/\/www.article-marketing.eu\/comunicatistampa\/#website"},"primaryImageOfPage":{"@id":"https:\/\/www.article-marketing.eu\/comunicatistampa\/addio-a-fitoussi-la-riflessione-di-giovanni-lo-storto-in-memoria-delleconomista-francese\/#primaryimage"},"image":{"@id":"https:\/\/www.article-marketing.eu\/comunicatistampa\/addio-a-fitoussi-la-riflessione-di-giovanni-lo-storto-in-memoria-delleconomista-francese\/#primaryimage"},"thumbnailUrl":"https:\/\/h2biz.net\/images\/Plats\/crop_min_20200729095343.jpg","datePublished":"2022-04-30T21:25:36+00:00","author":{"@id":"https:\/\/www.article-marketing.eu\/comunicatistampa\/#\/schema\/person\/ad4ef4d8d60257e1a9a53b05a0e5b569"},"breadcrumb":{"@id":"https:\/\/www.article-marketing.eu\/comunicatistampa\/addio-a-fitoussi-la-riflessione-di-giovanni-lo-storto-in-memoria-delleconomista-francese\/#breadcrumb"},"inLanguage":"it-IT","potentialAction":[{"@type":"ReadAction","target":["https:\/\/www.article-marketing.eu\/comunicatistampa\/addio-a-fitoussi-la-riflessione-di-giovanni-lo-storto-in-memoria-delleconomista-francese\/"]}]},{"@type":"ImageObject","inLanguage":"it-IT","@id":"https:\/\/www.article-marketing.eu\/comunicatistampa\/addio-a-fitoussi-la-riflessione-di-giovanni-lo-storto-in-memoria-delleconomista-francese\/#primaryimage","url":"https:\/\/h2biz.net\/images\/Plats\/crop_min_20200729095343.jpg","contentUrl":"https:\/\/h2biz.net\/images\/Plats\/crop_min_20200729095343.jpg"},{"@type":"BreadcrumbList","@id":"https:\/\/www.article-marketing.eu\/comunicatistampa\/addio-a-fitoussi-la-riflessione-di-giovanni-lo-storto-in-memoria-delleconomista-francese\/#breadcrumb","itemListElement":[{"@type":"ListItem","position":1,"name":"Home","item":"https:\/\/www.article-marketing.eu\/comunicatistampa\/"},{"@type":"ListItem","position":2,"name":"Addio a Fitoussi: la riflessione di Giovanni Lo Storto in memoria dell\u2019economista francese"}]},{"@type":"WebSite","@id":"https:\/\/www.article-marketing.eu\/comunicatistampa\/#website","url":"https:\/\/www.article-marketing.eu\/comunicatistampa\/","name":"Article Marketing","description":"article marketing &amp; press release","potentialAction":[{"@type":"SearchAction","target":{"@type":"EntryPoint","urlTemplate":"https:\/\/www.article-marketing.eu\/comunicatistampa\/?s={search_term_string}"},"query-input":{"@type":"PropertyValueSpecification","valueRequired":true,"valueName":"search_term_string"}}],"inLanguage":"it-IT"},{"@type":"Person","@id":"https:\/\/www.article-marketing.eu\/comunicatistampa\/#\/schema\/person\/ad4ef4d8d60257e1a9a53b05a0e5b569","name":"glprnewsonline","image":{"@type":"ImageObject","inLanguage":"it-IT","@id":"https:\/\/secure.gravatar.com\/avatar\/0f70c6cf1c45423bf998180ffd14d407210a44fbb1d8db9991efc9d4a7d4945d?s=96&d=mm&r=g","url":"https:\/\/secure.gravatar.com\/avatar\/0f70c6cf1c45423bf998180ffd14d407210a44fbb1d8db9991efc9d4a7d4945d?s=96&d=mm&r=g","contentUrl":"https:\/\/secure.gravatar.com\/avatar\/0f70c6cf1c45423bf998180ffd14d407210a44fbb1d8db9991efc9d4a7d4945d?s=96&d=mm&r=g","caption":"glprnewsonline"},"url":"https:\/\/www.article-marketing.eu\/comunicatistampa\/author\/glprnewsonline\/"}]}},"_links":{"self":[{"href":"https:\/\/www.article-marketing.eu\/comunicatistampa\/wp-json\/wp\/v2\/posts\/22843","targetHints":{"allow":["GET"]}}],"collection":[{"href":"https:\/\/www.article-marketing.eu\/comunicatistampa\/wp-json\/wp\/v2\/posts"}],"about":[{"href":"https:\/\/www.article-marketing.eu\/comunicatistampa\/wp-json\/wp\/v2\/types\/post"}],"author":[{"embeddable":true,"href":"https:\/\/www.article-marketing.eu\/comunicatistampa\/wp-json\/wp\/v2\/users\/7213"}],"replies":[{"embeddable":true,"href":"https:\/\/www.article-marketing.eu\/comunicatistampa\/wp-json\/wp\/v2\/comments?post=22843"}],"version-history":[{"count":2,"href":"https:\/\/www.article-marketing.eu\/comunicatistampa\/wp-json\/wp\/v2\/posts\/22843\/revisions"}],"predecessor-version":[{"id":22903,"href":"https:\/\/www.article-marketing.eu\/comunicatistampa\/wp-json\/wp\/v2\/posts\/22843\/revisions\/22903"}],"wp:attachment":[{"href":"https:\/\/www.article-marketing.eu\/comunicatistampa\/wp-json\/wp\/v2\/media?parent=22843"}],"wp:term":[{"taxonomy":"category","embeddable":true,"href":"https:\/\/www.article-marketing.eu\/comunicatistampa\/wp-json\/wp\/v2\/categories?post=22843"},{"taxonomy":"post_tag","embeddable":true,"href":"https:\/\/www.article-marketing.eu\/comunicatistampa\/wp-json\/wp\/v2\/tags?post=22843"}],"curies":[{"name":"wp","href":"https:\/\/api.w.org\/{rel}","templated":true}]}}