{"id":22850,"date":"2022-04-30T23:25:56","date_gmt":"2022-04-30T21:25:56","guid":{"rendered":"https:\/\/www.article-marketing.eu\/comunicatistampa\/?p=22850"},"modified":"2022-04-30T23:25:56","modified_gmt":"2022-04-30T21:25:56","slug":"collezionismo-torna-a-giugno-2022-il-memorial-correale","status":"publish","type":"post","link":"https:\/\/www.article-marketing.eu\/comunicatistampa\/collezionismo-torna-a-giugno-2022-il-memorial-correale\/","title":{"rendered":"Collezionismo: Torna a giugno 2022 il Memorial Correale"},"content":{"rendered":"<p><img decoding=\"async\" class=\"aligncenter\" src=\"https:\/\/i.postimg.cc\/t4Wq3Wrn\/277504176_5087345684664085_7755191868371174706_n.jpg\" alt=\"\" \/><\/p>\n<p>&nbsp;<\/p>\n<p><span style=\"text-decoration: underline;\"><strong>Basta fake news o truffe,<\/strong><\/span> vuoi acquistare per investire, vendere o valutare per dare un reale valore ai tuoi oggetti da collezione?<\/p>\n<p>Non affidarti a occasionali pseudo esperti, ma all\u2019esperienza professionale maturata<span style=\"text-decoration: underline;\"><strong> in trent\u2019anni di attivit\u00e0.<\/strong><\/span><\/p>\n<p>&nbsp;<\/p>\n<p><img decoding=\"async\" class=\"aligncenter\" src=\"https:\/\/i.postimg.cc\/V66PVCFR\/Banner_nuovo_modificata.png\" alt=\"\" \/><\/p>\n<p>&nbsp;<\/p>\n<p style=\"text-align: center;\">\u00c8 giunto il momento di visitare il <strong><a href=\"https:\/\/clubdeltempolibero.xoom.it\/best.html\" target=\"_blank\" rel=\"noopener\">Memorial Correale.<\/a><\/strong><\/p>\n<p style=\"text-align: center;\">Storico appuntamento di collezionismo <strong>dal 1994,<\/strong> unico nel suo genere.<\/p>\n<p>&nbsp;<\/p>\n<p><img decoding=\"async\" class=\"aligncenter\" src=\"https:\/\/i.postimg.cc\/h4XfJzqT\/locandina_a4_front_retro_giugno_2022_modificata.png\" alt=\"\" \/><\/p>\n<p>&nbsp;<\/p>\n<p>Si terr\u00e0 <strong>sabato 18 giugno, dalle ore 9 alle 19, orario continuato, e domenica 19 giugno, dalle ore 9 alle 13,<\/strong> a Castellammare di Stabia, citt\u00e0 metropolitana di Napoli, presso la sala espositiva <strong><a href=\"https:\/\/www.hotelqueendaisy.it\" target=\"_blank\" rel=\"noopener\">dell\u2019Hotel Queen Daisy,<\/a><\/strong> che si trova in via Schito n.185.<\/p>\n<p>&nbsp;<\/p>\n<p><img decoding=\"async\" class=\"aligncenter\" src=\"https:\/\/i.postimg.cc\/zvGvpvLZ\/3_modificata.jpg\" alt=\"\" \/><\/p>\n<p>&nbsp;<\/p>\n<p>Saranno due giorni dedicati<span style=\"text-decoration: underline;\"><strong> ad oggetti senza tempo<\/strong><\/span> che hanno segnato la nostra storia,\u00a0un lungo viaggio <span style=\"text-decoration: underline;\"><strong>tra monete rare,<\/strong> <\/span>ammirando vere e proprie opere d\u2019arte, ricordando una nobile tradizione italiana,<span style=\"text-decoration: underline;\"> <strong>la cartamoneta,<\/strong><\/span> per apprezzare la maestria e\u00a0la creativit\u00e0 degli incisori di <span style=\"text-decoration: underline;\"><strong>medaglie commemorative, militari e religiose,<\/strong><\/span> esplorando l\u2019universo filatelico,\u00a0<span style=\"text-decoration: underline;\"><strong>tra francobolli<\/strong> <\/span>che raccontano frammenti storici, unici ed irripetibili e <strong>cartoline <\/strong>che raffiguravano bellezze architettoniche e artistiche da tutto il mondo.<\/p>\n<p>&nbsp;<\/p>\n<p style=\"text-align: center;\"><span style=\"text-decoration: underline;\"><strong>10 validi motivi per partecipare:<\/strong><\/span><\/p>\n<p><strong>1) <\/strong>L\u2019ingresso \u00e8 gratuito.<\/p>\n<p><strong>2) <\/strong>Il materiale esposto \u00e8 garantito al 100%, monete e francobolli con certificato di autenticit\u00e0 e qualit\u00e0.<\/p>\n<p><strong>3) <\/strong>Saranno presenti studiosi ed esperti commercianti nazionali.<\/p>\n<p><strong>4) <\/strong>Saranno presenti periti numismatici e filatelici.<\/p>\n<p><strong>5) <\/strong>Sar\u00e0 presente, sabato 18 giugno dalle ore 9 alle 13, Poste Italiane, per acquistare tutte le novit\u00e0 sui prodotti filatelici.<\/p>\n<p><strong>6) <\/strong>Saranno emesse due cartoline da collezione a tiratura limitata con annullo speciale.<\/p>\n<p><strong>7) <\/strong>La sala espositiva, completamente video sorvegliata, dispone di ampi spazi, per muoversi liberamente in piena sicurezza e tranquillit\u00e0, pi\u00f9 di 1000 metri quadrati di rarit\u00e0.<\/p>\n<p><strong>8) <\/strong>Sabato 18 giugno, per gli ospiti del Memorial Correale, men\u00f9 completo a soli \u20ac15, sia a pranzo che a cena.<\/p>\n<p><strong>9) <\/strong>A disposizione all\u2019interno area ristoro con servizio bar.<\/p>\n<p><strong>10) <\/strong>Accessibilit\u00e0 gratuita a Terrazza Le Palme, per gustare un cocktail, uno stuzzichino o addirittura su prenotazione, un bagno in piscina, in un luogo riservato e lontani dal caos.<\/p>\n<p>&nbsp;<\/p>\n<p><img decoding=\"async\" class=\"aligncenter\" src=\"https:\/\/i.postimg.cc\/TYWfxnvN\/IMG_20220219_093735_modificata.jpg\" alt=\"\" \/><\/p>\n<p>&nbsp;<\/p>\n<p><img decoding=\"async\" class=\"aligncenter\" src=\"https:\/\/i.postimg.cc\/Hk9xGbQD\/Logo_25.png\" alt=\"\" \/><\/p>\n<p>&nbsp;<\/p>\n<p style=\"text-align: center;\"><strong><a href=\"https:\/\/www.facebook.com\/clubdeltempolibero\" target=\"_blank\" rel=\"noopener\">Associazione Circolo \u201cTempo Libero\u201d<\/a>,<\/strong> professionalit\u00e0 e accoglienza al tuo servizio\u2026provare per credere!<\/p>\n<p>&nbsp;<\/p>\n<p><strong>Per ulteriori informazioni, ci trovate sulle maggiori piattaforme di social media marketing e comunicazione.<\/strong><\/p>\n<p><img decoding=\"async\" class=\"aligncenter\" src=\"https:\/\/i.postimg.cc\/MKhZfdY8\/201034394-116052400690610-6011089397768328817-n-modificata.jpg\" alt=\"\" \/><\/p>\n","protected":false},"excerpt":{"rendered":"<p>&nbsp; Basta fake news o truffe, vuoi acquistare per investire, vendere o valutare per dare un reale valore ai tuoi oggetti da collezione? Non affidarti a occasionali pseudo esperti, ma all\u2019esperienza professionale maturata in trent\u2019anni di attivit\u00e0. &nbsp; &nbsp; \u00c8 giunto il momento di visitare il Memorial Correale. Storico appuntamento di collezionismo dal 1994, unico nel suo genere. &nbsp; &nbsp; Si terr\u00e0 sabato 18 giugno, dalle ore 9 alle 19,<\/p>\n<p><a class=\"continue-reading\" href=\"https:\/\/www.article-marketing.eu\/comunicatistampa\/collezionismo-torna-a-giugno-2022-il-memorial-correale\/\">Continue reading&#8230;<\/a><\/p>\n","protected":false},"author":4975,"featured_media":0,"comment_status":"open","ping_status":"open","sticky":false,"template":"","format":"standard","meta":{"_monsterinsights_skip_tracking":false,"_monsterinsights_sitenote_active":false,"_monsterinsights_sitenote_note":"","_monsterinsights_sitenote_category":0,"footnotes":""},"categories":[392],"tags":[1119,204,8628,569,8627],"class_list":["post-22850","post","type-post","status-publish","format-standard","hentry","category-eventi","tag-collezionismo","tag-eventi","tag-filatelia","tag-libri","tag-numismatica"],"yoast_head":"<!-- This site is optimized with the Yoast SEO plugin v27.3 - https:\/\/yoast.com\/product\/yoast-seo-wordpress\/ -->\n<title>Collezionismo: Torna a giugno 2022 il Memorial Correale - Article Marketing<\/title>\n<meta name=\"description\" content=\"Storico appuntamento di collezionismo dal 1994, unico nel suo genere.\" \/>\n<meta name=\"robots\" content=\"index, follow, max-snippet:-1, max-image-preview:large, max-video-preview:-1\" \/>\n<link rel=\"canonical\" href=\"https:\/\/www.article-marketing.eu\/comunicatistampa\/collezionismo-torna-a-giugno-2022-il-memorial-correale\/\" \/>\n<meta property=\"og:locale\" content=\"it_IT\" \/>\n<meta property=\"og:type\" content=\"article\" \/>\n<meta property=\"og:title\" content=\"Collezionismo: Torna a giugno 2022 il Memorial Correale - Article Marketing\" \/>\n<meta property=\"og:description\" content=\"Storico appuntamento di collezionismo dal 1994, unico nel suo genere.\" \/>\n<meta property=\"og:url\" content=\"https:\/\/www.article-marketing.eu\/comunicatistampa\/collezionismo-torna-a-giugno-2022-il-memorial-correale\/\" \/>\n<meta property=\"og:site_name\" content=\"Article Marketing\" \/>\n<meta property=\"article:published_time\" content=\"2022-04-30T21:25:56+00:00\" \/>\n<meta property=\"og:image\" content=\"https:\/\/i.postimg.cc\/t4Wq3Wrn\/277504176_5087345684664085_7755191868371174706_n.jpg\" \/>\n<meta name=\"author\" content=\"clubdeltempolibero\" \/>\n<meta name=\"twitter:card\" content=\"summary_large_image\" \/>\n<meta name=\"twitter:label1\" content=\"Scritto da\" \/>\n\t<meta name=\"twitter:data1\" content=\"clubdeltempolibero\" \/>\n\t<meta name=\"twitter:label2\" content=\"Tempo di lettura stimato\" \/>\n\t<meta name=\"twitter:data2\" content=\"4 minuti\" \/>\n<script type=\"application\/ld+json\" class=\"yoast-schema-graph\">{\"@context\":\"https:\\\/\\\/schema.org\",\"@graph\":[{\"@type\":\"Article\",\"@id\":\"https:\\\/\\\/www.article-marketing.eu\\\/comunicatistampa\\\/collezionismo-torna-a-giugno-2022-il-memorial-correale\\\/#article\",\"isPartOf\":{\"@id\":\"https:\\\/\\\/www.article-marketing.eu\\\/comunicatistampa\\\/collezionismo-torna-a-giugno-2022-il-memorial-correale\\\/\"},\"author\":{\"name\":\"clubdeltempolibero\",\"@id\":\"https:\\\/\\\/www.article-marketing.eu\\\/comunicatistampa\\\/#\\\/schema\\\/person\\\/443878f0047340f53ce229037f4b7cfc\"},\"headline\":\"Collezionismo: Torna a giugno 2022 il Memorial Correale\",\"datePublished\":\"2022-04-30T21:25:56+00:00\",\"mainEntityOfPage\":{\"@id\":\"https:\\\/\\\/www.article-marketing.eu\\\/comunicatistampa\\\/collezionismo-torna-a-giugno-2022-il-memorial-correale\\\/\"},\"wordCount\":355,\"commentCount\":0,\"image\":{\"@id\":\"https:\\\/\\\/www.article-marketing.eu\\\/comunicatistampa\\\/collezionismo-torna-a-giugno-2022-il-memorial-correale\\\/#primaryimage\"},\"thumbnailUrl\":\"https:\\\/\\\/i.postimg.cc\\\/t4Wq3Wrn\\\/277504176_5087345684664085_7755191868371174706_n.jpg\",\"keywords\":[\"collezionismo\",\"eventi\",\"filatelia\",\"Libri\",\"numismatica\"],\"articleSection\":[\"Eventi\"],\"inLanguage\":\"it-IT\",\"potentialAction\":[{\"@type\":\"CommentAction\",\"name\":\"Comment\",\"target\":[\"https:\\\/\\\/www.article-marketing.eu\\\/comunicatistampa\\\/collezionismo-torna-a-giugno-2022-il-memorial-correale\\\/#respond\"]}]},{\"@type\":\"WebPage\",\"@id\":\"https:\\\/\\\/www.article-marketing.eu\\\/comunicatistampa\\\/collezionismo-torna-a-giugno-2022-il-memorial-correale\\\/\",\"url\":\"https:\\\/\\\/www.article-marketing.eu\\\/comunicatistampa\\\/collezionismo-torna-a-giugno-2022-il-memorial-correale\\\/\",\"name\":\"Collezionismo: Torna a giugno 2022 il Memorial Correale - Article Marketing\",\"isPartOf\":{\"@id\":\"https:\\\/\\\/www.article-marketing.eu\\\/comunicatistampa\\\/#website\"},\"primaryImageOfPage\":{\"@id\":\"https:\\\/\\\/www.article-marketing.eu\\\/comunicatistampa\\\/collezionismo-torna-a-giugno-2022-il-memorial-correale\\\/#primaryimage\"},\"image\":{\"@id\":\"https:\\\/\\\/www.article-marketing.eu\\\/comunicatistampa\\\/collezionismo-torna-a-giugno-2022-il-memorial-correale\\\/#primaryimage\"},\"thumbnailUrl\":\"https:\\\/\\\/i.postimg.cc\\\/t4Wq3Wrn\\\/277504176_5087345684664085_7755191868371174706_n.jpg\",\"datePublished\":\"2022-04-30T21:25:56+00:00\",\"author\":{\"@id\":\"https:\\\/\\\/www.article-marketing.eu\\\/comunicatistampa\\\/#\\\/schema\\\/person\\\/443878f0047340f53ce229037f4b7cfc\"},\"description\":\"Storico appuntamento di collezionismo dal 1994, unico nel suo genere.\",\"breadcrumb\":{\"@id\":\"https:\\\/\\\/www.article-marketing.eu\\\/comunicatistampa\\\/collezionismo-torna-a-giugno-2022-il-memorial-correale\\\/#breadcrumb\"},\"inLanguage\":\"it-IT\",\"potentialAction\":[{\"@type\":\"ReadAction\",\"target\":[\"https:\\\/\\\/www.article-marketing.eu\\\/comunicatistampa\\\/collezionismo-torna-a-giugno-2022-il-memorial-correale\\\/\"]}]},{\"@type\":\"ImageObject\",\"inLanguage\":\"it-IT\",\"@id\":\"https:\\\/\\\/www.article-marketing.eu\\\/comunicatistampa\\\/collezionismo-torna-a-giugno-2022-il-memorial-correale\\\/#primaryimage\",\"url\":\"https:\\\/\\\/i.postimg.cc\\\/t4Wq3Wrn\\\/277504176_5087345684664085_7755191868371174706_n.jpg\",\"contentUrl\":\"https:\\\/\\\/i.postimg.cc\\\/t4Wq3Wrn\\\/277504176_5087345684664085_7755191868371174706_n.jpg\"},{\"@type\":\"BreadcrumbList\",\"@id\":\"https:\\\/\\\/www.article-marketing.eu\\\/comunicatistampa\\\/collezionismo-torna-a-giugno-2022-il-memorial-correale\\\/#breadcrumb\",\"itemListElement\":[{\"@type\":\"ListItem\",\"position\":1,\"name\":\"Home\",\"item\":\"https:\\\/\\\/www.article-marketing.eu\\\/comunicatistampa\\\/\"},{\"@type\":\"ListItem\",\"position\":2,\"name\":\"Collezionismo: Torna a giugno 2022 il Memorial Correale\"}]},{\"@type\":\"WebSite\",\"@id\":\"https:\\\/\\\/www.article-marketing.eu\\\/comunicatistampa\\\/#website\",\"url\":\"https:\\\/\\\/www.article-marketing.eu\\\/comunicatistampa\\\/\",\"name\":\"Article Marketing\",\"description\":\"article marketing &amp; press release\",\"potentialAction\":[{\"@type\":\"SearchAction\",\"target\":{\"@type\":\"EntryPoint\",\"urlTemplate\":\"https:\\\/\\\/www.article-marketing.eu\\\/comunicatistampa\\\/?s={search_term_string}\"},\"query-input\":{\"@type\":\"PropertyValueSpecification\",\"valueRequired\":true,\"valueName\":\"search_term_string\"}}],\"inLanguage\":\"it-IT\"},{\"@type\":\"Person\",\"@id\":\"https:\\\/\\\/www.article-marketing.eu\\\/comunicatistampa\\\/#\\\/schema\\\/person\\\/443878f0047340f53ce229037f4b7cfc\",\"name\":\"clubdeltempolibero\",\"image\":{\"@type\":\"ImageObject\",\"inLanguage\":\"it-IT\",\"@id\":\"https:\\\/\\\/secure.gravatar.com\\\/avatar\\\/c7786cbe48906e75c8101c94c9d86aedb07835c89b79bd2f08563fd84ed637a8?s=96&d=mm&r=g\",\"url\":\"https:\\\/\\\/secure.gravatar.com\\\/avatar\\\/c7786cbe48906e75c8101c94c9d86aedb07835c89b79bd2f08563fd84ed637a8?s=96&d=mm&r=g\",\"contentUrl\":\"https:\\\/\\\/secure.gravatar.com\\\/avatar\\\/c7786cbe48906e75c8101c94c9d86aedb07835c89b79bd2f08563fd84ed637a8?s=96&d=mm&r=g\",\"caption\":\"clubdeltempolibero\"},\"url\":\"https:\\\/\\\/www.article-marketing.eu\\\/comunicatistampa\\\/author\\\/clubdeltempolibero\\\/\"}]}<\/script>\n<!-- \/ Yoast SEO plugin. -->","yoast_head_json":{"title":"Collezionismo: Torna a giugno 2022 il Memorial Correale - Article Marketing","description":"Storico appuntamento di collezionismo dal 1994, unico nel suo genere.","robots":{"index":"index","follow":"follow","max-snippet":"max-snippet:-1","max-image-preview":"max-image-preview:large","max-video-preview":"max-video-preview:-1"},"canonical":"https:\/\/www.article-marketing.eu\/comunicatistampa\/collezionismo-torna-a-giugno-2022-il-memorial-correale\/","og_locale":"it_IT","og_type":"article","og_title":"Collezionismo: Torna a giugno 2022 il Memorial Correale - Article Marketing","og_description":"Storico appuntamento di collezionismo dal 1994, unico nel suo genere.","og_url":"https:\/\/www.article-marketing.eu\/comunicatistampa\/collezionismo-torna-a-giugno-2022-il-memorial-correale\/","og_site_name":"Article Marketing","article_published_time":"2022-04-30T21:25:56+00:00","og_image":[{"url":"https:\/\/i.postimg.cc\/t4Wq3Wrn\/277504176_5087345684664085_7755191868371174706_n.jpg","type":"","width":"","height":""}],"author":"clubdeltempolibero","twitter_card":"summary_large_image","twitter_misc":{"Scritto da":"clubdeltempolibero","Tempo di lettura stimato":"4 minuti"},"schema":{"@context":"https:\/\/schema.org","@graph":[{"@type":"Article","@id":"https:\/\/www.article-marketing.eu\/comunicatistampa\/collezionismo-torna-a-giugno-2022-il-memorial-correale\/#article","isPartOf":{"@id":"https:\/\/www.article-marketing.eu\/comunicatistampa\/collezionismo-torna-a-giugno-2022-il-memorial-correale\/"},"author":{"name":"clubdeltempolibero","@id":"https:\/\/www.article-marketing.eu\/comunicatistampa\/#\/schema\/person\/443878f0047340f53ce229037f4b7cfc"},"headline":"Collezionismo: Torna a giugno 2022 il Memorial Correale","datePublished":"2022-04-30T21:25:56+00:00","mainEntityOfPage":{"@id":"https:\/\/www.article-marketing.eu\/comunicatistampa\/collezionismo-torna-a-giugno-2022-il-memorial-correale\/"},"wordCount":355,"commentCount":0,"image":{"@id":"https:\/\/www.article-marketing.eu\/comunicatistampa\/collezionismo-torna-a-giugno-2022-il-memorial-correale\/#primaryimage"},"thumbnailUrl":"https:\/\/i.postimg.cc\/t4Wq3Wrn\/277504176_5087345684664085_7755191868371174706_n.jpg","keywords":["collezionismo","eventi","filatelia","Libri","numismatica"],"articleSection":["Eventi"],"inLanguage":"it-IT","potentialAction":[{"@type":"CommentAction","name":"Comment","target":["https:\/\/www.article-marketing.eu\/comunicatistampa\/collezionismo-torna-a-giugno-2022-il-memorial-correale\/#respond"]}]},{"@type":"WebPage","@id":"https:\/\/www.article-marketing.eu\/comunicatistampa\/collezionismo-torna-a-giugno-2022-il-memorial-correale\/","url":"https:\/\/www.article-marketing.eu\/comunicatistampa\/collezionismo-torna-a-giugno-2022-il-memorial-correale\/","name":"Collezionismo: Torna a giugno 2022 il Memorial Correale - Article Marketing","isPartOf":{"@id":"https:\/\/www.article-marketing.eu\/comunicatistampa\/#website"},"primaryImageOfPage":{"@id":"https:\/\/www.article-marketing.eu\/comunicatistampa\/collezionismo-torna-a-giugno-2022-il-memorial-correale\/#primaryimage"},"image":{"@id":"https:\/\/www.article-marketing.eu\/comunicatistampa\/collezionismo-torna-a-giugno-2022-il-memorial-correale\/#primaryimage"},"thumbnailUrl":"https:\/\/i.postimg.cc\/t4Wq3Wrn\/277504176_5087345684664085_7755191868371174706_n.jpg","datePublished":"2022-04-30T21:25:56+00:00","author":{"@id":"https:\/\/www.article-marketing.eu\/comunicatistampa\/#\/schema\/person\/443878f0047340f53ce229037f4b7cfc"},"description":"Storico appuntamento di collezionismo dal 1994, unico nel suo genere.","breadcrumb":{"@id":"https:\/\/www.article-marketing.eu\/comunicatistampa\/collezionismo-torna-a-giugno-2022-il-memorial-correale\/#breadcrumb"},"inLanguage":"it-IT","potentialAction":[{"@type":"ReadAction","target":["https:\/\/www.article-marketing.eu\/comunicatistampa\/collezionismo-torna-a-giugno-2022-il-memorial-correale\/"]}]},{"@type":"ImageObject","inLanguage":"it-IT","@id":"https:\/\/www.article-marketing.eu\/comunicatistampa\/collezionismo-torna-a-giugno-2022-il-memorial-correale\/#primaryimage","url":"https:\/\/i.postimg.cc\/t4Wq3Wrn\/277504176_5087345684664085_7755191868371174706_n.jpg","contentUrl":"https:\/\/i.postimg.cc\/t4Wq3Wrn\/277504176_5087345684664085_7755191868371174706_n.jpg"},{"@type":"BreadcrumbList","@id":"https:\/\/www.article-marketing.eu\/comunicatistampa\/collezionismo-torna-a-giugno-2022-il-memorial-correale\/#breadcrumb","itemListElement":[{"@type":"ListItem","position":1,"name":"Home","item":"https:\/\/www.article-marketing.eu\/comunicatistampa\/"},{"@type":"ListItem","position":2,"name":"Collezionismo: Torna a giugno 2022 il Memorial Correale"}]},{"@type":"WebSite","@id":"https:\/\/www.article-marketing.eu\/comunicatistampa\/#website","url":"https:\/\/www.article-marketing.eu\/comunicatistampa\/","name":"Article Marketing","description":"article marketing &amp; press release","potentialAction":[{"@type":"SearchAction","target":{"@type":"EntryPoint","urlTemplate":"https:\/\/www.article-marketing.eu\/comunicatistampa\/?s={search_term_string}"},"query-input":{"@type":"PropertyValueSpecification","valueRequired":true,"valueName":"search_term_string"}}],"inLanguage":"it-IT"},{"@type":"Person","@id":"https:\/\/www.article-marketing.eu\/comunicatistampa\/#\/schema\/person\/443878f0047340f53ce229037f4b7cfc","name":"clubdeltempolibero","image":{"@type":"ImageObject","inLanguage":"it-IT","@id":"https:\/\/secure.gravatar.com\/avatar\/c7786cbe48906e75c8101c94c9d86aedb07835c89b79bd2f08563fd84ed637a8?s=96&d=mm&r=g","url":"https:\/\/secure.gravatar.com\/avatar\/c7786cbe48906e75c8101c94c9d86aedb07835c89b79bd2f08563fd84ed637a8?s=96&d=mm&r=g","contentUrl":"https:\/\/secure.gravatar.com\/avatar\/c7786cbe48906e75c8101c94c9d86aedb07835c89b79bd2f08563fd84ed637a8?s=96&d=mm&r=g","caption":"clubdeltempolibero"},"url":"https:\/\/www.article-marketing.eu\/comunicatistampa\/author\/clubdeltempolibero\/"}]}},"_links":{"self":[{"href":"https:\/\/www.article-marketing.eu\/comunicatistampa\/wp-json\/wp\/v2\/posts\/22850","targetHints":{"allow":["GET"]}}],"collection":[{"href":"https:\/\/www.article-marketing.eu\/comunicatistampa\/wp-json\/wp\/v2\/posts"}],"about":[{"href":"https:\/\/www.article-marketing.eu\/comunicatistampa\/wp-json\/wp\/v2\/types\/post"}],"author":[{"embeddable":true,"href":"https:\/\/www.article-marketing.eu\/comunicatistampa\/wp-json\/wp\/v2\/users\/4975"}],"replies":[{"embeddable":true,"href":"https:\/\/www.article-marketing.eu\/comunicatistampa\/wp-json\/wp\/v2\/comments?post=22850"}],"version-history":[{"count":12,"href":"https:\/\/www.article-marketing.eu\/comunicatistampa\/wp-json\/wp\/v2\/posts\/22850\/revisions"}],"predecessor-version":[{"id":22904,"href":"https:\/\/www.article-marketing.eu\/comunicatistampa\/wp-json\/wp\/v2\/posts\/22850\/revisions\/22904"}],"wp:attachment":[{"href":"https:\/\/www.article-marketing.eu\/comunicatistampa\/wp-json\/wp\/v2\/media?parent=22850"}],"wp:term":[{"taxonomy":"category","embeddable":true,"href":"https:\/\/www.article-marketing.eu\/comunicatistampa\/wp-json\/wp\/v2\/categories?post=22850"},{"taxonomy":"post_tag","embeddable":true,"href":"https:\/\/www.article-marketing.eu\/comunicatistampa\/wp-json\/wp\/v2\/tags?post=22850"}],"curies":[{"name":"wp","href":"https:\/\/api.w.org\/{rel}","templated":true}]}}