{"id":22868,"date":"2022-04-30T23:25:10","date_gmt":"2022-04-30T21:25:10","guid":{"rendered":"https:\/\/www.article-marketing.eu\/comunicatistampa\/?p=22868"},"modified":"2022-04-30T23:25:10","modified_gmt":"2022-04-30T21:25:10","slug":"tornano-il-talento-e-la-fisarmonica-di-pietro-adragna","status":"publish","type":"post","link":"https:\/\/www.article-marketing.eu\/comunicatistampa\/tornano-il-talento-e-la-fisarmonica-di-pietro-adragna\/","title":{"rendered":"Tornano il talento e la fisarmonica di Pietro Adragna"},"content":{"rendered":"<p style=\"text-align: center;\">il nuovo singolo \u201cTogether\u201d<\/p>\n<p><img loading=\"lazy\" decoding=\"async\" class=\"aligncenter\" src=\"https:\/\/www.joyfreepress.com\/wp-content\/uploads\/2022\/04\/Adragna-3.jpeg\" width=\"332\" height=\"221\" \/><\/p>\n<p>Il suono unico e affascinante della fisarmonica torna in scena grazie al noto artista Pietro Adragna che presenta il suo nuovo singolo \u201cTogether\u201d in uscita ufficiale il 22 Aprile. Il fisarmonicista siciliano, nato ad Erice nel 1988, \u00e8 il primo artista che ha portato alla ribalta con raffinate rivisitazioni uno strumento considerato da sempre di tradizione popolare, sdoganando di fatto i numerosi clich\u00e9 che lo accompagnavano.<br \/>\n\u201cTogether\u201d, \u00e8 il primo brano estratto dal nuovo album al quale d\u00e0 il titolo ed \u00e8 il frutto del lavoro dell\u2019artista in collaborazione con il Maestro Salvatore Nogara.<\/p>\n<p>E\u2019 un brano dai toni malinconici e allo stesso tempo dinamici, con sonorit\u00e0 iniziali riflessive che diventano poi vivaci ed incalzanti. Nell\u2019introduzione le note simboleggiano la nostalgia per il tempo perduto ed i sentimenti di solitudine e lontananza vissuti durante la pandemia, alternate in seguito al vitale entusiasmo per il tempo riconquistato, come sottolinea bene il titolo \u201cTogether\u201d che evoca la voglia di ritrovarsi insieme. La composizione rappresenta dunque un inno alla convivialit\u00e0 , l\u2019auspicio del ritorno definitivo alla vita normale fatta di contatti, sguardi e calore umano.<\/p>\n<p>Adragna \u00e8 un maestro nel suo genere: il suo lavoro \u00e8 caratterizzato dalle trascrizioni per fisarmonica di arie d\u2019opera, nate per grande orchestra. Attraverso una concezione orchestrale del suo strumento, riesce ad associare la fisarmonica alla musica colta, dando un\u2019interpretazione dal respiro contemporaneo e moderno.<\/p>\n<p>All\u2019et\u00e0 di 6 anni, con il Maestro Salvatore Graziano si avvicina per la prima volta allo studio di questo strumento e a soli 29 anni cominciava ad incantare il pubblico di innumerevoli teatri e piazze. Negli anni successivi approfondisce gli studi con il Maestro Roberto Fuccelli e si perfeziona in Francia con Frederic Deschamps, dedicandosi anche al pianoforte, alla composizione e alla direzione d\u2019orchestra. Presso il Conservatorio Luigi Cherubini di Firenze consegue il diploma in fisarmonica sotto la guida del Maestro Ivano Battiston e in pianoforte con il Maestro Yang Su Cin. Seguito dal Maestro Alessandro Pinzauti, ottiene il diploma in \u201cDirezione d\u2019Orchestra\u201d presso il Conservatorio Vincenzo Bellini di Palermo, sotto la guida del Maestro Carmelo Caruso.<\/p>\n<p>Adragna ha partecipato ai pi\u00f9 prestigiosi concorsi dedicati alla fisarmonica, classificandosi per ben tre volte campione del mondo, prima in Portogallo nel 2009 e replicando lo straordinario successo l&#8217;anno successivo in Finlandia e nel 2011 in Cina, dove vince nella categoria \u201cVirtuoso Entertainment Music\u201d e nella categoria \u201cDigital Accordion\u201d. Quello stesso anno vinse anche il 5\u00ba Festival Internazionale della Fisarmonica Digitale a Roma.<\/p>\n<p>Oltre ad un\u2019intensa attivit\u00e0&#8217; concertistica nei palchi pi\u00f9 prestigiosi in Italia e nel mondo (Europa, Stati Uniti,Asia), dal 2016 \u00e8 il Direttore artistico del \u201cWorld Accordion Festival\u201d, Festival Internazionale della Fisarmonica da lui ideato e realizzato in Sicilia, e da ottobre 2017, Direttore stabile dell\u2019Orchestra Sinfonica Giovanile \u201cVito Fazio Allmayer\u201d di Alcamo. Vanta inoltre collaborazioni in RAI; nell\u2019anno incorso ha partecipato, in qualit\u00e0 di ospite, al Concerto dell\u2019Epifania trasmesso su Rai 2, alle audizioni di\u201cItalian\u2019s Got Talent\u201d ottenendo il consenso di tutti i giudici e la standing ovation del pubblico e di recente \u00e8 stato ospite nella trasmissione di Rai 1 \u201cI soliti Ignoti\u201d.<\/p>\n<p>Contatti social<br \/>\n<a href=\"https:\/\/www.facebook.com\/pietro.adragna\">https:\/\/www.facebook.com\/pietro.adragna<\/a><br \/>\n<a href=\"https:\/\/www.instagram.com\/pietro.adragna\/\">https:\/\/www.instagram.com\/pietro.adragna\/<\/a><\/p>\n<p>Producer e Management: Anteros Produzioni srl<br \/>\n<a href=\"https:\/\/www.anteros.it\/\">https:\/\/www.anteros.it\/<\/a><\/p>\n<p>Isabel Zolli Promotion Agency<br \/>\nSede Operativa: via Simone De Saint Bon 47 \u2013 Roma<\/p>\n","protected":false},"excerpt":{"rendered":"<p>il nuovo singolo \u201cTogether\u201d Il suono unico e affascinante della fisarmonica torna in scena grazie al noto artista Pietro Adragna che presenta il suo nuovo singolo \u201cTogether\u201d in uscita ufficiale il 22 Aprile. Il fisarmonicista siciliano, nato ad Erice nel 1988, \u00e8 il primo artista che ha portato alla ribalta con raffinate rivisitazioni uno strumento considerato da sempre di tradizione popolare, sdoganando di fatto i numerosi clich\u00e9 che lo accompagnavano.<\/p>\n<p><a class=\"continue-reading\" href=\"https:\/\/www.article-marketing.eu\/comunicatistampa\/tornano-il-talento-e-la-fisarmonica-di-pietro-adragna\/\">Continue reading&#8230;<\/a><\/p>\n","protected":false},"author":1680,"featured_media":0,"comment_status":"open","ping_status":"open","sticky":false,"template":"","format":"standard","meta":{"_monsterinsights_skip_tracking":false,"_monsterinsights_sitenote_active":false,"_monsterinsights_sitenote_note":"","_monsterinsights_sitenote_category":0,"footnotes":""},"categories":[411],"tags":[9608,9609,7378],"class_list":["post-22868","post","type-post","status-publish","format-standard","hentry","category-musica","tag-adragna","tag-fisarmonica","tag-nuovo"],"yoast_head":"<!-- This site is optimized with the Yoast SEO plugin v27.3 - https:\/\/yoast.com\/product\/yoast-seo-wordpress\/ -->\n<title>Tornano il talento e la fisarmonica di Pietro Adragna - Article Marketing<\/title>\n<meta name=\"robots\" content=\"index, follow, max-snippet:-1, max-image-preview:large, max-video-preview:-1\" \/>\n<link rel=\"canonical\" href=\"https:\/\/www.article-marketing.eu\/comunicatistampa\/tornano-il-talento-e-la-fisarmonica-di-pietro-adragna\/\" \/>\n<meta property=\"og:locale\" content=\"it_IT\" \/>\n<meta property=\"og:type\" content=\"article\" \/>\n<meta property=\"og:title\" content=\"Tornano il talento e la fisarmonica di Pietro Adragna - Article Marketing\" \/>\n<meta property=\"og:description\" content=\"il nuovo singolo \u201cTogether\u201d Il suono unico e affascinante della fisarmonica torna in scena grazie al noto artista Pietro Adragna che presenta il suo nuovo singolo \u201cTogether\u201d in uscita ufficiale il 22 Aprile. Il fisarmonicista siciliano, nato ad Erice nel 1988, \u00e8 il primo artista che ha portato alla ribalta con raffinate rivisitazioni uno strumento considerato da sempre di tradizione popolare, sdoganando di fatto i numerosi clich\u00e9 che lo accompagnavano.Continue reading...\" \/>\n<meta property=\"og:url\" content=\"https:\/\/www.article-marketing.eu\/comunicatistampa\/tornano-il-talento-e-la-fisarmonica-di-pietro-adragna\/\" \/>\n<meta property=\"og:site_name\" content=\"Article Marketing\" \/>\n<meta property=\"article:published_time\" content=\"2022-04-30T21:25:10+00:00\" \/>\n<meta property=\"og:image\" content=\"https:\/\/www.joyfreepress.com\/wp-content\/uploads\/2022\/04\/Adragna-3.jpeg\" \/>\n<meta name=\"author\" content=\"Micro961\" \/>\n<meta name=\"twitter:card\" content=\"summary_large_image\" \/>\n<meta name=\"twitter:label1\" content=\"Scritto da\" \/>\n\t<meta name=\"twitter:data1\" content=\"Micro961\" \/>\n\t<meta name=\"twitter:label2\" content=\"Tempo di lettura stimato\" \/>\n\t<meta name=\"twitter:data2\" content=\"4 minuti\" \/>\n<script type=\"application\/ld+json\" class=\"yoast-schema-graph\">{\"@context\":\"https:\\\/\\\/schema.org\",\"@graph\":[{\"@type\":\"Article\",\"@id\":\"https:\\\/\\\/www.article-marketing.eu\\\/comunicatistampa\\\/tornano-il-talento-e-la-fisarmonica-di-pietro-adragna\\\/#article\",\"isPartOf\":{\"@id\":\"https:\\\/\\\/www.article-marketing.eu\\\/comunicatistampa\\\/tornano-il-talento-e-la-fisarmonica-di-pietro-adragna\\\/\"},\"author\":{\"name\":\"Micro961\",\"@id\":\"https:\\\/\\\/www.article-marketing.eu\\\/comunicatistampa\\\/#\\\/schema\\\/person\\\/9beeb909be59832a9bcbec84cb3786f5\"},\"headline\":\"Tornano il talento e la fisarmonica di Pietro Adragna\",\"datePublished\":\"2022-04-30T21:25:10+00:00\",\"mainEntityOfPage\":{\"@id\":\"https:\\\/\\\/www.article-marketing.eu\\\/comunicatistampa\\\/tornano-il-talento-e-la-fisarmonica-di-pietro-adragna\\\/\"},\"wordCount\":557,\"commentCount\":0,\"image\":{\"@id\":\"https:\\\/\\\/www.article-marketing.eu\\\/comunicatistampa\\\/tornano-il-talento-e-la-fisarmonica-di-pietro-adragna\\\/#primaryimage\"},\"thumbnailUrl\":\"https:\\\/\\\/www.joyfreepress.com\\\/wp-content\\\/uploads\\\/2022\\\/04\\\/Adragna-3.jpeg\",\"keywords\":[\"Adragna\",\"Fisarmonica\",\"Nuovo\"],\"articleSection\":[\"Musica\"],\"inLanguage\":\"it-IT\",\"potentialAction\":[{\"@type\":\"CommentAction\",\"name\":\"Comment\",\"target\":[\"https:\\\/\\\/www.article-marketing.eu\\\/comunicatistampa\\\/tornano-il-talento-e-la-fisarmonica-di-pietro-adragna\\\/#respond\"]}]},{\"@type\":\"WebPage\",\"@id\":\"https:\\\/\\\/www.article-marketing.eu\\\/comunicatistampa\\\/tornano-il-talento-e-la-fisarmonica-di-pietro-adragna\\\/\",\"url\":\"https:\\\/\\\/www.article-marketing.eu\\\/comunicatistampa\\\/tornano-il-talento-e-la-fisarmonica-di-pietro-adragna\\\/\",\"name\":\"Tornano il talento e la fisarmonica di Pietro Adragna - Article Marketing\",\"isPartOf\":{\"@id\":\"https:\\\/\\\/www.article-marketing.eu\\\/comunicatistampa\\\/#website\"},\"primaryImageOfPage\":{\"@id\":\"https:\\\/\\\/www.article-marketing.eu\\\/comunicatistampa\\\/tornano-il-talento-e-la-fisarmonica-di-pietro-adragna\\\/#primaryimage\"},\"image\":{\"@id\":\"https:\\\/\\\/www.article-marketing.eu\\\/comunicatistampa\\\/tornano-il-talento-e-la-fisarmonica-di-pietro-adragna\\\/#primaryimage\"},\"thumbnailUrl\":\"https:\\\/\\\/www.joyfreepress.com\\\/wp-content\\\/uploads\\\/2022\\\/04\\\/Adragna-3.jpeg\",\"datePublished\":\"2022-04-30T21:25:10+00:00\",\"author\":{\"@id\":\"https:\\\/\\\/www.article-marketing.eu\\\/comunicatistampa\\\/#\\\/schema\\\/person\\\/9beeb909be59832a9bcbec84cb3786f5\"},\"breadcrumb\":{\"@id\":\"https:\\\/\\\/www.article-marketing.eu\\\/comunicatistampa\\\/tornano-il-talento-e-la-fisarmonica-di-pietro-adragna\\\/#breadcrumb\"},\"inLanguage\":\"it-IT\",\"potentialAction\":[{\"@type\":\"ReadAction\",\"target\":[\"https:\\\/\\\/www.article-marketing.eu\\\/comunicatistampa\\\/tornano-il-talento-e-la-fisarmonica-di-pietro-adragna\\\/\"]}]},{\"@type\":\"ImageObject\",\"inLanguage\":\"it-IT\",\"@id\":\"https:\\\/\\\/www.article-marketing.eu\\\/comunicatistampa\\\/tornano-il-talento-e-la-fisarmonica-di-pietro-adragna\\\/#primaryimage\",\"url\":\"https:\\\/\\\/www.joyfreepress.com\\\/wp-content\\\/uploads\\\/2022\\\/04\\\/Adragna-3.jpeg\",\"contentUrl\":\"https:\\\/\\\/www.joyfreepress.com\\\/wp-content\\\/uploads\\\/2022\\\/04\\\/Adragna-3.jpeg\"},{\"@type\":\"BreadcrumbList\",\"@id\":\"https:\\\/\\\/www.article-marketing.eu\\\/comunicatistampa\\\/tornano-il-talento-e-la-fisarmonica-di-pietro-adragna\\\/#breadcrumb\",\"itemListElement\":[{\"@type\":\"ListItem\",\"position\":1,\"name\":\"Home\",\"item\":\"https:\\\/\\\/www.article-marketing.eu\\\/comunicatistampa\\\/\"},{\"@type\":\"ListItem\",\"position\":2,\"name\":\"Tornano il talento e la fisarmonica di Pietro Adragna\"}]},{\"@type\":\"WebSite\",\"@id\":\"https:\\\/\\\/www.article-marketing.eu\\\/comunicatistampa\\\/#website\",\"url\":\"https:\\\/\\\/www.article-marketing.eu\\\/comunicatistampa\\\/\",\"name\":\"Article Marketing\",\"description\":\"article marketing &amp; press release\",\"potentialAction\":[{\"@type\":\"SearchAction\",\"target\":{\"@type\":\"EntryPoint\",\"urlTemplate\":\"https:\\\/\\\/www.article-marketing.eu\\\/comunicatistampa\\\/?s={search_term_string}\"},\"query-input\":{\"@type\":\"PropertyValueSpecification\",\"valueRequired\":true,\"valueName\":\"search_term_string\"}}],\"inLanguage\":\"it-IT\"},{\"@type\":\"Person\",\"@id\":\"https:\\\/\\\/www.article-marketing.eu\\\/comunicatistampa\\\/#\\\/schema\\\/person\\\/9beeb909be59832a9bcbec84cb3786f5\",\"name\":\"Micro961\",\"image\":{\"@type\":\"ImageObject\",\"inLanguage\":\"it-IT\",\"@id\":\"https:\\\/\\\/secure.gravatar.com\\\/avatar\\\/cd6f5864b85cc3687c05b2965bb186afcd70a2a89789a156c92a4f1d66e87827?s=96&d=mm&r=g\",\"url\":\"https:\\\/\\\/secure.gravatar.com\\\/avatar\\\/cd6f5864b85cc3687c05b2965bb186afcd70a2a89789a156c92a4f1d66e87827?s=96&d=mm&r=g\",\"contentUrl\":\"https:\\\/\\\/secure.gravatar.com\\\/avatar\\\/cd6f5864b85cc3687c05b2965bb186afcd70a2a89789a156c92a4f1d66e87827?s=96&d=mm&r=g\",\"caption\":\"Micro961\"},\"url\":\"https:\\\/\\\/www.article-marketing.eu\\\/comunicatistampa\\\/author\\\/micro961\\\/\"}]}<\/script>\n<!-- \/ Yoast SEO plugin. -->","yoast_head_json":{"title":"Tornano il talento e la fisarmonica di Pietro Adragna - Article Marketing","robots":{"index":"index","follow":"follow","max-snippet":"max-snippet:-1","max-image-preview":"max-image-preview:large","max-video-preview":"max-video-preview:-1"},"canonical":"https:\/\/www.article-marketing.eu\/comunicatistampa\/tornano-il-talento-e-la-fisarmonica-di-pietro-adragna\/","og_locale":"it_IT","og_type":"article","og_title":"Tornano il talento e la fisarmonica di Pietro Adragna - Article Marketing","og_description":"il nuovo singolo \u201cTogether\u201d Il suono unico e affascinante della fisarmonica torna in scena grazie al noto artista Pietro Adragna che presenta il suo nuovo singolo \u201cTogether\u201d in uscita ufficiale il 22 Aprile. Il fisarmonicista siciliano, nato ad Erice nel 1988, \u00e8 il primo artista che ha portato alla ribalta con raffinate rivisitazioni uno strumento considerato da sempre di tradizione popolare, sdoganando di fatto i numerosi clich\u00e9 che lo accompagnavano.Continue reading...","og_url":"https:\/\/www.article-marketing.eu\/comunicatistampa\/tornano-il-talento-e-la-fisarmonica-di-pietro-adragna\/","og_site_name":"Article Marketing","article_published_time":"2022-04-30T21:25:10+00:00","og_image":[{"url":"https:\/\/www.joyfreepress.com\/wp-content\/uploads\/2022\/04\/Adragna-3.jpeg","type":"","width":"","height":""}],"author":"Micro961","twitter_card":"summary_large_image","twitter_misc":{"Scritto da":"Micro961","Tempo di lettura stimato":"4 minuti"},"schema":{"@context":"https:\/\/schema.org","@graph":[{"@type":"Article","@id":"https:\/\/www.article-marketing.eu\/comunicatistampa\/tornano-il-talento-e-la-fisarmonica-di-pietro-adragna\/#article","isPartOf":{"@id":"https:\/\/www.article-marketing.eu\/comunicatistampa\/tornano-il-talento-e-la-fisarmonica-di-pietro-adragna\/"},"author":{"name":"Micro961","@id":"https:\/\/www.article-marketing.eu\/comunicatistampa\/#\/schema\/person\/9beeb909be59832a9bcbec84cb3786f5"},"headline":"Tornano il talento e la fisarmonica di Pietro Adragna","datePublished":"2022-04-30T21:25:10+00:00","mainEntityOfPage":{"@id":"https:\/\/www.article-marketing.eu\/comunicatistampa\/tornano-il-talento-e-la-fisarmonica-di-pietro-adragna\/"},"wordCount":557,"commentCount":0,"image":{"@id":"https:\/\/www.article-marketing.eu\/comunicatistampa\/tornano-il-talento-e-la-fisarmonica-di-pietro-adragna\/#primaryimage"},"thumbnailUrl":"https:\/\/www.joyfreepress.com\/wp-content\/uploads\/2022\/04\/Adragna-3.jpeg","keywords":["Adragna","Fisarmonica","Nuovo"],"articleSection":["Musica"],"inLanguage":"it-IT","potentialAction":[{"@type":"CommentAction","name":"Comment","target":["https:\/\/www.article-marketing.eu\/comunicatistampa\/tornano-il-talento-e-la-fisarmonica-di-pietro-adragna\/#respond"]}]},{"@type":"WebPage","@id":"https:\/\/www.article-marketing.eu\/comunicatistampa\/tornano-il-talento-e-la-fisarmonica-di-pietro-adragna\/","url":"https:\/\/www.article-marketing.eu\/comunicatistampa\/tornano-il-talento-e-la-fisarmonica-di-pietro-adragna\/","name":"Tornano il talento e la fisarmonica di Pietro Adragna - Article Marketing","isPartOf":{"@id":"https:\/\/www.article-marketing.eu\/comunicatistampa\/#website"},"primaryImageOfPage":{"@id":"https:\/\/www.article-marketing.eu\/comunicatistampa\/tornano-il-talento-e-la-fisarmonica-di-pietro-adragna\/#primaryimage"},"image":{"@id":"https:\/\/www.article-marketing.eu\/comunicatistampa\/tornano-il-talento-e-la-fisarmonica-di-pietro-adragna\/#primaryimage"},"thumbnailUrl":"https:\/\/www.joyfreepress.com\/wp-content\/uploads\/2022\/04\/Adragna-3.jpeg","datePublished":"2022-04-30T21:25:10+00:00","author":{"@id":"https:\/\/www.article-marketing.eu\/comunicatistampa\/#\/schema\/person\/9beeb909be59832a9bcbec84cb3786f5"},"breadcrumb":{"@id":"https:\/\/www.article-marketing.eu\/comunicatistampa\/tornano-il-talento-e-la-fisarmonica-di-pietro-adragna\/#breadcrumb"},"inLanguage":"it-IT","potentialAction":[{"@type":"ReadAction","target":["https:\/\/www.article-marketing.eu\/comunicatistampa\/tornano-il-talento-e-la-fisarmonica-di-pietro-adragna\/"]}]},{"@type":"ImageObject","inLanguage":"it-IT","@id":"https:\/\/www.article-marketing.eu\/comunicatistampa\/tornano-il-talento-e-la-fisarmonica-di-pietro-adragna\/#primaryimage","url":"https:\/\/www.joyfreepress.com\/wp-content\/uploads\/2022\/04\/Adragna-3.jpeg","contentUrl":"https:\/\/www.joyfreepress.com\/wp-content\/uploads\/2022\/04\/Adragna-3.jpeg"},{"@type":"BreadcrumbList","@id":"https:\/\/www.article-marketing.eu\/comunicatistampa\/tornano-il-talento-e-la-fisarmonica-di-pietro-adragna\/#breadcrumb","itemListElement":[{"@type":"ListItem","position":1,"name":"Home","item":"https:\/\/www.article-marketing.eu\/comunicatistampa\/"},{"@type":"ListItem","position":2,"name":"Tornano il talento e la fisarmonica di Pietro Adragna"}]},{"@type":"WebSite","@id":"https:\/\/www.article-marketing.eu\/comunicatistampa\/#website","url":"https:\/\/www.article-marketing.eu\/comunicatistampa\/","name":"Article Marketing","description":"article marketing &amp; press release","potentialAction":[{"@type":"SearchAction","target":{"@type":"EntryPoint","urlTemplate":"https:\/\/www.article-marketing.eu\/comunicatistampa\/?s={search_term_string}"},"query-input":{"@type":"PropertyValueSpecification","valueRequired":true,"valueName":"search_term_string"}}],"inLanguage":"it-IT"},{"@type":"Person","@id":"https:\/\/www.article-marketing.eu\/comunicatistampa\/#\/schema\/person\/9beeb909be59832a9bcbec84cb3786f5","name":"Micro961","image":{"@type":"ImageObject","inLanguage":"it-IT","@id":"https:\/\/secure.gravatar.com\/avatar\/cd6f5864b85cc3687c05b2965bb186afcd70a2a89789a156c92a4f1d66e87827?s=96&d=mm&r=g","url":"https:\/\/secure.gravatar.com\/avatar\/cd6f5864b85cc3687c05b2965bb186afcd70a2a89789a156c92a4f1d66e87827?s=96&d=mm&r=g","contentUrl":"https:\/\/secure.gravatar.com\/avatar\/cd6f5864b85cc3687c05b2965bb186afcd70a2a89789a156c92a4f1d66e87827?s=96&d=mm&r=g","caption":"Micro961"},"url":"https:\/\/www.article-marketing.eu\/comunicatistampa\/author\/micro961\/"}]}},"_links":{"self":[{"href":"https:\/\/www.article-marketing.eu\/comunicatistampa\/wp-json\/wp\/v2\/posts\/22868","targetHints":{"allow":["GET"]}}],"collection":[{"href":"https:\/\/www.article-marketing.eu\/comunicatistampa\/wp-json\/wp\/v2\/posts"}],"about":[{"href":"https:\/\/www.article-marketing.eu\/comunicatistampa\/wp-json\/wp\/v2\/types\/post"}],"author":[{"embeddable":true,"href":"https:\/\/www.article-marketing.eu\/comunicatistampa\/wp-json\/wp\/v2\/users\/1680"}],"replies":[{"embeddable":true,"href":"https:\/\/www.article-marketing.eu\/comunicatistampa\/wp-json\/wp\/v2\/comments?post=22868"}],"version-history":[{"count":2,"href":"https:\/\/www.article-marketing.eu\/comunicatistampa\/wp-json\/wp\/v2\/posts\/22868\/revisions"}],"predecessor-version":[{"id":22902,"href":"https:\/\/www.article-marketing.eu\/comunicatistampa\/wp-json\/wp\/v2\/posts\/22868\/revisions\/22902"}],"wp:attachment":[{"href":"https:\/\/www.article-marketing.eu\/comunicatistampa\/wp-json\/wp\/v2\/media?parent=22868"}],"wp:term":[{"taxonomy":"category","embeddable":true,"href":"https:\/\/www.article-marketing.eu\/comunicatistampa\/wp-json\/wp\/v2\/categories?post=22868"},{"taxonomy":"post_tag","embeddable":true,"href":"https:\/\/www.article-marketing.eu\/comunicatistampa\/wp-json\/wp\/v2\/tags?post=22868"}],"curies":[{"name":"wp","href":"https:\/\/api.w.org\/{rel}","templated":true}]}}