{"id":22879,"date":"2022-04-30T23:30:01","date_gmt":"2022-04-30T21:30:01","guid":{"rendered":"https:\/\/www.article-marketing.eu\/comunicatistampa\/?p=22879"},"modified":"2022-04-30T23:30:01","modified_gmt":"2022-04-30T21:30:01","slug":"andrea-mascetti-fondazione-cariplo-tecnologia-fondamentale-per-il-rilancio-della-cultura","status":"publish","type":"post","link":"https:\/\/www.article-marketing.eu\/comunicatistampa\/andrea-mascetti-fondazione-cariplo-tecnologia-fondamentale-per-il-rilancio-della-cultura\/","title":{"rendered":"Andrea Mascetti (Fondazione Cariplo): \u201cTecnologia fondamentale per il rilancio della cultura\u201d"},"content":{"rendered":"<p><em><strong>Dopo la crisi scaturita dalla pandemia, grazie al digitale il settore culturale ha l&#8217;occasione di ripartire. Ma, avverte <a title=\"Andrea Mascetti: il profilo professionale\" href=\"https:\/\/www.topmanageronline.eu\/tag\/andrea-mascetti\/\">Andrea Mascetti<\/a>, affidarsi solo alla &#8216;t\u00e9chne&#8217; pu\u00f2 rivelarsi un errore. Il Coordinatore di Fondazione Cariplo ne ha parlato a Venezia durante un convegno promosso in occasione di Homo Faber Event 2022.<\/strong><\/em><\/p>\n<p><img loading=\"lazy\" decoding=\"async\" class=\"alignnone\" src=\"https:\/\/www.topmanageronline.eu\/wp-content\/uploads\/2020\/06\/andrea-mascetti.jpg\" alt=\"Andrea Mascetti\" width=\"120\" height=\"315\" \/><\/p>\n<h2>Andrea Mascetti: &#8220;Nel Bando SOS Patrimonio particolare attenzione a modalit\u00e0 innovative di fruizione&#8221;<\/h2>\n<p>Pu\u00f2 il digitale rappresentare una risorsa nell&#8217;ambito della ricerca, della conservazione e della fruizione del patrimonio culturale italiano? \u00c8 su questa domanda che si sono interrogati gli esperti del settore che hanno partecipato al convegno &#8220;Digital Heritage&#8221;, organizzato lo scorso 19 aprile a Venezia all&#8217;interno della mostra internazionale Homo Faber Event 2022. Tra questi <strong>Andrea Mascetti<\/strong>, Coordinatore e Commissario di Fondazione Cariplo, nonch\u00e9 membro dell&#8217;Advisory Board di Valore Italia. Nel suo intervento sul palco dell&#8217;Auditorium &#8220;Lo Squero&#8221; della Fondazione Giorgio Chini, ha ricordato l&#8217;impegno dell&#8217;Ente nel contrasto alla crisi del settore scaturita dalla pandemia: <em>&#8220;In questi due anni abbiamo dovuto fare una serie di interventi per sostenere la cultura di fronte a quello che sembrava un vero e proprio tsunami. Abbiamo messo a disposizione milioni di euro per salvare le associazioni culturali&#8221;<\/em>. Ha poi parlato del tema dell&#8217;innovazione e di come sia diventato centrale negli ultimi bandi pubblicati: <em>&#8220;Da molti anni la Fondazione si occupa di finanziare interventi di conservazione preventiva e programmatica e fin dall&#8217;inizio c&#8217;\u00e8 stato un interessamento sulle modalit\u00e0 di raccolta dei dati, in modo da poter intervenire preventivamente e non nel momento in cui il problema viene a galla. Il tema della tecnologia diventa dunque sempre pi\u00f9 fondamentale&#8221;<\/em>. A tal proposito, ricorda <strong>Andrea Mascetti<\/strong>, il bando SOS Patrimonio lanciato lo scorso giugno privilegia i progetti che vanno in questa direzione: <em>&#8220;Il tema della fruizione dei servizi ha rappresentato uno dei cardini centrali e centinaia i progetti presentati con idee che sfruttavano il digitale in maniera innovativa&#8221;<\/em>.<\/p>\n<h2>Il monito di Andrea Mascetti: &#8220;Con digitale memoria sempre meno allenata&#8221;<\/h2>\n<p>Per il Commissario di Fondazione Cariplo \u00e8 necessario che il settore culturale impari a convivere con quello che, soprattutto post Covid, \u00e8 un mondo che appare sempre pi\u00f9 digitalizzato. Le risorse del Pnrr, se ben utilizzate, possono dare sicuramente impulso alla trasformazione. <em>&#8220;L&#8217;importante<\/em> &#8211; sottolinea <strong>Andrea Mascetti<\/strong> &#8211; <em>\u00e8 fare attenzione a non prendere scorciatoie e affidarsi troppo alla &#8216;t\u00e9chne'&#8221;<\/em>. Oggi, grazie al web, l&#8217;accesso a qualsiasi tipo di informazione \u00e8 a portata di smartphone e le persone stanno perdendo la loro capacit\u00e0 di mantenere allenata la memoria: <em>&#8220;Il fatto di riuscire a salvare e avere cos\u00ec sempre a disposizione tutta una serie di infiniti dati \u00e8 un fenomeno straordinario<\/em> &#8211; spiega &#8211; <em>ma se non si \u00e8 in grado di capire e analizzare il contesto la ricerca \u00e8 destinata a rimanere un esercizio fine a se stesso&#8221;<\/em>. La techn\u00e9 non \u00e8 una <em>&#8220;divinit\u00e0 neutra, ma invasiva&#8221;<\/em>, avverte <strong>Andrea Mascetti<\/strong>. Basti pensare a come ha modificato i rapporti personali o lavorativi. E in un Paese come l&#8217;Italia, tra gli ultimi in Europa per numero di lettori, il fenomeno della digitalizzazione rischia di avere effetti antropologici incredibili.<\/p>\n","protected":false},"excerpt":{"rendered":"<p>Dopo la crisi scaturita dalla pandemia, grazie al digitale il settore culturale ha l&#8217;occasione di ripartire. Ma, avverte Andrea Mascetti, affidarsi solo alla &#8216;t\u00e9chne&#8217; pu\u00f2 rivelarsi un errore. Il Coordinatore di Fondazione Cariplo ne ha parlato a Venezia durante un convegno promosso in occasione di Homo Faber Event 2022. Andrea Mascetti: &#8220;Nel Bando SOS Patrimonio particolare attenzione a modalit\u00e0 innovative di fruizione&#8221; Pu\u00f2 il digitale rappresentare una risorsa nell&#8217;ambito della<\/p>\n<p><a class=\"continue-reading\" href=\"https:\/\/www.article-marketing.eu\/comunicatistampa\/andrea-mascetti-fondazione-cariplo-tecnologia-fondamentale-per-il-rilancio-della-cultura\/\">Continue reading&#8230;<\/a><\/p>\n","protected":false},"author":6477,"featured_media":0,"comment_status":"open","ping_status":"open","sticky":false,"template":"","format":"standard","meta":{"_monsterinsights_skip_tracking":false,"_monsterinsights_sitenote_active":false,"_monsterinsights_sitenote_note":"","_monsterinsights_sitenote_category":0,"footnotes":""},"categories":[362],"tags":[9120],"class_list":["post-22879","post","type-post","status-publish","format-standard","hentry","category-societa","tag-andrea-mascetti"],"yoast_head":"<!-- This site is optimized with the Yoast SEO plugin v27.3 - https:\/\/yoast.com\/product\/yoast-seo-wordpress\/ -->\n<title>Andrea Mascetti (Fondazione Cariplo): \u201cTecnologia fondamentale per il rilancio della cultura\u201d<\/title>\n<meta name=\"robots\" content=\"index, follow, max-snippet:-1, max-image-preview:large, max-video-preview:-1\" \/>\n<link rel=\"canonical\" href=\"https:\/\/www.article-marketing.eu\/comunicatistampa\/andrea-mascetti-fondazione-cariplo-tecnologia-fondamentale-per-il-rilancio-della-cultura\/\" \/>\n<meta property=\"og:locale\" content=\"it_IT\" \/>\n<meta property=\"og:type\" content=\"article\" \/>\n<meta property=\"og:title\" content=\"Andrea Mascetti (Fondazione Cariplo): \u201cTecnologia fondamentale per il rilancio della cultura\u201d\" \/>\n<meta property=\"og:description\" content=\"Dopo la crisi scaturita dalla pandemia, grazie al digitale il settore culturale ha l&#8217;occasione di ripartire. Ma, avverte Andrea Mascetti, affidarsi solo alla &#8216;t\u00e9chne&#8217; pu\u00f2 rivelarsi un errore. Il Coordinatore di Fondazione Cariplo ne ha parlato a Venezia durante un convegno promosso in occasione di Homo Faber Event 2022. Andrea Mascetti: &#8220;Nel Bando SOS Patrimonio particolare attenzione a modalit\u00e0 innovative di fruizione&#8221; Pu\u00f2 il digitale rappresentare una risorsa nell&#8217;ambito dellaContinue reading...\" \/>\n<meta property=\"og:url\" content=\"https:\/\/www.article-marketing.eu\/comunicatistampa\/andrea-mascetti-fondazione-cariplo-tecnologia-fondamentale-per-il-rilancio-della-cultura\/\" \/>\n<meta property=\"og:site_name\" content=\"Article Marketing\" \/>\n<meta property=\"article:published_time\" content=\"2022-04-30T21:30:01+00:00\" \/>\n<meta property=\"og:image\" content=\"https:\/\/www.topmanageronline.eu\/wp-content\/uploads\/2020\/06\/andrea-mascetti.jpg\" \/>\n<meta name=\"author\" content=\"articolinews\" \/>\n<meta name=\"twitter:card\" content=\"summary_large_image\" \/>\n<meta name=\"twitter:label1\" content=\"Scritto da\" \/>\n\t<meta name=\"twitter:data1\" content=\"articolinews\" \/>\n\t<meta name=\"twitter:label2\" content=\"Tempo di lettura stimato\" \/>\n\t<meta name=\"twitter:data2\" content=\"3 minuti\" \/>\n<script type=\"application\/ld+json\" class=\"yoast-schema-graph\">{\"@context\":\"https:\\\/\\\/schema.org\",\"@graph\":[{\"@type\":\"Article\",\"@id\":\"https:\\\/\\\/www.article-marketing.eu\\\/comunicatistampa\\\/andrea-mascetti-fondazione-cariplo-tecnologia-fondamentale-per-il-rilancio-della-cultura\\\/#article\",\"isPartOf\":{\"@id\":\"https:\\\/\\\/www.article-marketing.eu\\\/comunicatistampa\\\/andrea-mascetti-fondazione-cariplo-tecnologia-fondamentale-per-il-rilancio-della-cultura\\\/\"},\"author\":{\"name\":\"articolinews\",\"@id\":\"https:\\\/\\\/www.article-marketing.eu\\\/comunicatistampa\\\/#\\\/schema\\\/person\\\/2fcaf8f8f3a9eef9eb7f27532d3ca458\"},\"headline\":\"Andrea Mascetti (Fondazione Cariplo): \u201cTecnologia fondamentale per il rilancio della cultura\u201d\",\"datePublished\":\"2022-04-30T21:30:01+00:00\",\"mainEntityOfPage\":{\"@id\":\"https:\\\/\\\/www.article-marketing.eu\\\/comunicatistampa\\\/andrea-mascetti-fondazione-cariplo-tecnologia-fondamentale-per-il-rilancio-della-cultura\\\/\"},\"wordCount\":510,\"commentCount\":0,\"image\":{\"@id\":\"https:\\\/\\\/www.article-marketing.eu\\\/comunicatistampa\\\/andrea-mascetti-fondazione-cariplo-tecnologia-fondamentale-per-il-rilancio-della-cultura\\\/#primaryimage\"},\"thumbnailUrl\":\"https:\\\/\\\/www.topmanageronline.eu\\\/wp-content\\\/uploads\\\/2020\\\/06\\\/andrea-mascetti.jpg\",\"keywords\":[\"Andrea Mascetti\"],\"articleSection\":[\"Societ\u00e0\"],\"inLanguage\":\"it-IT\",\"potentialAction\":[{\"@type\":\"CommentAction\",\"name\":\"Comment\",\"target\":[\"https:\\\/\\\/www.article-marketing.eu\\\/comunicatistampa\\\/andrea-mascetti-fondazione-cariplo-tecnologia-fondamentale-per-il-rilancio-della-cultura\\\/#respond\"]}]},{\"@type\":\"WebPage\",\"@id\":\"https:\\\/\\\/www.article-marketing.eu\\\/comunicatistampa\\\/andrea-mascetti-fondazione-cariplo-tecnologia-fondamentale-per-il-rilancio-della-cultura\\\/\",\"url\":\"https:\\\/\\\/www.article-marketing.eu\\\/comunicatistampa\\\/andrea-mascetti-fondazione-cariplo-tecnologia-fondamentale-per-il-rilancio-della-cultura\\\/\",\"name\":\"Andrea Mascetti (Fondazione Cariplo): \u201cTecnologia fondamentale per il rilancio della cultura\u201d\",\"isPartOf\":{\"@id\":\"https:\\\/\\\/www.article-marketing.eu\\\/comunicatistampa\\\/#website\"},\"primaryImageOfPage\":{\"@id\":\"https:\\\/\\\/www.article-marketing.eu\\\/comunicatistampa\\\/andrea-mascetti-fondazione-cariplo-tecnologia-fondamentale-per-il-rilancio-della-cultura\\\/#primaryimage\"},\"image\":{\"@id\":\"https:\\\/\\\/www.article-marketing.eu\\\/comunicatistampa\\\/andrea-mascetti-fondazione-cariplo-tecnologia-fondamentale-per-il-rilancio-della-cultura\\\/#primaryimage\"},\"thumbnailUrl\":\"https:\\\/\\\/www.topmanageronline.eu\\\/wp-content\\\/uploads\\\/2020\\\/06\\\/andrea-mascetti.jpg\",\"datePublished\":\"2022-04-30T21:30:01+00:00\",\"author\":{\"@id\":\"https:\\\/\\\/www.article-marketing.eu\\\/comunicatistampa\\\/#\\\/schema\\\/person\\\/2fcaf8f8f3a9eef9eb7f27532d3ca458\"},\"breadcrumb\":{\"@id\":\"https:\\\/\\\/www.article-marketing.eu\\\/comunicatistampa\\\/andrea-mascetti-fondazione-cariplo-tecnologia-fondamentale-per-il-rilancio-della-cultura\\\/#breadcrumb\"},\"inLanguage\":\"it-IT\",\"potentialAction\":[{\"@type\":\"ReadAction\",\"target\":[\"https:\\\/\\\/www.article-marketing.eu\\\/comunicatistampa\\\/andrea-mascetti-fondazione-cariplo-tecnologia-fondamentale-per-il-rilancio-della-cultura\\\/\"]}]},{\"@type\":\"ImageObject\",\"inLanguage\":\"it-IT\",\"@id\":\"https:\\\/\\\/www.article-marketing.eu\\\/comunicatistampa\\\/andrea-mascetti-fondazione-cariplo-tecnologia-fondamentale-per-il-rilancio-della-cultura\\\/#primaryimage\",\"url\":\"https:\\\/\\\/www.topmanageronline.eu\\\/wp-content\\\/uploads\\\/2020\\\/06\\\/andrea-mascetti.jpg\",\"contentUrl\":\"https:\\\/\\\/www.topmanageronline.eu\\\/wp-content\\\/uploads\\\/2020\\\/06\\\/andrea-mascetti.jpg\"},{\"@type\":\"BreadcrumbList\",\"@id\":\"https:\\\/\\\/www.article-marketing.eu\\\/comunicatistampa\\\/andrea-mascetti-fondazione-cariplo-tecnologia-fondamentale-per-il-rilancio-della-cultura\\\/#breadcrumb\",\"itemListElement\":[{\"@type\":\"ListItem\",\"position\":1,\"name\":\"Home\",\"item\":\"https:\\\/\\\/www.article-marketing.eu\\\/comunicatistampa\\\/\"},{\"@type\":\"ListItem\",\"position\":2,\"name\":\"Andrea Mascetti (Fondazione Cariplo): \u201cTecnologia fondamentale per il rilancio della cultura\u201d\"}]},{\"@type\":\"WebSite\",\"@id\":\"https:\\\/\\\/www.article-marketing.eu\\\/comunicatistampa\\\/#website\",\"url\":\"https:\\\/\\\/www.article-marketing.eu\\\/comunicatistampa\\\/\",\"name\":\"Article Marketing\",\"description\":\"article marketing &amp; press release\",\"potentialAction\":[{\"@type\":\"SearchAction\",\"target\":{\"@type\":\"EntryPoint\",\"urlTemplate\":\"https:\\\/\\\/www.article-marketing.eu\\\/comunicatistampa\\\/?s={search_term_string}\"},\"query-input\":{\"@type\":\"PropertyValueSpecification\",\"valueRequired\":true,\"valueName\":\"search_term_string\"}}],\"inLanguage\":\"it-IT\"},{\"@type\":\"Person\",\"@id\":\"https:\\\/\\\/www.article-marketing.eu\\\/comunicatistampa\\\/#\\\/schema\\\/person\\\/2fcaf8f8f3a9eef9eb7f27532d3ca458\",\"name\":\"articolinews\",\"image\":{\"@type\":\"ImageObject\",\"inLanguage\":\"it-IT\",\"@id\":\"https:\\\/\\\/secure.gravatar.com\\\/avatar\\\/9e2a264bab04e17dea24d937c9956304649a848cb73c46747a692ff1bdeb1cb7?s=96&d=mm&r=g\",\"url\":\"https:\\\/\\\/secure.gravatar.com\\\/avatar\\\/9e2a264bab04e17dea24d937c9956304649a848cb73c46747a692ff1bdeb1cb7?s=96&d=mm&r=g\",\"contentUrl\":\"https:\\\/\\\/secure.gravatar.com\\\/avatar\\\/9e2a264bab04e17dea24d937c9956304649a848cb73c46747a692ff1bdeb1cb7?s=96&d=mm&r=g\",\"caption\":\"articolinews\"},\"url\":\"https:\\\/\\\/www.article-marketing.eu\\\/comunicatistampa\\\/author\\\/articolinews\\\/\"}]}<\/script>\n<!-- \/ Yoast SEO plugin. -->","yoast_head_json":{"title":"Andrea Mascetti (Fondazione Cariplo): \u201cTecnologia fondamentale per il rilancio della cultura\u201d","robots":{"index":"index","follow":"follow","max-snippet":"max-snippet:-1","max-image-preview":"max-image-preview:large","max-video-preview":"max-video-preview:-1"},"canonical":"https:\/\/www.article-marketing.eu\/comunicatistampa\/andrea-mascetti-fondazione-cariplo-tecnologia-fondamentale-per-il-rilancio-della-cultura\/","og_locale":"it_IT","og_type":"article","og_title":"Andrea Mascetti (Fondazione Cariplo): \u201cTecnologia fondamentale per il rilancio della cultura\u201d","og_description":"Dopo la crisi scaturita dalla pandemia, grazie al digitale il settore culturale ha l&#8217;occasione di ripartire. Ma, avverte Andrea Mascetti, affidarsi solo alla &#8216;t\u00e9chne&#8217; pu\u00f2 rivelarsi un errore. Il Coordinatore di Fondazione Cariplo ne ha parlato a Venezia durante un convegno promosso in occasione di Homo Faber Event 2022. Andrea Mascetti: &#8220;Nel Bando SOS Patrimonio particolare attenzione a modalit\u00e0 innovative di fruizione&#8221; Pu\u00f2 il digitale rappresentare una risorsa nell&#8217;ambito dellaContinue reading...","og_url":"https:\/\/www.article-marketing.eu\/comunicatistampa\/andrea-mascetti-fondazione-cariplo-tecnologia-fondamentale-per-il-rilancio-della-cultura\/","og_site_name":"Article Marketing","article_published_time":"2022-04-30T21:30:01+00:00","og_image":[{"url":"https:\/\/www.topmanageronline.eu\/wp-content\/uploads\/2020\/06\/andrea-mascetti.jpg","type":"","width":"","height":""}],"author":"articolinews","twitter_card":"summary_large_image","twitter_misc":{"Scritto da":"articolinews","Tempo di lettura stimato":"3 minuti"},"schema":{"@context":"https:\/\/schema.org","@graph":[{"@type":"Article","@id":"https:\/\/www.article-marketing.eu\/comunicatistampa\/andrea-mascetti-fondazione-cariplo-tecnologia-fondamentale-per-il-rilancio-della-cultura\/#article","isPartOf":{"@id":"https:\/\/www.article-marketing.eu\/comunicatistampa\/andrea-mascetti-fondazione-cariplo-tecnologia-fondamentale-per-il-rilancio-della-cultura\/"},"author":{"name":"articolinews","@id":"https:\/\/www.article-marketing.eu\/comunicatistampa\/#\/schema\/person\/2fcaf8f8f3a9eef9eb7f27532d3ca458"},"headline":"Andrea Mascetti (Fondazione Cariplo): \u201cTecnologia fondamentale per il rilancio della cultura\u201d","datePublished":"2022-04-30T21:30:01+00:00","mainEntityOfPage":{"@id":"https:\/\/www.article-marketing.eu\/comunicatistampa\/andrea-mascetti-fondazione-cariplo-tecnologia-fondamentale-per-il-rilancio-della-cultura\/"},"wordCount":510,"commentCount":0,"image":{"@id":"https:\/\/www.article-marketing.eu\/comunicatistampa\/andrea-mascetti-fondazione-cariplo-tecnologia-fondamentale-per-il-rilancio-della-cultura\/#primaryimage"},"thumbnailUrl":"https:\/\/www.topmanageronline.eu\/wp-content\/uploads\/2020\/06\/andrea-mascetti.jpg","keywords":["Andrea Mascetti"],"articleSection":["Societ\u00e0"],"inLanguage":"it-IT","potentialAction":[{"@type":"CommentAction","name":"Comment","target":["https:\/\/www.article-marketing.eu\/comunicatistampa\/andrea-mascetti-fondazione-cariplo-tecnologia-fondamentale-per-il-rilancio-della-cultura\/#respond"]}]},{"@type":"WebPage","@id":"https:\/\/www.article-marketing.eu\/comunicatistampa\/andrea-mascetti-fondazione-cariplo-tecnologia-fondamentale-per-il-rilancio-della-cultura\/","url":"https:\/\/www.article-marketing.eu\/comunicatistampa\/andrea-mascetti-fondazione-cariplo-tecnologia-fondamentale-per-il-rilancio-della-cultura\/","name":"Andrea Mascetti (Fondazione Cariplo): \u201cTecnologia fondamentale per il rilancio della cultura\u201d","isPartOf":{"@id":"https:\/\/www.article-marketing.eu\/comunicatistampa\/#website"},"primaryImageOfPage":{"@id":"https:\/\/www.article-marketing.eu\/comunicatistampa\/andrea-mascetti-fondazione-cariplo-tecnologia-fondamentale-per-il-rilancio-della-cultura\/#primaryimage"},"image":{"@id":"https:\/\/www.article-marketing.eu\/comunicatistampa\/andrea-mascetti-fondazione-cariplo-tecnologia-fondamentale-per-il-rilancio-della-cultura\/#primaryimage"},"thumbnailUrl":"https:\/\/www.topmanageronline.eu\/wp-content\/uploads\/2020\/06\/andrea-mascetti.jpg","datePublished":"2022-04-30T21:30:01+00:00","author":{"@id":"https:\/\/www.article-marketing.eu\/comunicatistampa\/#\/schema\/person\/2fcaf8f8f3a9eef9eb7f27532d3ca458"},"breadcrumb":{"@id":"https:\/\/www.article-marketing.eu\/comunicatistampa\/andrea-mascetti-fondazione-cariplo-tecnologia-fondamentale-per-il-rilancio-della-cultura\/#breadcrumb"},"inLanguage":"it-IT","potentialAction":[{"@type":"ReadAction","target":["https:\/\/www.article-marketing.eu\/comunicatistampa\/andrea-mascetti-fondazione-cariplo-tecnologia-fondamentale-per-il-rilancio-della-cultura\/"]}]},{"@type":"ImageObject","inLanguage":"it-IT","@id":"https:\/\/www.article-marketing.eu\/comunicatistampa\/andrea-mascetti-fondazione-cariplo-tecnologia-fondamentale-per-il-rilancio-della-cultura\/#primaryimage","url":"https:\/\/www.topmanageronline.eu\/wp-content\/uploads\/2020\/06\/andrea-mascetti.jpg","contentUrl":"https:\/\/www.topmanageronline.eu\/wp-content\/uploads\/2020\/06\/andrea-mascetti.jpg"},{"@type":"BreadcrumbList","@id":"https:\/\/www.article-marketing.eu\/comunicatistampa\/andrea-mascetti-fondazione-cariplo-tecnologia-fondamentale-per-il-rilancio-della-cultura\/#breadcrumb","itemListElement":[{"@type":"ListItem","position":1,"name":"Home","item":"https:\/\/www.article-marketing.eu\/comunicatistampa\/"},{"@type":"ListItem","position":2,"name":"Andrea Mascetti (Fondazione Cariplo): \u201cTecnologia fondamentale per il rilancio della cultura\u201d"}]},{"@type":"WebSite","@id":"https:\/\/www.article-marketing.eu\/comunicatistampa\/#website","url":"https:\/\/www.article-marketing.eu\/comunicatistampa\/","name":"Article Marketing","description":"article marketing &amp; press release","potentialAction":[{"@type":"SearchAction","target":{"@type":"EntryPoint","urlTemplate":"https:\/\/www.article-marketing.eu\/comunicatistampa\/?s={search_term_string}"},"query-input":{"@type":"PropertyValueSpecification","valueRequired":true,"valueName":"search_term_string"}}],"inLanguage":"it-IT"},{"@type":"Person","@id":"https:\/\/www.article-marketing.eu\/comunicatistampa\/#\/schema\/person\/2fcaf8f8f3a9eef9eb7f27532d3ca458","name":"articolinews","image":{"@type":"ImageObject","inLanguage":"it-IT","@id":"https:\/\/secure.gravatar.com\/avatar\/9e2a264bab04e17dea24d937c9956304649a848cb73c46747a692ff1bdeb1cb7?s=96&d=mm&r=g","url":"https:\/\/secure.gravatar.com\/avatar\/9e2a264bab04e17dea24d937c9956304649a848cb73c46747a692ff1bdeb1cb7?s=96&d=mm&r=g","contentUrl":"https:\/\/secure.gravatar.com\/avatar\/9e2a264bab04e17dea24d937c9956304649a848cb73c46747a692ff1bdeb1cb7?s=96&d=mm&r=g","caption":"articolinews"},"url":"https:\/\/www.article-marketing.eu\/comunicatistampa\/author\/articolinews\/"}]}},"_links":{"self":[{"href":"https:\/\/www.article-marketing.eu\/comunicatistampa\/wp-json\/wp\/v2\/posts\/22879","targetHints":{"allow":["GET"]}}],"collection":[{"href":"https:\/\/www.article-marketing.eu\/comunicatistampa\/wp-json\/wp\/v2\/posts"}],"about":[{"href":"https:\/\/www.article-marketing.eu\/comunicatistampa\/wp-json\/wp\/v2\/types\/post"}],"author":[{"embeddable":true,"href":"https:\/\/www.article-marketing.eu\/comunicatistampa\/wp-json\/wp\/v2\/users\/6477"}],"replies":[{"embeddable":true,"href":"https:\/\/www.article-marketing.eu\/comunicatistampa\/wp-json\/wp\/v2\/comments?post=22879"}],"version-history":[{"count":3,"href":"https:\/\/www.article-marketing.eu\/comunicatistampa\/wp-json\/wp\/v2\/posts\/22879\/revisions"}],"predecessor-version":[{"id":22911,"href":"https:\/\/www.article-marketing.eu\/comunicatistampa\/wp-json\/wp\/v2\/posts\/22879\/revisions\/22911"}],"wp:attachment":[{"href":"https:\/\/www.article-marketing.eu\/comunicatistampa\/wp-json\/wp\/v2\/media?parent=22879"}],"wp:term":[{"taxonomy":"category","embeddable":true,"href":"https:\/\/www.article-marketing.eu\/comunicatistampa\/wp-json\/wp\/v2\/categories?post=22879"},{"taxonomy":"post_tag","embeddable":true,"href":"https:\/\/www.article-marketing.eu\/comunicatistampa\/wp-json\/wp\/v2\/tags?post=22879"}],"curies":[{"name":"wp","href":"https:\/\/api.w.org\/{rel}","templated":true}]}}