{"id":22930,"date":"2022-05-03T13:06:45","date_gmt":"2022-05-03T11:06:45","guid":{"rendered":"https:\/\/www.article-marketing.eu\/comunicatistampa\/?p=22930"},"modified":"2022-05-03T13:06:45","modified_gmt":"2022-05-03T11:06:45","slug":"la-luce-in-una-cameretta-per-ragazzi","status":"publish","type":"post","link":"https:\/\/www.article-marketing.eu\/comunicatistampa\/la-luce-in-una-cameretta-per-ragazzi\/","title":{"rendered":"La luce in una cameretta per ragazzi"},"content":{"rendered":"<p>La <strong>cameretta dei bambini<\/strong> deve essere pensata per dare libero sfogo all\u2019immaginazione dei pi\u00f9 piccoli e il protagonista sono colori e accessori simpatici. Non meno importante \u00e8 la <strong>giusta illuminazione<\/strong>, da ottenere con lampade di design come la <strong><a title=\"Lampada Nutella\" href=\"https:\/\/www.ideasweb.it\/lampada-nutella\" target=\"_blank\" rel=\"noopener noreferrer\">Lampada Nutella<\/a> <\/strong>o con altri lampadari e lampade da scegliere sempre con la giusta attenzione. Ecco alcuni consigli.<\/p>\n<h2><strong>La lampada giusta per la cameretta del bambino<\/strong><\/h2>\n<p>Il bambino sogna di diventare calciatore o poliziotto? Allora la <strong>stanza va arredata a tema<\/strong>: chi vorrebbe diventare pilota pu\u00f2 contare su un lampadario che imita le eliche dell\u2019aereo e in commercio ci sono davvero tante idee ispirate a calcio, animali e macchine per decorare la lampada da tavolo, da parete o da soffitto.<\/p>\n<h2><strong>La lampada giusta per la cameretta della bambina<\/strong><\/h2>\n<p>La camera della bambina si caratterizza per il colore rosa, che non passa mai di moda, mentre i <strong>temi dell\u2019arredo<\/strong> sono animali e mondo delle principesse. Per questo non mancano sul mercato lampade con cavalli, api colorate o ispirate ai personaggi dei cartoon pensate per far sentire immediatamente la bambina a suo agio. Senza dimenticare il mondo di fate e principesse, altro grande classico che trasforma ogni cameretta in un regno magico.<\/p>\n<h2><strong>Le lampade da tavolo per bambini<\/strong><\/h2>\n<p>La <strong>lampada da tavolo<\/strong> \u00e8 l\u2019accessorio essenziale per permettere al bambino di fare i compiti e studiare e va posizionata sulla scrivania. Anche in questo caso si pu\u00f2 scegliere una lampada seria o una lampada pi\u00f9 simpatica e colorata, come la <strong><a title=\"Lampada con barattolo Nutella\" href=\"https:\/\/www.ideasweb.it\/lampada-nutella\" target=\"_blank\" rel=\"noopener noreferrer\">Lampada con barattolo Nutella<\/a><\/strong>.<\/p>\n<p>Tra un compito e l\u2019altro la mente potr\u00e0 vagare con la fantasia in un mondo di draghi, dinosauri e pirati, maghi e streghe per poi tornare ancora pi\u00f9 produttiva al compito da svolgere grazie alla pausa piena di fantasia. In ogni caso la lampada va posizionata e scelta con cura per non creare ombre sul foglio.<\/p>\n<h2><strong>Lampada Nutella: un oggetto da creare da soli<\/strong><\/h2>\n<p>Gli adolescenti ameranno la <strong>Lampada Nutella<\/strong> che potranno creare da soli o con l\u2019aiuto di un adulto posizionando nel <strong>barattolo di Nutella in vetro da 1kg<\/strong> le lampadine LED e trasformando il tappo nel pulsante di accensione. La lampada Nutella piace davvero a tutti, grandi e bambini e se da un lato \u00e8 perfetta nella stanza del pi\u00f9 piccolo, far\u00e0 una bella figura anche nella camera dei ragazzi e delle ragazze pi\u00f9 cresciuti.<\/p>\n<p>Scegliere la lampada giusta \u00e8 un momento di divertimento da condividere con bambini e ragazzi in modo da portare a casa un oggetto colorato e di design che far\u00e0 loro compagnia durante lo studio.<\/p>\n<p>&nbsp;<\/p>\n","protected":false},"excerpt":{"rendered":"<p>La cameretta dei bambini deve essere pensata per dare libero sfogo all\u2019immaginazione dei pi\u00f9 piccoli e il protagonista sono colori e accessori simpatici. Non meno importante \u00e8 la giusta illuminazione, da ottenere con lampade di design come la Lampada Nutella o con altri lampadari e lampade da scegliere sempre con la giusta attenzione. Ecco alcuni consigli. La lampada giusta per la cameretta del bambino Il bambino sogna di diventare calciatore<\/p>\n<p><a class=\"continue-reading\" href=\"https:\/\/www.article-marketing.eu\/comunicatistampa\/la-luce-in-una-cameretta-per-ragazzi\/\">Continue reading&#8230;<\/a><\/p>\n","protected":false},"author":965,"featured_media":0,"comment_status":"open","ping_status":"open","sticky":false,"template":"","format":"standard","meta":{"_monsterinsights_skip_tracking":false,"_monsterinsights_sitenote_active":false,"_monsterinsights_sitenote_note":"","_monsterinsights_sitenote_category":0,"footnotes":""},"categories":[406],"tags":[],"class_list":["post-22930","post","type-post","status-publish","format-standard","hentry","category-interni"],"yoast_head":"<!-- This site is optimized with the Yoast SEO plugin v27.3 - https:\/\/yoast.com\/product\/yoast-seo-wordpress\/ -->\n<title>La luce in una cameretta per ragazzi - Article Marketing<\/title>\n<meta name=\"robots\" content=\"index, follow, max-snippet:-1, max-image-preview:large, max-video-preview:-1\" \/>\n<link rel=\"canonical\" href=\"https:\/\/www.article-marketing.eu\/comunicatistampa\/la-luce-in-una-cameretta-per-ragazzi\/\" \/>\n<meta property=\"og:locale\" content=\"it_IT\" \/>\n<meta property=\"og:type\" content=\"article\" \/>\n<meta property=\"og:title\" content=\"La luce in una cameretta per ragazzi - Article Marketing\" \/>\n<meta property=\"og:description\" content=\"La cameretta dei bambini deve essere pensata per dare libero sfogo all\u2019immaginazione dei pi\u00f9 piccoli e il protagonista sono colori e accessori simpatici. Non meno importante \u00e8 la giusta illuminazione, da ottenere con lampade di design come la Lampada Nutella o con altri lampadari e lampade da scegliere sempre con la giusta attenzione. Ecco alcuni consigli. La lampada giusta per la cameretta del bambino Il bambino sogna di diventare calciatoreContinue reading...\" \/>\n<meta property=\"og:url\" content=\"https:\/\/www.article-marketing.eu\/comunicatistampa\/la-luce-in-una-cameretta-per-ragazzi\/\" \/>\n<meta property=\"og:site_name\" content=\"Article Marketing\" \/>\n<meta property=\"article:published_time\" content=\"2022-05-03T11:06:45+00:00\" \/>\n<meta name=\"author\" content=\"romaweblab\" \/>\n<meta name=\"twitter:card\" content=\"summary_large_image\" \/>\n<meta name=\"twitter:label1\" content=\"Scritto da\" \/>\n\t<meta name=\"twitter:data1\" content=\"romaweblab\" \/>\n\t<meta name=\"twitter:label2\" content=\"Tempo di lettura stimato\" \/>\n\t<meta name=\"twitter:data2\" content=\"3 minuti\" \/>\n<script type=\"application\/ld+json\" class=\"yoast-schema-graph\">{\"@context\":\"https:\\\/\\\/schema.org\",\"@graph\":[{\"@type\":\"Article\",\"@id\":\"https:\\\/\\\/www.article-marketing.eu\\\/comunicatistampa\\\/la-luce-in-una-cameretta-per-ragazzi\\\/#article\",\"isPartOf\":{\"@id\":\"https:\\\/\\\/www.article-marketing.eu\\\/comunicatistampa\\\/la-luce-in-una-cameretta-per-ragazzi\\\/\"},\"author\":{\"name\":\"romaweblab\",\"@id\":\"https:\\\/\\\/www.article-marketing.eu\\\/comunicatistampa\\\/#\\\/schema\\\/person\\\/be2f887324c87662e0fb6cf2834e0336\"},\"headline\":\"La luce in una cameretta per ragazzi\",\"datePublished\":\"2022-05-03T11:06:45+00:00\",\"mainEntityOfPage\":{\"@id\":\"https:\\\/\\\/www.article-marketing.eu\\\/comunicatistampa\\\/la-luce-in-una-cameretta-per-ragazzi\\\/\"},\"wordCount\":430,\"commentCount\":0,\"articleSection\":[\"Interni\"],\"inLanguage\":\"it-IT\",\"potentialAction\":[{\"@type\":\"CommentAction\",\"name\":\"Comment\",\"target\":[\"https:\\\/\\\/www.article-marketing.eu\\\/comunicatistampa\\\/la-luce-in-una-cameretta-per-ragazzi\\\/#respond\"]}]},{\"@type\":\"WebPage\",\"@id\":\"https:\\\/\\\/www.article-marketing.eu\\\/comunicatistampa\\\/la-luce-in-una-cameretta-per-ragazzi\\\/\",\"url\":\"https:\\\/\\\/www.article-marketing.eu\\\/comunicatistampa\\\/la-luce-in-una-cameretta-per-ragazzi\\\/\",\"name\":\"La luce in una cameretta per ragazzi - Article Marketing\",\"isPartOf\":{\"@id\":\"https:\\\/\\\/www.article-marketing.eu\\\/comunicatistampa\\\/#website\"},\"datePublished\":\"2022-05-03T11:06:45+00:00\",\"author\":{\"@id\":\"https:\\\/\\\/www.article-marketing.eu\\\/comunicatistampa\\\/#\\\/schema\\\/person\\\/be2f887324c87662e0fb6cf2834e0336\"},\"breadcrumb\":{\"@id\":\"https:\\\/\\\/www.article-marketing.eu\\\/comunicatistampa\\\/la-luce-in-una-cameretta-per-ragazzi\\\/#breadcrumb\"},\"inLanguage\":\"it-IT\",\"potentialAction\":[{\"@type\":\"ReadAction\",\"target\":[\"https:\\\/\\\/www.article-marketing.eu\\\/comunicatistampa\\\/la-luce-in-una-cameretta-per-ragazzi\\\/\"]}]},{\"@type\":\"BreadcrumbList\",\"@id\":\"https:\\\/\\\/www.article-marketing.eu\\\/comunicatistampa\\\/la-luce-in-una-cameretta-per-ragazzi\\\/#breadcrumb\",\"itemListElement\":[{\"@type\":\"ListItem\",\"position\":1,\"name\":\"Home\",\"item\":\"https:\\\/\\\/www.article-marketing.eu\\\/comunicatistampa\\\/\"},{\"@type\":\"ListItem\",\"position\":2,\"name\":\"La luce in una cameretta per ragazzi\"}]},{\"@type\":\"WebSite\",\"@id\":\"https:\\\/\\\/www.article-marketing.eu\\\/comunicatistampa\\\/#website\",\"url\":\"https:\\\/\\\/www.article-marketing.eu\\\/comunicatistampa\\\/\",\"name\":\"Article Marketing\",\"description\":\"article marketing &amp; press release\",\"potentialAction\":[{\"@type\":\"SearchAction\",\"target\":{\"@type\":\"EntryPoint\",\"urlTemplate\":\"https:\\\/\\\/www.article-marketing.eu\\\/comunicatistampa\\\/?s={search_term_string}\"},\"query-input\":{\"@type\":\"PropertyValueSpecification\",\"valueRequired\":true,\"valueName\":\"search_term_string\"}}],\"inLanguage\":\"it-IT\"},{\"@type\":\"Person\",\"@id\":\"https:\\\/\\\/www.article-marketing.eu\\\/comunicatistampa\\\/#\\\/schema\\\/person\\\/be2f887324c87662e0fb6cf2834e0336\",\"name\":\"romaweblab\",\"image\":{\"@type\":\"ImageObject\",\"inLanguage\":\"it-IT\",\"@id\":\"https:\\\/\\\/secure.gravatar.com\\\/avatar\\\/7a18e1e9acde3c713594a5fb9560914c1498cb2e6174ae734100e3abe8e37352?s=96&d=mm&r=g\",\"url\":\"https:\\\/\\\/secure.gravatar.com\\\/avatar\\\/7a18e1e9acde3c713594a5fb9560914c1498cb2e6174ae734100e3abe8e37352?s=96&d=mm&r=g\",\"contentUrl\":\"https:\\\/\\\/secure.gravatar.com\\\/avatar\\\/7a18e1e9acde3c713594a5fb9560914c1498cb2e6174ae734100e3abe8e37352?s=96&d=mm&r=g\",\"caption\":\"romaweblab\"},\"url\":\"https:\\\/\\\/www.article-marketing.eu\\\/comunicatistampa\\\/author\\\/romaweblab\\\/\"}]}<\/script>\n<!-- \/ Yoast SEO plugin. -->","yoast_head_json":{"title":"La luce in una cameretta per ragazzi - Article Marketing","robots":{"index":"index","follow":"follow","max-snippet":"max-snippet:-1","max-image-preview":"max-image-preview:large","max-video-preview":"max-video-preview:-1"},"canonical":"https:\/\/www.article-marketing.eu\/comunicatistampa\/la-luce-in-una-cameretta-per-ragazzi\/","og_locale":"it_IT","og_type":"article","og_title":"La luce in una cameretta per ragazzi - Article Marketing","og_description":"La cameretta dei bambini deve essere pensata per dare libero sfogo all\u2019immaginazione dei pi\u00f9 piccoli e il protagonista sono colori e accessori simpatici. Non meno importante \u00e8 la giusta illuminazione, da ottenere con lampade di design come la Lampada Nutella o con altri lampadari e lampade da scegliere sempre con la giusta attenzione. Ecco alcuni consigli. La lampada giusta per la cameretta del bambino Il bambino sogna di diventare calciatoreContinue reading...","og_url":"https:\/\/www.article-marketing.eu\/comunicatistampa\/la-luce-in-una-cameretta-per-ragazzi\/","og_site_name":"Article Marketing","article_published_time":"2022-05-03T11:06:45+00:00","author":"romaweblab","twitter_card":"summary_large_image","twitter_misc":{"Scritto da":"romaweblab","Tempo di lettura stimato":"3 minuti"},"schema":{"@context":"https:\/\/schema.org","@graph":[{"@type":"Article","@id":"https:\/\/www.article-marketing.eu\/comunicatistampa\/la-luce-in-una-cameretta-per-ragazzi\/#article","isPartOf":{"@id":"https:\/\/www.article-marketing.eu\/comunicatistampa\/la-luce-in-una-cameretta-per-ragazzi\/"},"author":{"name":"romaweblab","@id":"https:\/\/www.article-marketing.eu\/comunicatistampa\/#\/schema\/person\/be2f887324c87662e0fb6cf2834e0336"},"headline":"La luce in una cameretta per ragazzi","datePublished":"2022-05-03T11:06:45+00:00","mainEntityOfPage":{"@id":"https:\/\/www.article-marketing.eu\/comunicatistampa\/la-luce-in-una-cameretta-per-ragazzi\/"},"wordCount":430,"commentCount":0,"articleSection":["Interni"],"inLanguage":"it-IT","potentialAction":[{"@type":"CommentAction","name":"Comment","target":["https:\/\/www.article-marketing.eu\/comunicatistampa\/la-luce-in-una-cameretta-per-ragazzi\/#respond"]}]},{"@type":"WebPage","@id":"https:\/\/www.article-marketing.eu\/comunicatistampa\/la-luce-in-una-cameretta-per-ragazzi\/","url":"https:\/\/www.article-marketing.eu\/comunicatistampa\/la-luce-in-una-cameretta-per-ragazzi\/","name":"La luce in una cameretta per ragazzi - Article Marketing","isPartOf":{"@id":"https:\/\/www.article-marketing.eu\/comunicatistampa\/#website"},"datePublished":"2022-05-03T11:06:45+00:00","author":{"@id":"https:\/\/www.article-marketing.eu\/comunicatistampa\/#\/schema\/person\/be2f887324c87662e0fb6cf2834e0336"},"breadcrumb":{"@id":"https:\/\/www.article-marketing.eu\/comunicatistampa\/la-luce-in-una-cameretta-per-ragazzi\/#breadcrumb"},"inLanguage":"it-IT","potentialAction":[{"@type":"ReadAction","target":["https:\/\/www.article-marketing.eu\/comunicatistampa\/la-luce-in-una-cameretta-per-ragazzi\/"]}]},{"@type":"BreadcrumbList","@id":"https:\/\/www.article-marketing.eu\/comunicatistampa\/la-luce-in-una-cameretta-per-ragazzi\/#breadcrumb","itemListElement":[{"@type":"ListItem","position":1,"name":"Home","item":"https:\/\/www.article-marketing.eu\/comunicatistampa\/"},{"@type":"ListItem","position":2,"name":"La luce in una cameretta per ragazzi"}]},{"@type":"WebSite","@id":"https:\/\/www.article-marketing.eu\/comunicatistampa\/#website","url":"https:\/\/www.article-marketing.eu\/comunicatistampa\/","name":"Article Marketing","description":"article marketing &amp; press release","potentialAction":[{"@type":"SearchAction","target":{"@type":"EntryPoint","urlTemplate":"https:\/\/www.article-marketing.eu\/comunicatistampa\/?s={search_term_string}"},"query-input":{"@type":"PropertyValueSpecification","valueRequired":true,"valueName":"search_term_string"}}],"inLanguage":"it-IT"},{"@type":"Person","@id":"https:\/\/www.article-marketing.eu\/comunicatistampa\/#\/schema\/person\/be2f887324c87662e0fb6cf2834e0336","name":"romaweblab","image":{"@type":"ImageObject","inLanguage":"it-IT","@id":"https:\/\/secure.gravatar.com\/avatar\/7a18e1e9acde3c713594a5fb9560914c1498cb2e6174ae734100e3abe8e37352?s=96&d=mm&r=g","url":"https:\/\/secure.gravatar.com\/avatar\/7a18e1e9acde3c713594a5fb9560914c1498cb2e6174ae734100e3abe8e37352?s=96&d=mm&r=g","contentUrl":"https:\/\/secure.gravatar.com\/avatar\/7a18e1e9acde3c713594a5fb9560914c1498cb2e6174ae734100e3abe8e37352?s=96&d=mm&r=g","caption":"romaweblab"},"url":"https:\/\/www.article-marketing.eu\/comunicatistampa\/author\/romaweblab\/"}]}},"_links":{"self":[{"href":"https:\/\/www.article-marketing.eu\/comunicatistampa\/wp-json\/wp\/v2\/posts\/22930","targetHints":{"allow":["GET"]}}],"collection":[{"href":"https:\/\/www.article-marketing.eu\/comunicatistampa\/wp-json\/wp\/v2\/posts"}],"about":[{"href":"https:\/\/www.article-marketing.eu\/comunicatistampa\/wp-json\/wp\/v2\/types\/post"}],"author":[{"embeddable":true,"href":"https:\/\/www.article-marketing.eu\/comunicatistampa\/wp-json\/wp\/v2\/users\/965"}],"replies":[{"embeddable":true,"href":"https:\/\/www.article-marketing.eu\/comunicatistampa\/wp-json\/wp\/v2\/comments?post=22930"}],"version-history":[{"count":2,"href":"https:\/\/www.article-marketing.eu\/comunicatistampa\/wp-json\/wp\/v2\/posts\/22930\/revisions"}],"predecessor-version":[{"id":22956,"href":"https:\/\/www.article-marketing.eu\/comunicatistampa\/wp-json\/wp\/v2\/posts\/22930\/revisions\/22956"}],"wp:attachment":[{"href":"https:\/\/www.article-marketing.eu\/comunicatistampa\/wp-json\/wp\/v2\/media?parent=22930"}],"wp:term":[{"taxonomy":"category","embeddable":true,"href":"https:\/\/www.article-marketing.eu\/comunicatistampa\/wp-json\/wp\/v2\/categories?post=22930"},{"taxonomy":"post_tag","embeddable":true,"href":"https:\/\/www.article-marketing.eu\/comunicatistampa\/wp-json\/wp\/v2\/tags?post=22930"}],"curies":[{"name":"wp","href":"https:\/\/api.w.org\/{rel}","templated":true}]}}