{"id":22932,"date":"2022-05-03T13:09:51","date_gmt":"2022-05-03T11:09:51","guid":{"rendered":"https:\/\/www.article-marketing.eu\/comunicatistampa\/?p=22932"},"modified":"2022-05-03T13:09:51","modified_gmt":"2022-05-03T11:09:51","slug":"il-percorso-professionale-di-marco-domizio-dagli-esordi-alla-fondazione-di-ares-ambiente","status":"publish","type":"post","link":"https:\/\/www.article-marketing.eu\/comunicatistampa\/il-percorso-professionale-di-marco-domizio-dagli-esordi-alla-fondazione-di-ares-ambiente\/","title":{"rendered":"Il percorso professionale di Marco Domizio: dagli esordi alla fondazione di Ares Ambiente"},"content":{"rendered":"<p><em><strong><a title=\"Marco Domizio - Crunchbase\" href=\"https:\/\/www.crunchbase.com\/person\/marco-domizio\">Marco Domizio<\/a> ha maturato ampie competenze specialistiche nel settore dell&#8217;intermediazione dei rifiuti, con esperienze di rilievo condotte fin dagli anni &#8217;90. Dal 2008 \u00e8 alla guida di Ares Ambiente, specializzata in attivit\u00e0 di smaltimento, recupero e trasporto di rifiuti su tutto il territorio nazionale.<\/strong><\/em><\/p>\n<p><img loading=\"lazy\" decoding=\"async\" class=\"alignnone\" src=\"https:\/\/h2biz.net\/images\/Plats\/crop_min_20220323094859.jpg\" alt=\"Marco Domizio\" width=\"120\" height=\"120\" \/><\/p>\n<h2>Intermediazione dei rifiuti: focus sul percorso professionale di Marco Domizio<\/h2>\n<p>Manager di origini bergamasche, classe 1974, <strong>Marco Domizio<\/strong> avvia la propria carriera dopo il conseguimento del Diploma di Geometra. Nello specifico, entra in un&#8217;azienda di intermediazione rifiuti attiva in Lombardia, dove si occupa anche della partecipazione alle gare di appalto. Dopo sei anni viene nominato Responsabile Commerciale in una societ\u00e0 specializzata in attivit\u00e0 di spurghi e pulizie industriali. In questo periodo contribuisce all&#8217;espansione della clientela e alla realizzazione di un impianto di compostaggio in provincia di Bergamo, tuttora attivo. Prosegue nello stesso ruolo per una primaria azienda della provincia di Milano: tra le altre cose, si occupa dell&#8217;installazione di sette impianti di trito-vagliatura in Campania. Negli stessi anni si specializza anche in attivit\u00e0 di trasporto transfrontaliero di rifiuti, sia a mezzo gomma\/intermodale che a mezzo nave. In seguito, viene nominato Responsabile Commerciale in un impianto di compostaggio in provincia di Bergamo, per poi occuparsi della gestione di una cava di estrazione di minerali naturali nel ruolo di Responsabile. Dopo tale esperienza <strong>Marco Domizio<\/strong> collabora con due societ\u00e0 attive in campo ambientale: una di trasporti conto terzi e una di intermediazione.<\/p>\n<h2>Marco Domizio: i progetti in Ares Ambiente<\/h2>\n<p><strong>Marco Domizio<\/strong> prosegue la sua carriera nel settore fondando <strong>Ares Ambiente<\/strong> nel 2008: tuttora ne \u00e8 alla guida in qualit\u00e0 di Amministratore Delegato. L&#8217;azienda ha sede Treviolo (BG) ed \u00e8 specializzata nell&#8217;intermediazione di rifiuti e nella gestione di impianti autorizzati. Iscritta presso l&#8217;Albo Nazionale Gestori Ambientali, Categoria 8 Classe A e Categoria 4F e 5F &#8211; Sezione Regionale della Lombardia, conduce attivit\u00e0 di smaltimento, recupero e trasporto di rifiuti urbani, speciali pericolosi e speciali non pericolosi su tutto il territorio nazionale. Negli anni \u00e8 riuscita ad affermarsi come anello di congiunzione tra i soggetti attivi in Italia nel ciclo di gestione del rifiuto. Le sue attivit\u00e0, incentrate su efficienza, economicit\u00e0 e trasparenza, si focalizzano sul trattamento di rifiuti caratterizzati in numerosi codici CER &#8211; Codice Europeo dei Rifiuti, in linea con la classificazione &#8220;Elenco Europeo dei Rifiuti &#8211; EER 2014\/955\/UE&#8221;. Numerose le certificazioni acquisite dall&#8217;azienda di <strong>Marco Domizio<\/strong>: Qualit\u00e0 (UNI EN ISO 9001:2015), Ambiente (UNI EN ISO 14001:2015 e Regolamento Europeo EMAS), Sicurezza (UNI ISO 45001:2018) e Responsabilit\u00e0 Sociale (SA 8000:2014)<\/p>\n","protected":false},"excerpt":{"rendered":"<p>Marco Domizio ha maturato ampie competenze specialistiche nel settore dell&#8217;intermediazione dei rifiuti, con esperienze di rilievo condotte fin dagli anni &#8217;90. Dal 2008 \u00e8 alla guida di Ares Ambiente, specializzata in attivit\u00e0 di smaltimento, recupero e trasporto di rifiuti su tutto il territorio nazionale. Intermediazione dei rifiuti: focus sul percorso professionale di Marco Domizio Manager di origini bergamasche, classe 1974, Marco Domizio avvia la propria carriera dopo il conseguimento del<\/p>\n<p><a class=\"continue-reading\" href=\"https:\/\/www.article-marketing.eu\/comunicatistampa\/il-percorso-professionale-di-marco-domizio-dagli-esordi-alla-fondazione-di-ares-ambiente\/\">Continue reading&#8230;<\/a><\/p>\n","protected":false},"author":6477,"featured_media":0,"comment_status":"open","ping_status":"open","sticky":false,"template":"","format":"standard","meta":{"_monsterinsights_skip_tracking":false,"_monsterinsights_sitenote_active":false,"_monsterinsights_sitenote_note":"","_monsterinsights_sitenote_category":0,"footnotes":""},"categories":[78],"tags":[9620],"class_list":["post-22932","post","type-post","status-publish","format-standard","hentry","category-comunicati-stampa","tag-marco-domizio"],"yoast_head":"<!-- This site is optimized with the Yoast SEO plugin v27.3 - https:\/\/yoast.com\/product\/yoast-seo-wordpress\/ -->\n<title>Il percorso professionale di Marco Domizio: dagli esordi alla fondazione di Ares Ambiente<\/title>\n<meta name=\"robots\" content=\"index, follow, max-snippet:-1, max-image-preview:large, max-video-preview:-1\" \/>\n<link rel=\"canonical\" href=\"https:\/\/www.article-marketing.eu\/comunicatistampa\/il-percorso-professionale-di-marco-domizio-dagli-esordi-alla-fondazione-di-ares-ambiente\/\" \/>\n<meta property=\"og:locale\" content=\"it_IT\" \/>\n<meta property=\"og:type\" content=\"article\" \/>\n<meta property=\"og:title\" content=\"Il percorso professionale di Marco Domizio: dagli esordi alla fondazione di Ares Ambiente\" \/>\n<meta property=\"og:description\" content=\"Marco Domizio ha maturato ampie competenze specialistiche nel settore dell&#8217;intermediazione dei rifiuti, con esperienze di rilievo condotte fin dagli anni &#8217;90. Dal 2008 \u00e8 alla guida di Ares Ambiente, specializzata in attivit\u00e0 di smaltimento, recupero e trasporto di rifiuti su tutto il territorio nazionale. Intermediazione dei rifiuti: focus sul percorso professionale di Marco Domizio Manager di origini bergamasche, classe 1974, Marco Domizio avvia la propria carriera dopo il conseguimento delContinue reading...\" \/>\n<meta property=\"og:url\" content=\"https:\/\/www.article-marketing.eu\/comunicatistampa\/il-percorso-professionale-di-marco-domizio-dagli-esordi-alla-fondazione-di-ares-ambiente\/\" \/>\n<meta property=\"og:site_name\" content=\"Article Marketing\" \/>\n<meta property=\"article:published_time\" content=\"2022-05-03T11:09:51+00:00\" \/>\n<meta property=\"og:image\" content=\"https:\/\/h2biz.net\/images\/Plats\/crop_min_20220323094859.jpg\" \/>\n<meta name=\"author\" content=\"articolinews\" \/>\n<meta name=\"twitter:card\" content=\"summary_large_image\" \/>\n<meta name=\"twitter:label1\" content=\"Scritto da\" \/>\n\t<meta name=\"twitter:data1\" content=\"articolinews\" \/>\n\t<meta name=\"twitter:label2\" content=\"Tempo di lettura stimato\" \/>\n\t<meta name=\"twitter:data2\" content=\"3 minuti\" \/>\n<script type=\"application\/ld+json\" class=\"yoast-schema-graph\">{\"@context\":\"https:\\\/\\\/schema.org\",\"@graph\":[{\"@type\":\"Article\",\"@id\":\"https:\\\/\\\/www.article-marketing.eu\\\/comunicatistampa\\\/il-percorso-professionale-di-marco-domizio-dagli-esordi-alla-fondazione-di-ares-ambiente\\\/#article\",\"isPartOf\":{\"@id\":\"https:\\\/\\\/www.article-marketing.eu\\\/comunicatistampa\\\/il-percorso-professionale-di-marco-domizio-dagli-esordi-alla-fondazione-di-ares-ambiente\\\/\"},\"author\":{\"name\":\"articolinews\",\"@id\":\"https:\\\/\\\/www.article-marketing.eu\\\/comunicatistampa\\\/#\\\/schema\\\/person\\\/2fcaf8f8f3a9eef9eb7f27532d3ca458\"},\"headline\":\"Il percorso professionale di Marco Domizio: dagli esordi alla fondazione di Ares Ambiente\",\"datePublished\":\"2022-05-03T11:09:51+00:00\",\"mainEntityOfPage\":{\"@id\":\"https:\\\/\\\/www.article-marketing.eu\\\/comunicatistampa\\\/il-percorso-professionale-di-marco-domizio-dagli-esordi-alla-fondazione-di-ares-ambiente\\\/\"},\"wordCount\":414,\"commentCount\":0,\"image\":{\"@id\":\"https:\\\/\\\/www.article-marketing.eu\\\/comunicatistampa\\\/il-percorso-professionale-di-marco-domizio-dagli-esordi-alla-fondazione-di-ares-ambiente\\\/#primaryimage\"},\"thumbnailUrl\":\"https:\\\/\\\/h2biz.net\\\/images\\\/Plats\\\/crop_min_20220323094859.jpg\",\"keywords\":[\"Marco Domizio\"],\"articleSection\":[\"Comunicati stampa\"],\"inLanguage\":\"it-IT\",\"potentialAction\":[{\"@type\":\"CommentAction\",\"name\":\"Comment\",\"target\":[\"https:\\\/\\\/www.article-marketing.eu\\\/comunicatistampa\\\/il-percorso-professionale-di-marco-domizio-dagli-esordi-alla-fondazione-di-ares-ambiente\\\/#respond\"]}]},{\"@type\":\"WebPage\",\"@id\":\"https:\\\/\\\/www.article-marketing.eu\\\/comunicatistampa\\\/il-percorso-professionale-di-marco-domizio-dagli-esordi-alla-fondazione-di-ares-ambiente\\\/\",\"url\":\"https:\\\/\\\/www.article-marketing.eu\\\/comunicatistampa\\\/il-percorso-professionale-di-marco-domizio-dagli-esordi-alla-fondazione-di-ares-ambiente\\\/\",\"name\":\"Il percorso professionale di Marco Domizio: dagli esordi alla fondazione di Ares Ambiente\",\"isPartOf\":{\"@id\":\"https:\\\/\\\/www.article-marketing.eu\\\/comunicatistampa\\\/#website\"},\"primaryImageOfPage\":{\"@id\":\"https:\\\/\\\/www.article-marketing.eu\\\/comunicatistampa\\\/il-percorso-professionale-di-marco-domizio-dagli-esordi-alla-fondazione-di-ares-ambiente\\\/#primaryimage\"},\"image\":{\"@id\":\"https:\\\/\\\/www.article-marketing.eu\\\/comunicatistampa\\\/il-percorso-professionale-di-marco-domizio-dagli-esordi-alla-fondazione-di-ares-ambiente\\\/#primaryimage\"},\"thumbnailUrl\":\"https:\\\/\\\/h2biz.net\\\/images\\\/Plats\\\/crop_min_20220323094859.jpg\",\"datePublished\":\"2022-05-03T11:09:51+00:00\",\"author\":{\"@id\":\"https:\\\/\\\/www.article-marketing.eu\\\/comunicatistampa\\\/#\\\/schema\\\/person\\\/2fcaf8f8f3a9eef9eb7f27532d3ca458\"},\"breadcrumb\":{\"@id\":\"https:\\\/\\\/www.article-marketing.eu\\\/comunicatistampa\\\/il-percorso-professionale-di-marco-domizio-dagli-esordi-alla-fondazione-di-ares-ambiente\\\/#breadcrumb\"},\"inLanguage\":\"it-IT\",\"potentialAction\":[{\"@type\":\"ReadAction\",\"target\":[\"https:\\\/\\\/www.article-marketing.eu\\\/comunicatistampa\\\/il-percorso-professionale-di-marco-domizio-dagli-esordi-alla-fondazione-di-ares-ambiente\\\/\"]}]},{\"@type\":\"ImageObject\",\"inLanguage\":\"it-IT\",\"@id\":\"https:\\\/\\\/www.article-marketing.eu\\\/comunicatistampa\\\/il-percorso-professionale-di-marco-domizio-dagli-esordi-alla-fondazione-di-ares-ambiente\\\/#primaryimage\",\"url\":\"https:\\\/\\\/h2biz.net\\\/images\\\/Plats\\\/crop_min_20220323094859.jpg\",\"contentUrl\":\"https:\\\/\\\/h2biz.net\\\/images\\\/Plats\\\/crop_min_20220323094859.jpg\"},{\"@type\":\"BreadcrumbList\",\"@id\":\"https:\\\/\\\/www.article-marketing.eu\\\/comunicatistampa\\\/il-percorso-professionale-di-marco-domizio-dagli-esordi-alla-fondazione-di-ares-ambiente\\\/#breadcrumb\",\"itemListElement\":[{\"@type\":\"ListItem\",\"position\":1,\"name\":\"Home\",\"item\":\"https:\\\/\\\/www.article-marketing.eu\\\/comunicatistampa\\\/\"},{\"@type\":\"ListItem\",\"position\":2,\"name\":\"Il percorso professionale di Marco Domizio: dagli esordi alla fondazione di Ares Ambiente\"}]},{\"@type\":\"WebSite\",\"@id\":\"https:\\\/\\\/www.article-marketing.eu\\\/comunicatistampa\\\/#website\",\"url\":\"https:\\\/\\\/www.article-marketing.eu\\\/comunicatistampa\\\/\",\"name\":\"Article Marketing\",\"description\":\"article marketing &amp; press release\",\"potentialAction\":[{\"@type\":\"SearchAction\",\"target\":{\"@type\":\"EntryPoint\",\"urlTemplate\":\"https:\\\/\\\/www.article-marketing.eu\\\/comunicatistampa\\\/?s={search_term_string}\"},\"query-input\":{\"@type\":\"PropertyValueSpecification\",\"valueRequired\":true,\"valueName\":\"search_term_string\"}}],\"inLanguage\":\"it-IT\"},{\"@type\":\"Person\",\"@id\":\"https:\\\/\\\/www.article-marketing.eu\\\/comunicatistampa\\\/#\\\/schema\\\/person\\\/2fcaf8f8f3a9eef9eb7f27532d3ca458\",\"name\":\"articolinews\",\"image\":{\"@type\":\"ImageObject\",\"inLanguage\":\"it-IT\",\"@id\":\"https:\\\/\\\/secure.gravatar.com\\\/avatar\\\/9e2a264bab04e17dea24d937c9956304649a848cb73c46747a692ff1bdeb1cb7?s=96&d=mm&r=g\",\"url\":\"https:\\\/\\\/secure.gravatar.com\\\/avatar\\\/9e2a264bab04e17dea24d937c9956304649a848cb73c46747a692ff1bdeb1cb7?s=96&d=mm&r=g\",\"contentUrl\":\"https:\\\/\\\/secure.gravatar.com\\\/avatar\\\/9e2a264bab04e17dea24d937c9956304649a848cb73c46747a692ff1bdeb1cb7?s=96&d=mm&r=g\",\"caption\":\"articolinews\"},\"url\":\"https:\\\/\\\/www.article-marketing.eu\\\/comunicatistampa\\\/author\\\/articolinews\\\/\"}]}<\/script>\n<!-- \/ Yoast SEO plugin. -->","yoast_head_json":{"title":"Il percorso professionale di Marco Domizio: dagli esordi alla fondazione di Ares Ambiente","robots":{"index":"index","follow":"follow","max-snippet":"max-snippet:-1","max-image-preview":"max-image-preview:large","max-video-preview":"max-video-preview:-1"},"canonical":"https:\/\/www.article-marketing.eu\/comunicatistampa\/il-percorso-professionale-di-marco-domizio-dagli-esordi-alla-fondazione-di-ares-ambiente\/","og_locale":"it_IT","og_type":"article","og_title":"Il percorso professionale di Marco Domizio: dagli esordi alla fondazione di Ares Ambiente","og_description":"Marco Domizio ha maturato ampie competenze specialistiche nel settore dell&#8217;intermediazione dei rifiuti, con esperienze di rilievo condotte fin dagli anni &#8217;90. Dal 2008 \u00e8 alla guida di Ares Ambiente, specializzata in attivit\u00e0 di smaltimento, recupero e trasporto di rifiuti su tutto il territorio nazionale. Intermediazione dei rifiuti: focus sul percorso professionale di Marco Domizio Manager di origini bergamasche, classe 1974, Marco Domizio avvia la propria carriera dopo il conseguimento delContinue reading...","og_url":"https:\/\/www.article-marketing.eu\/comunicatistampa\/il-percorso-professionale-di-marco-domizio-dagli-esordi-alla-fondazione-di-ares-ambiente\/","og_site_name":"Article Marketing","article_published_time":"2022-05-03T11:09:51+00:00","og_image":[{"url":"https:\/\/h2biz.net\/images\/Plats\/crop_min_20220323094859.jpg","type":"","width":"","height":""}],"author":"articolinews","twitter_card":"summary_large_image","twitter_misc":{"Scritto da":"articolinews","Tempo di lettura stimato":"3 minuti"},"schema":{"@context":"https:\/\/schema.org","@graph":[{"@type":"Article","@id":"https:\/\/www.article-marketing.eu\/comunicatistampa\/il-percorso-professionale-di-marco-domizio-dagli-esordi-alla-fondazione-di-ares-ambiente\/#article","isPartOf":{"@id":"https:\/\/www.article-marketing.eu\/comunicatistampa\/il-percorso-professionale-di-marco-domizio-dagli-esordi-alla-fondazione-di-ares-ambiente\/"},"author":{"name":"articolinews","@id":"https:\/\/www.article-marketing.eu\/comunicatistampa\/#\/schema\/person\/2fcaf8f8f3a9eef9eb7f27532d3ca458"},"headline":"Il percorso professionale di Marco Domizio: dagli esordi alla fondazione di Ares Ambiente","datePublished":"2022-05-03T11:09:51+00:00","mainEntityOfPage":{"@id":"https:\/\/www.article-marketing.eu\/comunicatistampa\/il-percorso-professionale-di-marco-domizio-dagli-esordi-alla-fondazione-di-ares-ambiente\/"},"wordCount":414,"commentCount":0,"image":{"@id":"https:\/\/www.article-marketing.eu\/comunicatistampa\/il-percorso-professionale-di-marco-domizio-dagli-esordi-alla-fondazione-di-ares-ambiente\/#primaryimage"},"thumbnailUrl":"https:\/\/h2biz.net\/images\/Plats\/crop_min_20220323094859.jpg","keywords":["Marco Domizio"],"articleSection":["Comunicati stampa"],"inLanguage":"it-IT","potentialAction":[{"@type":"CommentAction","name":"Comment","target":["https:\/\/www.article-marketing.eu\/comunicatistampa\/il-percorso-professionale-di-marco-domizio-dagli-esordi-alla-fondazione-di-ares-ambiente\/#respond"]}]},{"@type":"WebPage","@id":"https:\/\/www.article-marketing.eu\/comunicatistampa\/il-percorso-professionale-di-marco-domizio-dagli-esordi-alla-fondazione-di-ares-ambiente\/","url":"https:\/\/www.article-marketing.eu\/comunicatistampa\/il-percorso-professionale-di-marco-domizio-dagli-esordi-alla-fondazione-di-ares-ambiente\/","name":"Il percorso professionale di Marco Domizio: dagli esordi alla fondazione di Ares Ambiente","isPartOf":{"@id":"https:\/\/www.article-marketing.eu\/comunicatistampa\/#website"},"primaryImageOfPage":{"@id":"https:\/\/www.article-marketing.eu\/comunicatistampa\/il-percorso-professionale-di-marco-domizio-dagli-esordi-alla-fondazione-di-ares-ambiente\/#primaryimage"},"image":{"@id":"https:\/\/www.article-marketing.eu\/comunicatistampa\/il-percorso-professionale-di-marco-domizio-dagli-esordi-alla-fondazione-di-ares-ambiente\/#primaryimage"},"thumbnailUrl":"https:\/\/h2biz.net\/images\/Plats\/crop_min_20220323094859.jpg","datePublished":"2022-05-03T11:09:51+00:00","author":{"@id":"https:\/\/www.article-marketing.eu\/comunicatistampa\/#\/schema\/person\/2fcaf8f8f3a9eef9eb7f27532d3ca458"},"breadcrumb":{"@id":"https:\/\/www.article-marketing.eu\/comunicatistampa\/il-percorso-professionale-di-marco-domizio-dagli-esordi-alla-fondazione-di-ares-ambiente\/#breadcrumb"},"inLanguage":"it-IT","potentialAction":[{"@type":"ReadAction","target":["https:\/\/www.article-marketing.eu\/comunicatistampa\/il-percorso-professionale-di-marco-domizio-dagli-esordi-alla-fondazione-di-ares-ambiente\/"]}]},{"@type":"ImageObject","inLanguage":"it-IT","@id":"https:\/\/www.article-marketing.eu\/comunicatistampa\/il-percorso-professionale-di-marco-domizio-dagli-esordi-alla-fondazione-di-ares-ambiente\/#primaryimage","url":"https:\/\/h2biz.net\/images\/Plats\/crop_min_20220323094859.jpg","contentUrl":"https:\/\/h2biz.net\/images\/Plats\/crop_min_20220323094859.jpg"},{"@type":"BreadcrumbList","@id":"https:\/\/www.article-marketing.eu\/comunicatistampa\/il-percorso-professionale-di-marco-domizio-dagli-esordi-alla-fondazione-di-ares-ambiente\/#breadcrumb","itemListElement":[{"@type":"ListItem","position":1,"name":"Home","item":"https:\/\/www.article-marketing.eu\/comunicatistampa\/"},{"@type":"ListItem","position":2,"name":"Il percorso professionale di Marco Domizio: dagli esordi alla fondazione di Ares Ambiente"}]},{"@type":"WebSite","@id":"https:\/\/www.article-marketing.eu\/comunicatistampa\/#website","url":"https:\/\/www.article-marketing.eu\/comunicatistampa\/","name":"Article Marketing","description":"article marketing &amp; press release","potentialAction":[{"@type":"SearchAction","target":{"@type":"EntryPoint","urlTemplate":"https:\/\/www.article-marketing.eu\/comunicatistampa\/?s={search_term_string}"},"query-input":{"@type":"PropertyValueSpecification","valueRequired":true,"valueName":"search_term_string"}}],"inLanguage":"it-IT"},{"@type":"Person","@id":"https:\/\/www.article-marketing.eu\/comunicatistampa\/#\/schema\/person\/2fcaf8f8f3a9eef9eb7f27532d3ca458","name":"articolinews","image":{"@type":"ImageObject","inLanguage":"it-IT","@id":"https:\/\/secure.gravatar.com\/avatar\/9e2a264bab04e17dea24d937c9956304649a848cb73c46747a692ff1bdeb1cb7?s=96&d=mm&r=g","url":"https:\/\/secure.gravatar.com\/avatar\/9e2a264bab04e17dea24d937c9956304649a848cb73c46747a692ff1bdeb1cb7?s=96&d=mm&r=g","contentUrl":"https:\/\/secure.gravatar.com\/avatar\/9e2a264bab04e17dea24d937c9956304649a848cb73c46747a692ff1bdeb1cb7?s=96&d=mm&r=g","caption":"articolinews"},"url":"https:\/\/www.article-marketing.eu\/comunicatistampa\/author\/articolinews\/"}]}},"_links":{"self":[{"href":"https:\/\/www.article-marketing.eu\/comunicatistampa\/wp-json\/wp\/v2\/posts\/22932","targetHints":{"allow":["GET"]}}],"collection":[{"href":"https:\/\/www.article-marketing.eu\/comunicatistampa\/wp-json\/wp\/v2\/posts"}],"about":[{"href":"https:\/\/www.article-marketing.eu\/comunicatistampa\/wp-json\/wp\/v2\/types\/post"}],"author":[{"embeddable":true,"href":"https:\/\/www.article-marketing.eu\/comunicatistampa\/wp-json\/wp\/v2\/users\/6477"}],"replies":[{"embeddable":true,"href":"https:\/\/www.article-marketing.eu\/comunicatistampa\/wp-json\/wp\/v2\/comments?post=22932"}],"version-history":[{"count":3,"href":"https:\/\/www.article-marketing.eu\/comunicatistampa\/wp-json\/wp\/v2\/posts\/22932\/revisions"}],"predecessor-version":[{"id":22961,"href":"https:\/\/www.article-marketing.eu\/comunicatistampa\/wp-json\/wp\/v2\/posts\/22932\/revisions\/22961"}],"wp:attachment":[{"href":"https:\/\/www.article-marketing.eu\/comunicatistampa\/wp-json\/wp\/v2\/media?parent=22932"}],"wp:term":[{"taxonomy":"category","embeddable":true,"href":"https:\/\/www.article-marketing.eu\/comunicatistampa\/wp-json\/wp\/v2\/categories?post=22932"},{"taxonomy":"post_tag","embeddable":true,"href":"https:\/\/www.article-marketing.eu\/comunicatistampa\/wp-json\/wp\/v2\/tags?post=22932"}],"curies":[{"name":"wp","href":"https:\/\/api.w.org\/{rel}","templated":true}]}}