{"id":22985,"date":"2022-05-14T12:11:05","date_gmt":"2022-05-14T10:11:05","guid":{"rendered":"https:\/\/www.article-marketing.eu\/comunicatistampa\/?p=22985"},"modified":"2022-05-14T12:11:05","modified_gmt":"2022-05-14T10:11:05","slug":"terna-lad-e-dg-stefano-donnarumma-spinge-sulle-rinnovabili-rete-elettrica-strategica-per-net-zero","status":"publish","type":"post","link":"https:\/\/www.article-marketing.eu\/comunicatistampa\/terna-lad-e-dg-stefano-donnarumma-spinge-sulle-rinnovabili-rete-elettrica-strategica-per-net-zero\/","title":{"rendered":"Terna, l\u2019AD e DG Stefano Donnarumma spinge sulle rinnovabili: \u201cRete elettrica strategica per net zero\u201d"},"content":{"rendered":"<p><em><strong>Dopo i risultati incoraggianti del 2021, il Gruppo guidato da <a title=\"Stefano Donnarumma: l'impegno sulla transizione\" href=\"https:\/\/finanza.lastampa.it\/News\/2022\/04\/29\/terna-donnarumma-sviluppo-rete-fondamentale-per-net-zero\/NzdfMjAyMi0wNC0yOV9UTEI\">Stefano Donnarumma<\/a> \u00e8 pronto a condurre il Paese nel raggiungimento dei target ambientali e climatici.<\/strong><\/em><\/p>\n<p><a title=\"Stefano Donnarumma: le dichiarazioni - La Stampa\" href=\"https:\/\/finanza.lastampa.it\/News\/2022\/04\/29\/terna-donnarumma-sviluppo-rete-fondamentale-per-net-zero\/NzdfMjAyMi0wNC0yOV9UTEI\"><img decoding=\"async\" src=\"https:\/\/www.executivemanager.it\/images\/comprofiler\/0_5f29968662640.jpg\" alt=\"Stefano Donnarumma\" width=\"120\" \/><\/a><\/p>\n<h2>Stefano Donnarumma: &#8220;Con l&#8217;aggiornamento del Piano ulteriore spinta agli investimenti&#8221;<\/h2>\n<p>Senza il contributo dell&#8217;elettrico la transizione energetica non \u00e8 ipotizzabile. In vista del &#8216;net zero&#8217;, lo sviluppo della rete \u00e8 diventato per il Paese sempre pi\u00f9 una priorit\u00e0. Un ammodernamento che si rende necessario in vista della piena integrazione delle rinnovabili. Ed \u00e8 in questa direzione che <strong>Terna<\/strong> intende agire. A ribadirlo \u00e8 <strong>Stefano Donnarumma<\/strong>. Lo scorso 29 aprile l&#8217;Amministratore Delegato e Direttore Generale della societ\u00e0 che gestisce la rete di trasmissione elettrica italiana \u00e8 intervenuto all&#8217;Assemblea degli azionisti. Il Gruppo continuer\u00e0 a investire e ad andare avanti sulla produzione da fonti alternative, ha dichiarato il manager, sottolineando inoltre come il conflitto scoppiato in Ucraina e i rischi sulle forniture di gas russo abbiano dimostrato che <em>&#8220;l&#8217;Italia deve puntare su sole e vento, combustibili di cui siamo ricchi&#8221;<\/em>. Non a caso l&#8217;aggiornamento del Piano industriale, presentato a marzo dallo stesso <strong>Stefano Donnarumma<\/strong>, prevede ulteriori 10 miliardi di euro destinati a energie rinnovabili, infrastrutture sostenibili e sistemi di accumulo. Un ulteriore impulso nonostante nel 2021 siano state ben 37 le opere autorizzate dal Ministero della Transizione ecologica: <em>&#8220;Un primato storico per <strong>Terna<\/strong>&#8220;<\/em>, ha ricordato l&#8217;AD.<\/p>\n<h2>Stefano Donnarumma: &#8220;Digitalizzazione avr\u00e0 ruolo centrale nella strategia di Terna&#8221;<\/h2>\n<p><strong>Terna<\/strong> intende raggiungere gli obiettivi sulla transizione affidandosi sempre di pi\u00f9 all&#8217;innovazione tecnologica e al digitale, considerati ormai i principali abilitatori del cambio di paradigma energetico. Per aumentare sicurezza, resilienza e performance della rete, spiega <a title=\"Stefano Donnarumma: il commento - La Stampa\" href=\"https:\/\/finanza.lastampa.it\/News\/2022\/04\/29\/terna-donnarumma-sviluppo-rete-fondamentale-per-net-zero\/NzdfMjAyMi0wNC0yOV9UTEI\">Stefano Donnarumma<\/a>, nel prossimo futuro l&#8217;azienda non solo implementer\u00e0 l&#8217;utilizzo di sistemi di diagnostica, IoT e robotica, ma si focalizzer\u00e0 anche su componentistica di potenza, tecnologie digitali, trasformatori e cavi. Un progetto ambizioso ma che poggia le sue fondamenta su risultati finanziari solidi, come testimonia il via libera degli azionisti al bilancio di esercizio 2021. Il dividendo approvato \u00e8 pari a 0,2911 euro per azione, in rialzo dell&#8217;8% rispetto al 2020: <em>&#8220;I dati dello scorso anno hanno segnato un deciso miglioramento rispetto al precedente esercizio<\/em> &#8211; ha commentato <strong>Stefano Donnarumma<\/strong> &#8211; <em>e nonostante lo scenario economico complesso, il titolo ha chiuso in positivo. il mercato ha dimostrato altres\u00ec di apprezzare l&#8217;aggiornamento del Piano Industriale, con il titolo che ha ritoccato, proprio nel mese di aprile, i massimi storici raggiungendo 8,26 euro&#8221;<\/em>.<\/p>\n","protected":false},"excerpt":{"rendered":"<p>Dopo i risultati incoraggianti del 2021, il Gruppo guidato da Stefano Donnarumma \u00e8 pronto a condurre il Paese nel raggiungimento dei target ambientali e climatici. Stefano Donnarumma: &#8220;Con l&#8217;aggiornamento del Piano ulteriore spinta agli investimenti&#8221; Senza il contributo dell&#8217;elettrico la transizione energetica non \u00e8 ipotizzabile. In vista del &#8216;net zero&#8217;, lo sviluppo della rete \u00e8 diventato per il Paese sempre pi\u00f9 una priorit\u00e0. Un ammodernamento che si rende necessario in<\/p>\n<p><a class=\"continue-reading\" href=\"https:\/\/www.article-marketing.eu\/comunicatistampa\/terna-lad-e-dg-stefano-donnarumma-spinge-sulle-rinnovabili-rete-elettrica-strategica-per-net-zero\/\">Continue reading&#8230;<\/a><\/p>\n","protected":false},"author":7206,"featured_media":0,"comment_status":"open","ping_status":"open","sticky":false,"template":"","format":"standard","meta":{"_monsterinsights_skip_tracking":false,"_monsterinsights_sitenote_active":false,"_monsterinsights_sitenote_note":"","_monsterinsights_sitenote_category":0,"footnotes":""},"categories":[388],"tags":[9564,9563],"class_list":["post-22985","post","type-post","status-publish","format-standard","hentry","category-aziende","tag-stefano-donnarumma","tag-terna"],"yoast_head":"<!-- This site is optimized with the Yoast SEO plugin v27.3 - https:\/\/yoast.com\/product\/yoast-seo-wordpress\/ -->\n<title>Terna, l\u2019AD e DG Stefano Donnarumma spinge sulle rinnovabili: \u201cRete elettrica strategica per net zero\u201d<\/title>\n<meta name=\"robots\" content=\"index, follow, max-snippet:-1, max-image-preview:large, max-video-preview:-1\" \/>\n<link rel=\"canonical\" href=\"https:\/\/www.article-marketing.eu\/comunicatistampa\/terna-lad-e-dg-stefano-donnarumma-spinge-sulle-rinnovabili-rete-elettrica-strategica-per-net-zero\/\" \/>\n<meta property=\"og:locale\" content=\"it_IT\" \/>\n<meta property=\"og:type\" content=\"article\" \/>\n<meta property=\"og:title\" content=\"Terna, l\u2019AD e DG Stefano Donnarumma spinge sulle rinnovabili: \u201cRete elettrica strategica per net zero\u201d\" \/>\n<meta property=\"og:description\" content=\"Dopo i risultati incoraggianti del 2021, il Gruppo guidato da Stefano Donnarumma \u00e8 pronto a condurre il Paese nel raggiungimento dei target ambientali e climatici. Stefano Donnarumma: &#8220;Con l&#8217;aggiornamento del Piano ulteriore spinta agli investimenti&#8221; Senza il contributo dell&#8217;elettrico la transizione energetica non \u00e8 ipotizzabile. In vista del &#8216;net zero&#8217;, lo sviluppo della rete \u00e8 diventato per il Paese sempre pi\u00f9 una priorit\u00e0. Un ammodernamento che si rende necessario inContinue reading...\" \/>\n<meta property=\"og:url\" content=\"https:\/\/www.article-marketing.eu\/comunicatistampa\/terna-lad-e-dg-stefano-donnarumma-spinge-sulle-rinnovabili-rete-elettrica-strategica-per-net-zero\/\" \/>\n<meta property=\"og:site_name\" content=\"Article Marketing\" \/>\n<meta property=\"article:published_time\" content=\"2022-05-14T10:11:05+00:00\" \/>\n<meta property=\"og:image\" content=\"https:\/\/www.executivemanager.it\/images\/comprofiler\/0_5f29968662640.jpg\" \/>\n<meta name=\"author\" content=\"pressreleaself\" \/>\n<meta name=\"twitter:card\" content=\"summary_large_image\" \/>\n<meta name=\"twitter:label1\" content=\"Scritto da\" \/>\n\t<meta name=\"twitter:data1\" content=\"pressreleaself\" \/>\n\t<meta name=\"twitter:label2\" content=\"Tempo di lettura stimato\" \/>\n\t<meta name=\"twitter:data2\" content=\"2 minuti\" \/>\n<script type=\"application\/ld+json\" class=\"yoast-schema-graph\">{\"@context\":\"https:\\\/\\\/schema.org\",\"@graph\":[{\"@type\":\"Article\",\"@id\":\"https:\\\/\\\/www.article-marketing.eu\\\/comunicatistampa\\\/terna-lad-e-dg-stefano-donnarumma-spinge-sulle-rinnovabili-rete-elettrica-strategica-per-net-zero\\\/#article\",\"isPartOf\":{\"@id\":\"https:\\\/\\\/www.article-marketing.eu\\\/comunicatistampa\\\/terna-lad-e-dg-stefano-donnarumma-spinge-sulle-rinnovabili-rete-elettrica-strategica-per-net-zero\\\/\"},\"author\":{\"name\":\"pressreleaself\",\"@id\":\"https:\\\/\\\/www.article-marketing.eu\\\/comunicatistampa\\\/#\\\/schema\\\/person\\\/e12b1bc04ee2394a2e51cf979ebbbbb6\"},\"headline\":\"Terna, l\u2019AD e DG Stefano Donnarumma spinge sulle rinnovabili: \u201cRete elettrica strategica per net zero\u201d\",\"datePublished\":\"2022-05-14T10:11:05+00:00\",\"mainEntityOfPage\":{\"@id\":\"https:\\\/\\\/www.article-marketing.eu\\\/comunicatistampa\\\/terna-lad-e-dg-stefano-donnarumma-spinge-sulle-rinnovabili-rete-elettrica-strategica-per-net-zero\\\/\"},\"wordCount\":395,\"commentCount\":0,\"image\":{\"@id\":\"https:\\\/\\\/www.article-marketing.eu\\\/comunicatistampa\\\/terna-lad-e-dg-stefano-donnarumma-spinge-sulle-rinnovabili-rete-elettrica-strategica-per-net-zero\\\/#primaryimage\"},\"thumbnailUrl\":\"https:\\\/\\\/www.executivemanager.it\\\/images\\\/comprofiler\\\/0_5f29968662640.jpg\",\"keywords\":[\"Stefano Donnarumma\",\"Terna\"],\"articleSection\":[\"Aziende\"],\"inLanguage\":\"it-IT\",\"potentialAction\":[{\"@type\":\"CommentAction\",\"name\":\"Comment\",\"target\":[\"https:\\\/\\\/www.article-marketing.eu\\\/comunicatistampa\\\/terna-lad-e-dg-stefano-donnarumma-spinge-sulle-rinnovabili-rete-elettrica-strategica-per-net-zero\\\/#respond\"]}]},{\"@type\":\"WebPage\",\"@id\":\"https:\\\/\\\/www.article-marketing.eu\\\/comunicatistampa\\\/terna-lad-e-dg-stefano-donnarumma-spinge-sulle-rinnovabili-rete-elettrica-strategica-per-net-zero\\\/\",\"url\":\"https:\\\/\\\/www.article-marketing.eu\\\/comunicatistampa\\\/terna-lad-e-dg-stefano-donnarumma-spinge-sulle-rinnovabili-rete-elettrica-strategica-per-net-zero\\\/\",\"name\":\"Terna, l\u2019AD e DG Stefano Donnarumma spinge sulle rinnovabili: \u201cRete elettrica strategica per net zero\u201d\",\"isPartOf\":{\"@id\":\"https:\\\/\\\/www.article-marketing.eu\\\/comunicatistampa\\\/#website\"},\"primaryImageOfPage\":{\"@id\":\"https:\\\/\\\/www.article-marketing.eu\\\/comunicatistampa\\\/terna-lad-e-dg-stefano-donnarumma-spinge-sulle-rinnovabili-rete-elettrica-strategica-per-net-zero\\\/#primaryimage\"},\"image\":{\"@id\":\"https:\\\/\\\/www.article-marketing.eu\\\/comunicatistampa\\\/terna-lad-e-dg-stefano-donnarumma-spinge-sulle-rinnovabili-rete-elettrica-strategica-per-net-zero\\\/#primaryimage\"},\"thumbnailUrl\":\"https:\\\/\\\/www.executivemanager.it\\\/images\\\/comprofiler\\\/0_5f29968662640.jpg\",\"datePublished\":\"2022-05-14T10:11:05+00:00\",\"author\":{\"@id\":\"https:\\\/\\\/www.article-marketing.eu\\\/comunicatistampa\\\/#\\\/schema\\\/person\\\/e12b1bc04ee2394a2e51cf979ebbbbb6\"},\"breadcrumb\":{\"@id\":\"https:\\\/\\\/www.article-marketing.eu\\\/comunicatistampa\\\/terna-lad-e-dg-stefano-donnarumma-spinge-sulle-rinnovabili-rete-elettrica-strategica-per-net-zero\\\/#breadcrumb\"},\"inLanguage\":\"it-IT\",\"potentialAction\":[{\"@type\":\"ReadAction\",\"target\":[\"https:\\\/\\\/www.article-marketing.eu\\\/comunicatistampa\\\/terna-lad-e-dg-stefano-donnarumma-spinge-sulle-rinnovabili-rete-elettrica-strategica-per-net-zero\\\/\"]}]},{\"@type\":\"ImageObject\",\"inLanguage\":\"it-IT\",\"@id\":\"https:\\\/\\\/www.article-marketing.eu\\\/comunicatistampa\\\/terna-lad-e-dg-stefano-donnarumma-spinge-sulle-rinnovabili-rete-elettrica-strategica-per-net-zero\\\/#primaryimage\",\"url\":\"https:\\\/\\\/www.executivemanager.it\\\/images\\\/comprofiler\\\/0_5f29968662640.jpg\",\"contentUrl\":\"https:\\\/\\\/www.executivemanager.it\\\/images\\\/comprofiler\\\/0_5f29968662640.jpg\"},{\"@type\":\"BreadcrumbList\",\"@id\":\"https:\\\/\\\/www.article-marketing.eu\\\/comunicatistampa\\\/terna-lad-e-dg-stefano-donnarumma-spinge-sulle-rinnovabili-rete-elettrica-strategica-per-net-zero\\\/#breadcrumb\",\"itemListElement\":[{\"@type\":\"ListItem\",\"position\":1,\"name\":\"Home\",\"item\":\"https:\\\/\\\/www.article-marketing.eu\\\/comunicatistampa\\\/\"},{\"@type\":\"ListItem\",\"position\":2,\"name\":\"Terna, l\u2019AD e DG Stefano Donnarumma spinge sulle rinnovabili: \u201cRete elettrica strategica per net zero\u201d\"}]},{\"@type\":\"WebSite\",\"@id\":\"https:\\\/\\\/www.article-marketing.eu\\\/comunicatistampa\\\/#website\",\"url\":\"https:\\\/\\\/www.article-marketing.eu\\\/comunicatistampa\\\/\",\"name\":\"Article Marketing\",\"description\":\"article marketing &amp; press release\",\"potentialAction\":[{\"@type\":\"SearchAction\",\"target\":{\"@type\":\"EntryPoint\",\"urlTemplate\":\"https:\\\/\\\/www.article-marketing.eu\\\/comunicatistampa\\\/?s={search_term_string}\"},\"query-input\":{\"@type\":\"PropertyValueSpecification\",\"valueRequired\":true,\"valueName\":\"search_term_string\"}}],\"inLanguage\":\"it-IT\"},{\"@type\":\"Person\",\"@id\":\"https:\\\/\\\/www.article-marketing.eu\\\/comunicatistampa\\\/#\\\/schema\\\/person\\\/e12b1bc04ee2394a2e51cf979ebbbbb6\",\"name\":\"pressreleaself\",\"image\":{\"@type\":\"ImageObject\",\"inLanguage\":\"it-IT\",\"@id\":\"https:\\\/\\\/secure.gravatar.com\\\/avatar\\\/58b2e897ca1b290b3c87ba2112be22b2d12e7af8fea0975d839430be1249d1a3?s=96&d=mm&r=g\",\"url\":\"https:\\\/\\\/secure.gravatar.com\\\/avatar\\\/58b2e897ca1b290b3c87ba2112be22b2d12e7af8fea0975d839430be1249d1a3?s=96&d=mm&r=g\",\"contentUrl\":\"https:\\\/\\\/secure.gravatar.com\\\/avatar\\\/58b2e897ca1b290b3c87ba2112be22b2d12e7af8fea0975d839430be1249d1a3?s=96&d=mm&r=g\",\"caption\":\"pressreleaself\"},\"url\":\"https:\\\/\\\/www.article-marketing.eu\\\/comunicatistampa\\\/author\\\/pressreleaself\\\/\"}]}<\/script>\n<!-- \/ Yoast SEO plugin. -->","yoast_head_json":{"title":"Terna, l\u2019AD e DG Stefano Donnarumma spinge sulle rinnovabili: \u201cRete elettrica strategica per net zero\u201d","robots":{"index":"index","follow":"follow","max-snippet":"max-snippet:-1","max-image-preview":"max-image-preview:large","max-video-preview":"max-video-preview:-1"},"canonical":"https:\/\/www.article-marketing.eu\/comunicatistampa\/terna-lad-e-dg-stefano-donnarumma-spinge-sulle-rinnovabili-rete-elettrica-strategica-per-net-zero\/","og_locale":"it_IT","og_type":"article","og_title":"Terna, l\u2019AD e DG Stefano Donnarumma spinge sulle rinnovabili: \u201cRete elettrica strategica per net zero\u201d","og_description":"Dopo i risultati incoraggianti del 2021, il Gruppo guidato da Stefano Donnarumma \u00e8 pronto a condurre il Paese nel raggiungimento dei target ambientali e climatici. Stefano Donnarumma: &#8220;Con l&#8217;aggiornamento del Piano ulteriore spinta agli investimenti&#8221; Senza il contributo dell&#8217;elettrico la transizione energetica non \u00e8 ipotizzabile. In vista del &#8216;net zero&#8217;, lo sviluppo della rete \u00e8 diventato per il Paese sempre pi\u00f9 una priorit\u00e0. Un ammodernamento che si rende necessario inContinue reading...","og_url":"https:\/\/www.article-marketing.eu\/comunicatistampa\/terna-lad-e-dg-stefano-donnarumma-spinge-sulle-rinnovabili-rete-elettrica-strategica-per-net-zero\/","og_site_name":"Article Marketing","article_published_time":"2022-05-14T10:11:05+00:00","og_image":[{"url":"https:\/\/www.executivemanager.it\/images\/comprofiler\/0_5f29968662640.jpg","type":"","width":"","height":""}],"author":"pressreleaself","twitter_card":"summary_large_image","twitter_misc":{"Scritto da":"pressreleaself","Tempo di lettura stimato":"2 minuti"},"schema":{"@context":"https:\/\/schema.org","@graph":[{"@type":"Article","@id":"https:\/\/www.article-marketing.eu\/comunicatistampa\/terna-lad-e-dg-stefano-donnarumma-spinge-sulle-rinnovabili-rete-elettrica-strategica-per-net-zero\/#article","isPartOf":{"@id":"https:\/\/www.article-marketing.eu\/comunicatistampa\/terna-lad-e-dg-stefano-donnarumma-spinge-sulle-rinnovabili-rete-elettrica-strategica-per-net-zero\/"},"author":{"name":"pressreleaself","@id":"https:\/\/www.article-marketing.eu\/comunicatistampa\/#\/schema\/person\/e12b1bc04ee2394a2e51cf979ebbbbb6"},"headline":"Terna, l\u2019AD e DG Stefano Donnarumma spinge sulle rinnovabili: \u201cRete elettrica strategica per net zero\u201d","datePublished":"2022-05-14T10:11:05+00:00","mainEntityOfPage":{"@id":"https:\/\/www.article-marketing.eu\/comunicatistampa\/terna-lad-e-dg-stefano-donnarumma-spinge-sulle-rinnovabili-rete-elettrica-strategica-per-net-zero\/"},"wordCount":395,"commentCount":0,"image":{"@id":"https:\/\/www.article-marketing.eu\/comunicatistampa\/terna-lad-e-dg-stefano-donnarumma-spinge-sulle-rinnovabili-rete-elettrica-strategica-per-net-zero\/#primaryimage"},"thumbnailUrl":"https:\/\/www.executivemanager.it\/images\/comprofiler\/0_5f29968662640.jpg","keywords":["Stefano Donnarumma","Terna"],"articleSection":["Aziende"],"inLanguage":"it-IT","potentialAction":[{"@type":"CommentAction","name":"Comment","target":["https:\/\/www.article-marketing.eu\/comunicatistampa\/terna-lad-e-dg-stefano-donnarumma-spinge-sulle-rinnovabili-rete-elettrica-strategica-per-net-zero\/#respond"]}]},{"@type":"WebPage","@id":"https:\/\/www.article-marketing.eu\/comunicatistampa\/terna-lad-e-dg-stefano-donnarumma-spinge-sulle-rinnovabili-rete-elettrica-strategica-per-net-zero\/","url":"https:\/\/www.article-marketing.eu\/comunicatistampa\/terna-lad-e-dg-stefano-donnarumma-spinge-sulle-rinnovabili-rete-elettrica-strategica-per-net-zero\/","name":"Terna, l\u2019AD e DG Stefano Donnarumma spinge sulle rinnovabili: \u201cRete elettrica strategica per net zero\u201d","isPartOf":{"@id":"https:\/\/www.article-marketing.eu\/comunicatistampa\/#website"},"primaryImageOfPage":{"@id":"https:\/\/www.article-marketing.eu\/comunicatistampa\/terna-lad-e-dg-stefano-donnarumma-spinge-sulle-rinnovabili-rete-elettrica-strategica-per-net-zero\/#primaryimage"},"image":{"@id":"https:\/\/www.article-marketing.eu\/comunicatistampa\/terna-lad-e-dg-stefano-donnarumma-spinge-sulle-rinnovabili-rete-elettrica-strategica-per-net-zero\/#primaryimage"},"thumbnailUrl":"https:\/\/www.executivemanager.it\/images\/comprofiler\/0_5f29968662640.jpg","datePublished":"2022-05-14T10:11:05+00:00","author":{"@id":"https:\/\/www.article-marketing.eu\/comunicatistampa\/#\/schema\/person\/e12b1bc04ee2394a2e51cf979ebbbbb6"},"breadcrumb":{"@id":"https:\/\/www.article-marketing.eu\/comunicatistampa\/terna-lad-e-dg-stefano-donnarumma-spinge-sulle-rinnovabili-rete-elettrica-strategica-per-net-zero\/#breadcrumb"},"inLanguage":"it-IT","potentialAction":[{"@type":"ReadAction","target":["https:\/\/www.article-marketing.eu\/comunicatistampa\/terna-lad-e-dg-stefano-donnarumma-spinge-sulle-rinnovabili-rete-elettrica-strategica-per-net-zero\/"]}]},{"@type":"ImageObject","inLanguage":"it-IT","@id":"https:\/\/www.article-marketing.eu\/comunicatistampa\/terna-lad-e-dg-stefano-donnarumma-spinge-sulle-rinnovabili-rete-elettrica-strategica-per-net-zero\/#primaryimage","url":"https:\/\/www.executivemanager.it\/images\/comprofiler\/0_5f29968662640.jpg","contentUrl":"https:\/\/www.executivemanager.it\/images\/comprofiler\/0_5f29968662640.jpg"},{"@type":"BreadcrumbList","@id":"https:\/\/www.article-marketing.eu\/comunicatistampa\/terna-lad-e-dg-stefano-donnarumma-spinge-sulle-rinnovabili-rete-elettrica-strategica-per-net-zero\/#breadcrumb","itemListElement":[{"@type":"ListItem","position":1,"name":"Home","item":"https:\/\/www.article-marketing.eu\/comunicatistampa\/"},{"@type":"ListItem","position":2,"name":"Terna, l\u2019AD e DG Stefano Donnarumma spinge sulle rinnovabili: \u201cRete elettrica strategica per net zero\u201d"}]},{"@type":"WebSite","@id":"https:\/\/www.article-marketing.eu\/comunicatistampa\/#website","url":"https:\/\/www.article-marketing.eu\/comunicatistampa\/","name":"Article Marketing","description":"article marketing &amp; press release","potentialAction":[{"@type":"SearchAction","target":{"@type":"EntryPoint","urlTemplate":"https:\/\/www.article-marketing.eu\/comunicatistampa\/?s={search_term_string}"},"query-input":{"@type":"PropertyValueSpecification","valueRequired":true,"valueName":"search_term_string"}}],"inLanguage":"it-IT"},{"@type":"Person","@id":"https:\/\/www.article-marketing.eu\/comunicatistampa\/#\/schema\/person\/e12b1bc04ee2394a2e51cf979ebbbbb6","name":"pressreleaself","image":{"@type":"ImageObject","inLanguage":"it-IT","@id":"https:\/\/secure.gravatar.com\/avatar\/58b2e897ca1b290b3c87ba2112be22b2d12e7af8fea0975d839430be1249d1a3?s=96&d=mm&r=g","url":"https:\/\/secure.gravatar.com\/avatar\/58b2e897ca1b290b3c87ba2112be22b2d12e7af8fea0975d839430be1249d1a3?s=96&d=mm&r=g","contentUrl":"https:\/\/secure.gravatar.com\/avatar\/58b2e897ca1b290b3c87ba2112be22b2d12e7af8fea0975d839430be1249d1a3?s=96&d=mm&r=g","caption":"pressreleaself"},"url":"https:\/\/www.article-marketing.eu\/comunicatistampa\/author\/pressreleaself\/"}]}},"_links":{"self":[{"href":"https:\/\/www.article-marketing.eu\/comunicatistampa\/wp-json\/wp\/v2\/posts\/22985","targetHints":{"allow":["GET"]}}],"collection":[{"href":"https:\/\/www.article-marketing.eu\/comunicatistampa\/wp-json\/wp\/v2\/posts"}],"about":[{"href":"https:\/\/www.article-marketing.eu\/comunicatistampa\/wp-json\/wp\/v2\/types\/post"}],"author":[{"embeddable":true,"href":"https:\/\/www.article-marketing.eu\/comunicatistampa\/wp-json\/wp\/v2\/users\/7206"}],"replies":[{"embeddable":true,"href":"https:\/\/www.article-marketing.eu\/comunicatistampa\/wp-json\/wp\/v2\/comments?post=22985"}],"version-history":[{"count":2,"href":"https:\/\/www.article-marketing.eu\/comunicatistampa\/wp-json\/wp\/v2\/posts\/22985\/revisions"}],"predecessor-version":[{"id":23097,"href":"https:\/\/www.article-marketing.eu\/comunicatistampa\/wp-json\/wp\/v2\/posts\/22985\/revisions\/23097"}],"wp:attachment":[{"href":"https:\/\/www.article-marketing.eu\/comunicatistampa\/wp-json\/wp\/v2\/media?parent=22985"}],"wp:term":[{"taxonomy":"category","embeddable":true,"href":"https:\/\/www.article-marketing.eu\/comunicatistampa\/wp-json\/wp\/v2\/categories?post=22985"},{"taxonomy":"post_tag","embeddable":true,"href":"https:\/\/www.article-marketing.eu\/comunicatistampa\/wp-json\/wp\/v2\/tags?post=22985"}],"curies":[{"name":"wp","href":"https:\/\/api.w.org\/{rel}","templated":true}]}}