{"id":22993,"date":"2022-05-14T12:11:56","date_gmt":"2022-05-14T10:11:56","guid":{"rendered":"https:\/\/www.article-marketing.eu\/comunicatistampa\/?p=22993"},"modified":"2022-05-14T12:11:56","modified_gmt":"2022-05-14T10:11:56","slug":"mutui-in-sardegna-scende-sotto-i-40-anni-leta-media-dei-richiedenti","status":"publish","type":"post","link":"https:\/\/www.article-marketing.eu\/comunicatistampa\/mutui-in-sardegna-scende-sotto-i-40-anni-leta-media-dei-richiedenti\/","title":{"rendered":"Mutui: in Sardegna scende sotto i 40 anni l\u2019et\u00e0 media dei richiedenti"},"content":{"rendered":"<p>Secondo l\u2019analisi di <strong><a href=\"https:\/\/www.facile.it\/\">Facile.it<\/a> e Mutui.it<\/strong>, nel primo trimestre dell\u2019anno <strong>l\u2019et\u00e0 media<\/strong> degli <strong>aspiranti mutuatari in Sardegna<\/strong> \u00e8 scesa a poco pi\u00f9 di <strong>38 anni e mezzo<\/strong>; un cambiamento epocale se si considera che appena 12 mesi fa chi presentava domanda di finanziamento in regione aveva, sempre in media, 42 anni e mezzo. La <strong>prima casa<\/strong>, invece, i sardi la comprano, in media, a <strong>36 anni e mezzo<\/strong>; erano 40 nel primo trimestre 2021.<\/p>\n<p>Il <strong>calo dell\u2019et\u00e0 media<\/strong> \u2013 si legge nell\u2019analisi realizzata su un campione oltre 4.900 richieste di mutuo raccolte in Sardegna* \u2013 \u00e8 legato <strong>all\u2019a<\/strong><strong>umento dei giovani<\/strong> che, grazie alle agevolazioni statali, si sono rivolti ad un istituto di credito; nei primi 3 mesi dell\u2019anno il <strong>47% del totale delle domande<\/strong> di finanziamento presentate nella regione \u00e8 stata <strong>firmata da un under 36<\/strong>, valore in netto aumento rispetto allo stesso periodo del 2021, quando la percentuale era pari al 24%.<\/p>\n<p><strong>L\u2019andamento provinciale<\/strong><\/p>\n<p>Analizzando i valori medi regionali emerge che, nel primo trimestre 2022, gli aspiranti mutuatari sardi hanno <strong>cercato di ottenere, <\/strong>in media,<strong> 123.057 euro<\/strong>, in aumento rispetto allo scorso anno <strong>(+3,5%)<\/strong>, mentre <strong>il valore degli immobili<\/strong> oggetto di mutuo \u00e8 calato a<strong> 164.763 euro<\/strong> (-9%). Il <strong>Loan To Value<\/strong> (rapporto tra valore del mutuo e valore dell\u2019immobile) \u00e8 salito all\u2019<strong>80%<\/strong> (era il 71% dodici mesi fa); i piani di ammortamento si sono allungati, passando da 23 a <strong>25 anni.<\/strong><\/p>\n<p>Guardando all\u2019andamento della richiesta a <strong>livello provinciale<\/strong> emerge che l\u2019area che ha registrato la crescita pi\u00f9 importante \u00e8 quella di <strong>Sassari<\/strong>, dove l\u2019importo medio richiesto \u00e8 <strong>salito dell\u201911,6%,<\/strong> arrivando a<strong> 127.619 euro, <\/strong>seguita da<strong> Oristano<\/strong> (<strong>+11,1%,<\/strong> 107.959 euro).<\/p>\n<p>Chiudono la classifica <strong>Cagliari<\/strong>, dove l\u2019importo medio richiesto \u00e8 in linea con il valore dello scorso anno (<strong>-0,2%,<\/strong> 126.235 euro), e <strong>Sud Sardegna<\/strong> che ha registrato un <strong>-9,1%<\/strong> (106.153 euro) rispetto al primo trimestre 2021.<\/p>\n<p><strong>Mutui prima casa in aumento<\/strong><\/p>\n<p>Torna a crescere in Sardegna anche la richiesta di <strong>mutui per l\u2019acquisto della prima casa<\/strong>: nel primo trimestre dell\u2019anno il <strong>73% delle domande<\/strong> di finanziamento raccolte online era per questa finalit\u00e0, in aumento di ben 18 punti percentuali rispetto al 2021. In media, chi si \u00e8 rivolto ad un istituto di credito per comprare l\u2019abitazione principale aveva, all\u2019atto della firma, <strong>36 anni e mezzo<\/strong>, e ha chiesto<strong> 126.435 <\/strong><strong>euro<\/strong> da restituire in poco pi\u00f9 di <strong>26 anni. <\/strong><\/p>\n<p><strong>Tassi in risalita, i fissi verso il 2%<\/strong><\/p>\n<p>Analizzando l\u2019offerta bancaria emerge che questa prima parte dell\u2019anno, anche a causa del complesso scenario internazionale, \u00e8 stata caratterizzata da un <strong>aumento generalizzato dei tassi di interesse<\/strong> e, in particolare, di quello fisso.<\/p>\n<p>Secondo le <strong>simulazioni di Facile.it<\/strong>*, per un mutuo da <strong>126.000 e LTV al 70%<\/strong> da restituire in <strong>25 anni<\/strong>, i TAEG fissi disponibili oggi online partono dal\u2019<strong>1,71%, <\/strong>con una rata mensile di 507 euro, vale a dire 41 euro in pi\u00f9 al mese rispetto allo scorso anno (quando il Taeg partiva da 1,04% e la rata da 466 euro). Con queste condizioni, chi chiede oggi un mutuo a tasso fisso paga, per tutta la durata del finanziamento, circa <strong>12.300 euro in pi\u00f9 di interessi<\/strong> rispetto a un anno fa.<\/p>\n<p><strong>Pi\u00f9 stabile<\/strong> la situazione sul fronte dei <strong>tassi variabili<\/strong>, con indici che partono, per la simulazione indicata, dallo 0,82% e una rata di 461 euro. Con l\u2019aumento degli indici fissi, il tasso variabile torna ad essere una ulteriore e valida alternativa per chi vuole sottoscrivere un mutuo.<\/p>\n<p>&nbsp;<\/p>\n<p><em>* L\u2019analisi \u00e8 stata realizzata su un campione di oltre 4.900 richieste di mutuo raccolte tramite Facile.it e Mutui.it in Sardegna nei periodi gennaio-marzo 2021 e gennaio-marzo 2022.<\/em><\/p>\n<p><em>Per le simulazioni sono stati considerati i tassi disponibili su Facile.it in data 5 aprile 2022 e 9 aprile 2021.<\/em><\/p>\n<p><em>Immagine \u00a9 prima91<\/em><\/p>\n","protected":false},"excerpt":{"rendered":"<p>Secondo l\u2019analisi di Facile.it e Mutui.it, nel primo trimestre dell\u2019anno l\u2019et\u00e0 media degli aspiranti mutuatari in Sardegna \u00e8 scesa a poco pi\u00f9 di 38 anni e mezzo; un cambiamento epocale se si considera che appena 12 mesi fa chi presentava domanda di finanziamento in regione aveva, sempre in media, 42 anni e mezzo. La prima casa, invece, i sardi la comprano, in media, a 36 anni e mezzo; erano 40<\/p>\n<p><a class=\"continue-reading\" href=\"https:\/\/www.article-marketing.eu\/comunicatistampa\/mutui-in-sardegna-scende-sotto-i-40-anni-leta-media-dei-richiedenti\/\">Continue reading&#8230;<\/a><\/p>\n","protected":false},"author":62,"featured_media":0,"comment_status":"open","ping_status":"open","sticky":false,"template":"","format":"standard","meta":{"_monsterinsights_skip_tracking":false,"_monsterinsights_sitenote_active":false,"_monsterinsights_sitenote_note":"","_monsterinsights_sitenote_category":0,"footnotes":""},"categories":[386],"tags":[555,559,7919,6740,907,3698],"class_list":["post-22993","post","type-post","status-publish","format-standard","hentry","category-economia-e-lavoro","tag-facile-it","tag-mutui","tag-mutui-under-36","tag-osservatorio-mutui","tag-sardegna","tag-tasso-fisso"],"yoast_head":"<!-- This site is optimized with the Yoast SEO plugin v27.3 - https:\/\/yoast.com\/product\/yoast-seo-wordpress\/ -->\n<title>Mutui: in Sardegna scende sotto i 40 anni l\u2019et\u00e0 media dei richiedenti<\/title>\n<meta name=\"robots\" content=\"index, follow, max-snippet:-1, max-image-preview:large, max-video-preview:-1\" \/>\n<link rel=\"canonical\" href=\"https:\/\/www.article-marketing.eu\/comunicatistampa\/mutui-in-sardegna-scende-sotto-i-40-anni-leta-media-dei-richiedenti\/\" \/>\n<meta property=\"og:locale\" content=\"it_IT\" \/>\n<meta property=\"og:type\" content=\"article\" \/>\n<meta property=\"og:title\" content=\"Mutui: in Sardegna scende sotto i 40 anni l\u2019et\u00e0 media dei richiedenti\" \/>\n<meta property=\"og:description\" content=\"Secondo l\u2019analisi di Facile.it e Mutui.it, nel primo trimestre dell\u2019anno l\u2019et\u00e0 media degli aspiranti mutuatari in Sardegna \u00e8 scesa a poco pi\u00f9 di 38 anni e mezzo; un cambiamento epocale se si considera che appena 12 mesi fa chi presentava domanda di finanziamento in regione aveva, sempre in media, 42 anni e mezzo. La prima casa, invece, i sardi la comprano, in media, a 36 anni e mezzo; erano 40Continue reading...\" \/>\n<meta property=\"og:url\" content=\"https:\/\/www.article-marketing.eu\/comunicatistampa\/mutui-in-sardegna-scende-sotto-i-40-anni-leta-media-dei-richiedenti\/\" \/>\n<meta property=\"og:site_name\" content=\"Article Marketing\" \/>\n<meta property=\"article:published_time\" content=\"2022-05-14T10:11:56+00:00\" \/>\n<meta name=\"author\" content=\"Facile.it\" \/>\n<meta name=\"twitter:card\" content=\"summary_large_image\" \/>\n<meta name=\"twitter:label1\" content=\"Scritto da\" \/>\n\t<meta name=\"twitter:data1\" content=\"Facile.it\" \/>\n\t<meta name=\"twitter:label2\" content=\"Tempo di lettura stimato\" \/>\n\t<meta name=\"twitter:data2\" content=\"4 minuti\" \/>\n<script type=\"application\/ld+json\" class=\"yoast-schema-graph\">{\"@context\":\"https:\\\/\\\/schema.org\",\"@graph\":[{\"@type\":\"Article\",\"@id\":\"https:\\\/\\\/www.article-marketing.eu\\\/comunicatistampa\\\/mutui-in-sardegna-scende-sotto-i-40-anni-leta-media-dei-richiedenti\\\/#article\",\"isPartOf\":{\"@id\":\"https:\\\/\\\/www.article-marketing.eu\\\/comunicatistampa\\\/mutui-in-sardegna-scende-sotto-i-40-anni-leta-media-dei-richiedenti\\\/\"},\"author\":{\"name\":\"Facile.it\",\"@id\":\"https:\\\/\\\/www.article-marketing.eu\\\/comunicatistampa\\\/#\\\/schema\\\/person\\\/1deca6d9e0cf173abfe76a90ef261a2a\"},\"headline\":\"Mutui: in Sardegna scende sotto i 40 anni l\u2019et\u00e0 media dei richiedenti\",\"datePublished\":\"2022-05-14T10:11:56+00:00\",\"mainEntityOfPage\":{\"@id\":\"https:\\\/\\\/www.article-marketing.eu\\\/comunicatistampa\\\/mutui-in-sardegna-scende-sotto-i-40-anni-leta-media-dei-richiedenti\\\/\"},\"wordCount\":593,\"commentCount\":0,\"keywords\":[\"facile.it\",\"mutui\",\"mutui under 36\",\"Osservatorio mutui\",\"Sardegna\",\"tasso fisso\"],\"articleSection\":[\"Economia e lavoro\"],\"inLanguage\":\"it-IT\",\"potentialAction\":[{\"@type\":\"CommentAction\",\"name\":\"Comment\",\"target\":[\"https:\\\/\\\/www.article-marketing.eu\\\/comunicatistampa\\\/mutui-in-sardegna-scende-sotto-i-40-anni-leta-media-dei-richiedenti\\\/#respond\"]}]},{\"@type\":\"WebPage\",\"@id\":\"https:\\\/\\\/www.article-marketing.eu\\\/comunicatistampa\\\/mutui-in-sardegna-scende-sotto-i-40-anni-leta-media-dei-richiedenti\\\/\",\"url\":\"https:\\\/\\\/www.article-marketing.eu\\\/comunicatistampa\\\/mutui-in-sardegna-scende-sotto-i-40-anni-leta-media-dei-richiedenti\\\/\",\"name\":\"Mutui: in Sardegna scende sotto i 40 anni l\u2019et\u00e0 media dei richiedenti\",\"isPartOf\":{\"@id\":\"https:\\\/\\\/www.article-marketing.eu\\\/comunicatistampa\\\/#website\"},\"datePublished\":\"2022-05-14T10:11:56+00:00\",\"author\":{\"@id\":\"https:\\\/\\\/www.article-marketing.eu\\\/comunicatistampa\\\/#\\\/schema\\\/person\\\/1deca6d9e0cf173abfe76a90ef261a2a\"},\"breadcrumb\":{\"@id\":\"https:\\\/\\\/www.article-marketing.eu\\\/comunicatistampa\\\/mutui-in-sardegna-scende-sotto-i-40-anni-leta-media-dei-richiedenti\\\/#breadcrumb\"},\"inLanguage\":\"it-IT\",\"potentialAction\":[{\"@type\":\"ReadAction\",\"target\":[\"https:\\\/\\\/www.article-marketing.eu\\\/comunicatistampa\\\/mutui-in-sardegna-scende-sotto-i-40-anni-leta-media-dei-richiedenti\\\/\"]}]},{\"@type\":\"BreadcrumbList\",\"@id\":\"https:\\\/\\\/www.article-marketing.eu\\\/comunicatistampa\\\/mutui-in-sardegna-scende-sotto-i-40-anni-leta-media-dei-richiedenti\\\/#breadcrumb\",\"itemListElement\":[{\"@type\":\"ListItem\",\"position\":1,\"name\":\"Home\",\"item\":\"https:\\\/\\\/www.article-marketing.eu\\\/comunicatistampa\\\/\"},{\"@type\":\"ListItem\",\"position\":2,\"name\":\"Mutui: in Sardegna scende sotto i 40 anni l\u2019et\u00e0 media dei richiedenti\"}]},{\"@type\":\"WebSite\",\"@id\":\"https:\\\/\\\/www.article-marketing.eu\\\/comunicatistampa\\\/#website\",\"url\":\"https:\\\/\\\/www.article-marketing.eu\\\/comunicatistampa\\\/\",\"name\":\"Article Marketing\",\"description\":\"article marketing &amp; press release\",\"potentialAction\":[{\"@type\":\"SearchAction\",\"target\":{\"@type\":\"EntryPoint\",\"urlTemplate\":\"https:\\\/\\\/www.article-marketing.eu\\\/comunicatistampa\\\/?s={search_term_string}\"},\"query-input\":{\"@type\":\"PropertyValueSpecification\",\"valueRequired\":true,\"valueName\":\"search_term_string\"}}],\"inLanguage\":\"it-IT\"},{\"@type\":\"Person\",\"@id\":\"https:\\\/\\\/www.article-marketing.eu\\\/comunicatistampa\\\/#\\\/schema\\\/person\\\/1deca6d9e0cf173abfe76a90ef261a2a\",\"name\":\"Facile.it\",\"image\":{\"@type\":\"ImageObject\",\"inLanguage\":\"it-IT\",\"@id\":\"https:\\\/\\\/secure.gravatar.com\\\/avatar\\\/2623775dfcd174bde1a788a4bc028e9035747fa40886953f4954f56c45cf4b34?s=96&d=mm&r=g\",\"url\":\"https:\\\/\\\/secure.gravatar.com\\\/avatar\\\/2623775dfcd174bde1a788a4bc028e9035747fa40886953f4954f56c45cf4b34?s=96&d=mm&r=g\",\"contentUrl\":\"https:\\\/\\\/secure.gravatar.com\\\/avatar\\\/2623775dfcd174bde1a788a4bc028e9035747fa40886953f4954f56c45cf4b34?s=96&d=mm&r=g\",\"caption\":\"Facile.it\"},\"url\":\"https:\\\/\\\/www.article-marketing.eu\\\/comunicatistampa\\\/author\\\/facile-it\\\/\"}]}<\/script>\n<!-- \/ Yoast SEO plugin. -->","yoast_head_json":{"title":"Mutui: in Sardegna scende sotto i 40 anni l\u2019et\u00e0 media dei richiedenti","robots":{"index":"index","follow":"follow","max-snippet":"max-snippet:-1","max-image-preview":"max-image-preview:large","max-video-preview":"max-video-preview:-1"},"canonical":"https:\/\/www.article-marketing.eu\/comunicatistampa\/mutui-in-sardegna-scende-sotto-i-40-anni-leta-media-dei-richiedenti\/","og_locale":"it_IT","og_type":"article","og_title":"Mutui: in Sardegna scende sotto i 40 anni l\u2019et\u00e0 media dei richiedenti","og_description":"Secondo l\u2019analisi di Facile.it e Mutui.it, nel primo trimestre dell\u2019anno l\u2019et\u00e0 media degli aspiranti mutuatari in Sardegna \u00e8 scesa a poco pi\u00f9 di 38 anni e mezzo; un cambiamento epocale se si considera che appena 12 mesi fa chi presentava domanda di finanziamento in regione aveva, sempre in media, 42 anni e mezzo. La prima casa, invece, i sardi la comprano, in media, a 36 anni e mezzo; erano 40Continue reading...","og_url":"https:\/\/www.article-marketing.eu\/comunicatistampa\/mutui-in-sardegna-scende-sotto-i-40-anni-leta-media-dei-richiedenti\/","og_site_name":"Article Marketing","article_published_time":"2022-05-14T10:11:56+00:00","author":"Facile.it","twitter_card":"summary_large_image","twitter_misc":{"Scritto da":"Facile.it","Tempo di lettura stimato":"4 minuti"},"schema":{"@context":"https:\/\/schema.org","@graph":[{"@type":"Article","@id":"https:\/\/www.article-marketing.eu\/comunicatistampa\/mutui-in-sardegna-scende-sotto-i-40-anni-leta-media-dei-richiedenti\/#article","isPartOf":{"@id":"https:\/\/www.article-marketing.eu\/comunicatistampa\/mutui-in-sardegna-scende-sotto-i-40-anni-leta-media-dei-richiedenti\/"},"author":{"name":"Facile.it","@id":"https:\/\/www.article-marketing.eu\/comunicatistampa\/#\/schema\/person\/1deca6d9e0cf173abfe76a90ef261a2a"},"headline":"Mutui: in Sardegna scende sotto i 40 anni l\u2019et\u00e0 media dei richiedenti","datePublished":"2022-05-14T10:11:56+00:00","mainEntityOfPage":{"@id":"https:\/\/www.article-marketing.eu\/comunicatistampa\/mutui-in-sardegna-scende-sotto-i-40-anni-leta-media-dei-richiedenti\/"},"wordCount":593,"commentCount":0,"keywords":["facile.it","mutui","mutui under 36","Osservatorio mutui","Sardegna","tasso fisso"],"articleSection":["Economia e lavoro"],"inLanguage":"it-IT","potentialAction":[{"@type":"CommentAction","name":"Comment","target":["https:\/\/www.article-marketing.eu\/comunicatistampa\/mutui-in-sardegna-scende-sotto-i-40-anni-leta-media-dei-richiedenti\/#respond"]}]},{"@type":"WebPage","@id":"https:\/\/www.article-marketing.eu\/comunicatistampa\/mutui-in-sardegna-scende-sotto-i-40-anni-leta-media-dei-richiedenti\/","url":"https:\/\/www.article-marketing.eu\/comunicatistampa\/mutui-in-sardegna-scende-sotto-i-40-anni-leta-media-dei-richiedenti\/","name":"Mutui: in Sardegna scende sotto i 40 anni l\u2019et\u00e0 media dei richiedenti","isPartOf":{"@id":"https:\/\/www.article-marketing.eu\/comunicatistampa\/#website"},"datePublished":"2022-05-14T10:11:56+00:00","author":{"@id":"https:\/\/www.article-marketing.eu\/comunicatistampa\/#\/schema\/person\/1deca6d9e0cf173abfe76a90ef261a2a"},"breadcrumb":{"@id":"https:\/\/www.article-marketing.eu\/comunicatistampa\/mutui-in-sardegna-scende-sotto-i-40-anni-leta-media-dei-richiedenti\/#breadcrumb"},"inLanguage":"it-IT","potentialAction":[{"@type":"ReadAction","target":["https:\/\/www.article-marketing.eu\/comunicatistampa\/mutui-in-sardegna-scende-sotto-i-40-anni-leta-media-dei-richiedenti\/"]}]},{"@type":"BreadcrumbList","@id":"https:\/\/www.article-marketing.eu\/comunicatistampa\/mutui-in-sardegna-scende-sotto-i-40-anni-leta-media-dei-richiedenti\/#breadcrumb","itemListElement":[{"@type":"ListItem","position":1,"name":"Home","item":"https:\/\/www.article-marketing.eu\/comunicatistampa\/"},{"@type":"ListItem","position":2,"name":"Mutui: in Sardegna scende sotto i 40 anni l\u2019et\u00e0 media dei richiedenti"}]},{"@type":"WebSite","@id":"https:\/\/www.article-marketing.eu\/comunicatistampa\/#website","url":"https:\/\/www.article-marketing.eu\/comunicatistampa\/","name":"Article Marketing","description":"article marketing &amp; press release","potentialAction":[{"@type":"SearchAction","target":{"@type":"EntryPoint","urlTemplate":"https:\/\/www.article-marketing.eu\/comunicatistampa\/?s={search_term_string}"},"query-input":{"@type":"PropertyValueSpecification","valueRequired":true,"valueName":"search_term_string"}}],"inLanguage":"it-IT"},{"@type":"Person","@id":"https:\/\/www.article-marketing.eu\/comunicatistampa\/#\/schema\/person\/1deca6d9e0cf173abfe76a90ef261a2a","name":"Facile.it","image":{"@type":"ImageObject","inLanguage":"it-IT","@id":"https:\/\/secure.gravatar.com\/avatar\/2623775dfcd174bde1a788a4bc028e9035747fa40886953f4954f56c45cf4b34?s=96&d=mm&r=g","url":"https:\/\/secure.gravatar.com\/avatar\/2623775dfcd174bde1a788a4bc028e9035747fa40886953f4954f56c45cf4b34?s=96&d=mm&r=g","contentUrl":"https:\/\/secure.gravatar.com\/avatar\/2623775dfcd174bde1a788a4bc028e9035747fa40886953f4954f56c45cf4b34?s=96&d=mm&r=g","caption":"Facile.it"},"url":"https:\/\/www.article-marketing.eu\/comunicatistampa\/author\/facile-it\/"}]}},"_links":{"self":[{"href":"https:\/\/www.article-marketing.eu\/comunicatistampa\/wp-json\/wp\/v2\/posts\/22993","targetHints":{"allow":["GET"]}}],"collection":[{"href":"https:\/\/www.article-marketing.eu\/comunicatistampa\/wp-json\/wp\/v2\/posts"}],"about":[{"href":"https:\/\/www.article-marketing.eu\/comunicatistampa\/wp-json\/wp\/v2\/types\/post"}],"author":[{"embeddable":true,"href":"https:\/\/www.article-marketing.eu\/comunicatistampa\/wp-json\/wp\/v2\/users\/62"}],"replies":[{"embeddable":true,"href":"https:\/\/www.article-marketing.eu\/comunicatistampa\/wp-json\/wp\/v2\/comments?post=22993"}],"version-history":[{"count":2,"href":"https:\/\/www.article-marketing.eu\/comunicatistampa\/wp-json\/wp\/v2\/posts\/22993\/revisions"}],"predecessor-version":[{"id":23100,"href":"https:\/\/www.article-marketing.eu\/comunicatistampa\/wp-json\/wp\/v2\/posts\/22993\/revisions\/23100"}],"wp:attachment":[{"href":"https:\/\/www.article-marketing.eu\/comunicatistampa\/wp-json\/wp\/v2\/media?parent=22993"}],"wp:term":[{"taxonomy":"category","embeddable":true,"href":"https:\/\/www.article-marketing.eu\/comunicatistampa\/wp-json\/wp\/v2\/categories?post=22993"},{"taxonomy":"post_tag","embeddable":true,"href":"https:\/\/www.article-marketing.eu\/comunicatistampa\/wp-json\/wp\/v2\/tags?post=22993"}],"curies":[{"name":"wp","href":"https:\/\/api.w.org\/{rel}","templated":true}]}}