{"id":23006,"date":"2022-05-14T12:14:25","date_gmt":"2022-05-14T10:14:25","guid":{"rendered":"https:\/\/www.article-marketing.eu\/comunicatistampa\/?p=23006"},"modified":"2022-05-14T12:14:25","modified_gmt":"2022-05-14T10:14:25","slug":"di-chiara-cavalieri-studiosa-di-islam-e-geopolitica","status":"publish","type":"post","link":"https:\/\/www.article-marketing.eu\/comunicatistampa\/di-chiara-cavalieri-studiosa-di-islam-e-geopolitica\/","title":{"rendered":"Di Chiara Cavalieri Studiosa di Islam e Geopolitica"},"content":{"rendered":"<p><span style=\"font-size: 14pt; font-family: times new roman, times, serif;\">Dopo Benevento, citt\u00e0 votata al culto di Iside grazie all&#8217;imperatore Domiziano, \u00e8 la volta di un soggiorno a Torino che ospita il secondo museo Egizio pi\u00f9 importante del mondo dopo quello del Cairo.<\/span><\/p>\n<p><span style=\"font-size: 14pt; font-family: times new roman, times, serif;\">Ci sono diverse storie che raccontalo l\u2019origine della Torino Esoterica, che pare sia sempre stata circondata da un\u2019aura magica.<\/span><\/p>\n<p><span style=\"font-size: 14pt; font-family: times new roman, times, serif;\">Alcuni riportano il mito, risalente ai tempi degli antichi egizi, di Fetonte, figlio di Iside, la dea della magia, che la fond\u00f2 intorno al 1529 A.C.<\/span><\/p>\n<p><span style=\"font-size: 14pt; font-family: times new roman, times, serif;\">La citt\u00e0 fu battezzata Torino perch\u00e9 Cecrope, re di Atene, inizi\u00f2 a immolare tori a Giove dopo che questi si era unito a Io che solo dopo la sua morte venne chiamata Iside.<\/span><\/p>\n<p><span style=\"font-size: 14pt; font-family: times new roman, times, serif;\">A sostenere questa tesi la coincidenza che la citt\u00e0 sorge dove confluiscono quattro fiumi, e l\u2019acqua, per tutte le religioni, specialmente per quella egizia, greca ed ebraica, \u00e8 simbolo di purificazione.<\/span><\/p>\n<p><span style=\"font-size: 14pt; font-family: times new roman, times, serif;\">Secondo un\u2019altra leggenda il capoluogo piemontese \u00e8 stato fondato dal Principe egizio Eridano.<\/span><\/p>\n<p><span style=\"font-size: 14pt; font-family: times new roman, times, serif;\">Questa storia \u00e8 citata nel libro \u2018Historia della Augusta citt\u00e0 di Torino\u2019 edito nel 1679 di Emanuele Tesauro, storico alla corte di Madama Reale Maria Cristina.<\/span><\/p>\n<p><span style=\"font-size: 14pt; font-family: times new roman, times, serif;\">A dare valore a queste legende c\u2019\u00e8 il ritrovamento, nel 1567, di un&#8217;iscrizione in marmo con una dedica alla dea Iside.<\/span><\/p>\n<p><span style=\"font-size: 14pt; font-family: times new roman, times, serif;\">Torino \u00e8 una citt\u00e0 unica anche dal punto di vista dell\u2019esoterismo, infatti, \u00e8 l\u2019unica citt\u00e0 che rappresenta sia il male, nel vertice dell\u2019ipotetico triangolo che la unisce a Londra e a San Francisco, sia il bene nell\u2019ipotetico triangolo che la unisce a Lione e Praga.<\/span><\/p>\n<p><span style=\"font-size: 14pt; font-family: times new roman, times, serif;\">La sua unicit\u00e0 \u00e8 che \u00e8 nel mondo esoterico rappresenta sia il bene che il male nei vertici dei due triangoli, il bene e il male esattamente come si uniscono i due fiumi Dora (metafora della Luna) e Po (metafora del sole).<\/span><\/p>\n<p><span style=\"font-size: 14pt; font-family: times new roman, times, serif;\">Il MAO, Museo di Arte Orientale con sede a Palazzo Mazzonis, \u00e8 tra i musei pi\u00f9 belli della citt\u00e0.<\/span><\/p>\n<p><span style=\"font-size: 14pt; font-family: times new roman, times, serif;\">L\u2019allestimento museale, su progetto dell\u2019Architetto Andrea Bruno, esperto italiano dell\u2019Unesco per il restauro e la conservazione del patrimonio artistico e culturale, con la consulenza del Professor Franco Ricca Direttore del Museo, si \u00e8 svolto tra il maggio e dicembre del 2008.<\/span><\/p>\n<p><span style=\"font-size: 14pt; font-family: times new roman, times, serif;\">Il primo piano ospita le gallerie dell&#8217;Asia Meridionale, del Sud-est asiatico, della Cina e la prima parte della sezione dedicata al Giappone, mentre la seconda parte della galleria Giappone si trova al secondo piano.<\/span><\/p>\n<p><span style=\"font-size: 14pt; font-family: times new roman, times, serif;\">Al terzo piano \u00e8 ubicata la galleria Himalayana, mentre al quarto piano si conclude il percorso con la sala, rigorosamente verde, colore dell\u2019Islam, dedicata all&#8217;arte islamica.<\/span><\/p>\n<p><span style=\"font-size: 14pt; font-family: times new roman, times, serif;\">Sala il cui allestimento \u00e8 stato curato da Sherif el Sebaie, esperto di arte arabo islamica e di rapporti euro-mediterranei che vi tiene regolarmente conferenze, molto seguite, sull&#8217; arte e civilt\u00e0 islamica.<\/span><\/p>\n<p><span style=\"font-size: 14pt; font-family: times new roman, times, serif;\">A queste collezioni, che consistono in circa 2.300 opere, si aggiungono altri 1.400 reperti di scavo di periodo pre-islamico provenienti dai siti iracheni di Seleucia e Coche.<\/span><\/p>\n<p><span style=\"font-size: 14pt; font-family: times new roman, times, serif;\">Il vero simbolo della citt\u00e0 di Torino \u00e8 la Mole Antonelliana, l\u2019opera pi\u00f9 conosciuta dell\u2019architetto Alessandro Antonelli da cui prende il nome.<\/span><\/p>\n<p><span style=\"font-size: 14pt; font-family: times new roman, times, serif;\">Antonelli, noto architetto dell&#8217;ottocento, ricevette l\u2019incarico di progettare una nuova sinagoga, comprensiva di scuola materna, dalla Comunit\u00e0 Ebraica torinese.<\/span><\/p>\n<p><span style=\"font-size: 14pt; font-family: times new roman, times, serif;\">Progett\u00f2 quindi un edificio strutturato da un&#8217;ampia parte inferiore per assolvere a questa duplice funzione di luogo sacro e d&#8217;istruzione, per poi ultimare il progetto con una cupola a base quadrata in linea con lo stile architettonico di molte altre sinagoghe edificate in Europa.<\/span><\/p>\n<p><span style=\"font-size: 14pt; font-family: times new roman, times, serif;\">La storia della Mole Antonelliana \u00e8 particolare: la costruzione dell&#8217;edificio part\u00ec a seguito dell&#8217;autorizzazione del Regio Decreto del 17 marzo 1863 e si complet\u00f2 parzialmente nel giro di 6 anni con un&#8217;altezza pari a circa 70 metri.<\/span><\/p>\n<p><span style=\"font-size: 14pt; font-family: times new roman, times, serif;\">L&#8217;ambizioso progetto di Antonelli non fu particolarmente apprezzato dalla Comunit\u00e0 Ebraica di Torino a causa dei numerosi costi aggiuntivi da sostenere per poter rinforzare e saldare un edificio di una portata importante. Motivo che port\u00f2 alla decisione di vendere l\u2019opera incompiuta al Comune di Torino e di costruire una nuova sinagoga nel quartiere di San Salvario.<\/span><\/p>\n<p><span style=\"font-size: 14pt; font-family: times new roman, times, serif;\">\u00a0La Mole \u00e8 uno dei simboli esoterici di magia bianca del capoluogo piemontese e secondo gli esperti di esoterismo \u00e8 un\u2019enorme antenna che irradia l\u2019energia positiva presa dal sottosuolo di tipo maschile (quella femminile \u00e8 invece collegata alla Gran Madre) in grado di fare da equilibratore.<\/span><\/p>\n<p><span style=\"font-size: 14pt; font-family: times new roman, times, serif;\">Questo perch\u00e9 una leggenda che riguarda la Mole vuole che custodisca il Sacro Graal legenda che prende spunto dal fatto che la statua della Fede davanti alla Gran Madre (una delle chiese pi\u00f9 belle di Torino) ha lo sguardo rivolto proprio verso la Mole Antonelliana che attualmente ospita il museo del Cinema.<\/span><\/p>\n<p><span style=\"font-size: 14pt; font-family: times new roman, times, serif;\">Si tratta di uno dei pi\u00f9 importanti musei al mondo su questo tema e unico nel suo genere in Italia.<\/span><\/p>\n<p><span style=\"font-size: 14pt; font-family: times new roman, times, serif;\">Racchiude e illustra tutta la storia del cinema in un itinerario fantastico e interattivo: dal teatro d\u2019ombre e le prime affascinanti lanterne magiche che hanno costituito la preistoria della \u201csettima arte\u201d, ai pi\u00f9 spettacolari effetti speciali dei nostri giorni.<\/span><\/p>\n<p><span style=\"font-size: 14pt; font-family: times new roman, times, serif;\">Tutto ci\u00f2 grazie alla storica Maria Adriana Prolo che nel 1941 ebbe l\u2019idea di raccogliere tutto ci\u00f2 che riguardava il cinema.<\/span><\/p>\n<p><span style=\"font-size: 14pt; font-family: times new roman, times, serif;\">Torino \u00e8 una citt\u00e0 imperdibile, per un soggiorno culturale, spirituale, enogastronomico e, le signore gradiranno, anche per lo shopping.<\/span><\/p>\n","protected":false},"excerpt":{"rendered":"<p>Dopo Benevento, citt\u00e0 votata al culto di Iside grazie all&#8217;imperatore Domiziano, \u00e8 la volta di un soggiorno a Torino che ospita il secondo museo Egizio pi\u00f9 importante del mondo dopo quello del Cairo. Ci sono diverse storie che raccontalo l\u2019origine della Torino Esoterica, che pare sia sempre stata circondata da un\u2019aura magica. Alcuni riportano il mito, risalente ai tempi degli antichi egizi, di Fetonte, figlio di Iside, la dea della<\/p>\n<p><a class=\"continue-reading\" href=\"https:\/\/www.article-marketing.eu\/comunicatistampa\/di-chiara-cavalieri-studiosa-di-islam-e-geopolitica\/\">Continue reading&#8230;<\/a><\/p>\n","protected":false},"author":913,"featured_media":0,"comment_status":"open","ping_status":"open","sticky":false,"template":"","format":"standard","meta":{"_monsterinsights_skip_tracking":false,"_monsterinsights_sitenote_active":false,"_monsterinsights_sitenote_note":"","_monsterinsights_sitenote_category":0,"footnotes":""},"categories":[78],"tags":[],"class_list":["post-23006","post","type-post","status-publish","format-standard","hentry","category-comunicati-stampa"],"yoast_head":"<!-- This site is optimized with the Yoast SEO plugin v27.3 - https:\/\/yoast.com\/product\/yoast-seo-wordpress\/ -->\n<title>Di Chiara Cavalieri Studiosa di Islam e Geopolitica - Article Marketing<\/title>\n<meta name=\"robots\" content=\"index, follow, max-snippet:-1, max-image-preview:large, max-video-preview:-1\" \/>\n<link rel=\"canonical\" href=\"https:\/\/www.article-marketing.eu\/comunicatistampa\/di-chiara-cavalieri-studiosa-di-islam-e-geopolitica\/\" \/>\n<meta property=\"og:locale\" content=\"it_IT\" \/>\n<meta property=\"og:type\" content=\"article\" \/>\n<meta property=\"og:title\" content=\"Di Chiara Cavalieri Studiosa di Islam e Geopolitica - Article Marketing\" \/>\n<meta property=\"og:description\" content=\"Dopo Benevento, citt\u00e0 votata al culto di Iside grazie all&#8217;imperatore Domiziano, \u00e8 la volta di un soggiorno a Torino che ospita il secondo museo Egizio pi\u00f9 importante del mondo dopo quello del Cairo. Ci sono diverse storie che raccontalo l\u2019origine della Torino Esoterica, che pare sia sempre stata circondata da un\u2019aura magica. Alcuni riportano il mito, risalente ai tempi degli antichi egizi, di Fetonte, figlio di Iside, la dea dellaContinue reading...\" \/>\n<meta property=\"og:url\" content=\"https:\/\/www.article-marketing.eu\/comunicatistampa\/di-chiara-cavalieri-studiosa-di-islam-e-geopolitica\/\" \/>\n<meta property=\"og:site_name\" content=\"Article Marketing\" \/>\n<meta property=\"article:published_time\" content=\"2022-05-14T10:14:25+00:00\" \/>\n<meta name=\"author\" content=\"bookonline99\" \/>\n<meta name=\"twitter:card\" content=\"summary_large_image\" \/>\n<meta name=\"twitter:label1\" content=\"Scritto da\" \/>\n\t<meta name=\"twitter:data1\" content=\"bookonline99\" \/>\n\t<meta name=\"twitter:label2\" content=\"Tempo di lettura stimato\" \/>\n\t<meta name=\"twitter:data2\" content=\"5 minuti\" \/>\n<script type=\"application\/ld+json\" class=\"yoast-schema-graph\">{\"@context\":\"https:\\\/\\\/schema.org\",\"@graph\":[{\"@type\":\"Article\",\"@id\":\"https:\\\/\\\/www.article-marketing.eu\\\/comunicatistampa\\\/di-chiara-cavalieri-studiosa-di-islam-e-geopolitica\\\/#article\",\"isPartOf\":{\"@id\":\"https:\\\/\\\/www.article-marketing.eu\\\/comunicatistampa\\\/di-chiara-cavalieri-studiosa-di-islam-e-geopolitica\\\/\"},\"author\":{\"name\":\"bookonline99\",\"@id\":\"https:\\\/\\\/www.article-marketing.eu\\\/comunicatistampa\\\/#\\\/schema\\\/person\\\/007cfb748bcfc0db20997d3866447e6d\"},\"headline\":\"Di Chiara Cavalieri Studiosa di Islam e Geopolitica\",\"datePublished\":\"2022-05-14T10:14:25+00:00\",\"mainEntityOfPage\":{\"@id\":\"https:\\\/\\\/www.article-marketing.eu\\\/comunicatistampa\\\/di-chiara-cavalieri-studiosa-di-islam-e-geopolitica\\\/\"},\"wordCount\":843,\"commentCount\":0,\"articleSection\":[\"Comunicati stampa\"],\"inLanguage\":\"it-IT\",\"potentialAction\":[{\"@type\":\"CommentAction\",\"name\":\"Comment\",\"target\":[\"https:\\\/\\\/www.article-marketing.eu\\\/comunicatistampa\\\/di-chiara-cavalieri-studiosa-di-islam-e-geopolitica\\\/#respond\"]}]},{\"@type\":\"WebPage\",\"@id\":\"https:\\\/\\\/www.article-marketing.eu\\\/comunicatistampa\\\/di-chiara-cavalieri-studiosa-di-islam-e-geopolitica\\\/\",\"url\":\"https:\\\/\\\/www.article-marketing.eu\\\/comunicatistampa\\\/di-chiara-cavalieri-studiosa-di-islam-e-geopolitica\\\/\",\"name\":\"Di Chiara Cavalieri Studiosa di Islam e Geopolitica - Article Marketing\",\"isPartOf\":{\"@id\":\"https:\\\/\\\/www.article-marketing.eu\\\/comunicatistampa\\\/#website\"},\"datePublished\":\"2022-05-14T10:14:25+00:00\",\"author\":{\"@id\":\"https:\\\/\\\/www.article-marketing.eu\\\/comunicatistampa\\\/#\\\/schema\\\/person\\\/007cfb748bcfc0db20997d3866447e6d\"},\"breadcrumb\":{\"@id\":\"https:\\\/\\\/www.article-marketing.eu\\\/comunicatistampa\\\/di-chiara-cavalieri-studiosa-di-islam-e-geopolitica\\\/#breadcrumb\"},\"inLanguage\":\"it-IT\",\"potentialAction\":[{\"@type\":\"ReadAction\",\"target\":[\"https:\\\/\\\/www.article-marketing.eu\\\/comunicatistampa\\\/di-chiara-cavalieri-studiosa-di-islam-e-geopolitica\\\/\"]}]},{\"@type\":\"BreadcrumbList\",\"@id\":\"https:\\\/\\\/www.article-marketing.eu\\\/comunicatistampa\\\/di-chiara-cavalieri-studiosa-di-islam-e-geopolitica\\\/#breadcrumb\",\"itemListElement\":[{\"@type\":\"ListItem\",\"position\":1,\"name\":\"Home\",\"item\":\"https:\\\/\\\/www.article-marketing.eu\\\/comunicatistampa\\\/\"},{\"@type\":\"ListItem\",\"position\":2,\"name\":\"Di Chiara Cavalieri Studiosa di Islam e Geopolitica\"}]},{\"@type\":\"WebSite\",\"@id\":\"https:\\\/\\\/www.article-marketing.eu\\\/comunicatistampa\\\/#website\",\"url\":\"https:\\\/\\\/www.article-marketing.eu\\\/comunicatistampa\\\/\",\"name\":\"Article Marketing\",\"description\":\"article marketing &amp; press release\",\"potentialAction\":[{\"@type\":\"SearchAction\",\"target\":{\"@type\":\"EntryPoint\",\"urlTemplate\":\"https:\\\/\\\/www.article-marketing.eu\\\/comunicatistampa\\\/?s={search_term_string}\"},\"query-input\":{\"@type\":\"PropertyValueSpecification\",\"valueRequired\":true,\"valueName\":\"search_term_string\"}}],\"inLanguage\":\"it-IT\"},{\"@type\":\"Person\",\"@id\":\"https:\\\/\\\/www.article-marketing.eu\\\/comunicatistampa\\\/#\\\/schema\\\/person\\\/007cfb748bcfc0db20997d3866447e6d\",\"name\":\"bookonline99\",\"image\":{\"@type\":\"ImageObject\",\"inLanguage\":\"it-IT\",\"@id\":\"https:\\\/\\\/secure.gravatar.com\\\/avatar\\\/aba6bce0175376184c8ed84fd24a7bc2b8f03e17e9600fba648415511dab6352?s=96&d=mm&r=g\",\"url\":\"https:\\\/\\\/secure.gravatar.com\\\/avatar\\\/aba6bce0175376184c8ed84fd24a7bc2b8f03e17e9600fba648415511dab6352?s=96&d=mm&r=g\",\"contentUrl\":\"https:\\\/\\\/secure.gravatar.com\\\/avatar\\\/aba6bce0175376184c8ed84fd24a7bc2b8f03e17e9600fba648415511dab6352?s=96&d=mm&r=g\",\"caption\":\"bookonline99\"},\"url\":\"https:\\\/\\\/www.article-marketing.eu\\\/comunicatistampa\\\/author\\\/bookonline99\\\/\"}]}<\/script>\n<!-- \/ Yoast SEO plugin. -->","yoast_head_json":{"title":"Di Chiara Cavalieri Studiosa di Islam e Geopolitica - Article Marketing","robots":{"index":"index","follow":"follow","max-snippet":"max-snippet:-1","max-image-preview":"max-image-preview:large","max-video-preview":"max-video-preview:-1"},"canonical":"https:\/\/www.article-marketing.eu\/comunicatistampa\/di-chiara-cavalieri-studiosa-di-islam-e-geopolitica\/","og_locale":"it_IT","og_type":"article","og_title":"Di Chiara Cavalieri Studiosa di Islam e Geopolitica - Article Marketing","og_description":"Dopo Benevento, citt\u00e0 votata al culto di Iside grazie all&#8217;imperatore Domiziano, \u00e8 la volta di un soggiorno a Torino che ospita il secondo museo Egizio pi\u00f9 importante del mondo dopo quello del Cairo. Ci sono diverse storie che raccontalo l\u2019origine della Torino Esoterica, che pare sia sempre stata circondata da un\u2019aura magica. Alcuni riportano il mito, risalente ai tempi degli antichi egizi, di Fetonte, figlio di Iside, la dea dellaContinue reading...","og_url":"https:\/\/www.article-marketing.eu\/comunicatistampa\/di-chiara-cavalieri-studiosa-di-islam-e-geopolitica\/","og_site_name":"Article Marketing","article_published_time":"2022-05-14T10:14:25+00:00","author":"bookonline99","twitter_card":"summary_large_image","twitter_misc":{"Scritto da":"bookonline99","Tempo di lettura stimato":"5 minuti"},"schema":{"@context":"https:\/\/schema.org","@graph":[{"@type":"Article","@id":"https:\/\/www.article-marketing.eu\/comunicatistampa\/di-chiara-cavalieri-studiosa-di-islam-e-geopolitica\/#article","isPartOf":{"@id":"https:\/\/www.article-marketing.eu\/comunicatistampa\/di-chiara-cavalieri-studiosa-di-islam-e-geopolitica\/"},"author":{"name":"bookonline99","@id":"https:\/\/www.article-marketing.eu\/comunicatistampa\/#\/schema\/person\/007cfb748bcfc0db20997d3866447e6d"},"headline":"Di Chiara Cavalieri Studiosa di Islam e Geopolitica","datePublished":"2022-05-14T10:14:25+00:00","mainEntityOfPage":{"@id":"https:\/\/www.article-marketing.eu\/comunicatistampa\/di-chiara-cavalieri-studiosa-di-islam-e-geopolitica\/"},"wordCount":843,"commentCount":0,"articleSection":["Comunicati stampa"],"inLanguage":"it-IT","potentialAction":[{"@type":"CommentAction","name":"Comment","target":["https:\/\/www.article-marketing.eu\/comunicatistampa\/di-chiara-cavalieri-studiosa-di-islam-e-geopolitica\/#respond"]}]},{"@type":"WebPage","@id":"https:\/\/www.article-marketing.eu\/comunicatistampa\/di-chiara-cavalieri-studiosa-di-islam-e-geopolitica\/","url":"https:\/\/www.article-marketing.eu\/comunicatistampa\/di-chiara-cavalieri-studiosa-di-islam-e-geopolitica\/","name":"Di Chiara Cavalieri Studiosa di Islam e Geopolitica - Article Marketing","isPartOf":{"@id":"https:\/\/www.article-marketing.eu\/comunicatistampa\/#website"},"datePublished":"2022-05-14T10:14:25+00:00","author":{"@id":"https:\/\/www.article-marketing.eu\/comunicatistampa\/#\/schema\/person\/007cfb748bcfc0db20997d3866447e6d"},"breadcrumb":{"@id":"https:\/\/www.article-marketing.eu\/comunicatistampa\/di-chiara-cavalieri-studiosa-di-islam-e-geopolitica\/#breadcrumb"},"inLanguage":"it-IT","potentialAction":[{"@type":"ReadAction","target":["https:\/\/www.article-marketing.eu\/comunicatistampa\/di-chiara-cavalieri-studiosa-di-islam-e-geopolitica\/"]}]},{"@type":"BreadcrumbList","@id":"https:\/\/www.article-marketing.eu\/comunicatistampa\/di-chiara-cavalieri-studiosa-di-islam-e-geopolitica\/#breadcrumb","itemListElement":[{"@type":"ListItem","position":1,"name":"Home","item":"https:\/\/www.article-marketing.eu\/comunicatistampa\/"},{"@type":"ListItem","position":2,"name":"Di Chiara Cavalieri Studiosa di Islam e Geopolitica"}]},{"@type":"WebSite","@id":"https:\/\/www.article-marketing.eu\/comunicatistampa\/#website","url":"https:\/\/www.article-marketing.eu\/comunicatistampa\/","name":"Article Marketing","description":"article marketing &amp; press release","potentialAction":[{"@type":"SearchAction","target":{"@type":"EntryPoint","urlTemplate":"https:\/\/www.article-marketing.eu\/comunicatistampa\/?s={search_term_string}"},"query-input":{"@type":"PropertyValueSpecification","valueRequired":true,"valueName":"search_term_string"}}],"inLanguage":"it-IT"},{"@type":"Person","@id":"https:\/\/www.article-marketing.eu\/comunicatistampa\/#\/schema\/person\/007cfb748bcfc0db20997d3866447e6d","name":"bookonline99","image":{"@type":"ImageObject","inLanguage":"it-IT","@id":"https:\/\/secure.gravatar.com\/avatar\/aba6bce0175376184c8ed84fd24a7bc2b8f03e17e9600fba648415511dab6352?s=96&d=mm&r=g","url":"https:\/\/secure.gravatar.com\/avatar\/aba6bce0175376184c8ed84fd24a7bc2b8f03e17e9600fba648415511dab6352?s=96&d=mm&r=g","contentUrl":"https:\/\/secure.gravatar.com\/avatar\/aba6bce0175376184c8ed84fd24a7bc2b8f03e17e9600fba648415511dab6352?s=96&d=mm&r=g","caption":"bookonline99"},"url":"https:\/\/www.article-marketing.eu\/comunicatistampa\/author\/bookonline99\/"}]}},"_links":{"self":[{"href":"https:\/\/www.article-marketing.eu\/comunicatistampa\/wp-json\/wp\/v2\/posts\/23006","targetHints":{"allow":["GET"]}}],"collection":[{"href":"https:\/\/www.article-marketing.eu\/comunicatistampa\/wp-json\/wp\/v2\/posts"}],"about":[{"href":"https:\/\/www.article-marketing.eu\/comunicatistampa\/wp-json\/wp\/v2\/types\/post"}],"author":[{"embeddable":true,"href":"https:\/\/www.article-marketing.eu\/comunicatistampa\/wp-json\/wp\/v2\/users\/913"}],"replies":[{"embeddable":true,"href":"https:\/\/www.article-marketing.eu\/comunicatistampa\/wp-json\/wp\/v2\/comments?post=23006"}],"version-history":[{"count":2,"href":"https:\/\/www.article-marketing.eu\/comunicatistampa\/wp-json\/wp\/v2\/posts\/23006\/revisions"}],"predecessor-version":[{"id":23106,"href":"https:\/\/www.article-marketing.eu\/comunicatistampa\/wp-json\/wp\/v2\/posts\/23006\/revisions\/23106"}],"wp:attachment":[{"href":"https:\/\/www.article-marketing.eu\/comunicatistampa\/wp-json\/wp\/v2\/media?parent=23006"}],"wp:term":[{"taxonomy":"category","embeddable":true,"href":"https:\/\/www.article-marketing.eu\/comunicatistampa\/wp-json\/wp\/v2\/categories?post=23006"},{"taxonomy":"post_tag","embeddable":true,"href":"https:\/\/www.article-marketing.eu\/comunicatistampa\/wp-json\/wp\/v2\/tags?post=23006"}],"curies":[{"name":"wp","href":"https:\/\/api.w.org\/{rel}","templated":true}]}}