{"id":23033,"date":"2022-05-14T12:19:35","date_gmt":"2022-05-14T10:19:35","guid":{"rendered":"https:\/\/www.article-marketing.eu\/comunicatistampa\/?p=23033"},"modified":"2022-05-20T16:44:30","modified_gmt":"2022-05-20T14:44:30","slug":"di-chiara-cavalieri-2","status":"publish","type":"post","link":"https:\/\/www.article-marketing.eu\/comunicatistampa\/di-chiara-cavalieri-2\/","title":{"rendered":"Art for Peace in the Mediterranean di Chiara Cavalieri"},"content":{"rendered":"<p><span style=\"font-size: 14pt; font-family: times new roman, times, serif;\">La compagnia Balletto di Benevento in collaborazione con l\u2019associazione culturale egiziana IBDART PEACE, Art for Peace in the Mediterranean (la parola araba IBDA ha il significato di creativit\u00e0 ed unisce idealmente i due concetti di Arte e Pace) ha organizzato per il 9 e il 10 agosto una mostra di pittura interculturale.<\/span><\/p>\n<p><span style=\"font-size: 14pt; font-family: times new roman, times, serif;\">La professoressa Manal Serry, presidente dell\u2019associazione IBDART PEACE, nell\u2019accettare l\u2019invito del Centro Studi di Carmen Castiello, ha condiviso l\u2019obiettivo di divulgare, attraverso le espressioni dell\u2019arte che hanno contraddistinto le civilt\u00e0 mediterranee, il messaggio di una Pace che passa attraverso la creativit\u00e0 e la libert\u00e0 di espressione.<\/span><\/p>\n<p><span style=\"font-size: 14pt; font-family: times new roman, times, serif;\">Questa importante mostra \u00e8 stata inserita nel tabloid della Compagnia \u201cBalletto di Benevento\u201d che ha presentato al teatro Romano l\u2019evento \u201cETERNIT\u00c0 Dante e il Visibile danzare, due giornate di spettacolo sulla Divina Commedia.<\/span><\/p>\n<p><span style=\"font-size: 14pt; font-family: times new roman, times, serif;\">L&#8217;arte comune, Koin\u00e8 che unisce Medio Oriente e Occidente, Europa e Islam nei loro destini incrociati, per parafrasare un libro dell\u2019islamologo Paolo Branca, non poteva avere come cornice migliore la citt\u00e0 di Benevento e come spettacolo finale Dante e la Divina Commedia.\u00a0<\/span><\/p>\n<p>&nbsp;<\/p>\n<p><span style=\"font-size: 14pt; font-family: times new roman, times, serif;\">Benevento non \u00e8 solo la citt\u00e0 delle guerre sannitiche, delle forche caudine, di Pirro, delle guerre puniche e del ducato longobardo, ma \u00e8 quella citt\u00e0 che dal primo secolo A.C., con il massimo sviluppo nel periodo dell\u2019imperatore Domiziano, fece costruire un tempio dedicato al culto della dea Iside e fino alla fine del terzo secolo D.C. \u00e8 stata la citt\u00e0 romana con maggiore presenza di culti orientali.<\/span><\/p>\n<p>&nbsp;<\/p>\n<p><span style=\"font-size: 14pt; font-family: times new roman, times, serif;\">Accanto al tempio, infatti, vennero innalzati due obelischi tardo egizi che resero questo maestoso edificio di culto egizio uno dei pi\u00f9 importanti dell\u2019impero romano.<\/span><\/p>\n<p>&nbsp;<\/p>\n<p><span style=\"font-size: 14pt; font-family: times new roman, times, serif;\">I reperti del tempio, sculture di fattura ellenistica legate alla mitologia e ai culti egizi, vennero alla luce verso la fine del XIX secolo e fanno della citt\u00e0 di Benevento il maggior centro di ritrovamenti di reperti egizi fuori dall\u2019Egitto stesso.<\/span><\/p>\n<p>&nbsp;<\/p>\n<p><span style=\"font-size: 14pt; font-family: times new roman, times, serif;\">Nel secondo secolo avanti Cristo si sviluppa nel bacino del Mediterraneo, lungo le tratte commerciali provenienti dall\u2019Oriente, il misterico culto di Iside Pelagia, che nasce nell\u2019isola di Delo, propiziatore dei commerci marittimi, dei naviganti e attraverso tale culto la dea diviene anche colei che traghetta le anime dei defunti nell\u2019aldil\u00e0.<\/span><\/p>\n<p>&nbsp;<\/p>\n<p><span style=\"font-size: 14pt; font-family: times new roman, times, serif;\">Iside, la dea delle dee, la regina del cielo, colei che di se stessa dice:<\/span><\/p>\n<p><span style=\"font-size: 14pt; font-family: times new roman, times, serif;\">\u201cIo sono la Prima e l\u2019Ultima. Io sono la Venerata e la Disprezzata. Io sono la Prostituta e la Santa. Io sono la Sposa e la Vergine\u201d &#8211;\u00a0 riassumendo cos\u00ec tutti gli aspetti della donna.<\/span><\/p>\n<p>&nbsp;<\/p>\n<p><span style=\"font-size: 14pt; font-family: times new roman, times, serif;\">I culti antichi femminili sono la rappresentazione della Terra che viene Fecondata dal Cielo che \u00e8 sempre stato inteso come divinit\u00e0 maschile.<\/span><\/p>\n<p>&nbsp;<\/p>\n<p><span style=\"font-size: 14pt; font-family: times new roman, times, serif;\">Diventa Maria, la vergine venerata da cristiani e musulmani, dai primi come Madre di Ges\u00f9 e dai secondi come Spirito di Allah, diventata cos\u00ec essere umano pi\u00f9 amato e venerato di tutti i tempi.<\/span><\/p>\n<p>&nbsp;<\/p>\n<p><span style=\"font-size: 14pt; font-family: times new roman, times, serif;\">L\u2019evento, nel suo finale, non poteva che chiudersi con Dante.<\/span><\/p>\n<p><span style=\"font-size: 14pt; font-family: times new roman, times, serif;\">Quando nel 1919 apparve il controverso libro \u2018La escatologia musulmana en la Divina Comedia\u2019 del sacerdote e arabista spagnolo Miguel As\u00ecn Palacios, esplose la diatriba sull\u2019influenza della cultura musulmana sul capolavoro dantesco.<\/span><\/p>\n<p>&nbsp;<\/p>\n<p><span style=\"font-size: 14pt; font-family: times new roman, times, serif;\">As\u00ecn Palacios credeva soprattutto che l\u2019opera del mistico andaluso Ibn Arabi, a sua volta rielaborazione della tradizione sul Viaggio Notturno nell\u2019Aldil\u00e0 di Maometto, avesse influenzato Dante.<\/span><\/p>\n<p>&nbsp;<\/p>\n<p><span style=\"font-size: 14pt; font-family: times new roman, times, serif;\">La pi\u00f9 tarda scoperta dei Libri della Scala di Maometto, hanno\u00a0portato a concludere che in realt\u00e0 il poeta fiorentino si sia ispirato direttamente alle tradizioni riguardanti il viaggio del Profeta.<\/span><\/p>\n<p>&nbsp;<\/p>\n<p><span style=\"font-size: 14pt; font-family: times new roman, times, serif;\">Pape Satan, pape Satan aleppe \u00e8, come sostiene il libico Abbud Abu Rashid che tradusse la Commedia\u00a0in arabo, un\u2019italianizzazione di \u2018Bab-e Shaytan, bab-e Shaytan, alebbi\u2019 (Questa \u00e8 la porta di Satana, fermati, questa \u00e8 la porta di Satana).<\/span><\/p>\n<p>&nbsp;<\/p>\n<p><span style=\"font-size: 14pt; font-family: times new roman, times, serif;\">Quindi, con tutta probabilit\u00e0, Dante conosceva anche la lingua araba.<\/span><\/p>\n<p>&nbsp;<\/p>\n<p><span style=\"font-size: 14pt; font-family: times new roman, times, serif;\">Nel limbo mette tra gli <em>spiriti magni<\/em> le ombre di tre musulmani: i filosofi Avicenna e Averro\u00e9 e il condottiero Saladino.<\/span><\/p>\n<p>&nbsp;<\/p>\n<p><span style=\"font-size: 14pt; font-family: times new roman, times, serif;\">In realt\u00e0 la sensibilit\u00e0 di Dante non \u00e8 cos\u00ec diversa da quella di tanti suoi contemporanei e Saladino il Magnifico \u00e8 da lui ammirato come un sovrano saggio e dal mondo cristiano medievale come un avversario cavalleresco.<\/span><\/p>\n<p>&nbsp;<\/p>\n<p><span style=\"font-size: 14pt; font-family: times new roman, times, serif;\">Il profondo convincimento, ormai dato di fatto, \u00e8 che l\u2019Arte e la cultura recitino un ruolo di primo piano nello sviluppo della societ\u00e0 e si assumono l\u2019arduo compiuto di avvicinare persone che per via della loro condizione economico-sociale, appartenenza etnica, opinioni politiche e credenze religiose, tendono troppo spesso a separarsi le une dalle altre.<\/span><\/p>\n","protected":false},"excerpt":{"rendered":"<p>La compagnia Balletto di Benevento in collaborazione con l\u2019associazione culturale egiziana IBDART PEACE, Art for Peace in the Mediterranean (la parola araba IBDA ha il significato di creativit\u00e0 ed unisce idealmente i due concetti di Arte e Pace) ha organizzato per il 9 e il 10 agosto una mostra di pittura interculturale. La professoressa Manal Serry, presidente dell\u2019associazione IBDART PEACE, nell\u2019accettare l\u2019invito del Centro Studi di Carmen Castiello, ha condiviso<\/p>\n<p><a class=\"continue-reading\" href=\"https:\/\/www.article-marketing.eu\/comunicatistampa\/di-chiara-cavalieri-2\/\">Continue reading&#8230;<\/a><\/p>\n","protected":false},"author":913,"featured_media":0,"comment_status":"open","ping_status":"open","sticky":false,"template":"","format":"standard","meta":{"_monsterinsights_skip_tracking":false,"_monsterinsights_sitenote_active":false,"_monsterinsights_sitenote_note":"","_monsterinsights_sitenote_category":0,"footnotes":""},"categories":[78],"tags":[],"class_list":["post-23033","post","type-post","status-publish","format-standard","hentry","category-comunicati-stampa"],"yoast_head":"<!-- This site is optimized with the Yoast SEO plugin v27.3 - https:\/\/yoast.com\/product\/yoast-seo-wordpress\/ -->\n<title>Art for Peace in the Mediterranean di Chiara Cavalieri - Article Marketing<\/title>\n<meta name=\"robots\" content=\"index, follow, max-snippet:-1, max-image-preview:large, max-video-preview:-1\" \/>\n<link rel=\"canonical\" href=\"https:\/\/www.article-marketing.eu\/comunicatistampa\/di-chiara-cavalieri-2\/\" \/>\n<meta property=\"og:locale\" content=\"it_IT\" \/>\n<meta property=\"og:type\" content=\"article\" \/>\n<meta property=\"og:title\" content=\"Art for Peace in the Mediterranean di Chiara Cavalieri - Article Marketing\" \/>\n<meta property=\"og:description\" content=\"La compagnia Balletto di Benevento in collaborazione con l\u2019associazione culturale egiziana IBDART PEACE, Art for Peace in the Mediterranean (la parola araba IBDA ha il significato di creativit\u00e0 ed unisce idealmente i due concetti di Arte e Pace) ha organizzato per il 9 e il 10 agosto una mostra di pittura interculturale. La professoressa Manal Serry, presidente dell\u2019associazione IBDART PEACE, nell\u2019accettare l\u2019invito del Centro Studi di Carmen Castiello, ha condivisoContinue reading...\" \/>\n<meta property=\"og:url\" content=\"https:\/\/www.article-marketing.eu\/comunicatistampa\/di-chiara-cavalieri-2\/\" \/>\n<meta property=\"og:site_name\" content=\"Article Marketing\" \/>\n<meta property=\"article:published_time\" content=\"2022-05-14T10:19:35+00:00\" \/>\n<meta property=\"article:modified_time\" content=\"2022-05-20T14:44:30+00:00\" \/>\n<meta name=\"author\" content=\"bookonline99\" \/>\n<meta name=\"twitter:card\" content=\"summary_large_image\" \/>\n<meta name=\"twitter:label1\" content=\"Scritto da\" \/>\n\t<meta name=\"twitter:data1\" content=\"bookonline99\" \/>\n\t<meta name=\"twitter:label2\" content=\"Tempo di lettura stimato\" \/>\n\t<meta name=\"twitter:data2\" content=\"4 minuti\" \/>\n<script type=\"application\/ld+json\" class=\"yoast-schema-graph\">{\"@context\":\"https:\\\/\\\/schema.org\",\"@graph\":[{\"@type\":\"Article\",\"@id\":\"https:\\\/\\\/www.article-marketing.eu\\\/comunicatistampa\\\/di-chiara-cavalieri-2\\\/#article\",\"isPartOf\":{\"@id\":\"https:\\\/\\\/www.article-marketing.eu\\\/comunicatistampa\\\/di-chiara-cavalieri-2\\\/\"},\"author\":{\"name\":\"bookonline99\",\"@id\":\"https:\\\/\\\/www.article-marketing.eu\\\/comunicatistampa\\\/#\\\/schema\\\/person\\\/007cfb748bcfc0db20997d3866447e6d\"},\"headline\":\"Art for Peace in the Mediterranean di Chiara Cavalieri\",\"datePublished\":\"2022-05-14T10:19:35+00:00\",\"dateModified\":\"2022-05-20T14:44:30+00:00\",\"mainEntityOfPage\":{\"@id\":\"https:\\\/\\\/www.article-marketing.eu\\\/comunicatistampa\\\/di-chiara-cavalieri-2\\\/\"},\"wordCount\":757,\"commentCount\":0,\"articleSection\":[\"Comunicati stampa\"],\"inLanguage\":\"it-IT\",\"potentialAction\":[{\"@type\":\"CommentAction\",\"name\":\"Comment\",\"target\":[\"https:\\\/\\\/www.article-marketing.eu\\\/comunicatistampa\\\/di-chiara-cavalieri-2\\\/#respond\"]}]},{\"@type\":\"WebPage\",\"@id\":\"https:\\\/\\\/www.article-marketing.eu\\\/comunicatistampa\\\/di-chiara-cavalieri-2\\\/\",\"url\":\"https:\\\/\\\/www.article-marketing.eu\\\/comunicatistampa\\\/di-chiara-cavalieri-2\\\/\",\"name\":\"Art for Peace in the Mediterranean di Chiara Cavalieri - Article Marketing\",\"isPartOf\":{\"@id\":\"https:\\\/\\\/www.article-marketing.eu\\\/comunicatistampa\\\/#website\"},\"datePublished\":\"2022-05-14T10:19:35+00:00\",\"dateModified\":\"2022-05-20T14:44:30+00:00\",\"author\":{\"@id\":\"https:\\\/\\\/www.article-marketing.eu\\\/comunicatistampa\\\/#\\\/schema\\\/person\\\/007cfb748bcfc0db20997d3866447e6d\"},\"breadcrumb\":{\"@id\":\"https:\\\/\\\/www.article-marketing.eu\\\/comunicatistampa\\\/di-chiara-cavalieri-2\\\/#breadcrumb\"},\"inLanguage\":\"it-IT\",\"potentialAction\":[{\"@type\":\"ReadAction\",\"target\":[\"https:\\\/\\\/www.article-marketing.eu\\\/comunicatistampa\\\/di-chiara-cavalieri-2\\\/\"]}]},{\"@type\":\"BreadcrumbList\",\"@id\":\"https:\\\/\\\/www.article-marketing.eu\\\/comunicatistampa\\\/di-chiara-cavalieri-2\\\/#breadcrumb\",\"itemListElement\":[{\"@type\":\"ListItem\",\"position\":1,\"name\":\"Home\",\"item\":\"https:\\\/\\\/www.article-marketing.eu\\\/comunicatistampa\\\/\"},{\"@type\":\"ListItem\",\"position\":2,\"name\":\"Art for Peace in the Mediterranean di Chiara Cavalieri\"}]},{\"@type\":\"WebSite\",\"@id\":\"https:\\\/\\\/www.article-marketing.eu\\\/comunicatistampa\\\/#website\",\"url\":\"https:\\\/\\\/www.article-marketing.eu\\\/comunicatistampa\\\/\",\"name\":\"Article Marketing\",\"description\":\"article marketing &amp; press release\",\"potentialAction\":[{\"@type\":\"SearchAction\",\"target\":{\"@type\":\"EntryPoint\",\"urlTemplate\":\"https:\\\/\\\/www.article-marketing.eu\\\/comunicatistampa\\\/?s={search_term_string}\"},\"query-input\":{\"@type\":\"PropertyValueSpecification\",\"valueRequired\":true,\"valueName\":\"search_term_string\"}}],\"inLanguage\":\"it-IT\"},{\"@type\":\"Person\",\"@id\":\"https:\\\/\\\/www.article-marketing.eu\\\/comunicatistampa\\\/#\\\/schema\\\/person\\\/007cfb748bcfc0db20997d3866447e6d\",\"name\":\"bookonline99\",\"image\":{\"@type\":\"ImageObject\",\"inLanguage\":\"it-IT\",\"@id\":\"https:\\\/\\\/secure.gravatar.com\\\/avatar\\\/aba6bce0175376184c8ed84fd24a7bc2b8f03e17e9600fba648415511dab6352?s=96&d=mm&r=g\",\"url\":\"https:\\\/\\\/secure.gravatar.com\\\/avatar\\\/aba6bce0175376184c8ed84fd24a7bc2b8f03e17e9600fba648415511dab6352?s=96&d=mm&r=g\",\"contentUrl\":\"https:\\\/\\\/secure.gravatar.com\\\/avatar\\\/aba6bce0175376184c8ed84fd24a7bc2b8f03e17e9600fba648415511dab6352?s=96&d=mm&r=g\",\"caption\":\"bookonline99\"},\"url\":\"https:\\\/\\\/www.article-marketing.eu\\\/comunicatistampa\\\/author\\\/bookonline99\\\/\"}]}<\/script>\n<!-- \/ Yoast SEO plugin. -->","yoast_head_json":{"title":"Art for Peace in the Mediterranean di Chiara Cavalieri - Article Marketing","robots":{"index":"index","follow":"follow","max-snippet":"max-snippet:-1","max-image-preview":"max-image-preview:large","max-video-preview":"max-video-preview:-1"},"canonical":"https:\/\/www.article-marketing.eu\/comunicatistampa\/di-chiara-cavalieri-2\/","og_locale":"it_IT","og_type":"article","og_title":"Art for Peace in the Mediterranean di Chiara Cavalieri - Article Marketing","og_description":"La compagnia Balletto di Benevento in collaborazione con l\u2019associazione culturale egiziana IBDART PEACE, Art for Peace in the Mediterranean (la parola araba IBDA ha il significato di creativit\u00e0 ed unisce idealmente i due concetti di Arte e Pace) ha organizzato per il 9 e il 10 agosto una mostra di pittura interculturale. La professoressa Manal Serry, presidente dell\u2019associazione IBDART PEACE, nell\u2019accettare l\u2019invito del Centro Studi di Carmen Castiello, ha condivisoContinue reading...","og_url":"https:\/\/www.article-marketing.eu\/comunicatistampa\/di-chiara-cavalieri-2\/","og_site_name":"Article Marketing","article_published_time":"2022-05-14T10:19:35+00:00","article_modified_time":"2022-05-20T14:44:30+00:00","author":"bookonline99","twitter_card":"summary_large_image","twitter_misc":{"Scritto da":"bookonline99","Tempo di lettura stimato":"4 minuti"},"schema":{"@context":"https:\/\/schema.org","@graph":[{"@type":"Article","@id":"https:\/\/www.article-marketing.eu\/comunicatistampa\/di-chiara-cavalieri-2\/#article","isPartOf":{"@id":"https:\/\/www.article-marketing.eu\/comunicatistampa\/di-chiara-cavalieri-2\/"},"author":{"name":"bookonline99","@id":"https:\/\/www.article-marketing.eu\/comunicatistampa\/#\/schema\/person\/007cfb748bcfc0db20997d3866447e6d"},"headline":"Art for Peace in the Mediterranean di Chiara Cavalieri","datePublished":"2022-05-14T10:19:35+00:00","dateModified":"2022-05-20T14:44:30+00:00","mainEntityOfPage":{"@id":"https:\/\/www.article-marketing.eu\/comunicatistampa\/di-chiara-cavalieri-2\/"},"wordCount":757,"commentCount":0,"articleSection":["Comunicati stampa"],"inLanguage":"it-IT","potentialAction":[{"@type":"CommentAction","name":"Comment","target":["https:\/\/www.article-marketing.eu\/comunicatistampa\/di-chiara-cavalieri-2\/#respond"]}]},{"@type":"WebPage","@id":"https:\/\/www.article-marketing.eu\/comunicatistampa\/di-chiara-cavalieri-2\/","url":"https:\/\/www.article-marketing.eu\/comunicatistampa\/di-chiara-cavalieri-2\/","name":"Art for Peace in the Mediterranean di Chiara Cavalieri - Article Marketing","isPartOf":{"@id":"https:\/\/www.article-marketing.eu\/comunicatistampa\/#website"},"datePublished":"2022-05-14T10:19:35+00:00","dateModified":"2022-05-20T14:44:30+00:00","author":{"@id":"https:\/\/www.article-marketing.eu\/comunicatistampa\/#\/schema\/person\/007cfb748bcfc0db20997d3866447e6d"},"breadcrumb":{"@id":"https:\/\/www.article-marketing.eu\/comunicatistampa\/di-chiara-cavalieri-2\/#breadcrumb"},"inLanguage":"it-IT","potentialAction":[{"@type":"ReadAction","target":["https:\/\/www.article-marketing.eu\/comunicatistampa\/di-chiara-cavalieri-2\/"]}]},{"@type":"BreadcrumbList","@id":"https:\/\/www.article-marketing.eu\/comunicatistampa\/di-chiara-cavalieri-2\/#breadcrumb","itemListElement":[{"@type":"ListItem","position":1,"name":"Home","item":"https:\/\/www.article-marketing.eu\/comunicatistampa\/"},{"@type":"ListItem","position":2,"name":"Art for Peace in the Mediterranean di Chiara Cavalieri"}]},{"@type":"WebSite","@id":"https:\/\/www.article-marketing.eu\/comunicatistampa\/#website","url":"https:\/\/www.article-marketing.eu\/comunicatistampa\/","name":"Article Marketing","description":"article marketing &amp; press release","potentialAction":[{"@type":"SearchAction","target":{"@type":"EntryPoint","urlTemplate":"https:\/\/www.article-marketing.eu\/comunicatistampa\/?s={search_term_string}"},"query-input":{"@type":"PropertyValueSpecification","valueRequired":true,"valueName":"search_term_string"}}],"inLanguage":"it-IT"},{"@type":"Person","@id":"https:\/\/www.article-marketing.eu\/comunicatistampa\/#\/schema\/person\/007cfb748bcfc0db20997d3866447e6d","name":"bookonline99","image":{"@type":"ImageObject","inLanguage":"it-IT","@id":"https:\/\/secure.gravatar.com\/avatar\/aba6bce0175376184c8ed84fd24a7bc2b8f03e17e9600fba648415511dab6352?s=96&d=mm&r=g","url":"https:\/\/secure.gravatar.com\/avatar\/aba6bce0175376184c8ed84fd24a7bc2b8f03e17e9600fba648415511dab6352?s=96&d=mm&r=g","contentUrl":"https:\/\/secure.gravatar.com\/avatar\/aba6bce0175376184c8ed84fd24a7bc2b8f03e17e9600fba648415511dab6352?s=96&d=mm&r=g","caption":"bookonline99"},"url":"https:\/\/www.article-marketing.eu\/comunicatistampa\/author\/bookonline99\/"}]}},"_links":{"self":[{"href":"https:\/\/www.article-marketing.eu\/comunicatistampa\/wp-json\/wp\/v2\/posts\/23033","targetHints":{"allow":["GET"]}}],"collection":[{"href":"https:\/\/www.article-marketing.eu\/comunicatistampa\/wp-json\/wp\/v2\/posts"}],"about":[{"href":"https:\/\/www.article-marketing.eu\/comunicatistampa\/wp-json\/wp\/v2\/types\/post"}],"author":[{"embeddable":true,"href":"https:\/\/www.article-marketing.eu\/comunicatistampa\/wp-json\/wp\/v2\/users\/913"}],"replies":[{"embeddable":true,"href":"https:\/\/www.article-marketing.eu\/comunicatistampa\/wp-json\/wp\/v2\/comments?post=23033"}],"version-history":[{"count":4,"href":"https:\/\/www.article-marketing.eu\/comunicatistampa\/wp-json\/wp\/v2\/posts\/23033\/revisions"}],"predecessor-version":[{"id":23282,"href":"https:\/\/www.article-marketing.eu\/comunicatistampa\/wp-json\/wp\/v2\/posts\/23033\/revisions\/23282"}],"wp:attachment":[{"href":"https:\/\/www.article-marketing.eu\/comunicatistampa\/wp-json\/wp\/v2\/media?parent=23033"}],"wp:term":[{"taxonomy":"category","embeddable":true,"href":"https:\/\/www.article-marketing.eu\/comunicatistampa\/wp-json\/wp\/v2\/categories?post=23033"},{"taxonomy":"post_tag","embeddable":true,"href":"https:\/\/www.article-marketing.eu\/comunicatistampa\/wp-json\/wp\/v2\/tags?post=23033"}],"curies":[{"name":"wp","href":"https:\/\/api.w.org\/{rel}","templated":true}]}}