{"id":23060,"date":"2022-05-14T12:24:23","date_gmt":"2022-05-14T10:24:23","guid":{"rendered":"https:\/\/www.article-marketing.eu\/comunicatistampa\/?p=23060"},"modified":"2022-05-14T12:24:23","modified_gmt":"2022-05-14T10:24:23","slug":"la-corrente-postmoderna-nel-saggio-a-cura-di-gaetano-chiurazzi-edito-da-federico-motta-editore","status":"publish","type":"post","link":"https:\/\/www.article-marketing.eu\/comunicatistampa\/la-corrente-postmoderna-nel-saggio-a-cura-di-gaetano-chiurazzi-edito-da-federico-motta-editore\/","title":{"rendered":"La corrente postmoderna nel saggio a cura di Gaetano Chiurazzi edito da Federico Motta Editore"},"content":{"rendered":"<p><em><strong>Il saggio \u00e8 stato scritto da Gaetano Chiurazzi e pubblicato in &#8220;La Filosofia&#8221;, opera edita da <a title=\"Federico Motta Editore: il saggio sul postmoderno\" href=\"https:\/\/webcomunicati.wordpress.com\/2021\/11\/02\/il-postmoderno-il-saggio-edito-da-federico-motta-editore\/\">Federico Motta Editore<\/a> a cura di Umberto Eco e Riccardo Fedriga.<\/strong><\/em><\/p>\n<p><img loading=\"lazy\" decoding=\"async\" class=\"alignnone\" src=\"https:\/\/www.originalcontents.eu\/wp-content\/uploads\/2021\/07\/federico-motta-editore.jpg\" alt=\"Federico Motta Editore\" width=\"120\" height=\"296\" \/><\/p>\n<h2>Federico Motta Editore: il saggio di Gaetano Chiurazzi<\/h2>\n<p><em>&#8220;L&#8217;oggetto di questo studio<\/em> &#8211; scrive Gaetano Chiurazzi nel saggio edito da <strong>Federico Motta Editore<\/strong> &#8211; <em>\u00e8 la condizione del sapere nelle societ\u00e0 pi\u00f9 sviluppate. Abbiamo deciso di chiamarla postmoderna. La definizione \u00e8 corrente nella letteratura sociologica e critica del continente americano. Essa designa lo stato della cultura dopo le trasformazioni subite dalle regole dei giochi della scienza, della letteratura e delle arti a partire dalla fine del XIX secolo. Tali trasformazioni saranno messe qui in relazione con la crisi delle narrazioni&#8221;<\/em>. Il termine postmoderno fece per la prima volta la sua comparsa nel dibattitto filosofico e culturale nel 1979, anno in cui il filosofo Jean-Francois Lyotard pubblic\u00f2 l&#8217;opera &#8220;La condition postmoderne&#8221;, in cui veniva affrontato il tema degli effetti dei nuovi mezzi informatici sul sapere. Quando si parla di postmoderno si indica quindi la condizione antropologica e culturale che si and\u00f2 ad affermare nel periodo successivo alla crisi e all&#8217;epilogo della modernit\u00e0 nelle societ\u00e0 capitaliste, e che ha finito per influenzare tutte le sfere del sapere: dall&#8217;arte all&#8217;architettura e dalla filosofia alla letteratura.<\/p>\n<h2>Federico Motta Editore sul postmodernismo italiano: la figura di Umberto Eco<\/h2>\n<p>In Italia la corrente postmoderna si fa strada tra la fine degli anni &#8217;70 e gli inizi degli anni &#8217;80, trovando nel campo della letteratura la sua massima espressione nell&#8217;attivit\u00e0 di Umberto Eco. Filosofo, scrittore e semiologo, Umberto Eco \u00e8 stato inoltre una figura chiave nella storia della <strong>Federico Motta Editore<\/strong>, con cui ha collaborato per la realizzazione di numerose opere. Indicata come una delle principali personalit\u00e0 italiane legate al postmodernismo, nel 1980 pubblica &#8220;Il nome della rosa&#8221;, opera caratterizzata dalla contaminazione di generi diversi in tipico stile postmoderno. Nel 1983 pubblica poi il saggio <em>Postille a &#8220;Il nome della rosa&#8221;<\/em>. Al suo interno, in particolare nel capitolo &#8220;Il Postmoderno, l&#8217;ironia, il piacevole&#8221;, l&#8217;autore riporta che il <em>&#8220;post-moderno \u00e8 un termine buono \u00e0 tout faire&#8221;<\/em> e che <em>&#8220;ogni epoca ha il proprio post-moderno&#8221;<\/em> dal momento in cui <em>&#8220;il passato ci condiziona, ci sta addosso, ci ricatta&#8221;<\/em>. Con questo nuovo movimento viene cos\u00ec esaltata la molteplicit\u00e0 della realt\u00e0 e le sue infinite sfaccettature, mentre i grandi sistemi filosofici e i valori su cui si \u00e8 poggiata l&#8217;et\u00e0 moderna vengono smantellati.<\/p>\n","protected":false},"excerpt":{"rendered":"<p>Il saggio \u00e8 stato scritto da Gaetano Chiurazzi e pubblicato in &#8220;La Filosofia&#8221;, opera edita da Federico Motta Editore a cura di Umberto Eco e Riccardo Fedriga. Federico Motta Editore: il saggio di Gaetano Chiurazzi &#8220;L&#8217;oggetto di questo studio &#8211; scrive Gaetano Chiurazzi nel saggio edito da Federico Motta Editore &#8211; \u00e8 la condizione del sapere nelle societ\u00e0 pi\u00f9 sviluppate. Abbiamo deciso di chiamarla postmoderna. La definizione \u00e8 corrente nella<\/p>\n<p><a class=\"continue-reading\" href=\"https:\/\/www.article-marketing.eu\/comunicatistampa\/la-corrente-postmoderna-nel-saggio-a-cura-di-gaetano-chiurazzi-edito-da-federico-motta-editore\/\">Continue reading&#8230;<\/a><\/p>\n","protected":false},"author":6477,"featured_media":0,"comment_status":"open","ping_status":"open","sticky":false,"template":"","format":"standard","meta":{"_monsterinsights_skip_tracking":false,"_monsterinsights_sitenote_active":false,"_monsterinsights_sitenote_note":"","_monsterinsights_sitenote_category":0,"footnotes":""},"categories":[78],"tags":[9413],"class_list":["post-23060","post","type-post","status-publish","format-standard","hentry","category-comunicati-stampa","tag-federico-motta-editore"],"yoast_head":"<!-- This site is optimized with the Yoast SEO plugin v27.3 - https:\/\/yoast.com\/product\/yoast-seo-wordpress\/ -->\n<title>La corrente postmoderna nel saggio a cura di Gaetano Chiurazzi edito da Federico Motta Editore<\/title>\n<meta name=\"robots\" content=\"index, follow, max-snippet:-1, max-image-preview:large, max-video-preview:-1\" \/>\n<link rel=\"canonical\" href=\"https:\/\/www.article-marketing.eu\/comunicatistampa\/la-corrente-postmoderna-nel-saggio-a-cura-di-gaetano-chiurazzi-edito-da-federico-motta-editore\/\" \/>\n<meta property=\"og:locale\" content=\"it_IT\" \/>\n<meta property=\"og:type\" content=\"article\" \/>\n<meta property=\"og:title\" content=\"La corrente postmoderna nel saggio a cura di Gaetano Chiurazzi edito da Federico Motta Editore\" \/>\n<meta property=\"og:description\" content=\"Il saggio \u00e8 stato scritto da Gaetano Chiurazzi e pubblicato in &#8220;La Filosofia&#8221;, opera edita da Federico Motta Editore a cura di Umberto Eco e Riccardo Fedriga. Federico Motta Editore: il saggio di Gaetano Chiurazzi &#8220;L&#8217;oggetto di questo studio &#8211; scrive Gaetano Chiurazzi nel saggio edito da Federico Motta Editore &#8211; \u00e8 la condizione del sapere nelle societ\u00e0 pi\u00f9 sviluppate. Abbiamo deciso di chiamarla postmoderna. La definizione \u00e8 corrente nellaContinue reading...\" \/>\n<meta property=\"og:url\" content=\"https:\/\/www.article-marketing.eu\/comunicatistampa\/la-corrente-postmoderna-nel-saggio-a-cura-di-gaetano-chiurazzi-edito-da-federico-motta-editore\/\" \/>\n<meta property=\"og:site_name\" content=\"Article Marketing\" \/>\n<meta property=\"article:published_time\" content=\"2022-05-14T10:24:23+00:00\" \/>\n<meta property=\"og:image\" content=\"https:\/\/www.originalcontents.eu\/wp-content\/uploads\/2021\/07\/federico-motta-editore.jpg\" \/>\n<meta name=\"author\" content=\"articolinews\" \/>\n<meta name=\"twitter:card\" content=\"summary_large_image\" \/>\n<meta name=\"twitter:label1\" content=\"Scritto da\" \/>\n\t<meta name=\"twitter:data1\" content=\"articolinews\" \/>\n\t<meta name=\"twitter:label2\" content=\"Tempo di lettura stimato\" \/>\n\t<meta name=\"twitter:data2\" content=\"2 minuti\" \/>\n<script type=\"application\/ld+json\" class=\"yoast-schema-graph\">{\"@context\":\"https:\\\/\\\/schema.org\",\"@graph\":[{\"@type\":\"Article\",\"@id\":\"https:\\\/\\\/www.article-marketing.eu\\\/comunicatistampa\\\/la-corrente-postmoderna-nel-saggio-a-cura-di-gaetano-chiurazzi-edito-da-federico-motta-editore\\\/#article\",\"isPartOf\":{\"@id\":\"https:\\\/\\\/www.article-marketing.eu\\\/comunicatistampa\\\/la-corrente-postmoderna-nel-saggio-a-cura-di-gaetano-chiurazzi-edito-da-federico-motta-editore\\\/\"},\"author\":{\"name\":\"articolinews\",\"@id\":\"https:\\\/\\\/www.article-marketing.eu\\\/comunicatistampa\\\/#\\\/schema\\\/person\\\/2fcaf8f8f3a9eef9eb7f27532d3ca458\"},\"headline\":\"La corrente postmoderna nel saggio a cura di Gaetano Chiurazzi edito da Federico Motta Editore\",\"datePublished\":\"2022-05-14T10:24:23+00:00\",\"mainEntityOfPage\":{\"@id\":\"https:\\\/\\\/www.article-marketing.eu\\\/comunicatistampa\\\/la-corrente-postmoderna-nel-saggio-a-cura-di-gaetano-chiurazzi-edito-da-federico-motta-editore\\\/\"},\"wordCount\":404,\"commentCount\":0,\"image\":{\"@id\":\"https:\\\/\\\/www.article-marketing.eu\\\/comunicatistampa\\\/la-corrente-postmoderna-nel-saggio-a-cura-di-gaetano-chiurazzi-edito-da-federico-motta-editore\\\/#primaryimage\"},\"thumbnailUrl\":\"https:\\\/\\\/www.originalcontents.eu\\\/wp-content\\\/uploads\\\/2021\\\/07\\\/federico-motta-editore.jpg\",\"keywords\":[\"Federico Motta Editore\"],\"articleSection\":[\"Comunicati stampa\"],\"inLanguage\":\"it-IT\",\"potentialAction\":[{\"@type\":\"CommentAction\",\"name\":\"Comment\",\"target\":[\"https:\\\/\\\/www.article-marketing.eu\\\/comunicatistampa\\\/la-corrente-postmoderna-nel-saggio-a-cura-di-gaetano-chiurazzi-edito-da-federico-motta-editore\\\/#respond\"]}]},{\"@type\":\"WebPage\",\"@id\":\"https:\\\/\\\/www.article-marketing.eu\\\/comunicatistampa\\\/la-corrente-postmoderna-nel-saggio-a-cura-di-gaetano-chiurazzi-edito-da-federico-motta-editore\\\/\",\"url\":\"https:\\\/\\\/www.article-marketing.eu\\\/comunicatistampa\\\/la-corrente-postmoderna-nel-saggio-a-cura-di-gaetano-chiurazzi-edito-da-federico-motta-editore\\\/\",\"name\":\"La corrente postmoderna nel saggio a cura di Gaetano Chiurazzi edito da Federico Motta Editore\",\"isPartOf\":{\"@id\":\"https:\\\/\\\/www.article-marketing.eu\\\/comunicatistampa\\\/#website\"},\"primaryImageOfPage\":{\"@id\":\"https:\\\/\\\/www.article-marketing.eu\\\/comunicatistampa\\\/la-corrente-postmoderna-nel-saggio-a-cura-di-gaetano-chiurazzi-edito-da-federico-motta-editore\\\/#primaryimage\"},\"image\":{\"@id\":\"https:\\\/\\\/www.article-marketing.eu\\\/comunicatistampa\\\/la-corrente-postmoderna-nel-saggio-a-cura-di-gaetano-chiurazzi-edito-da-federico-motta-editore\\\/#primaryimage\"},\"thumbnailUrl\":\"https:\\\/\\\/www.originalcontents.eu\\\/wp-content\\\/uploads\\\/2021\\\/07\\\/federico-motta-editore.jpg\",\"datePublished\":\"2022-05-14T10:24:23+00:00\",\"author\":{\"@id\":\"https:\\\/\\\/www.article-marketing.eu\\\/comunicatistampa\\\/#\\\/schema\\\/person\\\/2fcaf8f8f3a9eef9eb7f27532d3ca458\"},\"breadcrumb\":{\"@id\":\"https:\\\/\\\/www.article-marketing.eu\\\/comunicatistampa\\\/la-corrente-postmoderna-nel-saggio-a-cura-di-gaetano-chiurazzi-edito-da-federico-motta-editore\\\/#breadcrumb\"},\"inLanguage\":\"it-IT\",\"potentialAction\":[{\"@type\":\"ReadAction\",\"target\":[\"https:\\\/\\\/www.article-marketing.eu\\\/comunicatistampa\\\/la-corrente-postmoderna-nel-saggio-a-cura-di-gaetano-chiurazzi-edito-da-federico-motta-editore\\\/\"]}]},{\"@type\":\"ImageObject\",\"inLanguage\":\"it-IT\",\"@id\":\"https:\\\/\\\/www.article-marketing.eu\\\/comunicatistampa\\\/la-corrente-postmoderna-nel-saggio-a-cura-di-gaetano-chiurazzi-edito-da-federico-motta-editore\\\/#primaryimage\",\"url\":\"https:\\\/\\\/www.originalcontents.eu\\\/wp-content\\\/uploads\\\/2021\\\/07\\\/federico-motta-editore.jpg\",\"contentUrl\":\"https:\\\/\\\/www.originalcontents.eu\\\/wp-content\\\/uploads\\\/2021\\\/07\\\/federico-motta-editore.jpg\"},{\"@type\":\"BreadcrumbList\",\"@id\":\"https:\\\/\\\/www.article-marketing.eu\\\/comunicatistampa\\\/la-corrente-postmoderna-nel-saggio-a-cura-di-gaetano-chiurazzi-edito-da-federico-motta-editore\\\/#breadcrumb\",\"itemListElement\":[{\"@type\":\"ListItem\",\"position\":1,\"name\":\"Home\",\"item\":\"https:\\\/\\\/www.article-marketing.eu\\\/comunicatistampa\\\/\"},{\"@type\":\"ListItem\",\"position\":2,\"name\":\"La corrente postmoderna nel saggio a cura di Gaetano Chiurazzi edito da Federico Motta Editore\"}]},{\"@type\":\"WebSite\",\"@id\":\"https:\\\/\\\/www.article-marketing.eu\\\/comunicatistampa\\\/#website\",\"url\":\"https:\\\/\\\/www.article-marketing.eu\\\/comunicatistampa\\\/\",\"name\":\"Article Marketing\",\"description\":\"article marketing &amp; press release\",\"potentialAction\":[{\"@type\":\"SearchAction\",\"target\":{\"@type\":\"EntryPoint\",\"urlTemplate\":\"https:\\\/\\\/www.article-marketing.eu\\\/comunicatistampa\\\/?s={search_term_string}\"},\"query-input\":{\"@type\":\"PropertyValueSpecification\",\"valueRequired\":true,\"valueName\":\"search_term_string\"}}],\"inLanguage\":\"it-IT\"},{\"@type\":\"Person\",\"@id\":\"https:\\\/\\\/www.article-marketing.eu\\\/comunicatistampa\\\/#\\\/schema\\\/person\\\/2fcaf8f8f3a9eef9eb7f27532d3ca458\",\"name\":\"articolinews\",\"image\":{\"@type\":\"ImageObject\",\"inLanguage\":\"it-IT\",\"@id\":\"https:\\\/\\\/secure.gravatar.com\\\/avatar\\\/9e2a264bab04e17dea24d937c9956304649a848cb73c46747a692ff1bdeb1cb7?s=96&d=mm&r=g\",\"url\":\"https:\\\/\\\/secure.gravatar.com\\\/avatar\\\/9e2a264bab04e17dea24d937c9956304649a848cb73c46747a692ff1bdeb1cb7?s=96&d=mm&r=g\",\"contentUrl\":\"https:\\\/\\\/secure.gravatar.com\\\/avatar\\\/9e2a264bab04e17dea24d937c9956304649a848cb73c46747a692ff1bdeb1cb7?s=96&d=mm&r=g\",\"caption\":\"articolinews\"},\"url\":\"https:\\\/\\\/www.article-marketing.eu\\\/comunicatistampa\\\/author\\\/articolinews\\\/\"}]}<\/script>\n<!-- \/ Yoast SEO plugin. -->","yoast_head_json":{"title":"La corrente postmoderna nel saggio a cura di Gaetano Chiurazzi edito da Federico Motta Editore","robots":{"index":"index","follow":"follow","max-snippet":"max-snippet:-1","max-image-preview":"max-image-preview:large","max-video-preview":"max-video-preview:-1"},"canonical":"https:\/\/www.article-marketing.eu\/comunicatistampa\/la-corrente-postmoderna-nel-saggio-a-cura-di-gaetano-chiurazzi-edito-da-federico-motta-editore\/","og_locale":"it_IT","og_type":"article","og_title":"La corrente postmoderna nel saggio a cura di Gaetano Chiurazzi edito da Federico Motta Editore","og_description":"Il saggio \u00e8 stato scritto da Gaetano Chiurazzi e pubblicato in &#8220;La Filosofia&#8221;, opera edita da Federico Motta Editore a cura di Umberto Eco e Riccardo Fedriga. Federico Motta Editore: il saggio di Gaetano Chiurazzi &#8220;L&#8217;oggetto di questo studio &#8211; scrive Gaetano Chiurazzi nel saggio edito da Federico Motta Editore &#8211; \u00e8 la condizione del sapere nelle societ\u00e0 pi\u00f9 sviluppate. Abbiamo deciso di chiamarla postmoderna. La definizione \u00e8 corrente nellaContinue reading...","og_url":"https:\/\/www.article-marketing.eu\/comunicatistampa\/la-corrente-postmoderna-nel-saggio-a-cura-di-gaetano-chiurazzi-edito-da-federico-motta-editore\/","og_site_name":"Article Marketing","article_published_time":"2022-05-14T10:24:23+00:00","og_image":[{"url":"https:\/\/www.originalcontents.eu\/wp-content\/uploads\/2021\/07\/federico-motta-editore.jpg","type":"","width":"","height":""}],"author":"articolinews","twitter_card":"summary_large_image","twitter_misc":{"Scritto da":"articolinews","Tempo di lettura stimato":"2 minuti"},"schema":{"@context":"https:\/\/schema.org","@graph":[{"@type":"Article","@id":"https:\/\/www.article-marketing.eu\/comunicatistampa\/la-corrente-postmoderna-nel-saggio-a-cura-di-gaetano-chiurazzi-edito-da-federico-motta-editore\/#article","isPartOf":{"@id":"https:\/\/www.article-marketing.eu\/comunicatistampa\/la-corrente-postmoderna-nel-saggio-a-cura-di-gaetano-chiurazzi-edito-da-federico-motta-editore\/"},"author":{"name":"articolinews","@id":"https:\/\/www.article-marketing.eu\/comunicatistampa\/#\/schema\/person\/2fcaf8f8f3a9eef9eb7f27532d3ca458"},"headline":"La corrente postmoderna nel saggio a cura di Gaetano Chiurazzi edito da Federico Motta Editore","datePublished":"2022-05-14T10:24:23+00:00","mainEntityOfPage":{"@id":"https:\/\/www.article-marketing.eu\/comunicatistampa\/la-corrente-postmoderna-nel-saggio-a-cura-di-gaetano-chiurazzi-edito-da-federico-motta-editore\/"},"wordCount":404,"commentCount":0,"image":{"@id":"https:\/\/www.article-marketing.eu\/comunicatistampa\/la-corrente-postmoderna-nel-saggio-a-cura-di-gaetano-chiurazzi-edito-da-federico-motta-editore\/#primaryimage"},"thumbnailUrl":"https:\/\/www.originalcontents.eu\/wp-content\/uploads\/2021\/07\/federico-motta-editore.jpg","keywords":["Federico Motta Editore"],"articleSection":["Comunicati stampa"],"inLanguage":"it-IT","potentialAction":[{"@type":"CommentAction","name":"Comment","target":["https:\/\/www.article-marketing.eu\/comunicatistampa\/la-corrente-postmoderna-nel-saggio-a-cura-di-gaetano-chiurazzi-edito-da-federico-motta-editore\/#respond"]}]},{"@type":"WebPage","@id":"https:\/\/www.article-marketing.eu\/comunicatistampa\/la-corrente-postmoderna-nel-saggio-a-cura-di-gaetano-chiurazzi-edito-da-federico-motta-editore\/","url":"https:\/\/www.article-marketing.eu\/comunicatistampa\/la-corrente-postmoderna-nel-saggio-a-cura-di-gaetano-chiurazzi-edito-da-federico-motta-editore\/","name":"La corrente postmoderna nel saggio a cura di Gaetano Chiurazzi edito da Federico Motta Editore","isPartOf":{"@id":"https:\/\/www.article-marketing.eu\/comunicatistampa\/#website"},"primaryImageOfPage":{"@id":"https:\/\/www.article-marketing.eu\/comunicatistampa\/la-corrente-postmoderna-nel-saggio-a-cura-di-gaetano-chiurazzi-edito-da-federico-motta-editore\/#primaryimage"},"image":{"@id":"https:\/\/www.article-marketing.eu\/comunicatistampa\/la-corrente-postmoderna-nel-saggio-a-cura-di-gaetano-chiurazzi-edito-da-federico-motta-editore\/#primaryimage"},"thumbnailUrl":"https:\/\/www.originalcontents.eu\/wp-content\/uploads\/2021\/07\/federico-motta-editore.jpg","datePublished":"2022-05-14T10:24:23+00:00","author":{"@id":"https:\/\/www.article-marketing.eu\/comunicatistampa\/#\/schema\/person\/2fcaf8f8f3a9eef9eb7f27532d3ca458"},"breadcrumb":{"@id":"https:\/\/www.article-marketing.eu\/comunicatistampa\/la-corrente-postmoderna-nel-saggio-a-cura-di-gaetano-chiurazzi-edito-da-federico-motta-editore\/#breadcrumb"},"inLanguage":"it-IT","potentialAction":[{"@type":"ReadAction","target":["https:\/\/www.article-marketing.eu\/comunicatistampa\/la-corrente-postmoderna-nel-saggio-a-cura-di-gaetano-chiurazzi-edito-da-federico-motta-editore\/"]}]},{"@type":"ImageObject","inLanguage":"it-IT","@id":"https:\/\/www.article-marketing.eu\/comunicatistampa\/la-corrente-postmoderna-nel-saggio-a-cura-di-gaetano-chiurazzi-edito-da-federico-motta-editore\/#primaryimage","url":"https:\/\/www.originalcontents.eu\/wp-content\/uploads\/2021\/07\/federico-motta-editore.jpg","contentUrl":"https:\/\/www.originalcontents.eu\/wp-content\/uploads\/2021\/07\/federico-motta-editore.jpg"},{"@type":"BreadcrumbList","@id":"https:\/\/www.article-marketing.eu\/comunicatistampa\/la-corrente-postmoderna-nel-saggio-a-cura-di-gaetano-chiurazzi-edito-da-federico-motta-editore\/#breadcrumb","itemListElement":[{"@type":"ListItem","position":1,"name":"Home","item":"https:\/\/www.article-marketing.eu\/comunicatistampa\/"},{"@type":"ListItem","position":2,"name":"La corrente postmoderna nel saggio a cura di Gaetano Chiurazzi edito da Federico Motta Editore"}]},{"@type":"WebSite","@id":"https:\/\/www.article-marketing.eu\/comunicatistampa\/#website","url":"https:\/\/www.article-marketing.eu\/comunicatistampa\/","name":"Article Marketing","description":"article marketing &amp; press release","potentialAction":[{"@type":"SearchAction","target":{"@type":"EntryPoint","urlTemplate":"https:\/\/www.article-marketing.eu\/comunicatistampa\/?s={search_term_string}"},"query-input":{"@type":"PropertyValueSpecification","valueRequired":true,"valueName":"search_term_string"}}],"inLanguage":"it-IT"},{"@type":"Person","@id":"https:\/\/www.article-marketing.eu\/comunicatistampa\/#\/schema\/person\/2fcaf8f8f3a9eef9eb7f27532d3ca458","name":"articolinews","image":{"@type":"ImageObject","inLanguage":"it-IT","@id":"https:\/\/secure.gravatar.com\/avatar\/9e2a264bab04e17dea24d937c9956304649a848cb73c46747a692ff1bdeb1cb7?s=96&d=mm&r=g","url":"https:\/\/secure.gravatar.com\/avatar\/9e2a264bab04e17dea24d937c9956304649a848cb73c46747a692ff1bdeb1cb7?s=96&d=mm&r=g","contentUrl":"https:\/\/secure.gravatar.com\/avatar\/9e2a264bab04e17dea24d937c9956304649a848cb73c46747a692ff1bdeb1cb7?s=96&d=mm&r=g","caption":"articolinews"},"url":"https:\/\/www.article-marketing.eu\/comunicatistampa\/author\/articolinews\/"}]}},"_links":{"self":[{"href":"https:\/\/www.article-marketing.eu\/comunicatistampa\/wp-json\/wp\/v2\/posts\/23060","targetHints":{"allow":["GET"]}}],"collection":[{"href":"https:\/\/www.article-marketing.eu\/comunicatistampa\/wp-json\/wp\/v2\/posts"}],"about":[{"href":"https:\/\/www.article-marketing.eu\/comunicatistampa\/wp-json\/wp\/v2\/types\/post"}],"author":[{"embeddable":true,"href":"https:\/\/www.article-marketing.eu\/comunicatistampa\/wp-json\/wp\/v2\/users\/6477"}],"replies":[{"embeddable":true,"href":"https:\/\/www.article-marketing.eu\/comunicatistampa\/wp-json\/wp\/v2\/comments?post=23060"}],"version-history":[{"count":3,"href":"https:\/\/www.article-marketing.eu\/comunicatistampa\/wp-json\/wp\/v2\/posts\/23060\/revisions"}],"predecessor-version":[{"id":23130,"href":"https:\/\/www.article-marketing.eu\/comunicatistampa\/wp-json\/wp\/v2\/posts\/23060\/revisions\/23130"}],"wp:attachment":[{"href":"https:\/\/www.article-marketing.eu\/comunicatistampa\/wp-json\/wp\/v2\/media?parent=23060"}],"wp:term":[{"taxonomy":"category","embeddable":true,"href":"https:\/\/www.article-marketing.eu\/comunicatistampa\/wp-json\/wp\/v2\/categories?post=23060"},{"taxonomy":"post_tag","embeddable":true,"href":"https:\/\/www.article-marketing.eu\/comunicatistampa\/wp-json\/wp\/v2\/tags?post=23060"}],"curies":[{"name":"wp","href":"https:\/\/api.w.org\/{rel}","templated":true}]}}